{"id":9947,"date":"2019-06-13T11:36:41","date_gmt":"2019-06-13T10:36:41","guid":{"rendered":"https:\/\/www.santapola.es\/?p=9947"},"modified":"2024-03-07T18:37:49","modified_gmt":"2024-03-07T17:37:49","slug":"art-al-carrer-vuelve-a-las-calles-de-santa-pola-para-llenarlas-de-espectaculos-durante-todo-el-verano","status":"publish","type":"post","link":"https:\/\/santapola.es\/ca\/art-al-carrer-vuelve-a-las-calles-de-santa-pola-para-llenarlas-de-espectaculos-durante-todo-el-verano\/","title":{"rendered":"&#8216;Art al Carrer&#8217; vuelve a las calles de Santa Pola para llenarlas de espect\u00e1culos durante todo el verano"},"content":{"rendered":"<p><img loading=\"lazy\" decoding=\"async\" class=\"alignright  wp-image-9949\" src=\"https:\/\/santapola.es\/wp-content\/uploads\/2019\/06\/Cartel-Art-al-Carrer.png\" alt=\"\" width=\"277\" height=\"392\" srcset=\"https:\/\/santapola.es\/wp-content\/uploads\/2019\/06\/Cartel-Art-al-Carrer.png 842w, https:\/\/santapola.es\/wp-content\/uploads\/2019\/06\/Cartel-Art-al-Carrer-212x300.png 212w, https:\/\/santapola.es\/wp-content\/uploads\/2019\/06\/Cartel-Art-al-Carrer-768x1086.png 768w, https:\/\/santapola.es\/wp-content\/uploads\/2019\/06\/Cartel-Art-al-Carrer-724x1024.png 724w, https:\/\/santapola.es\/wp-content\/uploads\/2019\/06\/Cartel-Art-al-Carrer-610x863.png 610w\" sizes=\"(max-width: 277px) 100vw, 277px\" \/>La cuarta edici\u00f3n de la campa\u00f1a de arte callejero que organizan las concejal\u00edas de Juventud, Cultura e Igualdad del Ayuntamiento de Santa Pola vuelve el tres de julio para concentrar espect\u00e1culos de todo tipo.<\/p>\n<p>\u201cArt al Carrer\u201d re\u00fane <em>shows<\/em> \u00a0para todos los p\u00fablicos, que, este a\u00f1o, se alternar\u00e1n entre \u00a0la Glorieta y la Plaza de Comunitat Valenciana, en el paseo peatonal Gonz\u00e1lez Vicen, que pasar\u00e1 a llamarse Alcalde Francisco Conejero.<\/p>\n<p>Durante todos los mi\u00e9rcoles de julio y agosto, a las 20:30 horas, se dar\u00e1n cita espect\u00e1culos de diferente formato, donde destacan la danza, el circo, la acrobacia, el clown, el teatro de\u00a0 improvisaci\u00f3n o la m\u00fasica.<\/p>\n<p>A continuaci\u00f3n os dejamos la programaci\u00f3n.<\/p>\n<ul>\n<li>3 de julio. Glorieta &#8211; Compa\u00f1\u00eda de danza \u201cMarrock\u201d, con el espect\u00e1culo \u201c\u00bfPor qu\u00e9 a m\u00ed?\u201d.<\/li>\n<li>10 de julio. Glorieta \u2013 Compa\u00f1\u00eda \u201cM\u00e1s Til Menos Tal\u201d.<\/li>\n<li>17 de julio. Gonz\u00e1lez Vicen \u00a0&#8211; Yeyo Guerrero con \u201cSlapstick\u201d.<\/li>\n<li>24 de julio. Gonz\u00e1lez Vicen \u2013 \u201cTres intr\u00e9pidos int\u00e9rpretes\u201d.<\/li>\n<li>31 de julio. Glorieta \u2013 Tot\u00f3 el Payaso con \u201cAll you need is clown\u201d.<\/li>\n<li>7 de agosto. Glorieta \u2013 Eddy Eighty con \u201cThe power of the 80\u2019s\u201d.<\/li>\n<li>14 de agosto. Glorieta \u2013 Fem Dansa<\/li>\n<li>21 de agosto. Gonz\u00e1lez Vicen \u2013 Anita Ant\u00f3n &amp; Alfonso Cop\u00e9 con \u201cCanci\u00f3n de autor fresca y descarada\u201d.<\/li>\n<li>28 de agosto. Gonz\u00e1lez Vicen \u2013 C\u00eda Hasta la Vista Malarabista con \u201cHijos de fruta\u201d.<\/li>\n<\/ul>\n","protected":false},"excerpt":{"rendered":"<p>La cuarta edici\u00f3n de la campa\u00f1a de arte callejero que organizan las concejal\u00edas de Juventud, Cultura e Igualdad del Ayuntamiento de Santa Pola vuelve el tres de julio para concentrar espect\u00e1culos de todo tipo. \u201cArt al Carrer\u201d re\u00fane shows \u00a0para todos los p\u00fablicos, que, este a\u00f1o, se alternar\u00e1n entre \u00a0la Glorieta y la Plaza de [&hellip;]<\/p>\n","protected":false},"author":98,"featured_media":9948,"comment_status":"closed","ping_status":"closed","sticky":false,"template":"","format":"standard","meta":{"_et_pb_use_builder":"","_et_pb_old_content":"","_et_gb_content_width":"","footnotes":""},"categories":[51,60,66,406,65],"tags":[],"class_list":["post-9947","post","type-post","status-publish","format-standard","has-post-thumbnail","hentry","category-cultura-fiestas","category-educacion-juventud","category-inicio","category-sin-categorizar-2","category-tramites-destacados"],"yoast_head":"<!-- This site is optimized with the Yoast SEO plugin v27.4 - https:\/\/yoast.com\/product\/yoast-seo-wordpress\/ -->\n<title>&#039;Art al Carrer&#039; vuelve a las calles de Santa Pola para llenarlas de espect\u00e1culos durante todo el verano - Ajuntament de Santa Pola<\/title>\n<meta name=\"robots\" content=\"index, follow, max-snippet:-1, max-image-preview:large, max-video-preview:-1\" \/>\n<link rel=\"canonical\" href=\"https:\/\/santapola.es\/ca\/art-al-carrer-vuelve-a-las-calles-de-santa-pola-para-llenarlas-de-espectaculos-durante-todo-el-verano\/\" \/>\n<meta property=\"og:locale\" content=\"ca_ES\" \/>\n<meta property=\"og:type\" content=\"article\" \/>\n<meta property=\"og:title\" content=\"&#039;Art al Carrer&#039; vuelve a las calles de Santa Pola para llenarlas de espect\u00e1culos durante todo el verano - Ajuntament de Santa Pola\" \/>\n<meta property=\"og:description\" content=\"La cuarta edici\u00f3n de la campa\u00f1a de arte callejero que organizan las concejal\u00edas de Juventud, Cultura e Igualdad del Ayuntamiento de Santa Pola vuelve el tres de julio para concentrar espect\u00e1culos de todo tipo. \u201cArt al Carrer\u201d re\u00fane shows \u00a0para todos los p\u00fablicos, que, este a\u00f1o, se alternar\u00e1n entre \u00a0la Glorieta y la Plaza de [&hellip;]\" \/>\n<meta property=\"og:url\" content=\"https:\/\/santapola.es\/ca\/art-al-carrer-vuelve-a-las-calles-de-santa-pola-para-llenarlas-de-espectaculos-durante-todo-el-verano\/\" \/>\n<meta property=\"og:site_name\" content=\"Ajuntament de Santa Pola\" \/>\n<meta property=\"article:publisher\" content=\"https:\/\/www.facebook.com\/AyuntamientoSantaPola\/\" \/>\n<meta property=\"article:published_time\" content=\"2019-06-13T10:36:41+00:00\" \/>\n<meta property=\"article:modified_time\" content=\"2024-03-07T17:37:49+00:00\" \/>\n<meta property=\"og:image\" content=\"https:\/\/santapola.es\/wp-content\/uploads\/2019\/06\/Art-Carrer.jpg\" \/>\n\t<meta property=\"og:image:width\" content=\"960\" \/>\n\t<meta property=\"og:image:height\" content=\"600\" \/>\n\t<meta property=\"og:image:type\" content=\"image\/jpeg\" \/>\n<meta name=\"author\" content=\"\u00c1rea Municipal Empleo P\u00fablico\" \/>\n<meta name=\"twitter:card\" content=\"summary_large_image\" \/>\n<meta name=\"twitter:creator\" content=\"@SantaPolaAyunt\" \/>\n<meta name=\"twitter:site\" content=\"@SantaPolaAyunt\" \/>\n<script type=\"application\/ld+json\" class=\"yoast-schema-graph\">{\"@context\":\"https:\\\/\\\/schema.org\",\"@graph\":[{\"@type\":\"Article\",\"@id\":\"https:\\\/\\\/santapola.es\\\/ca\\\/art-al-carrer-vuelve-a-las-calles-de-santa-pola-para-llenarlas-de-espectaculos-durante-todo-el-verano\\\/#article\",\"isPartOf\":{\"@id\":\"https:\\\/\\\/santapola.es\\\/ca\\\/art-al-carrer-vuelve-a-las-calles-de-santa-pola-para-llenarlas-de-espectaculos-durante-todo-el-verano\\\/\"},\"author\":{\"name\":\"\u00c1rea Municipal Empleo P\u00fablico\",\"@id\":\"https:\\\/\\\/santapola.es\\\/ca\\\/#\\\/schema\\\/person\\\/62d99b74891e73b17539dec2d94b236a\"},\"headline\":\"&#8216;Art al Carrer&#8217; vuelve a las calles de Santa Pola para llenarlas de espect\u00e1culos durante todo el verano\",\"datePublished\":\"2019-06-13T10:36:41+00:00\",\"dateModified\":\"2024-03-07T17:37:49+00:00\",\"mainEntityOfPage\":{\"@id\":\"https:\\\/\\\/santapola.es\\\/ca\\\/art-al-carrer-vuelve-a-las-calles-de-santa-pola-para-llenarlas-de-espectaculos-durante-todo-el-verano\\\/\"},\"wordCount\":255,\"image\":{\"@id\":\"https:\\\/\\\/santapola.es\\\/ca\\\/art-al-carrer-vuelve-a-las-calles-de-santa-pola-para-llenarlas-de-espectaculos-durante-todo-el-verano\\\/#primaryimage\"},\"thumbnailUrl\":\"https:\\\/\\\/santapola.es\\\/wp-content\\\/uploads\\\/2019\\\/06\\\/Art-Carrer.jpg\",\"articleSection\":[\"Cultura\\\/ Fiestas\",\"Educaci\u00f3n \\\/ Juventud\",\"Inicio\",\"Sin categorizar\",\"Tr\u00e1mites destacados\"],\"inLanguage\":\"ca\"},{\"@type\":\"WebPage\",\"@id\":\"https:\\\/\\\/santapola.es\\\/ca\\\/art-al-carrer-vuelve-a-las-calles-de-santa-pola-para-llenarlas-de-espectaculos-durante-todo-el-verano\\\/\",\"url\":\"https:\\\/\\\/santapola.es\\\/ca\\\/art-al-carrer-vuelve-a-las-calles-de-santa-pola-para-llenarlas-de-espectaculos-durante-todo-el-verano\\\/\",\"name\":\"'Art al Carrer' vuelve a las calles de Santa Pola para llenarlas de espect\u00e1culos durante todo el verano - Ajuntament de Santa Pola\",\"isPartOf\":{\"@id\":\"https:\\\/\\\/santapola.es\\\/ca\\\/#website\"},\"primaryImageOfPage\":{\"@id\":\"https:\\\/\\\/santapola.es\\\/ca\\\/art-al-carrer-vuelve-a-las-calles-de-santa-pola-para-llenarlas-de-espectaculos-durante-todo-el-verano\\\/#primaryimage\"},\"image\":{\"@id\":\"https:\\\/\\\/santapola.es\\\/ca\\\/art-al-carrer-vuelve-a-las-calles-de-santa-pola-para-llenarlas-de-espectaculos-durante-todo-el-verano\\\/#primaryimage\"},\"thumbnailUrl\":\"https:\\\/\\\/santapola.es\\\/wp-content\\\/uploads\\\/2019\\\/06\\\/Art-Carrer.jpg\",\"datePublished\":\"2019-06-13T10:36:41+00:00\",\"dateModified\":\"2024-03-07T17:37:49+00:00\",\"author\":{\"@id\":\"https:\\\/\\\/santapola.es\\\/ca\\\/#\\\/schema\\\/person\\\/62d99b74891e73b17539dec2d94b236a\"},\"breadcrumb\":{\"@id\":\"https:\\\/\\\/santapola.es\\\/ca\\\/art-al-carrer-vuelve-a-las-calles-de-santa-pola-para-llenarlas-de-espectaculos-durante-todo-el-verano\\\/#breadcrumb\"},\"inLanguage\":\"ca\",\"potentialAction\":[{\"@type\":\"ReadAction\",\"target\":[\"https:\\\/\\\/santapola.es\\\/ca\\\/art-al-carrer-vuelve-a-las-calles-de-santa-pola-para-llenarlas-de-espectaculos-durante-todo-el-verano\\\/\"]}]},{\"@type\":\"ImageObject\",\"inLanguage\":\"ca\",\"@id\":\"https:\\\/\\\/santapola.es\\\/ca\\\/art-al-carrer-vuelve-a-las-calles-de-santa-pola-para-llenarlas-de-espectaculos-durante-todo-el-verano\\\/#primaryimage\",\"url\":\"https:\\\/\\\/santapola.es\\\/wp-content\\\/uploads\\\/2019\\\/06\\\/Art-Carrer.jpg\",\"contentUrl\":\"https:\\\/\\\/santapola.es\\\/wp-content\\\/uploads\\\/2019\\\/06\\\/Art-Carrer.jpg\",\"width\":960,\"height\":600},{\"@type\":\"BreadcrumbList\",\"@id\":\"https:\\\/\\\/santapola.es\\\/ca\\\/art-al-carrer-vuelve-a-las-calles-de-santa-pola-para-llenarlas-de-espectaculos-durante-todo-el-verano\\\/#breadcrumb\",\"itemListElement\":[{\"@type\":\"ListItem\",\"position\":1,\"name\":\"Inici\",\"item\":\"https:\\\/\\\/santapola.es\\\/ca\\\/\"},{\"@type\":\"ListItem\",\"position\":2,\"name\":\"&#8216;Art al Carrer&#8217; vuelve a las calles de Santa Pola para llenarlas de espect\u00e1culos durante todo el verano\"}]},{\"@type\":\"WebSite\",\"@id\":\"https:\\\/\\\/santapola.es\\\/ca\\\/#website\",\"url\":\"https:\\\/\\\/santapola.es\\\/ca\\\/\",\"name\":\"Ayuntamiento de Santa Pola\",\"description\":\"Web de l'Ajuntament de Santa Pola\",\"potentialAction\":[{\"@type\":\"SearchAction\",\"target\":{\"@type\":\"EntryPoint\",\"urlTemplate\":\"https:\\\/\\\/santapola.es\\\/ca\\\/?s={search_term_string}\"},\"query-input\":{\"@type\":\"PropertyValueSpecification\",\"valueRequired\":true,\"valueName\":\"search_term_string\"}}],\"inLanguage\":\"ca\"},{\"@type\":\"Person\",\"@id\":\"https:\\\/\\\/santapola.es\\\/ca\\\/#\\\/schema\\\/person\\\/62d99b74891e73b17539dec2d94b236a\",\"name\":\"\u00c1rea Municipal Empleo P\u00fablico\"}]}<\/script>\n<!-- \/ Yoast SEO plugin. -->","yoast_head_json":{"title":"'Art al Carrer' vuelve a las calles de Santa Pola para llenarlas de espect\u00e1culos durante todo el verano - Ajuntament de Santa Pola","robots":{"index":"index","follow":"follow","max-snippet":"max-snippet:-1","max-image-preview":"max-image-preview:large","max-video-preview":"max-video-preview:-1"},"canonical":"https:\/\/santapola.es\/ca\/art-al-carrer-vuelve-a-las-calles-de-santa-pola-para-llenarlas-de-espectaculos-durante-todo-el-verano\/","og_locale":"ca_ES","og_type":"article","og_title":"'Art al Carrer' vuelve a las calles de Santa Pola para llenarlas de espect\u00e1culos durante todo el verano - Ajuntament de Santa Pola","og_description":"La cuarta edici\u00f3n de la campa\u00f1a de arte callejero que organizan las concejal\u00edas de Juventud, Cultura e Igualdad del Ayuntamiento de Santa Pola vuelve el tres de julio para concentrar espect\u00e1culos de todo tipo. \u201cArt al Carrer\u201d re\u00fane shows \u00a0para todos los p\u00fablicos, que, este a\u00f1o, se alternar\u00e1n entre \u00a0la Glorieta y la Plaza de [&hellip;]","og_url":"https:\/\/santapola.es\/ca\/art-al-carrer-vuelve-a-las-calles-de-santa-pola-para-llenarlas-de-espectaculos-durante-todo-el-verano\/","og_site_name":"Ajuntament de Santa Pola","article_publisher":"https:\/\/www.facebook.com\/AyuntamientoSantaPola\/","article_published_time":"2019-06-13T10:36:41+00:00","article_modified_time":"2024-03-07T17:37:49+00:00","og_image":[{"width":960,"height":600,"url":"https:\/\/santapola.es\/wp-content\/uploads\/2019\/06\/Art-Carrer.jpg","type":"image\/jpeg"}],"author":"\u00c1rea Municipal Empleo P\u00fablico","twitter_card":"summary_large_image","twitter_creator":"@SantaPolaAyunt","twitter_site":"@SantaPolaAyunt","schema":{"@context":"https:\/\/schema.org","@graph":[{"@type":"Article","@id":"https:\/\/santapola.es\/ca\/art-al-carrer-vuelve-a-las-calles-de-santa-pola-para-llenarlas-de-espectaculos-durante-todo-el-verano\/#article","isPartOf":{"@id":"https:\/\/santapola.es\/ca\/art-al-carrer-vuelve-a-las-calles-de-santa-pola-para-llenarlas-de-espectaculos-durante-todo-el-verano\/"},"author":{"name":"\u00c1rea Municipal Empleo P\u00fablico","@id":"https:\/\/santapola.es\/ca\/#\/schema\/person\/62d99b74891e73b17539dec2d94b236a"},"headline":"&#8216;Art al Carrer&#8217; vuelve a las calles de Santa Pola para llenarlas de espect\u00e1culos durante todo el verano","datePublished":"2019-06-13T10:36:41+00:00","dateModified":"2024-03-07T17:37:49+00:00","mainEntityOfPage":{"@id":"https:\/\/santapola.es\/ca\/art-al-carrer-vuelve-a-las-calles-de-santa-pola-para-llenarlas-de-espectaculos-durante-todo-el-verano\/"},"wordCount":255,"image":{"@id":"https:\/\/santapola.es\/ca\/art-al-carrer-vuelve-a-las-calles-de-santa-pola-para-llenarlas-de-espectaculos-durante-todo-el-verano\/#primaryimage"},"thumbnailUrl":"https:\/\/santapola.es\/wp-content\/uploads\/2019\/06\/Art-Carrer.jpg","articleSection":["Cultura\/ Fiestas","Educaci\u00f3n \/ Juventud","Inicio","Sin categorizar","Tr\u00e1mites destacados"],"inLanguage":"ca"},{"@type":"WebPage","@id":"https:\/\/santapola.es\/ca\/art-al-carrer-vuelve-a-las-calles-de-santa-pola-para-llenarlas-de-espectaculos-durante-todo-el-verano\/","url":"https:\/\/santapola.es\/ca\/art-al-carrer-vuelve-a-las-calles-de-santa-pola-para-llenarlas-de-espectaculos-durante-todo-el-verano\/","name":"'Art al Carrer' vuelve a las calles de Santa Pola para llenarlas de espect\u00e1culos durante todo el verano - Ajuntament de Santa Pola","isPartOf":{"@id":"https:\/\/santapola.es\/ca\/#website"},"primaryImageOfPage":{"@id":"https:\/\/santapola.es\/ca\/art-al-carrer-vuelve-a-las-calles-de-santa-pola-para-llenarlas-de-espectaculos-durante-todo-el-verano\/#primaryimage"},"image":{"@id":"https:\/\/santapola.es\/ca\/art-al-carrer-vuelve-a-las-calles-de-santa-pola-para-llenarlas-de-espectaculos-durante-todo-el-verano\/#primaryimage"},"thumbnailUrl":"https:\/\/santapola.es\/wp-content\/uploads\/2019\/06\/Art-Carrer.jpg","datePublished":"2019-06-13T10:36:41+00:00","dateModified":"2024-03-07T17:37:49+00:00","author":{"@id":"https:\/\/santapola.es\/ca\/#\/schema\/person\/62d99b74891e73b17539dec2d94b236a"},"breadcrumb":{"@id":"https:\/\/santapola.es\/ca\/art-al-carrer-vuelve-a-las-calles-de-santa-pola-para-llenarlas-de-espectaculos-durante-todo-el-verano\/#breadcrumb"},"inLanguage":"ca","potentialAction":[{"@type":"ReadAction","target":["https:\/\/santapola.es\/ca\/art-al-carrer-vuelve-a-las-calles-de-santa-pola-para-llenarlas-de-espectaculos-durante-todo-el-verano\/"]}]},{"@type":"ImageObject","inLanguage":"ca","@id":"https:\/\/santapola.es\/ca\/art-al-carrer-vuelve-a-las-calles-de-santa-pola-para-llenarlas-de-espectaculos-durante-todo-el-verano\/#primaryimage","url":"https:\/\/santapola.es\/wp-content\/uploads\/2019\/06\/Art-Carrer.jpg","contentUrl":"https:\/\/santapola.es\/wp-content\/uploads\/2019\/06\/Art-Carrer.jpg","width":960,"height":600},{"@type":"BreadcrumbList","@id":"https:\/\/santapola.es\/ca\/art-al-carrer-vuelve-a-las-calles-de-santa-pola-para-llenarlas-de-espectaculos-durante-todo-el-verano\/#breadcrumb","itemListElement":[{"@type":"ListItem","position":1,"name":"Inici","item":"https:\/\/santapola.es\/ca\/"},{"@type":"ListItem","position":2,"name":"&#8216;Art al Carrer&#8217; vuelve a las calles de Santa Pola para llenarlas de espect\u00e1culos durante todo el verano"}]},{"@type":"WebSite","@id":"https:\/\/santapola.es\/ca\/#website","url":"https:\/\/santapola.es\/ca\/","name":"Ayuntamiento de Santa Pola","description":"Web de l'Ajuntament de Santa Pola","potentialAction":[{"@type":"SearchAction","target":{"@type":"EntryPoint","urlTemplate":"https:\/\/santapola.es\/ca\/?s={search_term_string}"},"query-input":{"@type":"PropertyValueSpecification","valueRequired":true,"valueName":"search_term_string"}}],"inLanguage":"ca"},{"@type":"Person","@id":"https:\/\/santapola.es\/ca\/#\/schema\/person\/62d99b74891e73b17539dec2d94b236a","name":"\u00c1rea Municipal Empleo P\u00fablico"}]}},"_links":{"self":[{"href":"https:\/\/santapola.es\/ca\/wp-json\/wp\/v2\/posts\/9947","targetHints":{"allow":["GET"]}}],"collection":[{"href":"https:\/\/santapola.es\/ca\/wp-json\/wp\/v2\/posts"}],"about":[{"href":"https:\/\/santapola.es\/ca\/wp-json\/wp\/v2\/types\/post"}],"author":[{"embeddable":true,"href":"https:\/\/santapola.es\/ca\/wp-json\/wp\/v2\/users\/98"}],"replies":[{"embeddable":true,"href":"https:\/\/santapola.es\/ca\/wp-json\/wp\/v2\/comments?post=9947"}],"version-history":[{"count":0,"href":"https:\/\/santapola.es\/ca\/wp-json\/wp\/v2\/posts\/9947\/revisions"}],"wp:featuredmedia":[{"embeddable":true,"href":"https:\/\/santapola.es\/ca\/wp-json\/wp\/v2\/media\/9948"}],"wp:attachment":[{"href":"https:\/\/santapola.es\/ca\/wp-json\/wp\/v2\/media?parent=9947"}],"wp:term":[{"taxonomy":"category","embeddable":true,"href":"https:\/\/santapola.es\/ca\/wp-json\/wp\/v2\/categories?post=9947"},{"taxonomy":"post_tag","embeddable":true,"href":"https:\/\/santapola.es\/ca\/wp-json\/wp\/v2\/tags?post=9947"}],"curies":[{"name":"wp","href":"https:\/\/api.w.org\/{rel}","templated":true}]}}