{"id":9937,"date":"2019-06-13T09:25:24","date_gmt":"2019-06-13T08:25:24","guid":{"rendered":"https:\/\/www.santapola.es\/?p=9937"},"modified":"2024-03-07T18:37:49","modified_gmt":"2024-03-07T17:37:49","slug":"santa-pola-celebra-la-semana-del-mediterraneo-con-una-jornada-sobre-concienciacion-y-retirada-de-plasticos","status":"publish","type":"post","link":"https:\/\/santapola.es\/ca\/santa-pola-celebra-la-semana-del-mediterraneo-con-una-jornada-sobre-concienciacion-y-retirada-de-plasticos\/","title":{"rendered":"Santa Pola celebra la Semana del Mediterr\u00e1neo con una Jornada sobre concienciaci\u00f3n y retirada de pl\u00e1sticos"},"content":{"rendered":"<p><strong>La Playa de Tamarit acoge el seis de julio la segunda Jornada de concienciaci\u00f3n y retirada de pl\u00e1sticos<\/strong>, organizada por el Ayuntamiento de Santa Pola y el Parque Natural de las Salinas, con la colaboraci\u00f3n de Cruz Roja Santa Pola y Bandera Azul.<\/p>\n<p>Esta jornada coincide con la Semana del Mediterr\u00e1neo, que tiene lugar del 1 al 7 de julio y por la que se llevar\u00e1n actividades de educaci\u00f3n ambiental en pa\u00edses como Portugal, Grecia, Chipre, Malta y Espa\u00f1a, entre otros.<strong> En la actividad se explicar\u00e1 cu\u00e1l es la problem\u00e1tica de la basura marina en nuestras playas para poder colaborar con su cuidado y mejora.<\/strong><\/p>\n<p>Esta campa\u00f1a comenzar\u00e1 a las 10:00 horas cerca del Muelle Salinero de Tamarit y est\u00e1 dirigida a todos los p\u00fablicos.<\/p>\n","protected":false},"excerpt":{"rendered":"<p>La Playa de Tamarit acoge el seis de julio la segunda Jornada de concienciaci\u00f3n y retirada de pl\u00e1sticos, organizada por el Ayuntamiento de Santa Pola y el Parque Natural de las Salinas, con la colaboraci\u00f3n de Cruz Roja Santa Pola y Bandera Azul. Esta jornada coincide con la Semana del Mediterr\u00e1neo, que tiene lugar del [&hellip;]<\/p>\n","protected":false},"author":98,"featured_media":9938,"comment_status":"closed","ping_status":"closed","sticky":false,"template":"","format":"standard","meta":{"_et_pb_use_builder":"","_et_pb_old_content":"","_et_gb_content_width":"","footnotes":""},"categories":[66,57,406,65],"tags":[],"class_list":["post-9937","post","type-post","status-publish","format-standard","has-post-thumbnail","hentry","category-inicio","category-playas-turismo-pesca","category-sin-categorizar-2","category-tramites-destacados"],"yoast_head":"<!-- This site is optimized with the Yoast SEO plugin v27.4 - https:\/\/yoast.com\/product\/yoast-seo-wordpress\/ -->\n<title>Santa Pola celebra la Semana del Mediterr\u00e1neo con una Jornada sobre concienciaci\u00f3n y retirada de pl\u00e1sticos - Ajuntament de Santa Pola<\/title>\n<meta name=\"robots\" content=\"index, follow, max-snippet:-1, max-image-preview:large, max-video-preview:-1\" \/>\n<link rel=\"canonical\" href=\"https:\/\/santapola.es\/ca\/santa-pola-celebra-la-semana-del-mediterraneo-con-una-jornada-sobre-concienciacion-y-retirada-de-plasticos\/\" \/>\n<meta property=\"og:locale\" content=\"ca_ES\" \/>\n<meta property=\"og:type\" content=\"article\" \/>\n<meta property=\"og:title\" content=\"Santa Pola celebra la Semana del Mediterr\u00e1neo con una Jornada sobre concienciaci\u00f3n y retirada de pl\u00e1sticos - Ajuntament de Santa Pola\" \/>\n<meta property=\"og:description\" content=\"La Playa de Tamarit acoge el seis de julio la segunda Jornada de concienciaci\u00f3n y retirada de pl\u00e1sticos, organizada por el Ayuntamiento de Santa Pola y el Parque Natural de las Salinas, con la colaboraci\u00f3n de Cruz Roja Santa Pola y Bandera Azul. Esta jornada coincide con la Semana del Mediterr\u00e1neo, que tiene lugar del [&hellip;]\" \/>\n<meta property=\"og:url\" content=\"https:\/\/santapola.es\/ca\/santa-pola-celebra-la-semana-del-mediterraneo-con-una-jornada-sobre-concienciacion-y-retirada-de-plasticos\/\" \/>\n<meta property=\"og:site_name\" content=\"Ajuntament de Santa Pola\" \/>\n<meta property=\"article:publisher\" content=\"https:\/\/www.facebook.com\/AyuntamientoSantaPola\/\" \/>\n<meta property=\"article:published_time\" content=\"2019-06-13T08:25:24+00:00\" \/>\n<meta property=\"article:modified_time\" content=\"2024-03-07T17:37:49+00:00\" \/>\n<meta property=\"og:image\" content=\"https:\/\/santapola.es\/wp-content\/uploads\/2019\/06\/Jornada-WEB.jpg\" \/>\n\t<meta property=\"og:image:width\" content=\"583\" \/>\n\t<meta property=\"og:image:height\" content=\"364\" \/>\n\t<meta property=\"og:image:type\" content=\"image\/jpeg\" \/>\n<meta name=\"author\" content=\"\u00c1rea Municipal Empleo P\u00fablico\" \/>\n<meta name=\"twitter:card\" content=\"summary_large_image\" \/>\n<meta name=\"twitter:creator\" content=\"@SantaPolaAyunt\" \/>\n<meta name=\"twitter:site\" content=\"@SantaPolaAyunt\" \/>\n<script type=\"application\/ld+json\" class=\"yoast-schema-graph\">{\"@context\":\"https:\\\/\\\/schema.org\",\"@graph\":[{\"@type\":\"Article\",\"@id\":\"https:\\\/\\\/santapola.es\\\/ca\\\/santa-pola-celebra-la-semana-del-mediterraneo-con-una-jornada-sobre-concienciacion-y-retirada-de-plasticos\\\/#article\",\"isPartOf\":{\"@id\":\"https:\\\/\\\/santapola.es\\\/ca\\\/santa-pola-celebra-la-semana-del-mediterraneo-con-una-jornada-sobre-concienciacion-y-retirada-de-plasticos\\\/\"},\"author\":{\"name\":\"\u00c1rea Municipal Empleo P\u00fablico\",\"@id\":\"https:\\\/\\\/santapola.es\\\/ca\\\/#\\\/schema\\\/person\\\/62d99b74891e73b17539dec2d94b236a\"},\"headline\":\"Santa Pola celebra la Semana del Mediterr\u00e1neo con una Jornada sobre concienciaci\u00f3n y retirada de pl\u00e1sticos\",\"datePublished\":\"2019-06-13T08:25:24+00:00\",\"dateModified\":\"2024-03-07T17:37:49+00:00\",\"mainEntityOfPage\":{\"@id\":\"https:\\\/\\\/santapola.es\\\/ca\\\/santa-pola-celebra-la-semana-del-mediterraneo-con-una-jornada-sobre-concienciacion-y-retirada-de-plasticos\\\/\"},\"wordCount\":153,\"image\":{\"@id\":\"https:\\\/\\\/santapola.es\\\/ca\\\/santa-pola-celebra-la-semana-del-mediterraneo-con-una-jornada-sobre-concienciacion-y-retirada-de-plasticos\\\/#primaryimage\"},\"thumbnailUrl\":\"https:\\\/\\\/santapola.es\\\/wp-content\\\/uploads\\\/2019\\\/06\\\/Jornada-WEB.jpg\",\"articleSection\":[\"Inicio\",\"Playas \\\/ Turismo \\\/ Pesca\",\"Sin categorizar\",\"Tr\u00e1mites destacados\"],\"inLanguage\":\"ca\"},{\"@type\":\"WebPage\",\"@id\":\"https:\\\/\\\/santapola.es\\\/ca\\\/santa-pola-celebra-la-semana-del-mediterraneo-con-una-jornada-sobre-concienciacion-y-retirada-de-plasticos\\\/\",\"url\":\"https:\\\/\\\/santapola.es\\\/ca\\\/santa-pola-celebra-la-semana-del-mediterraneo-con-una-jornada-sobre-concienciacion-y-retirada-de-plasticos\\\/\",\"name\":\"Santa Pola celebra la Semana del Mediterr\u00e1neo con una Jornada sobre concienciaci\u00f3n y retirada de pl\u00e1sticos - Ajuntament de Santa Pola\",\"isPartOf\":{\"@id\":\"https:\\\/\\\/santapola.es\\\/ca\\\/#website\"},\"primaryImageOfPage\":{\"@id\":\"https:\\\/\\\/santapola.es\\\/ca\\\/santa-pola-celebra-la-semana-del-mediterraneo-con-una-jornada-sobre-concienciacion-y-retirada-de-plasticos\\\/#primaryimage\"},\"image\":{\"@id\":\"https:\\\/\\\/santapola.es\\\/ca\\\/santa-pola-celebra-la-semana-del-mediterraneo-con-una-jornada-sobre-concienciacion-y-retirada-de-plasticos\\\/#primaryimage\"},\"thumbnailUrl\":\"https:\\\/\\\/santapola.es\\\/wp-content\\\/uploads\\\/2019\\\/06\\\/Jornada-WEB.jpg\",\"datePublished\":\"2019-06-13T08:25:24+00:00\",\"dateModified\":\"2024-03-07T17:37:49+00:00\",\"author\":{\"@id\":\"https:\\\/\\\/santapola.es\\\/ca\\\/#\\\/schema\\\/person\\\/62d99b74891e73b17539dec2d94b236a\"},\"breadcrumb\":{\"@id\":\"https:\\\/\\\/santapola.es\\\/ca\\\/santa-pola-celebra-la-semana-del-mediterraneo-con-una-jornada-sobre-concienciacion-y-retirada-de-plasticos\\\/#breadcrumb\"},\"inLanguage\":\"ca\",\"potentialAction\":[{\"@type\":\"ReadAction\",\"target\":[\"https:\\\/\\\/santapola.es\\\/ca\\\/santa-pola-celebra-la-semana-del-mediterraneo-con-una-jornada-sobre-concienciacion-y-retirada-de-plasticos\\\/\"]}]},{\"@type\":\"ImageObject\",\"inLanguage\":\"ca\",\"@id\":\"https:\\\/\\\/santapola.es\\\/ca\\\/santa-pola-celebra-la-semana-del-mediterraneo-con-una-jornada-sobre-concienciacion-y-retirada-de-plasticos\\\/#primaryimage\",\"url\":\"https:\\\/\\\/santapola.es\\\/wp-content\\\/uploads\\\/2019\\\/06\\\/Jornada-WEB.jpg\",\"contentUrl\":\"https:\\\/\\\/santapola.es\\\/wp-content\\\/uploads\\\/2019\\\/06\\\/Jornada-WEB.jpg\",\"width\":583,\"height\":364},{\"@type\":\"BreadcrumbList\",\"@id\":\"https:\\\/\\\/santapola.es\\\/ca\\\/santa-pola-celebra-la-semana-del-mediterraneo-con-una-jornada-sobre-concienciacion-y-retirada-de-plasticos\\\/#breadcrumb\",\"itemListElement\":[{\"@type\":\"ListItem\",\"position\":1,\"name\":\"Inici\",\"item\":\"https:\\\/\\\/santapola.es\\\/ca\\\/\"},{\"@type\":\"ListItem\",\"position\":2,\"name\":\"Santa Pola celebra la Semana del Mediterr\u00e1neo con una Jornada sobre concienciaci\u00f3n y retirada de pl\u00e1sticos\"}]},{\"@type\":\"WebSite\",\"@id\":\"https:\\\/\\\/santapola.es\\\/ca\\\/#website\",\"url\":\"https:\\\/\\\/santapola.es\\\/ca\\\/\",\"name\":\"Ayuntamiento de Santa Pola\",\"description\":\"Web de l'Ajuntament de Santa Pola\",\"potentialAction\":[{\"@type\":\"SearchAction\",\"target\":{\"@type\":\"EntryPoint\",\"urlTemplate\":\"https:\\\/\\\/santapola.es\\\/ca\\\/?s={search_term_string}\"},\"query-input\":{\"@type\":\"PropertyValueSpecification\",\"valueRequired\":true,\"valueName\":\"search_term_string\"}}],\"inLanguage\":\"ca\"},{\"@type\":\"Person\",\"@id\":\"https:\\\/\\\/santapola.es\\\/ca\\\/#\\\/schema\\\/person\\\/62d99b74891e73b17539dec2d94b236a\",\"name\":\"\u00c1rea Municipal Empleo P\u00fablico\"}]}<\/script>\n<!-- \/ Yoast SEO plugin. -->","yoast_head_json":{"title":"Santa Pola celebra la Semana del Mediterr\u00e1neo con una Jornada sobre concienciaci\u00f3n y retirada de pl\u00e1sticos - Ajuntament de Santa Pola","robots":{"index":"index","follow":"follow","max-snippet":"max-snippet:-1","max-image-preview":"max-image-preview:large","max-video-preview":"max-video-preview:-1"},"canonical":"https:\/\/santapola.es\/ca\/santa-pola-celebra-la-semana-del-mediterraneo-con-una-jornada-sobre-concienciacion-y-retirada-de-plasticos\/","og_locale":"ca_ES","og_type":"article","og_title":"Santa Pola celebra la Semana del Mediterr\u00e1neo con una Jornada sobre concienciaci\u00f3n y retirada de pl\u00e1sticos - Ajuntament de Santa Pola","og_description":"La Playa de Tamarit acoge el seis de julio la segunda Jornada de concienciaci\u00f3n y retirada de pl\u00e1sticos, organizada por el Ayuntamiento de Santa Pola y el Parque Natural de las Salinas, con la colaboraci\u00f3n de Cruz Roja Santa Pola y Bandera Azul. Esta jornada coincide con la Semana del Mediterr\u00e1neo, que tiene lugar del [&hellip;]","og_url":"https:\/\/santapola.es\/ca\/santa-pola-celebra-la-semana-del-mediterraneo-con-una-jornada-sobre-concienciacion-y-retirada-de-plasticos\/","og_site_name":"Ajuntament de Santa Pola","article_publisher":"https:\/\/www.facebook.com\/AyuntamientoSantaPola\/","article_published_time":"2019-06-13T08:25:24+00:00","article_modified_time":"2024-03-07T17:37:49+00:00","og_image":[{"width":583,"height":364,"url":"https:\/\/santapola.es\/wp-content\/uploads\/2019\/06\/Jornada-WEB.jpg","type":"image\/jpeg"}],"author":"\u00c1rea Municipal Empleo P\u00fablico","twitter_card":"summary_large_image","twitter_creator":"@SantaPolaAyunt","twitter_site":"@SantaPolaAyunt","schema":{"@context":"https:\/\/schema.org","@graph":[{"@type":"Article","@id":"https:\/\/santapola.es\/ca\/santa-pola-celebra-la-semana-del-mediterraneo-con-una-jornada-sobre-concienciacion-y-retirada-de-plasticos\/#article","isPartOf":{"@id":"https:\/\/santapola.es\/ca\/santa-pola-celebra-la-semana-del-mediterraneo-con-una-jornada-sobre-concienciacion-y-retirada-de-plasticos\/"},"author":{"name":"\u00c1rea Municipal Empleo P\u00fablico","@id":"https:\/\/santapola.es\/ca\/#\/schema\/person\/62d99b74891e73b17539dec2d94b236a"},"headline":"Santa Pola celebra la Semana del Mediterr\u00e1neo con una Jornada sobre concienciaci\u00f3n y retirada de pl\u00e1sticos","datePublished":"2019-06-13T08:25:24+00:00","dateModified":"2024-03-07T17:37:49+00:00","mainEntityOfPage":{"@id":"https:\/\/santapola.es\/ca\/santa-pola-celebra-la-semana-del-mediterraneo-con-una-jornada-sobre-concienciacion-y-retirada-de-plasticos\/"},"wordCount":153,"image":{"@id":"https:\/\/santapola.es\/ca\/santa-pola-celebra-la-semana-del-mediterraneo-con-una-jornada-sobre-concienciacion-y-retirada-de-plasticos\/#primaryimage"},"thumbnailUrl":"https:\/\/santapola.es\/wp-content\/uploads\/2019\/06\/Jornada-WEB.jpg","articleSection":["Inicio","Playas \/ Turismo \/ Pesca","Sin categorizar","Tr\u00e1mites destacados"],"inLanguage":"ca"},{"@type":"WebPage","@id":"https:\/\/santapola.es\/ca\/santa-pola-celebra-la-semana-del-mediterraneo-con-una-jornada-sobre-concienciacion-y-retirada-de-plasticos\/","url":"https:\/\/santapola.es\/ca\/santa-pola-celebra-la-semana-del-mediterraneo-con-una-jornada-sobre-concienciacion-y-retirada-de-plasticos\/","name":"Santa Pola celebra la Semana del Mediterr\u00e1neo con una Jornada sobre concienciaci\u00f3n y retirada de pl\u00e1sticos - Ajuntament de Santa Pola","isPartOf":{"@id":"https:\/\/santapola.es\/ca\/#website"},"primaryImageOfPage":{"@id":"https:\/\/santapola.es\/ca\/santa-pola-celebra-la-semana-del-mediterraneo-con-una-jornada-sobre-concienciacion-y-retirada-de-plasticos\/#primaryimage"},"image":{"@id":"https:\/\/santapola.es\/ca\/santa-pola-celebra-la-semana-del-mediterraneo-con-una-jornada-sobre-concienciacion-y-retirada-de-plasticos\/#primaryimage"},"thumbnailUrl":"https:\/\/santapola.es\/wp-content\/uploads\/2019\/06\/Jornada-WEB.jpg","datePublished":"2019-06-13T08:25:24+00:00","dateModified":"2024-03-07T17:37:49+00:00","author":{"@id":"https:\/\/santapola.es\/ca\/#\/schema\/person\/62d99b74891e73b17539dec2d94b236a"},"breadcrumb":{"@id":"https:\/\/santapola.es\/ca\/santa-pola-celebra-la-semana-del-mediterraneo-con-una-jornada-sobre-concienciacion-y-retirada-de-plasticos\/#breadcrumb"},"inLanguage":"ca","potentialAction":[{"@type":"ReadAction","target":["https:\/\/santapola.es\/ca\/santa-pola-celebra-la-semana-del-mediterraneo-con-una-jornada-sobre-concienciacion-y-retirada-de-plasticos\/"]}]},{"@type":"ImageObject","inLanguage":"ca","@id":"https:\/\/santapola.es\/ca\/santa-pola-celebra-la-semana-del-mediterraneo-con-una-jornada-sobre-concienciacion-y-retirada-de-plasticos\/#primaryimage","url":"https:\/\/santapola.es\/wp-content\/uploads\/2019\/06\/Jornada-WEB.jpg","contentUrl":"https:\/\/santapola.es\/wp-content\/uploads\/2019\/06\/Jornada-WEB.jpg","width":583,"height":364},{"@type":"BreadcrumbList","@id":"https:\/\/santapola.es\/ca\/santa-pola-celebra-la-semana-del-mediterraneo-con-una-jornada-sobre-concienciacion-y-retirada-de-plasticos\/#breadcrumb","itemListElement":[{"@type":"ListItem","position":1,"name":"Inici","item":"https:\/\/santapola.es\/ca\/"},{"@type":"ListItem","position":2,"name":"Santa Pola celebra la Semana del Mediterr\u00e1neo con una Jornada sobre concienciaci\u00f3n y retirada de pl\u00e1sticos"}]},{"@type":"WebSite","@id":"https:\/\/santapola.es\/ca\/#website","url":"https:\/\/santapola.es\/ca\/","name":"Ayuntamiento de Santa Pola","description":"Web de l'Ajuntament de Santa Pola","potentialAction":[{"@type":"SearchAction","target":{"@type":"EntryPoint","urlTemplate":"https:\/\/santapola.es\/ca\/?s={search_term_string}"},"query-input":{"@type":"PropertyValueSpecification","valueRequired":true,"valueName":"search_term_string"}}],"inLanguage":"ca"},{"@type":"Person","@id":"https:\/\/santapola.es\/ca\/#\/schema\/person\/62d99b74891e73b17539dec2d94b236a","name":"\u00c1rea Municipal Empleo P\u00fablico"}]}},"_links":{"self":[{"href":"https:\/\/santapola.es\/ca\/wp-json\/wp\/v2\/posts\/9937","targetHints":{"allow":["GET"]}}],"collection":[{"href":"https:\/\/santapola.es\/ca\/wp-json\/wp\/v2\/posts"}],"about":[{"href":"https:\/\/santapola.es\/ca\/wp-json\/wp\/v2\/types\/post"}],"author":[{"embeddable":true,"href":"https:\/\/santapola.es\/ca\/wp-json\/wp\/v2\/users\/98"}],"replies":[{"embeddable":true,"href":"https:\/\/santapola.es\/ca\/wp-json\/wp\/v2\/comments?post=9937"}],"version-history":[{"count":0,"href":"https:\/\/santapola.es\/ca\/wp-json\/wp\/v2\/posts\/9937\/revisions"}],"wp:featuredmedia":[{"embeddable":true,"href":"https:\/\/santapola.es\/ca\/wp-json\/wp\/v2\/media\/9938"}],"wp:attachment":[{"href":"https:\/\/santapola.es\/ca\/wp-json\/wp\/v2\/media?parent=9937"}],"wp:term":[{"taxonomy":"category","embeddable":true,"href":"https:\/\/santapola.es\/ca\/wp-json\/wp\/v2\/categories?post=9937"},{"taxonomy":"post_tag","embeddable":true,"href":"https:\/\/santapola.es\/ca\/wp-json\/wp\/v2\/tags?post=9937"}],"curies":[{"name":"wp","href":"https:\/\/api.w.org\/{rel}","templated":true}]}}