{"id":9929,"date":"2019-06-12T11:41:53","date_gmt":"2019-06-12T10:41:53","guid":{"rendered":"https:\/\/www.santapola.es\/?p=9929"},"modified":"2024-03-07T18:37:48","modified_gmt":"2024-03-07T17:37:48","slug":"los-talleres-gratuitos-de-esculturas-de-arena-vuelven-a-las-playas-de-santa-pola-el-dos-de-julio","status":"publish","type":"post","link":"https:\/\/santapola.es\/ca\/los-talleres-gratuitos-de-esculturas-de-arena-vuelven-a-las-playas-de-santa-pola-el-dos-de-julio\/","title":{"rendered":"Los Talleres Gratuitos de Esculturas de Arena vuelven a las playas de Santa Pola el dos de julio"},"content":{"rendered":"<p>Con la llegada del verano tambi\u00e9n vuelve el Taller gratuito de esculturas de arena, que estar\u00e1 en la Playa de Levante\u00a0 y de Gran Playa a partir del 2 de julio y hasta el 30 de agosto. E<strong>n horario de 10:00 a 14:00 horas y por la tarde de 16:00 a 20:00 horas, ser\u00e1n los martes los d\u00edas que se ofrezca este taller en la Playa de Levante, y los viernes en Gran Playa, en el mismo horario.<\/strong><\/p>\n<p>El a\u00f1o pasado, fueron 605 personas las que participaron en el taller, tanto p\u00fablico infantil, adulto como de la tercera edad. El grueso de los asistentes fueron ni\u00f1as y ni\u00f1os, seguido de 80 adultos y solo 19 personas de la tercera edad. Asimismo, el verano de 2018 tambi\u00e9n tuvo una gran variedad de esculturas, aumentando los tipos de animales marinos: tortugas, peces, estrellas, barcos, cocodrilos, etc.<\/p>\n<p>&nbsp;<\/p>\n","protected":false},"excerpt":{"rendered":"<p>Con la llegada del verano tambi\u00e9n vuelve el Taller gratuito de esculturas de arena, que estar\u00e1 en la Playa de Levante\u00a0 y de Gran Playa a partir del 2 de julio y hasta el 30 de agosto. En horario de 10:00 a 14:00 horas y por la tarde de 16:00 a 20:00 horas, ser\u00e1n los [&hellip;]<\/p>\n","protected":false},"author":98,"featured_media":9930,"comment_status":"closed","ping_status":"closed","sticky":false,"template":"","format":"standard","meta":{"_et_pb_use_builder":"","_et_pb_old_content":"","_et_gb_content_width":"","footnotes":""},"categories":[66,57,406,65],"tags":[],"class_list":["post-9929","post","type-post","status-publish","format-standard","has-post-thumbnail","hentry","category-inicio","category-playas-turismo-pesca","category-sin-categorizar-2","category-tramites-destacados"],"yoast_head":"<!-- This site is optimized with the Yoast SEO plugin v27.4 - https:\/\/yoast.com\/product\/yoast-seo-wordpress\/ -->\n<title>Los Talleres Gratuitos de Esculturas de Arena vuelven a las playas de Santa Pola el dos de julio - Ajuntament de Santa Pola<\/title>\n<meta name=\"robots\" content=\"index, follow, max-snippet:-1, max-image-preview:large, max-video-preview:-1\" \/>\n<link rel=\"canonical\" href=\"https:\/\/santapola.es\/ca\/los-talleres-gratuitos-de-esculturas-de-arena-vuelven-a-las-playas-de-santa-pola-el-dos-de-julio\/\" \/>\n<meta property=\"og:locale\" content=\"ca_ES\" \/>\n<meta property=\"og:type\" content=\"article\" \/>\n<meta property=\"og:title\" content=\"Los Talleres Gratuitos de Esculturas de Arena vuelven a las playas de Santa Pola el dos de julio - Ajuntament de Santa Pola\" \/>\n<meta property=\"og:description\" content=\"Con la llegada del verano tambi\u00e9n vuelve el Taller gratuito de esculturas de arena, que estar\u00e1 en la Playa de Levante\u00a0 y de Gran Playa a partir del 2 de julio y hasta el 30 de agosto. En horario de 10:00 a 14:00 horas y por la tarde de 16:00 a 20:00 horas, ser\u00e1n los [&hellip;]\" \/>\n<meta property=\"og:url\" content=\"https:\/\/santapola.es\/ca\/los-talleres-gratuitos-de-esculturas-de-arena-vuelven-a-las-playas-de-santa-pola-el-dos-de-julio\/\" \/>\n<meta property=\"og:site_name\" content=\"Ajuntament de Santa Pola\" \/>\n<meta property=\"article:publisher\" content=\"https:\/\/www.facebook.com\/AyuntamientoSantaPola\/\" \/>\n<meta property=\"article:published_time\" content=\"2019-06-12T10:41:53+00:00\" \/>\n<meta property=\"article:modified_time\" content=\"2024-03-07T17:37:48+00:00\" \/>\n<meta property=\"og:image\" content=\"https:\/\/santapola.es\/wp-content\/uploads\/2019\/06\/Esculturas-web.jpg\" \/>\n\t<meta property=\"og:image:width\" content=\"1755\" \/>\n\t<meta property=\"og:image:height\" content=\"1097\" \/>\n\t<meta property=\"og:image:type\" content=\"image\/jpeg\" \/>\n<meta name=\"author\" content=\"\u00c1rea Municipal Empleo P\u00fablico\" \/>\n<meta name=\"twitter:card\" content=\"summary_large_image\" \/>\n<meta name=\"twitter:creator\" content=\"@SantaPolaAyunt\" \/>\n<meta name=\"twitter:site\" content=\"@SantaPolaAyunt\" \/>\n<script type=\"application\/ld+json\" class=\"yoast-schema-graph\">{\"@context\":\"https:\\\/\\\/schema.org\",\"@graph\":[{\"@type\":\"Article\",\"@id\":\"https:\\\/\\\/santapola.es\\\/ca\\\/los-talleres-gratuitos-de-esculturas-de-arena-vuelven-a-las-playas-de-santa-pola-el-dos-de-julio\\\/#article\",\"isPartOf\":{\"@id\":\"https:\\\/\\\/santapola.es\\\/ca\\\/los-talleres-gratuitos-de-esculturas-de-arena-vuelven-a-las-playas-de-santa-pola-el-dos-de-julio\\\/\"},\"author\":{\"name\":\"\u00c1rea Municipal Empleo P\u00fablico\",\"@id\":\"https:\\\/\\\/santapola.es\\\/ca\\\/#\\\/schema\\\/person\\\/62d99b74891e73b17539dec2d94b236a\"},\"headline\":\"Los Talleres Gratuitos de Esculturas de Arena vuelven a las playas de Santa Pola el dos de julio\",\"datePublished\":\"2019-06-12T10:41:53+00:00\",\"dateModified\":\"2024-03-07T17:37:48+00:00\",\"mainEntityOfPage\":{\"@id\":\"https:\\\/\\\/santapola.es\\\/ca\\\/los-talleres-gratuitos-de-esculturas-de-arena-vuelven-a-las-playas-de-santa-pola-el-dos-de-julio\\\/\"},\"wordCount\":161,\"image\":{\"@id\":\"https:\\\/\\\/santapola.es\\\/ca\\\/los-talleres-gratuitos-de-esculturas-de-arena-vuelven-a-las-playas-de-santa-pola-el-dos-de-julio\\\/#primaryimage\"},\"thumbnailUrl\":\"https:\\\/\\\/santapola.es\\\/wp-content\\\/uploads\\\/2019\\\/06\\\/Esculturas-web.jpg\",\"articleSection\":[\"Inicio\",\"Playas \\\/ Turismo \\\/ Pesca\",\"Sin categorizar\",\"Tr\u00e1mites destacados\"],\"inLanguage\":\"ca\"},{\"@type\":\"WebPage\",\"@id\":\"https:\\\/\\\/santapola.es\\\/ca\\\/los-talleres-gratuitos-de-esculturas-de-arena-vuelven-a-las-playas-de-santa-pola-el-dos-de-julio\\\/\",\"url\":\"https:\\\/\\\/santapola.es\\\/ca\\\/los-talleres-gratuitos-de-esculturas-de-arena-vuelven-a-las-playas-de-santa-pola-el-dos-de-julio\\\/\",\"name\":\"Los Talleres Gratuitos de Esculturas de Arena vuelven a las playas de Santa Pola el dos de julio - Ajuntament de Santa Pola\",\"isPartOf\":{\"@id\":\"https:\\\/\\\/santapola.es\\\/ca\\\/#website\"},\"primaryImageOfPage\":{\"@id\":\"https:\\\/\\\/santapola.es\\\/ca\\\/los-talleres-gratuitos-de-esculturas-de-arena-vuelven-a-las-playas-de-santa-pola-el-dos-de-julio\\\/#primaryimage\"},\"image\":{\"@id\":\"https:\\\/\\\/santapola.es\\\/ca\\\/los-talleres-gratuitos-de-esculturas-de-arena-vuelven-a-las-playas-de-santa-pola-el-dos-de-julio\\\/#primaryimage\"},\"thumbnailUrl\":\"https:\\\/\\\/santapola.es\\\/wp-content\\\/uploads\\\/2019\\\/06\\\/Esculturas-web.jpg\",\"datePublished\":\"2019-06-12T10:41:53+00:00\",\"dateModified\":\"2024-03-07T17:37:48+00:00\",\"author\":{\"@id\":\"https:\\\/\\\/santapola.es\\\/ca\\\/#\\\/schema\\\/person\\\/62d99b74891e73b17539dec2d94b236a\"},\"breadcrumb\":{\"@id\":\"https:\\\/\\\/santapola.es\\\/ca\\\/los-talleres-gratuitos-de-esculturas-de-arena-vuelven-a-las-playas-de-santa-pola-el-dos-de-julio\\\/#breadcrumb\"},\"inLanguage\":\"ca\",\"potentialAction\":[{\"@type\":\"ReadAction\",\"target\":[\"https:\\\/\\\/santapola.es\\\/ca\\\/los-talleres-gratuitos-de-esculturas-de-arena-vuelven-a-las-playas-de-santa-pola-el-dos-de-julio\\\/\"]}]},{\"@type\":\"ImageObject\",\"inLanguage\":\"ca\",\"@id\":\"https:\\\/\\\/santapola.es\\\/ca\\\/los-talleres-gratuitos-de-esculturas-de-arena-vuelven-a-las-playas-de-santa-pola-el-dos-de-julio\\\/#primaryimage\",\"url\":\"https:\\\/\\\/santapola.es\\\/wp-content\\\/uploads\\\/2019\\\/06\\\/Esculturas-web.jpg\",\"contentUrl\":\"https:\\\/\\\/santapola.es\\\/wp-content\\\/uploads\\\/2019\\\/06\\\/Esculturas-web.jpg\",\"width\":1755,\"height\":1097},{\"@type\":\"BreadcrumbList\",\"@id\":\"https:\\\/\\\/santapola.es\\\/ca\\\/los-talleres-gratuitos-de-esculturas-de-arena-vuelven-a-las-playas-de-santa-pola-el-dos-de-julio\\\/#breadcrumb\",\"itemListElement\":[{\"@type\":\"ListItem\",\"position\":1,\"name\":\"Inici\",\"item\":\"https:\\\/\\\/santapola.es\\\/ca\\\/\"},{\"@type\":\"ListItem\",\"position\":2,\"name\":\"Los Talleres Gratuitos de Esculturas de Arena vuelven a las playas de Santa Pola el dos de julio\"}]},{\"@type\":\"WebSite\",\"@id\":\"https:\\\/\\\/santapola.es\\\/ca\\\/#website\",\"url\":\"https:\\\/\\\/santapola.es\\\/ca\\\/\",\"name\":\"Ayuntamiento de Santa Pola\",\"description\":\"Web de l'Ajuntament de Santa Pola\",\"potentialAction\":[{\"@type\":\"SearchAction\",\"target\":{\"@type\":\"EntryPoint\",\"urlTemplate\":\"https:\\\/\\\/santapola.es\\\/ca\\\/?s={search_term_string}\"},\"query-input\":{\"@type\":\"PropertyValueSpecification\",\"valueRequired\":true,\"valueName\":\"search_term_string\"}}],\"inLanguage\":\"ca\"},{\"@type\":\"Person\",\"@id\":\"https:\\\/\\\/santapola.es\\\/ca\\\/#\\\/schema\\\/person\\\/62d99b74891e73b17539dec2d94b236a\",\"name\":\"\u00c1rea Municipal Empleo P\u00fablico\"}]}<\/script>\n<!-- \/ Yoast SEO plugin. -->","yoast_head_json":{"title":"Los Talleres Gratuitos de Esculturas de Arena vuelven a las playas de Santa Pola el dos de julio - Ajuntament de Santa Pola","robots":{"index":"index","follow":"follow","max-snippet":"max-snippet:-1","max-image-preview":"max-image-preview:large","max-video-preview":"max-video-preview:-1"},"canonical":"https:\/\/santapola.es\/ca\/los-talleres-gratuitos-de-esculturas-de-arena-vuelven-a-las-playas-de-santa-pola-el-dos-de-julio\/","og_locale":"ca_ES","og_type":"article","og_title":"Los Talleres Gratuitos de Esculturas de Arena vuelven a las playas de Santa Pola el dos de julio - Ajuntament de Santa Pola","og_description":"Con la llegada del verano tambi\u00e9n vuelve el Taller gratuito de esculturas de arena, que estar\u00e1 en la Playa de Levante\u00a0 y de Gran Playa a partir del 2 de julio y hasta el 30 de agosto. En horario de 10:00 a 14:00 horas y por la tarde de 16:00 a 20:00 horas, ser\u00e1n los [&hellip;]","og_url":"https:\/\/santapola.es\/ca\/los-talleres-gratuitos-de-esculturas-de-arena-vuelven-a-las-playas-de-santa-pola-el-dos-de-julio\/","og_site_name":"Ajuntament de Santa Pola","article_publisher":"https:\/\/www.facebook.com\/AyuntamientoSantaPola\/","article_published_time":"2019-06-12T10:41:53+00:00","article_modified_time":"2024-03-07T17:37:48+00:00","og_image":[{"width":1755,"height":1097,"url":"https:\/\/santapola.es\/wp-content\/uploads\/2019\/06\/Esculturas-web.jpg","type":"image\/jpeg"}],"author":"\u00c1rea Municipal Empleo P\u00fablico","twitter_card":"summary_large_image","twitter_creator":"@SantaPolaAyunt","twitter_site":"@SantaPolaAyunt","schema":{"@context":"https:\/\/schema.org","@graph":[{"@type":"Article","@id":"https:\/\/santapola.es\/ca\/los-talleres-gratuitos-de-esculturas-de-arena-vuelven-a-las-playas-de-santa-pola-el-dos-de-julio\/#article","isPartOf":{"@id":"https:\/\/santapola.es\/ca\/los-talleres-gratuitos-de-esculturas-de-arena-vuelven-a-las-playas-de-santa-pola-el-dos-de-julio\/"},"author":{"name":"\u00c1rea Municipal Empleo P\u00fablico","@id":"https:\/\/santapola.es\/ca\/#\/schema\/person\/62d99b74891e73b17539dec2d94b236a"},"headline":"Los Talleres Gratuitos de Esculturas de Arena vuelven a las playas de Santa Pola el dos de julio","datePublished":"2019-06-12T10:41:53+00:00","dateModified":"2024-03-07T17:37:48+00:00","mainEntityOfPage":{"@id":"https:\/\/santapola.es\/ca\/los-talleres-gratuitos-de-esculturas-de-arena-vuelven-a-las-playas-de-santa-pola-el-dos-de-julio\/"},"wordCount":161,"image":{"@id":"https:\/\/santapola.es\/ca\/los-talleres-gratuitos-de-esculturas-de-arena-vuelven-a-las-playas-de-santa-pola-el-dos-de-julio\/#primaryimage"},"thumbnailUrl":"https:\/\/santapola.es\/wp-content\/uploads\/2019\/06\/Esculturas-web.jpg","articleSection":["Inicio","Playas \/ Turismo \/ Pesca","Sin categorizar","Tr\u00e1mites destacados"],"inLanguage":"ca"},{"@type":"WebPage","@id":"https:\/\/santapola.es\/ca\/los-talleres-gratuitos-de-esculturas-de-arena-vuelven-a-las-playas-de-santa-pola-el-dos-de-julio\/","url":"https:\/\/santapola.es\/ca\/los-talleres-gratuitos-de-esculturas-de-arena-vuelven-a-las-playas-de-santa-pola-el-dos-de-julio\/","name":"Los Talleres Gratuitos de Esculturas de Arena vuelven a las playas de Santa Pola el dos de julio - Ajuntament de Santa Pola","isPartOf":{"@id":"https:\/\/santapola.es\/ca\/#website"},"primaryImageOfPage":{"@id":"https:\/\/santapola.es\/ca\/los-talleres-gratuitos-de-esculturas-de-arena-vuelven-a-las-playas-de-santa-pola-el-dos-de-julio\/#primaryimage"},"image":{"@id":"https:\/\/santapola.es\/ca\/los-talleres-gratuitos-de-esculturas-de-arena-vuelven-a-las-playas-de-santa-pola-el-dos-de-julio\/#primaryimage"},"thumbnailUrl":"https:\/\/santapola.es\/wp-content\/uploads\/2019\/06\/Esculturas-web.jpg","datePublished":"2019-06-12T10:41:53+00:00","dateModified":"2024-03-07T17:37:48+00:00","author":{"@id":"https:\/\/santapola.es\/ca\/#\/schema\/person\/62d99b74891e73b17539dec2d94b236a"},"breadcrumb":{"@id":"https:\/\/santapola.es\/ca\/los-talleres-gratuitos-de-esculturas-de-arena-vuelven-a-las-playas-de-santa-pola-el-dos-de-julio\/#breadcrumb"},"inLanguage":"ca","potentialAction":[{"@type":"ReadAction","target":["https:\/\/santapola.es\/ca\/los-talleres-gratuitos-de-esculturas-de-arena-vuelven-a-las-playas-de-santa-pola-el-dos-de-julio\/"]}]},{"@type":"ImageObject","inLanguage":"ca","@id":"https:\/\/santapola.es\/ca\/los-talleres-gratuitos-de-esculturas-de-arena-vuelven-a-las-playas-de-santa-pola-el-dos-de-julio\/#primaryimage","url":"https:\/\/santapola.es\/wp-content\/uploads\/2019\/06\/Esculturas-web.jpg","contentUrl":"https:\/\/santapola.es\/wp-content\/uploads\/2019\/06\/Esculturas-web.jpg","width":1755,"height":1097},{"@type":"BreadcrumbList","@id":"https:\/\/santapola.es\/ca\/los-talleres-gratuitos-de-esculturas-de-arena-vuelven-a-las-playas-de-santa-pola-el-dos-de-julio\/#breadcrumb","itemListElement":[{"@type":"ListItem","position":1,"name":"Inici","item":"https:\/\/santapola.es\/ca\/"},{"@type":"ListItem","position":2,"name":"Los Talleres Gratuitos de Esculturas de Arena vuelven a las playas de Santa Pola el dos de julio"}]},{"@type":"WebSite","@id":"https:\/\/santapola.es\/ca\/#website","url":"https:\/\/santapola.es\/ca\/","name":"Ayuntamiento de Santa Pola","description":"Web de l'Ajuntament de Santa Pola","potentialAction":[{"@type":"SearchAction","target":{"@type":"EntryPoint","urlTemplate":"https:\/\/santapola.es\/ca\/?s={search_term_string}"},"query-input":{"@type":"PropertyValueSpecification","valueRequired":true,"valueName":"search_term_string"}}],"inLanguage":"ca"},{"@type":"Person","@id":"https:\/\/santapola.es\/ca\/#\/schema\/person\/62d99b74891e73b17539dec2d94b236a","name":"\u00c1rea Municipal Empleo P\u00fablico"}]}},"_links":{"self":[{"href":"https:\/\/santapola.es\/ca\/wp-json\/wp\/v2\/posts\/9929","targetHints":{"allow":["GET"]}}],"collection":[{"href":"https:\/\/santapola.es\/ca\/wp-json\/wp\/v2\/posts"}],"about":[{"href":"https:\/\/santapola.es\/ca\/wp-json\/wp\/v2\/types\/post"}],"author":[{"embeddable":true,"href":"https:\/\/santapola.es\/ca\/wp-json\/wp\/v2\/users\/98"}],"replies":[{"embeddable":true,"href":"https:\/\/santapola.es\/ca\/wp-json\/wp\/v2\/comments?post=9929"}],"version-history":[{"count":0,"href":"https:\/\/santapola.es\/ca\/wp-json\/wp\/v2\/posts\/9929\/revisions"}],"wp:featuredmedia":[{"embeddable":true,"href":"https:\/\/santapola.es\/ca\/wp-json\/wp\/v2\/media\/9930"}],"wp:attachment":[{"href":"https:\/\/santapola.es\/ca\/wp-json\/wp\/v2\/media?parent=9929"}],"wp:term":[{"taxonomy":"category","embeddable":true,"href":"https:\/\/santapola.es\/ca\/wp-json\/wp\/v2\/categories?post=9929"},{"taxonomy":"post_tag","embeddable":true,"href":"https:\/\/santapola.es\/ca\/wp-json\/wp\/v2\/tags?post=9929"}],"curies":[{"name":"wp","href":"https:\/\/api.w.org\/{rel}","templated":true}]}}