{"id":9922,"date":"2019-06-11T10:58:50","date_gmt":"2019-06-11T09:58:50","guid":{"rendered":"https:\/\/www.santapola.es\/?p=9922"},"modified":"2024-03-07T18:37:48","modified_gmt":"2024-03-07T17:37:48","slug":"el-alumnado-de-los-colegios-de-santa-pola-se-reune-para-disfrutar-del-acto-de-clausura-del-parque-infantil-de-trafico","status":"publish","type":"post","link":"https:\/\/santapola.es\/ca\/el-alumnado-de-los-colegios-de-santa-pola-se-reune-para-disfrutar-del-acto-de-clausura-del-parque-infantil-de-trafico\/","title":{"rendered":"El alumnado de los colegios de Santa Pola se re\u00fane para disfrutar del acto de clausura del Parque Infantil de Tr\u00e1fico"},"content":{"rendered":"<p>El Parque Infantil de Tr\u00e1fico de Santa Pola ha acogido esta ma\u00f1ana a los alumnos de sexto de primaria de los colegios de la villa marinera para celebrar su acto de clausura, del curso acad\u00e9mico 2018-2019.<\/p>\n<p>Durante el acto, se les ha hecho entrega a los colegios de los diplomas y carn\u00e9s que acreditan su asistencia, despu\u00e9s los alumnos han podido disfrutar de un almuerzo en el Parque Infantil de Tr\u00e1fico y de una jornada.<\/p>\n<p>Se\u00f1alizaci\u00f3n vial, clases pr\u00e1cticas y te\u00f3ricas, un simulacro de accidente de tr\u00e1fico; los alumnos de los colegios de la localidad han podido disfrutar durante este curso de distintas actividades para ampliar y asentar sus conocimientos sobre seguridad viaria.<\/p>\n","protected":false},"excerpt":{"rendered":"<p>El Parque Infantil de Tr\u00e1fico de Santa Pola ha acogido esta ma\u00f1ana a los alumnos de sexto de primaria de los colegios de la villa marinera para celebrar su acto de clausura, del curso acad\u00e9mico 2018-2019. Durante el acto, se les ha hecho entrega a los colegios de los diplomas y carn\u00e9s que acreditan su [&hellip;]<\/p>\n","protected":false},"author":98,"featured_media":9923,"comment_status":"closed","ping_status":"closed","sticky":false,"template":"","format":"standard","meta":{"_et_pb_use_builder":"","_et_pb_old_content":"","_et_gb_content_width":"","footnotes":""},"categories":[60,66,56,406,65],"tags":[],"class_list":["post-9922","post","type-post","status-publish","format-standard","has-post-thumbnail","hentry","category-educacion-juventud","category-inicio","category-seguridad-ciudadana-proteccion-civil","category-sin-categorizar-2","category-tramites-destacados"],"yoast_head":"<!-- This site is optimized with the Yoast SEO plugin v27.4 - https:\/\/yoast.com\/product\/yoast-seo-wordpress\/ -->\n<title>El alumnado de los colegios de Santa Pola se re\u00fane para disfrutar del acto de clausura del Parque Infantil de Tr\u00e1fico - Ajuntament de Santa Pola<\/title>\n<meta name=\"robots\" content=\"index, follow, max-snippet:-1, max-image-preview:large, max-video-preview:-1\" \/>\n<link rel=\"canonical\" href=\"https:\/\/santapola.es\/ca\/el-alumnado-de-los-colegios-de-santa-pola-se-reune-para-disfrutar-del-acto-de-clausura-del-parque-infantil-de-trafico\/\" \/>\n<meta property=\"og:locale\" content=\"ca_ES\" \/>\n<meta property=\"og:type\" content=\"article\" \/>\n<meta property=\"og:title\" content=\"El alumnado de los colegios de Santa Pola se re\u00fane para disfrutar del acto de clausura del Parque Infantil de Tr\u00e1fico - Ajuntament de Santa Pola\" \/>\n<meta property=\"og:description\" content=\"El Parque Infantil de Tr\u00e1fico de Santa Pola ha acogido esta ma\u00f1ana a los alumnos de sexto de primaria de los colegios de la villa marinera para celebrar su acto de clausura, del curso acad\u00e9mico 2018-2019. Durante el acto, se les ha hecho entrega a los colegios de los diplomas y carn\u00e9s que acreditan su [&hellip;]\" \/>\n<meta property=\"og:url\" content=\"https:\/\/santapola.es\/ca\/el-alumnado-de-los-colegios-de-santa-pola-se-reune-para-disfrutar-del-acto-de-clausura-del-parque-infantil-de-trafico\/\" \/>\n<meta property=\"og:site_name\" content=\"Ajuntament de Santa Pola\" \/>\n<meta property=\"article:publisher\" content=\"https:\/\/www.facebook.com\/AyuntamientoSantaPola\/\" \/>\n<meta property=\"article:published_time\" content=\"2019-06-11T09:58:50+00:00\" \/>\n<meta property=\"article:modified_time\" content=\"2024-03-07T17:37:48+00:00\" \/>\n<meta property=\"og:image\" content=\"https:\/\/santapola.es\/wp-content\/uploads\/2019\/06\/Clausura-PIT.jpg\" \/>\n\t<meta property=\"og:image:width\" content=\"1300\" \/>\n\t<meta property=\"og:image:height\" content=\"813\" \/>\n\t<meta property=\"og:image:type\" content=\"image\/jpeg\" \/>\n<meta name=\"author\" content=\"\u00c1rea Municipal Empleo P\u00fablico\" \/>\n<meta name=\"twitter:card\" content=\"summary_large_image\" \/>\n<meta name=\"twitter:creator\" content=\"@SantaPolaAyunt\" \/>\n<meta name=\"twitter:site\" content=\"@SantaPolaAyunt\" \/>\n<script type=\"application\/ld+json\" class=\"yoast-schema-graph\">{\"@context\":\"https:\\\/\\\/schema.org\",\"@graph\":[{\"@type\":\"Article\",\"@id\":\"https:\\\/\\\/santapola.es\\\/ca\\\/el-alumnado-de-los-colegios-de-santa-pola-se-reune-para-disfrutar-del-acto-de-clausura-del-parque-infantil-de-trafico\\\/#article\",\"isPartOf\":{\"@id\":\"https:\\\/\\\/santapola.es\\\/ca\\\/el-alumnado-de-los-colegios-de-santa-pola-se-reune-para-disfrutar-del-acto-de-clausura-del-parque-infantil-de-trafico\\\/\"},\"author\":{\"name\":\"\u00c1rea Municipal Empleo P\u00fablico\",\"@id\":\"https:\\\/\\\/santapola.es\\\/ca\\\/#\\\/schema\\\/person\\\/62d99b74891e73b17539dec2d94b236a\"},\"headline\":\"El alumnado de los colegios de Santa Pola se re\u00fane para disfrutar del acto de clausura del Parque Infantil de Tr\u00e1fico\",\"datePublished\":\"2019-06-11T09:58:50+00:00\",\"dateModified\":\"2024-03-07T17:37:48+00:00\",\"mainEntityOfPage\":{\"@id\":\"https:\\\/\\\/santapola.es\\\/ca\\\/el-alumnado-de-los-colegios-de-santa-pola-se-reune-para-disfrutar-del-acto-de-clausura-del-parque-infantil-de-trafico\\\/\"},\"wordCount\":147,\"image\":{\"@id\":\"https:\\\/\\\/santapola.es\\\/ca\\\/el-alumnado-de-los-colegios-de-santa-pola-se-reune-para-disfrutar-del-acto-de-clausura-del-parque-infantil-de-trafico\\\/#primaryimage\"},\"thumbnailUrl\":\"https:\\\/\\\/santapola.es\\\/wp-content\\\/uploads\\\/2019\\\/06\\\/Clausura-PIT.jpg\",\"articleSection\":[\"Educaci\u00f3n \\\/ Juventud\",\"Inicio\",\"Seguridad Ciudadana \\\/ Protecci\u00f3n Civil\",\"Sin categorizar\",\"Tr\u00e1mites destacados\"],\"inLanguage\":\"ca\"},{\"@type\":\"WebPage\",\"@id\":\"https:\\\/\\\/santapola.es\\\/ca\\\/el-alumnado-de-los-colegios-de-santa-pola-se-reune-para-disfrutar-del-acto-de-clausura-del-parque-infantil-de-trafico\\\/\",\"url\":\"https:\\\/\\\/santapola.es\\\/ca\\\/el-alumnado-de-los-colegios-de-santa-pola-se-reune-para-disfrutar-del-acto-de-clausura-del-parque-infantil-de-trafico\\\/\",\"name\":\"El alumnado de los colegios de Santa Pola se re\u00fane para disfrutar del acto de clausura del Parque Infantil de Tr\u00e1fico - Ajuntament de Santa Pola\",\"isPartOf\":{\"@id\":\"https:\\\/\\\/santapola.es\\\/ca\\\/#website\"},\"primaryImageOfPage\":{\"@id\":\"https:\\\/\\\/santapola.es\\\/ca\\\/el-alumnado-de-los-colegios-de-santa-pola-se-reune-para-disfrutar-del-acto-de-clausura-del-parque-infantil-de-trafico\\\/#primaryimage\"},\"image\":{\"@id\":\"https:\\\/\\\/santapola.es\\\/ca\\\/el-alumnado-de-los-colegios-de-santa-pola-se-reune-para-disfrutar-del-acto-de-clausura-del-parque-infantil-de-trafico\\\/#primaryimage\"},\"thumbnailUrl\":\"https:\\\/\\\/santapola.es\\\/wp-content\\\/uploads\\\/2019\\\/06\\\/Clausura-PIT.jpg\",\"datePublished\":\"2019-06-11T09:58:50+00:00\",\"dateModified\":\"2024-03-07T17:37:48+00:00\",\"author\":{\"@id\":\"https:\\\/\\\/santapola.es\\\/ca\\\/#\\\/schema\\\/person\\\/62d99b74891e73b17539dec2d94b236a\"},\"breadcrumb\":{\"@id\":\"https:\\\/\\\/santapola.es\\\/ca\\\/el-alumnado-de-los-colegios-de-santa-pola-se-reune-para-disfrutar-del-acto-de-clausura-del-parque-infantil-de-trafico\\\/#breadcrumb\"},\"inLanguage\":\"ca\",\"potentialAction\":[{\"@type\":\"ReadAction\",\"target\":[\"https:\\\/\\\/santapola.es\\\/ca\\\/el-alumnado-de-los-colegios-de-santa-pola-se-reune-para-disfrutar-del-acto-de-clausura-del-parque-infantil-de-trafico\\\/\"]}]},{\"@type\":\"ImageObject\",\"inLanguage\":\"ca\",\"@id\":\"https:\\\/\\\/santapola.es\\\/ca\\\/el-alumnado-de-los-colegios-de-santa-pola-se-reune-para-disfrutar-del-acto-de-clausura-del-parque-infantil-de-trafico\\\/#primaryimage\",\"url\":\"https:\\\/\\\/santapola.es\\\/wp-content\\\/uploads\\\/2019\\\/06\\\/Clausura-PIT.jpg\",\"contentUrl\":\"https:\\\/\\\/santapola.es\\\/wp-content\\\/uploads\\\/2019\\\/06\\\/Clausura-PIT.jpg\",\"width\":1300,\"height\":813},{\"@type\":\"BreadcrumbList\",\"@id\":\"https:\\\/\\\/santapola.es\\\/ca\\\/el-alumnado-de-los-colegios-de-santa-pola-se-reune-para-disfrutar-del-acto-de-clausura-del-parque-infantil-de-trafico\\\/#breadcrumb\",\"itemListElement\":[{\"@type\":\"ListItem\",\"position\":1,\"name\":\"Inici\",\"item\":\"https:\\\/\\\/santapola.es\\\/ca\\\/\"},{\"@type\":\"ListItem\",\"position\":2,\"name\":\"El alumnado de los colegios de Santa Pola se re\u00fane para disfrutar del acto de clausura del Parque Infantil de Tr\u00e1fico\"}]},{\"@type\":\"WebSite\",\"@id\":\"https:\\\/\\\/santapola.es\\\/ca\\\/#website\",\"url\":\"https:\\\/\\\/santapola.es\\\/ca\\\/\",\"name\":\"Ayuntamiento de Santa Pola\",\"description\":\"Web de l'Ajuntament de Santa Pola\",\"potentialAction\":[{\"@type\":\"SearchAction\",\"target\":{\"@type\":\"EntryPoint\",\"urlTemplate\":\"https:\\\/\\\/santapola.es\\\/ca\\\/?s={search_term_string}\"},\"query-input\":{\"@type\":\"PropertyValueSpecification\",\"valueRequired\":true,\"valueName\":\"search_term_string\"}}],\"inLanguage\":\"ca\"},{\"@type\":\"Person\",\"@id\":\"https:\\\/\\\/santapola.es\\\/ca\\\/#\\\/schema\\\/person\\\/62d99b74891e73b17539dec2d94b236a\",\"name\":\"\u00c1rea Municipal Empleo P\u00fablico\"}]}<\/script>\n<!-- \/ Yoast SEO plugin. -->","yoast_head_json":{"title":"El alumnado de los colegios de Santa Pola se re\u00fane para disfrutar del acto de clausura del Parque Infantil de Tr\u00e1fico - Ajuntament de Santa Pola","robots":{"index":"index","follow":"follow","max-snippet":"max-snippet:-1","max-image-preview":"max-image-preview:large","max-video-preview":"max-video-preview:-1"},"canonical":"https:\/\/santapola.es\/ca\/el-alumnado-de-los-colegios-de-santa-pola-se-reune-para-disfrutar-del-acto-de-clausura-del-parque-infantil-de-trafico\/","og_locale":"ca_ES","og_type":"article","og_title":"El alumnado de los colegios de Santa Pola se re\u00fane para disfrutar del acto de clausura del Parque Infantil de Tr\u00e1fico - Ajuntament de Santa Pola","og_description":"El Parque Infantil de Tr\u00e1fico de Santa Pola ha acogido esta ma\u00f1ana a los alumnos de sexto de primaria de los colegios de la villa marinera para celebrar su acto de clausura, del curso acad\u00e9mico 2018-2019. Durante el acto, se les ha hecho entrega a los colegios de los diplomas y carn\u00e9s que acreditan su [&hellip;]","og_url":"https:\/\/santapola.es\/ca\/el-alumnado-de-los-colegios-de-santa-pola-se-reune-para-disfrutar-del-acto-de-clausura-del-parque-infantil-de-trafico\/","og_site_name":"Ajuntament de Santa Pola","article_publisher":"https:\/\/www.facebook.com\/AyuntamientoSantaPola\/","article_published_time":"2019-06-11T09:58:50+00:00","article_modified_time":"2024-03-07T17:37:48+00:00","og_image":[{"width":1300,"height":813,"url":"https:\/\/santapola.es\/wp-content\/uploads\/2019\/06\/Clausura-PIT.jpg","type":"image\/jpeg"}],"author":"\u00c1rea Municipal Empleo P\u00fablico","twitter_card":"summary_large_image","twitter_creator":"@SantaPolaAyunt","twitter_site":"@SantaPolaAyunt","schema":{"@context":"https:\/\/schema.org","@graph":[{"@type":"Article","@id":"https:\/\/santapola.es\/ca\/el-alumnado-de-los-colegios-de-santa-pola-se-reune-para-disfrutar-del-acto-de-clausura-del-parque-infantil-de-trafico\/#article","isPartOf":{"@id":"https:\/\/santapola.es\/ca\/el-alumnado-de-los-colegios-de-santa-pola-se-reune-para-disfrutar-del-acto-de-clausura-del-parque-infantil-de-trafico\/"},"author":{"name":"\u00c1rea Municipal Empleo P\u00fablico","@id":"https:\/\/santapola.es\/ca\/#\/schema\/person\/62d99b74891e73b17539dec2d94b236a"},"headline":"El alumnado de los colegios de Santa Pola se re\u00fane para disfrutar del acto de clausura del Parque Infantil de Tr\u00e1fico","datePublished":"2019-06-11T09:58:50+00:00","dateModified":"2024-03-07T17:37:48+00:00","mainEntityOfPage":{"@id":"https:\/\/santapola.es\/ca\/el-alumnado-de-los-colegios-de-santa-pola-se-reune-para-disfrutar-del-acto-de-clausura-del-parque-infantil-de-trafico\/"},"wordCount":147,"image":{"@id":"https:\/\/santapola.es\/ca\/el-alumnado-de-los-colegios-de-santa-pola-se-reune-para-disfrutar-del-acto-de-clausura-del-parque-infantil-de-trafico\/#primaryimage"},"thumbnailUrl":"https:\/\/santapola.es\/wp-content\/uploads\/2019\/06\/Clausura-PIT.jpg","articleSection":["Educaci\u00f3n \/ Juventud","Inicio","Seguridad Ciudadana \/ Protecci\u00f3n Civil","Sin categorizar","Tr\u00e1mites destacados"],"inLanguage":"ca"},{"@type":"WebPage","@id":"https:\/\/santapola.es\/ca\/el-alumnado-de-los-colegios-de-santa-pola-se-reune-para-disfrutar-del-acto-de-clausura-del-parque-infantil-de-trafico\/","url":"https:\/\/santapola.es\/ca\/el-alumnado-de-los-colegios-de-santa-pola-se-reune-para-disfrutar-del-acto-de-clausura-del-parque-infantil-de-trafico\/","name":"El alumnado de los colegios de Santa Pola se re\u00fane para disfrutar del acto de clausura del Parque Infantil de Tr\u00e1fico - Ajuntament de Santa Pola","isPartOf":{"@id":"https:\/\/santapola.es\/ca\/#website"},"primaryImageOfPage":{"@id":"https:\/\/santapola.es\/ca\/el-alumnado-de-los-colegios-de-santa-pola-se-reune-para-disfrutar-del-acto-de-clausura-del-parque-infantil-de-trafico\/#primaryimage"},"image":{"@id":"https:\/\/santapola.es\/ca\/el-alumnado-de-los-colegios-de-santa-pola-se-reune-para-disfrutar-del-acto-de-clausura-del-parque-infantil-de-trafico\/#primaryimage"},"thumbnailUrl":"https:\/\/santapola.es\/wp-content\/uploads\/2019\/06\/Clausura-PIT.jpg","datePublished":"2019-06-11T09:58:50+00:00","dateModified":"2024-03-07T17:37:48+00:00","author":{"@id":"https:\/\/santapola.es\/ca\/#\/schema\/person\/62d99b74891e73b17539dec2d94b236a"},"breadcrumb":{"@id":"https:\/\/santapola.es\/ca\/el-alumnado-de-los-colegios-de-santa-pola-se-reune-para-disfrutar-del-acto-de-clausura-del-parque-infantil-de-trafico\/#breadcrumb"},"inLanguage":"ca","potentialAction":[{"@type":"ReadAction","target":["https:\/\/santapola.es\/ca\/el-alumnado-de-los-colegios-de-santa-pola-se-reune-para-disfrutar-del-acto-de-clausura-del-parque-infantil-de-trafico\/"]}]},{"@type":"ImageObject","inLanguage":"ca","@id":"https:\/\/santapola.es\/ca\/el-alumnado-de-los-colegios-de-santa-pola-se-reune-para-disfrutar-del-acto-de-clausura-del-parque-infantil-de-trafico\/#primaryimage","url":"https:\/\/santapola.es\/wp-content\/uploads\/2019\/06\/Clausura-PIT.jpg","contentUrl":"https:\/\/santapola.es\/wp-content\/uploads\/2019\/06\/Clausura-PIT.jpg","width":1300,"height":813},{"@type":"BreadcrumbList","@id":"https:\/\/santapola.es\/ca\/el-alumnado-de-los-colegios-de-santa-pola-se-reune-para-disfrutar-del-acto-de-clausura-del-parque-infantil-de-trafico\/#breadcrumb","itemListElement":[{"@type":"ListItem","position":1,"name":"Inici","item":"https:\/\/santapola.es\/ca\/"},{"@type":"ListItem","position":2,"name":"El alumnado de los colegios de Santa Pola se re\u00fane para disfrutar del acto de clausura del Parque Infantil de Tr\u00e1fico"}]},{"@type":"WebSite","@id":"https:\/\/santapola.es\/ca\/#website","url":"https:\/\/santapola.es\/ca\/","name":"Ayuntamiento de Santa Pola","description":"Web de l'Ajuntament de Santa Pola","potentialAction":[{"@type":"SearchAction","target":{"@type":"EntryPoint","urlTemplate":"https:\/\/santapola.es\/ca\/?s={search_term_string}"},"query-input":{"@type":"PropertyValueSpecification","valueRequired":true,"valueName":"search_term_string"}}],"inLanguage":"ca"},{"@type":"Person","@id":"https:\/\/santapola.es\/ca\/#\/schema\/person\/62d99b74891e73b17539dec2d94b236a","name":"\u00c1rea Municipal Empleo P\u00fablico"}]}},"_links":{"self":[{"href":"https:\/\/santapola.es\/ca\/wp-json\/wp\/v2\/posts\/9922","targetHints":{"allow":["GET"]}}],"collection":[{"href":"https:\/\/santapola.es\/ca\/wp-json\/wp\/v2\/posts"}],"about":[{"href":"https:\/\/santapola.es\/ca\/wp-json\/wp\/v2\/types\/post"}],"author":[{"embeddable":true,"href":"https:\/\/santapola.es\/ca\/wp-json\/wp\/v2\/users\/98"}],"replies":[{"embeddable":true,"href":"https:\/\/santapola.es\/ca\/wp-json\/wp\/v2\/comments?post=9922"}],"version-history":[{"count":0,"href":"https:\/\/santapola.es\/ca\/wp-json\/wp\/v2\/posts\/9922\/revisions"}],"wp:featuredmedia":[{"embeddable":true,"href":"https:\/\/santapola.es\/ca\/wp-json\/wp\/v2\/media\/9923"}],"wp:attachment":[{"href":"https:\/\/santapola.es\/ca\/wp-json\/wp\/v2\/media?parent=9922"}],"wp:term":[{"taxonomy":"category","embeddable":true,"href":"https:\/\/santapola.es\/ca\/wp-json\/wp\/v2\/categories?post=9922"},{"taxonomy":"post_tag","embeddable":true,"href":"https:\/\/santapola.es\/ca\/wp-json\/wp\/v2\/tags?post=9922"}],"curies":[{"name":"wp","href":"https:\/\/api.w.org\/{rel}","templated":true}]}}