{"id":9913,"date":"2019-06-10T10:31:21","date_gmt":"2019-06-10T09:31:21","guid":{"rendered":"https:\/\/www.santapola.es\/?p=9913"},"modified":"2024-03-07T18:37:48","modified_gmt":"2024-03-07T17:37:48","slug":"el-29-de-junio-santa-pola-se-viste-de-color-y-diversidad-para-celebrar-el-dia-internacional-del-orgullo-lgtbiq","status":"publish","type":"post","link":"https:\/\/santapola.es\/ca\/el-29-de-junio-santa-pola-se-viste-de-color-y-diversidad-para-celebrar-el-dia-internacional-del-orgullo-lgtbiq\/","title":{"rendered":"El 29 de junio Santa Pola se viste de color y diversidad para celebrar el D\u00eda Internacional del Orgullo LGTBIQ"},"content":{"rendered":"<p><img loading=\"lazy\" decoding=\"async\" class=\"alignright wp-image-9916\" src=\"https:\/\/santapola.es\/wp-content\/uploads\/2019\/06\/WhatsApp-Image-2019-06-07-at-08.32.46.jpeg\" alt=\"\" width=\"308\" height=\"435\" srcset=\"https:\/\/santapola.es\/wp-content\/uploads\/2019\/06\/WhatsApp-Image-2019-06-07-at-08.32.46.jpeg 953w, https:\/\/santapola.es\/wp-content\/uploads\/2019\/06\/WhatsApp-Image-2019-06-07-at-08.32.46-212x300.jpeg 212w, https:\/\/santapola.es\/wp-content\/uploads\/2019\/06\/WhatsApp-Image-2019-06-07-at-08.32.46-768x1086.jpeg 768w, https:\/\/santapola.es\/wp-content\/uploads\/2019\/06\/WhatsApp-Image-2019-06-07-at-08.32.46-724x1024.jpeg 724w, https:\/\/santapola.es\/wp-content\/uploads\/2019\/06\/WhatsApp-Image-2019-06-07-at-08.32.46-610x862.jpeg 610w\" sizes=\"(max-width: 308px) 100vw, 308px\" \/>El 29 de junio llega a la villa marinera la cuarta edici\u00f3n de \u201cSanta Pola Pride\u201d para celebrar la diversidad afectiva sexual y de g\u00e9nero. <strong>Ese s\u00e1bado nuestra localidad se llenar\u00e1 de fiesta, color y de participaci\u00f3n ciudadana para conmemorar el D\u00eda Internacional del Orgullo LGTBIQ<\/strong>. Samuel Ortiz, concejal (en funciones) de Igualdad y Diversidad ha expresado que \u201cesperamos que esta reivindicaci\u00f3n contin\u00fae por muchos a\u00f1os\u201d.<\/p>\n<p>A partir de las 19:30 horas habr\u00e1 una concentraci\u00f3n a las puertas del Parque de El Palmeral, donde un grupo de animaci\u00f3n realizar\u00e1 un taller de pancartas y pintura de cara, enfocado a familias y poblaci\u00f3n en general.<\/p>\n<p>A partir de las 20:30 horas, dar\u00e1 comienzo el Desfile que transcurrir\u00e1 desde la Calle Elche, hasta llegar a la Plaza de la Constituci\u00f3n (frente al Ayuntamiento de Santa Pola). El desfile ir\u00e1\u00a0 acompa\u00f1ado de una Batukada, la carroza, grupos de\u00a0 baile de Santa Pola y m\u00fasica.<\/p>\n<p>Una vez finalizado el desfile, sobre las 21:30 horas se leer\u00e1 un manifiesto para revindicar los derechos del colectivo y a continuaci\u00f3n tendr\u00e1 lugar una performance, por un grupo de j\u00f3venes santapoleros.<\/p>\n<p>La Pride Party comenzar\u00e1 por todo lo alto en la Plaza de la Constituci\u00f3n a las 22:30 horas, con la actuaci\u00f3n de los DJ\u2019s Orujo, Yiorch y Jes Set.<\/p>\n","protected":false},"excerpt":{"rendered":"<p>El 29 de junio llega a la villa marinera la cuarta edici\u00f3n de \u201cSanta Pola Pride\u201d para celebrar la diversidad afectiva sexual y de g\u00e9nero. Ese s\u00e1bado nuestra localidad se llenar\u00e1 de fiesta, color y de participaci\u00f3n ciudadana para conmemorar el D\u00eda Internacional del Orgullo LGTBIQ. Samuel Ortiz, concejal (en funciones) de Igualdad y Diversidad [&hellip;]<\/p>\n","protected":false},"author":98,"featured_media":9914,"comment_status":"closed","ping_status":"closed","sticky":false,"template":"","format":"standard","meta":{"_et_pb_use_builder":"","_et_pb_old_content":"","_et_gb_content_width":"","footnotes":""},"categories":[53,66,406,65],"tags":[],"class_list":["post-9913","post","type-post","status-publish","format-standard","has-post-thumbnail","hentry","category-igualdad-diversidad-ac-social-vivienda","category-inicio","category-sin-categorizar-2","category-tramites-destacados"],"yoast_head":"<!-- This site is optimized with the Yoast SEO plugin v27.4 - https:\/\/yoast.com\/product\/yoast-seo-wordpress\/ -->\n<title>El 29 de junio Santa Pola se viste de color y diversidad para celebrar el D\u00eda Internacional del Orgullo LGTBIQ - Ajuntament de Santa Pola<\/title>\n<meta name=\"robots\" content=\"index, follow, max-snippet:-1, max-image-preview:large, max-video-preview:-1\" \/>\n<link rel=\"canonical\" href=\"https:\/\/santapola.es\/ca\/el-29-de-junio-santa-pola-se-viste-de-color-y-diversidad-para-celebrar-el-dia-internacional-del-orgullo-lgtbiq\/\" \/>\n<meta property=\"og:locale\" content=\"ca_ES\" \/>\n<meta property=\"og:type\" content=\"article\" \/>\n<meta property=\"og:title\" content=\"El 29 de junio Santa Pola se viste de color y diversidad para celebrar el D\u00eda Internacional del Orgullo LGTBIQ - Ajuntament de Santa Pola\" \/>\n<meta property=\"og:description\" content=\"El 29 de junio llega a la villa marinera la cuarta edici\u00f3n de \u201cSanta Pola Pride\u201d para celebrar la diversidad afectiva sexual y de g\u00e9nero. Ese s\u00e1bado nuestra localidad se llenar\u00e1 de fiesta, color y de participaci\u00f3n ciudadana para conmemorar el D\u00eda Internacional del Orgullo LGTBIQ. Samuel Ortiz, concejal (en funciones) de Igualdad y Diversidad [&hellip;]\" \/>\n<meta property=\"og:url\" content=\"https:\/\/santapola.es\/ca\/el-29-de-junio-santa-pola-se-viste-de-color-y-diversidad-para-celebrar-el-dia-internacional-del-orgullo-lgtbiq\/\" \/>\n<meta property=\"og:site_name\" content=\"Ajuntament de Santa Pola\" \/>\n<meta property=\"article:publisher\" content=\"https:\/\/www.facebook.com\/AyuntamientoSantaPola\/\" \/>\n<meta property=\"article:published_time\" content=\"2019-06-10T09:31:21+00:00\" \/>\n<meta property=\"article:modified_time\" content=\"2024-03-07T17:37:48+00:00\" \/>\n<meta property=\"og:image\" content=\"https:\/\/santapola.es\/wp-content\/uploads\/2019\/06\/SP-Pride-2018.jpg\" \/>\n\t<meta property=\"og:image:width\" content=\"1150\" \/>\n\t<meta property=\"og:image:height\" content=\"719\" \/>\n\t<meta property=\"og:image:type\" content=\"image\/jpeg\" \/>\n<meta name=\"author\" content=\"\u00c1rea Municipal Empleo P\u00fablico\" \/>\n<meta name=\"twitter:card\" content=\"summary_large_image\" \/>\n<meta name=\"twitter:creator\" content=\"@SantaPolaAyunt\" \/>\n<meta name=\"twitter:site\" content=\"@SantaPolaAyunt\" \/>\n<script type=\"application\/ld+json\" class=\"yoast-schema-graph\">{\"@context\":\"https:\\\/\\\/schema.org\",\"@graph\":[{\"@type\":\"Article\",\"@id\":\"https:\\\/\\\/santapola.es\\\/ca\\\/el-29-de-junio-santa-pola-se-viste-de-color-y-diversidad-para-celebrar-el-dia-internacional-del-orgullo-lgtbiq\\\/#article\",\"isPartOf\":{\"@id\":\"https:\\\/\\\/santapola.es\\\/ca\\\/el-29-de-junio-santa-pola-se-viste-de-color-y-diversidad-para-celebrar-el-dia-internacional-del-orgullo-lgtbiq\\\/\"},\"author\":{\"name\":\"\u00c1rea Municipal Empleo P\u00fablico\",\"@id\":\"https:\\\/\\\/santapola.es\\\/ca\\\/#\\\/schema\\\/person\\\/62d99b74891e73b17539dec2d94b236a\"},\"headline\":\"El 29 de junio Santa Pola se viste de color y diversidad para celebrar el D\u00eda Internacional del Orgullo LGTBIQ\",\"datePublished\":\"2019-06-10T09:31:21+00:00\",\"dateModified\":\"2024-03-07T17:37:48+00:00\",\"mainEntityOfPage\":{\"@id\":\"https:\\\/\\\/santapola.es\\\/ca\\\/el-29-de-junio-santa-pola-se-viste-de-color-y-diversidad-para-celebrar-el-dia-internacional-del-orgullo-lgtbiq\\\/\"},\"wordCount\":246,\"image\":{\"@id\":\"https:\\\/\\\/santapola.es\\\/ca\\\/el-29-de-junio-santa-pola-se-viste-de-color-y-diversidad-para-celebrar-el-dia-internacional-del-orgullo-lgtbiq\\\/#primaryimage\"},\"thumbnailUrl\":\"https:\\\/\\\/santapola.es\\\/wp-content\\\/uploads\\\/2019\\\/06\\\/SP-Pride-2018.jpg\",\"articleSection\":[\"Igualdad\\\/ Diversidad\\\/ Ac Social\\\/ Vivienda\",\"Inicio\",\"Sin categorizar\",\"Tr\u00e1mites destacados\"],\"inLanguage\":\"ca\"},{\"@type\":\"WebPage\",\"@id\":\"https:\\\/\\\/santapola.es\\\/ca\\\/el-29-de-junio-santa-pola-se-viste-de-color-y-diversidad-para-celebrar-el-dia-internacional-del-orgullo-lgtbiq\\\/\",\"url\":\"https:\\\/\\\/santapola.es\\\/ca\\\/el-29-de-junio-santa-pola-se-viste-de-color-y-diversidad-para-celebrar-el-dia-internacional-del-orgullo-lgtbiq\\\/\",\"name\":\"El 29 de junio Santa Pola se viste de color y diversidad para celebrar el D\u00eda Internacional del Orgullo LGTBIQ - Ajuntament de Santa Pola\",\"isPartOf\":{\"@id\":\"https:\\\/\\\/santapola.es\\\/ca\\\/#website\"},\"primaryImageOfPage\":{\"@id\":\"https:\\\/\\\/santapola.es\\\/ca\\\/el-29-de-junio-santa-pola-se-viste-de-color-y-diversidad-para-celebrar-el-dia-internacional-del-orgullo-lgtbiq\\\/#primaryimage\"},\"image\":{\"@id\":\"https:\\\/\\\/santapola.es\\\/ca\\\/el-29-de-junio-santa-pola-se-viste-de-color-y-diversidad-para-celebrar-el-dia-internacional-del-orgullo-lgtbiq\\\/#primaryimage\"},\"thumbnailUrl\":\"https:\\\/\\\/santapola.es\\\/wp-content\\\/uploads\\\/2019\\\/06\\\/SP-Pride-2018.jpg\",\"datePublished\":\"2019-06-10T09:31:21+00:00\",\"dateModified\":\"2024-03-07T17:37:48+00:00\",\"author\":{\"@id\":\"https:\\\/\\\/santapola.es\\\/ca\\\/#\\\/schema\\\/person\\\/62d99b74891e73b17539dec2d94b236a\"},\"breadcrumb\":{\"@id\":\"https:\\\/\\\/santapola.es\\\/ca\\\/el-29-de-junio-santa-pola-se-viste-de-color-y-diversidad-para-celebrar-el-dia-internacional-del-orgullo-lgtbiq\\\/#breadcrumb\"},\"inLanguage\":\"ca\",\"potentialAction\":[{\"@type\":\"ReadAction\",\"target\":[\"https:\\\/\\\/santapola.es\\\/ca\\\/el-29-de-junio-santa-pola-se-viste-de-color-y-diversidad-para-celebrar-el-dia-internacional-del-orgullo-lgtbiq\\\/\"]}]},{\"@type\":\"ImageObject\",\"inLanguage\":\"ca\",\"@id\":\"https:\\\/\\\/santapola.es\\\/ca\\\/el-29-de-junio-santa-pola-se-viste-de-color-y-diversidad-para-celebrar-el-dia-internacional-del-orgullo-lgtbiq\\\/#primaryimage\",\"url\":\"https:\\\/\\\/santapola.es\\\/wp-content\\\/uploads\\\/2019\\\/06\\\/SP-Pride-2018.jpg\",\"contentUrl\":\"https:\\\/\\\/santapola.es\\\/wp-content\\\/uploads\\\/2019\\\/06\\\/SP-Pride-2018.jpg\",\"width\":1150,\"height\":719},{\"@type\":\"BreadcrumbList\",\"@id\":\"https:\\\/\\\/santapola.es\\\/ca\\\/el-29-de-junio-santa-pola-se-viste-de-color-y-diversidad-para-celebrar-el-dia-internacional-del-orgullo-lgtbiq\\\/#breadcrumb\",\"itemListElement\":[{\"@type\":\"ListItem\",\"position\":1,\"name\":\"Inici\",\"item\":\"https:\\\/\\\/santapola.es\\\/ca\\\/\"},{\"@type\":\"ListItem\",\"position\":2,\"name\":\"El 29 de junio Santa Pola se viste de color y diversidad para celebrar el D\u00eda Internacional del Orgullo LGTBIQ\"}]},{\"@type\":\"WebSite\",\"@id\":\"https:\\\/\\\/santapola.es\\\/ca\\\/#website\",\"url\":\"https:\\\/\\\/santapola.es\\\/ca\\\/\",\"name\":\"Ayuntamiento de Santa Pola\",\"description\":\"Web de l'Ajuntament de Santa Pola\",\"potentialAction\":[{\"@type\":\"SearchAction\",\"target\":{\"@type\":\"EntryPoint\",\"urlTemplate\":\"https:\\\/\\\/santapola.es\\\/ca\\\/?s={search_term_string}\"},\"query-input\":{\"@type\":\"PropertyValueSpecification\",\"valueRequired\":true,\"valueName\":\"search_term_string\"}}],\"inLanguage\":\"ca\"},{\"@type\":\"Person\",\"@id\":\"https:\\\/\\\/santapola.es\\\/ca\\\/#\\\/schema\\\/person\\\/62d99b74891e73b17539dec2d94b236a\",\"name\":\"\u00c1rea Municipal Empleo P\u00fablico\"}]}<\/script>\n<!-- \/ Yoast SEO plugin. -->","yoast_head_json":{"title":"El 29 de junio Santa Pola se viste de color y diversidad para celebrar el D\u00eda Internacional del Orgullo LGTBIQ - Ajuntament de Santa Pola","robots":{"index":"index","follow":"follow","max-snippet":"max-snippet:-1","max-image-preview":"max-image-preview:large","max-video-preview":"max-video-preview:-1"},"canonical":"https:\/\/santapola.es\/ca\/el-29-de-junio-santa-pola-se-viste-de-color-y-diversidad-para-celebrar-el-dia-internacional-del-orgullo-lgtbiq\/","og_locale":"ca_ES","og_type":"article","og_title":"El 29 de junio Santa Pola se viste de color y diversidad para celebrar el D\u00eda Internacional del Orgullo LGTBIQ - Ajuntament de Santa Pola","og_description":"El 29 de junio llega a la villa marinera la cuarta edici\u00f3n de \u201cSanta Pola Pride\u201d para celebrar la diversidad afectiva sexual y de g\u00e9nero. Ese s\u00e1bado nuestra localidad se llenar\u00e1 de fiesta, color y de participaci\u00f3n ciudadana para conmemorar el D\u00eda Internacional del Orgullo LGTBIQ. Samuel Ortiz, concejal (en funciones) de Igualdad y Diversidad [&hellip;]","og_url":"https:\/\/santapola.es\/ca\/el-29-de-junio-santa-pola-se-viste-de-color-y-diversidad-para-celebrar-el-dia-internacional-del-orgullo-lgtbiq\/","og_site_name":"Ajuntament de Santa Pola","article_publisher":"https:\/\/www.facebook.com\/AyuntamientoSantaPola\/","article_published_time":"2019-06-10T09:31:21+00:00","article_modified_time":"2024-03-07T17:37:48+00:00","og_image":[{"width":1150,"height":719,"url":"https:\/\/santapola.es\/wp-content\/uploads\/2019\/06\/SP-Pride-2018.jpg","type":"image\/jpeg"}],"author":"\u00c1rea Municipal Empleo P\u00fablico","twitter_card":"summary_large_image","twitter_creator":"@SantaPolaAyunt","twitter_site":"@SantaPolaAyunt","schema":{"@context":"https:\/\/schema.org","@graph":[{"@type":"Article","@id":"https:\/\/santapola.es\/ca\/el-29-de-junio-santa-pola-se-viste-de-color-y-diversidad-para-celebrar-el-dia-internacional-del-orgullo-lgtbiq\/#article","isPartOf":{"@id":"https:\/\/santapola.es\/ca\/el-29-de-junio-santa-pola-se-viste-de-color-y-diversidad-para-celebrar-el-dia-internacional-del-orgullo-lgtbiq\/"},"author":{"name":"\u00c1rea Municipal Empleo P\u00fablico","@id":"https:\/\/santapola.es\/ca\/#\/schema\/person\/62d99b74891e73b17539dec2d94b236a"},"headline":"El 29 de junio Santa Pola se viste de color y diversidad para celebrar el D\u00eda Internacional del Orgullo LGTBIQ","datePublished":"2019-06-10T09:31:21+00:00","dateModified":"2024-03-07T17:37:48+00:00","mainEntityOfPage":{"@id":"https:\/\/santapola.es\/ca\/el-29-de-junio-santa-pola-se-viste-de-color-y-diversidad-para-celebrar-el-dia-internacional-del-orgullo-lgtbiq\/"},"wordCount":246,"image":{"@id":"https:\/\/santapola.es\/ca\/el-29-de-junio-santa-pola-se-viste-de-color-y-diversidad-para-celebrar-el-dia-internacional-del-orgullo-lgtbiq\/#primaryimage"},"thumbnailUrl":"https:\/\/santapola.es\/wp-content\/uploads\/2019\/06\/SP-Pride-2018.jpg","articleSection":["Igualdad\/ Diversidad\/ Ac Social\/ Vivienda","Inicio","Sin categorizar","Tr\u00e1mites destacados"],"inLanguage":"ca"},{"@type":"WebPage","@id":"https:\/\/santapola.es\/ca\/el-29-de-junio-santa-pola-se-viste-de-color-y-diversidad-para-celebrar-el-dia-internacional-del-orgullo-lgtbiq\/","url":"https:\/\/santapola.es\/ca\/el-29-de-junio-santa-pola-se-viste-de-color-y-diversidad-para-celebrar-el-dia-internacional-del-orgullo-lgtbiq\/","name":"El 29 de junio Santa Pola se viste de color y diversidad para celebrar el D\u00eda Internacional del Orgullo LGTBIQ - Ajuntament de Santa Pola","isPartOf":{"@id":"https:\/\/santapola.es\/ca\/#website"},"primaryImageOfPage":{"@id":"https:\/\/santapola.es\/ca\/el-29-de-junio-santa-pola-se-viste-de-color-y-diversidad-para-celebrar-el-dia-internacional-del-orgullo-lgtbiq\/#primaryimage"},"image":{"@id":"https:\/\/santapola.es\/ca\/el-29-de-junio-santa-pola-se-viste-de-color-y-diversidad-para-celebrar-el-dia-internacional-del-orgullo-lgtbiq\/#primaryimage"},"thumbnailUrl":"https:\/\/santapola.es\/wp-content\/uploads\/2019\/06\/SP-Pride-2018.jpg","datePublished":"2019-06-10T09:31:21+00:00","dateModified":"2024-03-07T17:37:48+00:00","author":{"@id":"https:\/\/santapola.es\/ca\/#\/schema\/person\/62d99b74891e73b17539dec2d94b236a"},"breadcrumb":{"@id":"https:\/\/santapola.es\/ca\/el-29-de-junio-santa-pola-se-viste-de-color-y-diversidad-para-celebrar-el-dia-internacional-del-orgullo-lgtbiq\/#breadcrumb"},"inLanguage":"ca","potentialAction":[{"@type":"ReadAction","target":["https:\/\/santapola.es\/ca\/el-29-de-junio-santa-pola-se-viste-de-color-y-diversidad-para-celebrar-el-dia-internacional-del-orgullo-lgtbiq\/"]}]},{"@type":"ImageObject","inLanguage":"ca","@id":"https:\/\/santapola.es\/ca\/el-29-de-junio-santa-pola-se-viste-de-color-y-diversidad-para-celebrar-el-dia-internacional-del-orgullo-lgtbiq\/#primaryimage","url":"https:\/\/santapola.es\/wp-content\/uploads\/2019\/06\/SP-Pride-2018.jpg","contentUrl":"https:\/\/santapola.es\/wp-content\/uploads\/2019\/06\/SP-Pride-2018.jpg","width":1150,"height":719},{"@type":"BreadcrumbList","@id":"https:\/\/santapola.es\/ca\/el-29-de-junio-santa-pola-se-viste-de-color-y-diversidad-para-celebrar-el-dia-internacional-del-orgullo-lgtbiq\/#breadcrumb","itemListElement":[{"@type":"ListItem","position":1,"name":"Inici","item":"https:\/\/santapola.es\/ca\/"},{"@type":"ListItem","position":2,"name":"El 29 de junio Santa Pola se viste de color y diversidad para celebrar el D\u00eda Internacional del Orgullo LGTBIQ"}]},{"@type":"WebSite","@id":"https:\/\/santapola.es\/ca\/#website","url":"https:\/\/santapola.es\/ca\/","name":"Ayuntamiento de Santa Pola","description":"Web de l'Ajuntament de Santa Pola","potentialAction":[{"@type":"SearchAction","target":{"@type":"EntryPoint","urlTemplate":"https:\/\/santapola.es\/ca\/?s={search_term_string}"},"query-input":{"@type":"PropertyValueSpecification","valueRequired":true,"valueName":"search_term_string"}}],"inLanguage":"ca"},{"@type":"Person","@id":"https:\/\/santapola.es\/ca\/#\/schema\/person\/62d99b74891e73b17539dec2d94b236a","name":"\u00c1rea Municipal Empleo P\u00fablico"}]}},"_links":{"self":[{"href":"https:\/\/santapola.es\/ca\/wp-json\/wp\/v2\/posts\/9913","targetHints":{"allow":["GET"]}}],"collection":[{"href":"https:\/\/santapola.es\/ca\/wp-json\/wp\/v2\/posts"}],"about":[{"href":"https:\/\/santapola.es\/ca\/wp-json\/wp\/v2\/types\/post"}],"author":[{"embeddable":true,"href":"https:\/\/santapola.es\/ca\/wp-json\/wp\/v2\/users\/98"}],"replies":[{"embeddable":true,"href":"https:\/\/santapola.es\/ca\/wp-json\/wp\/v2\/comments?post=9913"}],"version-history":[{"count":0,"href":"https:\/\/santapola.es\/ca\/wp-json\/wp\/v2\/posts\/9913\/revisions"}],"wp:featuredmedia":[{"embeddable":true,"href":"https:\/\/santapola.es\/ca\/wp-json\/wp\/v2\/media\/9914"}],"wp:attachment":[{"href":"https:\/\/santapola.es\/ca\/wp-json\/wp\/v2\/media?parent=9913"}],"wp:term":[{"taxonomy":"category","embeddable":true,"href":"https:\/\/santapola.es\/ca\/wp-json\/wp\/v2\/categories?post=9913"},{"taxonomy":"post_tag","embeddable":true,"href":"https:\/\/santapola.es\/ca\/wp-json\/wp\/v2\/tags?post=9913"}],"curies":[{"name":"wp","href":"https:\/\/api.w.org\/{rel}","templated":true}]}}