{"id":50719,"date":"2026-09-05T11:20:32","date_gmt":"2026-09-05T09:20:32","guid":{"rendered":"https:\/\/santapola.es\/?p=50719"},"modified":"2026-09-05T11:23:37","modified_gmt":"2026-09-05T09:23:37","slug":"felip-ii-guanya-per-segon-any-consecutiu-el-premi-al-millor-carrer-engalanat-de-les-festes-de-santa-pola","status":"publish","type":"post","link":"https:\/\/santapola.es\/ca\/felip-ii-guanya-per-segon-any-consecutiu-el-premi-al-millor-carrer-engalanat-de-les-festes-de-santa-pola\/","title":{"rendered":"Felip II guanya per segon any consecutiu el premi al millor carrer engalanat de les Festes de Santa Pola"},"content":{"rendered":"<p><strong>Amb una decoraci\u00f3 inspirada en el lluny\u00e0 oest, el carrer Felip II s&#8217;ha al\u00e7at amb el primer premi del concurs de carrers engalanats de les Festes Patronals 2026, en el qual han participat huit aspirants. El segon premi ha sigut per al carrer Calamar amb la seua \u201cFira\u201d i el tercer per al carrer San Miguel amb \u201cBenvinguts a la jungla\u201d.<\/strong><\/p>\n<p>Este mat\u00ed s&#8217;han entregat en el Baluard del Duc els premis als millors carrers engalanats de les Festes Patronals 2026 de Santa Pola, amb la participaci\u00f3 de huit candidates que han entrat en el concurs oficial.<\/p>\n<p>El jurat, compost per membres d&#8217;entitats festeres, comissi\u00f3 de festes i Ajuntament, va realitzar en el mat\u00ed d&#8217;ahir el tradicional cercaviles per a visitar a cada una de les participants, sortejant la calor i la humitat que \u00e9s t\u00edpica per estes dates. Una vegada finalitzat el recorregut, el jurat es va reunir per a dilucidar els premis d&#8217;este any 2026.<\/p>\n<p>El primer premi, dotat amb 300 euros en material de papereria, se l&#8217;ha emportat Felip II en el tram dels n\u00fameros 20 al 27, repetint el triomf de l&#8217;any passat. En esta ocasi\u00f3, la decoraci\u00f3 preparada pels ve\u00efns est\u00e0 inspirada en el lluny\u00e0 oest, amb nombrosos murals elaborats a m\u00e0 i una excel\u00b7lent ambientaci\u00f3.<\/p>\n<p><img loading=\"lazy\" decoding=\"async\" class=\"aligncenter size-large wp-image-50707\" src=\"https:\/\/santapola.es\/wp-content\/uploads\/2026\/09\/Calles-01-Felipe-II-1024x575.jpg\" alt=\"\" width=\"1024\" height=\"575\" srcset=\"https:\/\/santapola.es\/wp-content\/uploads\/2026\/09\/Calles-01-Felipe-II-980x551.jpg 980w, https:\/\/santapola.es\/wp-content\/uploads\/2026\/09\/Calles-01-Felipe-II-480x270.jpg 480w\" sizes=\"(min-width: 0px) and (max-width: 480px) 480px, (min-width: 481px) and (max-width: 980px) 980px, (min-width: 981px) 1024px, 100vw\" \/><\/p>\n<p><img loading=\"lazy\" decoding=\"async\" class=\"aligncenter size-large wp-image-50709\" src=\"https:\/\/santapola.es\/wp-content\/uploads\/2026\/09\/RSP02558-1024x575.jpg\" alt=\"\" width=\"1024\" height=\"575\" srcset=\"https:\/\/santapola.es\/wp-content\/uploads\/2026\/09\/RSP02558-980x551.jpg 980w, https:\/\/santapola.es\/wp-content\/uploads\/2026\/09\/RSP02558-480x270.jpg 480w\" sizes=\"(min-width: 0px) and (max-width: 480px) 480px, (min-width: 481px) and (max-width: 980px) 980px, (min-width: 981px) 1024px, 100vw\" \/><\/p>\n<p>El segon premi, 200 euros en material de papereria, ha sigut per al carrer Calamar, just la paral\u00b7lela a la vencedora, en el tram entre els carrers Zorrilla i Sant Ferran, que ha muntat la seua pr\u00f2pia fira i amb un record especial a l&#8217;antic Celler Ferrer, coneguda popularment com \u201cA ca el Cuc\u201d.<\/p>\n<p><img loading=\"lazy\" decoding=\"async\" class=\"aligncenter size-large wp-image-50711\" src=\"https:\/\/santapola.es\/wp-content\/uploads\/2026\/09\/Calles-02-Calamar-1024x575.jpg\" alt=\"\" width=\"1024\" height=\"575\" srcset=\"https:\/\/santapola.es\/wp-content\/uploads\/2026\/09\/Calles-02-Calamar-980x551.jpg 980w, https:\/\/santapola.es\/wp-content\/uploads\/2026\/09\/Calles-02-Calamar-480x270.jpg 480w\" sizes=\"(min-width: 0px) and (max-width: 480px) 480px, (min-width: 481px) and (max-width: 980px) 980px, (min-width: 981px) 1024px, 100vw\" \/><\/p>\n<p><img loading=\"lazy\" decoding=\"async\" class=\"aligncenter size-large wp-image-50713\" src=\"https:\/\/santapola.es\/wp-content\/uploads\/2026\/09\/RSP02432-1024x575.jpg\" alt=\"\" width=\"1024\" height=\"575\" srcset=\"https:\/\/santapola.es\/wp-content\/uploads\/2026\/09\/RSP02432-980x551.jpg 980w, https:\/\/santapola.es\/wp-content\/uploads\/2026\/09\/RSP02432-480x270.jpg 480w\" sizes=\"(min-width: 0px) and (max-width: 480px) 480px, (min-width: 481px) and (max-width: 980px) 980px, (min-width: 981px) 1024px, 100vw\" \/><\/p>\n<p>Finalment rep 100 euros en material de papereria com a tercer premi el carrer San Miguel amb el seu \u201cBenvinguts a la jungla\u201d, amb una decoraci\u00f3 selv\u00e0tica artesanal que va mer\u00e9ixer el suport del jurat.<\/p>\n<p><img loading=\"lazy\" decoding=\"async\" class=\"aligncenter size-large wp-image-50715\" src=\"https:\/\/santapola.es\/wp-content\/uploads\/2026\/09\/Calles-03-San-Miguel-1024x575.jpg\" alt=\"\" width=\"1024\" height=\"575\" srcset=\"https:\/\/santapola.es\/wp-content\/uploads\/2026\/09\/Calles-03-San-Miguel-980x551.jpg 980w, https:\/\/santapola.es\/wp-content\/uploads\/2026\/09\/Calles-03-San-Miguel-480x270.jpg 480w\" sizes=\"(min-width: 0px) and (max-width: 480px) 480px, (min-width: 481px) and (max-width: 980px) 980px, (min-width: 981px) 1024px, 100vw\" \/><\/p>\n<p><img loading=\"lazy\" decoding=\"async\" class=\"aligncenter size-large wp-image-50717\" src=\"https:\/\/santapola.es\/wp-content\/uploads\/2026\/09\/RSP02151-1024x575.jpg\" alt=\"\" width=\"1024\" height=\"575\" srcset=\"https:\/\/santapola.es\/wp-content\/uploads\/2026\/09\/RSP02151-980x551.jpg 980w, https:\/\/santapola.es\/wp-content\/uploads\/2026\/09\/RSP02151-480x270.jpg 480w\" sizes=\"(min-width: 0px) and (max-width: 480px) 480px, (min-width: 481px) and (max-width: 980px) 980px, (min-width: 981px) 1024px, 100vw\" \/><\/p>\n<p>Els carrers engalanats podran ser visitades per santapolers i visitants durant els dies que resten de festes fins al 8 de setembre, festivitat de la Mare de D\u00e9u de Loreto.<\/p>\n","protected":false},"excerpt":{"rendered":"<p>Amb una decoraci\u00f3 inspirada en el lluny\u00e0 oest, el carrer Felip II s&#8217;ha al\u00e7at amb el primer premi del concurs de carrers engalanats de les Festes Patronals 2026, en el qual han participat huit aspirants. El segon premi ha sigut per al carrer Calamar amb la seua \u201cFira\u201d i el tercer per al carrer San [&hellip;]<\/p>\n","protected":false},"author":96,"featured_media":50705,"comment_status":"closed","ping_status":"closed","sticky":false,"template":"","format":"standard","meta":{"_et_pb_use_builder":"","_et_pb_old_content":"","_et_gb_content_width":"","footnotes":""},"categories":[434],"tags":[972,563],"class_list":["post-50719","post","type-post","status-publish","format-standard","has-post-thumbnail","hentry","category-festes","tag-carrers-engalanats","tag-festes-patronals"],"yoast_head":"<!-- This site is optimized with the Yoast SEO plugin v28.0 - https:\/\/yoast.com\/product\/yoast-seo-wordpress\/ -->\n<title>Felip II guanya per segon any consecutiu el premi al millor carrer engalanat de les Festes de Santa Pola - Ajuntament de Santa Pola<\/title>\n<meta name=\"robots\" content=\"index, follow, max-snippet:-1, max-image-preview:large, max-video-preview:-1\" \/>\n<link rel=\"canonical\" href=\"https:\/\/santapola.es\/ca\/felip-ii-guanya-per-segon-any-consecutiu-el-premi-al-millor-carrer-engalanat-de-les-festes-de-santa-pola\/\" \/>\n<meta property=\"og:locale\" content=\"ca_ES\" \/>\n<meta property=\"og:type\" content=\"article\" \/>\n<meta property=\"og:title\" content=\"Felip II guanya per segon any consecutiu el premi al millor carrer engalanat de les Festes de Santa Pola - Ajuntament de Santa Pola\" \/>\n<meta property=\"og:description\" content=\"Amb una decoraci\u00f3 inspirada en el lluny\u00e0 oest, el carrer Felip II s&#8217;ha al\u00e7at amb el primer premi del concurs de carrers engalanats de les Festes Patronals 2026, en el qual han participat huit aspirants. El segon premi ha sigut per al carrer Calamar amb la seua \u201cFira\u201d i el tercer per al carrer San [&hellip;]\" \/>\n<meta property=\"og:url\" content=\"https:\/\/santapola.es\/ca\/felip-ii-guanya-per-segon-any-consecutiu-el-premi-al-millor-carrer-engalanat-de-les-festes-de-santa-pola\/\" \/>\n<meta property=\"og:site_name\" content=\"Ajuntament de Santa Pola\" \/>\n<meta property=\"article:publisher\" content=\"https:\/\/www.facebook.com\/AyuntamientoSantaPola\/\" \/>\n<meta property=\"article:published_time\" content=\"2026-09-05T09:20:32+00:00\" \/>\n<meta property=\"article:modified_time\" content=\"2026-09-05T09:23:37+00:00\" \/>\n<meta property=\"og:image\" content=\"https:\/\/santapola.es\/wp-content\/uploads\/2026\/09\/Calles-04.jpg\" \/>\n\t<meta property=\"og:image:width\" content=\"1920\" \/>\n\t<meta property=\"og:image:height\" content=\"1079\" \/>\n\t<meta property=\"og:image:type\" content=\"image\/jpeg\" \/>\n<meta name=\"author\" content=\"Jos\u00e9 Juan L\u00f3pez Lafuente\" \/>\n<meta name=\"twitter:card\" content=\"summary_large_image\" \/>\n<meta name=\"twitter:creator\" content=\"@SantaPolaAyunt\" \/>\n<meta name=\"twitter:site\" content=\"@SantaPolaAyunt\" \/>\n<script type=\"application\/ld+json\" class=\"yoast-schema-graph\">{\"@context\":\"https:\\\/\\\/schema.org\",\"@graph\":[{\"@type\":\"Article\",\"@id\":\"https:\\\/\\\/santapola.es\\\/ca\\\/felip-ii-guanya-per-segon-any-consecutiu-el-premi-al-millor-carrer-engalanat-de-les-festes-de-santa-pola\\\/#article\",\"isPartOf\":{\"@id\":\"https:\\\/\\\/santapola.es\\\/ca\\\/felip-ii-guanya-per-segon-any-consecutiu-el-premi-al-millor-carrer-engalanat-de-les-festes-de-santa-pola\\\/\"},\"author\":{\"name\":\"Jos\u00e9 Juan L\u00f3pez Lafuente\",\"@id\":\"https:\\\/\\\/santapola.es\\\/ca\\\/#\\\/schema\\\/person\\\/ad1d67403707b58350c7be5e8dbc442d\"},\"headline\":\"Felip II guanya per segon any consecutiu el premi al millor carrer engalanat de les Festes de Santa Pola\",\"datePublished\":\"2026-09-05T09:20:32+00:00\",\"dateModified\":\"2026-09-05T09:23:37+00:00\",\"mainEntityOfPage\":{\"@id\":\"https:\\\/\\\/santapola.es\\\/ca\\\/felip-ii-guanya-per-segon-any-consecutiu-el-premi-al-millor-carrer-engalanat-de-les-festes-de-santa-pola\\\/\"},\"wordCount\":358,\"image\":{\"@id\":\"https:\\\/\\\/santapola.es\\\/ca\\\/felip-ii-guanya-per-segon-any-consecutiu-el-premi-al-millor-carrer-engalanat-de-les-festes-de-santa-pola\\\/#primaryimage\"},\"thumbnailUrl\":\"https:\\\/\\\/santapola.es\\\/wp-content\\\/uploads\\\/2026\\\/09\\\/Calles-04.jpg\",\"keywords\":[\"carrers engalanats\",\"Festes patronals\"],\"articleSection\":[\"Festes\"],\"inLanguage\":\"ca\"},{\"@type\":\"WebPage\",\"@id\":\"https:\\\/\\\/santapola.es\\\/ca\\\/felip-ii-guanya-per-segon-any-consecutiu-el-premi-al-millor-carrer-engalanat-de-les-festes-de-santa-pola\\\/\",\"url\":\"https:\\\/\\\/santapola.es\\\/ca\\\/felip-ii-guanya-per-segon-any-consecutiu-el-premi-al-millor-carrer-engalanat-de-les-festes-de-santa-pola\\\/\",\"name\":\"Felip II guanya per segon any consecutiu el premi al millor carrer engalanat de les Festes de Santa Pola - Ajuntament de Santa Pola\",\"isPartOf\":{\"@id\":\"https:\\\/\\\/santapola.es\\\/ca\\\/#website\"},\"primaryImageOfPage\":{\"@id\":\"https:\\\/\\\/santapola.es\\\/ca\\\/felip-ii-guanya-per-segon-any-consecutiu-el-premi-al-millor-carrer-engalanat-de-les-festes-de-santa-pola\\\/#primaryimage\"},\"image\":{\"@id\":\"https:\\\/\\\/santapola.es\\\/ca\\\/felip-ii-guanya-per-segon-any-consecutiu-el-premi-al-millor-carrer-engalanat-de-les-festes-de-santa-pola\\\/#primaryimage\"},\"thumbnailUrl\":\"https:\\\/\\\/santapola.es\\\/wp-content\\\/uploads\\\/2026\\\/09\\\/Calles-04.jpg\",\"datePublished\":\"2026-09-05T09:20:32+00:00\",\"dateModified\":\"2026-09-05T09:23:37+00:00\",\"author\":{\"@id\":\"https:\\\/\\\/santapola.es\\\/ca\\\/#\\\/schema\\\/person\\\/ad1d67403707b58350c7be5e8dbc442d\"},\"breadcrumb\":{\"@id\":\"https:\\\/\\\/santapola.es\\\/ca\\\/felip-ii-guanya-per-segon-any-consecutiu-el-premi-al-millor-carrer-engalanat-de-les-festes-de-santa-pola\\\/#breadcrumb\"},\"inLanguage\":\"ca\",\"potentialAction\":[{\"@type\":\"ReadAction\",\"target\":[\"https:\\\/\\\/santapola.es\\\/ca\\\/felip-ii-guanya-per-segon-any-consecutiu-el-premi-al-millor-carrer-engalanat-de-les-festes-de-santa-pola\\\/\"]}]},{\"@type\":\"ImageObject\",\"inLanguage\":\"ca\",\"@id\":\"https:\\\/\\\/santapola.es\\\/ca\\\/felip-ii-guanya-per-segon-any-consecutiu-el-premi-al-millor-carrer-engalanat-de-les-festes-de-santa-pola\\\/#primaryimage\",\"url\":\"https:\\\/\\\/santapola.es\\\/wp-content\\\/uploads\\\/2026\\\/09\\\/Calles-04.jpg\",\"contentUrl\":\"https:\\\/\\\/santapola.es\\\/wp-content\\\/uploads\\\/2026\\\/09\\\/Calles-04.jpg\",\"width\":1920,\"height\":1079},{\"@type\":\"BreadcrumbList\",\"@id\":\"https:\\\/\\\/santapola.es\\\/ca\\\/felip-ii-guanya-per-segon-any-consecutiu-el-premi-al-millor-carrer-engalanat-de-les-festes-de-santa-pola\\\/#breadcrumb\",\"itemListElement\":[{\"@type\":\"ListItem\",\"position\":1,\"name\":\"Inici\",\"item\":\"https:\\\/\\\/santapola.es\\\/ca\\\/\"},{\"@type\":\"ListItem\",\"position\":2,\"name\":\"Felip II guanya per segon any consecutiu el premi al millor carrer engalanat de les Festes de Santa Pola\"}]},{\"@type\":\"WebSite\",\"@id\":\"https:\\\/\\\/santapola.es\\\/ca\\\/#website\",\"url\":\"https:\\\/\\\/santapola.es\\\/ca\\\/\",\"name\":\"Ayuntamiento de Santa Pola\",\"description\":\"Web de l'Ajuntament de Santa Pola\",\"potentialAction\":[{\"@type\":\"SearchAction\",\"target\":{\"@type\":\"EntryPoint\",\"urlTemplate\":\"https:\\\/\\\/santapola.es\\\/ca\\\/?s={search_term_string}\"},\"query-input\":{\"@type\":\"PropertyValueSpecification\",\"valueRequired\":true,\"valueName\":\"search_term_string\"}}],\"inLanguage\":\"ca\"},{\"@type\":\"Person\",\"@id\":\"https:\\\/\\\/santapola.es\\\/ca\\\/#\\\/schema\\\/person\\\/ad1d67403707b58350c7be5e8dbc442d\",\"name\":\"Jos\u00e9 Juan L\u00f3pez Lafuente\"}]}<\/script>\n<!-- \/ Yoast SEO plugin. -->","yoast_head_json":{"title":"Felip II guanya per segon any consecutiu el premi al millor carrer engalanat de les Festes de Santa Pola - Ajuntament de Santa Pola","robots":{"index":"index","follow":"follow","max-snippet":"max-snippet:-1","max-image-preview":"max-image-preview:large","max-video-preview":"max-video-preview:-1"},"canonical":"https:\/\/santapola.es\/ca\/felip-ii-guanya-per-segon-any-consecutiu-el-premi-al-millor-carrer-engalanat-de-les-festes-de-santa-pola\/","og_locale":"ca_ES","og_type":"article","og_title":"Felip II guanya per segon any consecutiu el premi al millor carrer engalanat de les Festes de Santa Pola - Ajuntament de Santa Pola","og_description":"Amb una decoraci\u00f3 inspirada en el lluny\u00e0 oest, el carrer Felip II s&#8217;ha al\u00e7at amb el primer premi del concurs de carrers engalanats de les Festes Patronals 2026, en el qual han participat huit aspirants. El segon premi ha sigut per al carrer Calamar amb la seua \u201cFira\u201d i el tercer per al carrer San [&hellip;]","og_url":"https:\/\/santapola.es\/ca\/felip-ii-guanya-per-segon-any-consecutiu-el-premi-al-millor-carrer-engalanat-de-les-festes-de-santa-pola\/","og_site_name":"Ajuntament de Santa Pola","article_publisher":"https:\/\/www.facebook.com\/AyuntamientoSantaPola\/","article_published_time":"2026-09-05T09:20:32+00:00","article_modified_time":"2026-09-05T09:23:37+00:00","og_image":[{"width":1920,"height":1079,"url":"https:\/\/santapola.es\/wp-content\/uploads\/2026\/09\/Calles-04.jpg","type":"image\/jpeg"}],"author":"Jos\u00e9 Juan L\u00f3pez Lafuente","twitter_card":"summary_large_image","twitter_creator":"@SantaPolaAyunt","twitter_site":"@SantaPolaAyunt","schema":{"@context":"https:\/\/schema.org","@graph":[{"@type":"Article","@id":"https:\/\/santapola.es\/ca\/felip-ii-guanya-per-segon-any-consecutiu-el-premi-al-millor-carrer-engalanat-de-les-festes-de-santa-pola\/#article","isPartOf":{"@id":"https:\/\/santapola.es\/ca\/felip-ii-guanya-per-segon-any-consecutiu-el-premi-al-millor-carrer-engalanat-de-les-festes-de-santa-pola\/"},"author":{"name":"Jos\u00e9 Juan L\u00f3pez Lafuente","@id":"https:\/\/santapola.es\/ca\/#\/schema\/person\/ad1d67403707b58350c7be5e8dbc442d"},"headline":"Felip II guanya per segon any consecutiu el premi al millor carrer engalanat de les Festes de Santa Pola","datePublished":"2026-09-05T09:20:32+00:00","dateModified":"2026-09-05T09:23:37+00:00","mainEntityOfPage":{"@id":"https:\/\/santapola.es\/ca\/felip-ii-guanya-per-segon-any-consecutiu-el-premi-al-millor-carrer-engalanat-de-les-festes-de-santa-pola\/"},"wordCount":358,"image":{"@id":"https:\/\/santapola.es\/ca\/felip-ii-guanya-per-segon-any-consecutiu-el-premi-al-millor-carrer-engalanat-de-les-festes-de-santa-pola\/#primaryimage"},"thumbnailUrl":"https:\/\/santapola.es\/wp-content\/uploads\/2026\/09\/Calles-04.jpg","keywords":["carrers engalanats","Festes patronals"],"articleSection":["Festes"],"inLanguage":"ca"},{"@type":"WebPage","@id":"https:\/\/santapola.es\/ca\/felip-ii-guanya-per-segon-any-consecutiu-el-premi-al-millor-carrer-engalanat-de-les-festes-de-santa-pola\/","url":"https:\/\/santapola.es\/ca\/felip-ii-guanya-per-segon-any-consecutiu-el-premi-al-millor-carrer-engalanat-de-les-festes-de-santa-pola\/","name":"Felip II guanya per segon any consecutiu el premi al millor carrer engalanat de les Festes de Santa Pola - Ajuntament de Santa Pola","isPartOf":{"@id":"https:\/\/santapola.es\/ca\/#website"},"primaryImageOfPage":{"@id":"https:\/\/santapola.es\/ca\/felip-ii-guanya-per-segon-any-consecutiu-el-premi-al-millor-carrer-engalanat-de-les-festes-de-santa-pola\/#primaryimage"},"image":{"@id":"https:\/\/santapola.es\/ca\/felip-ii-guanya-per-segon-any-consecutiu-el-premi-al-millor-carrer-engalanat-de-les-festes-de-santa-pola\/#primaryimage"},"thumbnailUrl":"https:\/\/santapola.es\/wp-content\/uploads\/2026\/09\/Calles-04.jpg","datePublished":"2026-09-05T09:20:32+00:00","dateModified":"2026-09-05T09:23:37+00:00","author":{"@id":"https:\/\/santapola.es\/ca\/#\/schema\/person\/ad1d67403707b58350c7be5e8dbc442d"},"breadcrumb":{"@id":"https:\/\/santapola.es\/ca\/felip-ii-guanya-per-segon-any-consecutiu-el-premi-al-millor-carrer-engalanat-de-les-festes-de-santa-pola\/#breadcrumb"},"inLanguage":"ca","potentialAction":[{"@type":"ReadAction","target":["https:\/\/santapola.es\/ca\/felip-ii-guanya-per-segon-any-consecutiu-el-premi-al-millor-carrer-engalanat-de-les-festes-de-santa-pola\/"]}]},{"@type":"ImageObject","inLanguage":"ca","@id":"https:\/\/santapola.es\/ca\/felip-ii-guanya-per-segon-any-consecutiu-el-premi-al-millor-carrer-engalanat-de-les-festes-de-santa-pola\/#primaryimage","url":"https:\/\/santapola.es\/wp-content\/uploads\/2026\/09\/Calles-04.jpg","contentUrl":"https:\/\/santapola.es\/wp-content\/uploads\/2026\/09\/Calles-04.jpg","width":1920,"height":1079},{"@type":"BreadcrumbList","@id":"https:\/\/santapola.es\/ca\/felip-ii-guanya-per-segon-any-consecutiu-el-premi-al-millor-carrer-engalanat-de-les-festes-de-santa-pola\/#breadcrumb","itemListElement":[{"@type":"ListItem","position":1,"name":"Inici","item":"https:\/\/santapola.es\/ca\/"},{"@type":"ListItem","position":2,"name":"Felip II guanya per segon any consecutiu el premi al millor carrer engalanat de les Festes de Santa Pola"}]},{"@type":"WebSite","@id":"https:\/\/santapola.es\/ca\/#website","url":"https:\/\/santapola.es\/ca\/","name":"Ayuntamiento de Santa Pola","description":"Web de l'Ajuntament de Santa Pola","potentialAction":[{"@type":"SearchAction","target":{"@type":"EntryPoint","urlTemplate":"https:\/\/santapola.es\/ca\/?s={search_term_string}"},"query-input":{"@type":"PropertyValueSpecification","valueRequired":true,"valueName":"search_term_string"}}],"inLanguage":"ca"},{"@type":"Person","@id":"https:\/\/santapola.es\/ca\/#\/schema\/person\/ad1d67403707b58350c7be5e8dbc442d","name":"Jos\u00e9 Juan L\u00f3pez Lafuente"}]}},"_links":{"self":[{"href":"https:\/\/santapola.es\/ca\/wp-json\/wp\/v2\/posts\/50719","targetHints":{"allow":["GET"]}}],"collection":[{"href":"https:\/\/santapola.es\/ca\/wp-json\/wp\/v2\/posts"}],"about":[{"href":"https:\/\/santapola.es\/ca\/wp-json\/wp\/v2\/types\/post"}],"author":[{"embeddable":true,"href":"https:\/\/santapola.es\/ca\/wp-json\/wp\/v2\/users\/96"}],"replies":[{"embeddable":true,"href":"https:\/\/santapola.es\/ca\/wp-json\/wp\/v2\/comments?post=50719"}],"version-history":[{"count":1,"href":"https:\/\/santapola.es\/ca\/wp-json\/wp\/v2\/posts\/50719\/revisions"}],"predecessor-version":[{"id":50720,"href":"https:\/\/santapola.es\/ca\/wp-json\/wp\/v2\/posts\/50719\/revisions\/50720"}],"wp:featuredmedia":[{"embeddable":true,"href":"https:\/\/santapola.es\/ca\/wp-json\/wp\/v2\/media\/50705"}],"wp:attachment":[{"href":"https:\/\/santapola.es\/ca\/wp-json\/wp\/v2\/media?parent=50719"}],"wp:term":[{"taxonomy":"category","embeddable":true,"href":"https:\/\/santapola.es\/ca\/wp-json\/wp\/v2\/categories?post=50719"},{"taxonomy":"post_tag","embeddable":true,"href":"https:\/\/santapola.es\/ca\/wp-json\/wp\/v2\/tags?post=50719"}],"curies":[{"name":"wp","href":"https:\/\/api.w.org\/{rel}","templated":true}]}}