{"id":50681,"date":"2026-09-01T15:36:33","date_gmt":"2026-09-01T13:36:33","guid":{"rendered":"https:\/\/santapola.es\/?p=50681"},"modified":"2026-09-01T15:41:01","modified_gmt":"2026-09-01T13:41:01","slug":"lassalt-moro-a-la-platja-de-llevant-acaba-amb-la-resistencia-cristiana-el-primer-dia-de-les-festes","status":"publish","type":"post","link":"https:\/\/santapola.es\/ca\/lassalt-moro-a-la-platja-de-llevant-acaba-amb-la-resistencia-cristiana-el-primer-dia-de-les-festes\/","title":{"rendered":"L&#8217;assalt moro a la platja de Llevant acaba amb la resist\u00e8ncia cristiana el primer dia de les festes"},"content":{"rendered":"<p><strong>Rememorant els atacs a la costa dels pirates barbarescos en el segle XVI, les hosts mores van assaltar la platja en un brillant espectacle ple de coreografies, escenes b\u00e8l\u00b7liques i p\u00f3lvora, sempre la p\u00f3lvora. M\u00e9s de mil d&#8217;espectadors s&#8217;han amuntegat a la platja de Llevant per a gaudir d&#8217;una batalla \u00e8pica entre moros i cristians que tindr\u00e0 la seua continu\u00eftat amb la conquesta i reconquesta del Castell Fortalesa.<\/strong><\/p>\n<p>\u00c9s l&#8217;acte que obri les festes de Moros i Cristians de Santa Pola i la seua import\u00e0ncia en el calendari puja enters cada any per la seua espectacularitat i brilla amb les seues coreografies, escenes b\u00e8l\u00b7liques i p\u00f3lvora per onsevulla. El tradicional assalt moro ha anat evolucionant en els \u00faltims temps impulsat per l&#8217;associaci\u00f3, i en esta edici\u00f3 s&#8217;ha despla\u00e7at uns cent metres a l&#8217;est de la platja de Llevant perqu\u00e8 els espectadors disposen d&#8217;un major espai per a situar-se als quatre costats de l&#8217;escena, de manera que ha guanyat molt en visibilitat i capacitat per al p\u00fablic.<\/p>\n<p>A les deu del mat\u00ed i sota un sol justicier, els cristians esperen expectants en la seua estacada l&#8217;amena\u00e7a d&#8217;un nodrit grup de moros que, camuflats en la penombra de les primeres llums del dia, han arribat des de l&#8217;Illa Plana fins a la riba de la platja.<\/p>\n<p>Comen\u00e7a llavors la narraci\u00f3 a c\u00e0rrec del periodista Jos\u00e9 Juan L\u00f3pez amb la qual posa en situaci\u00f3 als espectadors. Relata la hist\u00f2ria d&#8217;estes terres des d&#8217;\u00e8poca ibera i romana, passant per una Edat mitjana d&#8217;aband\u00f3 i una progressiva repoblaci\u00f3 despr\u00e9s de la Reconquesta.<\/p>\n<p>Ens situem en el segle XVI, uns temps en els quals eren constants els atacs dels pirates barbarescos capitanejats per Barba-rossa, utilitzant l&#8217;actual illa de Tabarca com a base per a llan\u00e7ar els seus saquejos a la costa.<\/p>\n<p>La representaci\u00f3 comen\u00e7a amb l&#8217;ostentaci\u00f3 de les ballarines musulmanes i una conversa poc amistosa dels heralds dels dos b\u00e0ndols quan el moro demana la rendici\u00f3. Els cristians comprenen que no es tracta de l&#8217;habitual escaramussa de saqueig i es preparen per a la lluita amb les primeres andanades de fletxes i un primer enfrontament cos a cos amb espases i bastons.<\/p>\n<p><strong>Dol sagnant<\/strong><\/p>\n<p>Els balls de l&#8217;ostentaci\u00f3 cristiana donen pas al primer dol sagnant. Un dels guerrers cristians, en her\u00f2ica actitut, ix a lluitar a pit descobert per a guanyar temps per\u00f2 la seua valentia tindr\u00e0 un tr\u00e0gic desenlla\u00e7 per al b\u00e0ndol de la creu.<\/p>\n<p>Les hosts de la mitja lluna ja somien amb la vict\u00f2ria i preparen la c\u00e0rrega definitiva contra el campament cristi\u00e0. Els arcabussos i canons trenquen amb el seu esquin\u00e7ador soroll la tranquil\u00b7litat del mat\u00ed a la vora del Mediterrani i els cristians busquen refugi.<\/p>\n<p>Els Ambaixadors dels dos b\u00e0ndols es repten cara a cara sobre l&#8217;arena. L&#8217;Ambaixador Moro, interpretat per Manuel Gabino, reclama la rendici\u00f3 amb promeses de benestar per als assetjats. Assumint la derrota, l&#8217;Ambaixadora Cristiana, interpretada per Judith Valero, jura venjan\u00e7a per a recuperar m\u00e9s prompte que tarde el que un dia els va pert\u00e0nyer.<\/p>\n<p>La batalla ha acabat, per\u00f2 no la guerra. Esperen dos jornades de lluita a mort, de p\u00f3lvora i de sang, amb un \u00fanic objectiu per als dos b\u00e0ndols: convertir-se en els amos del Castell-Fortalesa.<\/p>\n<p><iframe loading=\"lazy\" title=\"EN DIRECTO | Asalto Moro. Fiestas de Santa Pola 2026\" width=\"1080\" height=\"608\" src=\"https:\/\/www.youtube.com\/embed\/ql9EjOauifU?feature=oembed\"  allow=\"accelerometer; autoplay; clipboard-write; encrypted-media; gyroscope; picture-in-picture; web-share\" referrerpolicy=\"strict-origin-when-cross-origin\" allowfullscreen><\/iframe><\/p>\n","protected":false},"excerpt":{"rendered":"<p>Rememorant els atacs a la costa dels pirates barbarescos en el segle XVI, les hosts mores van assaltar la platja en un brillant espectacle ple de coreografies, escenes b\u00e8l\u00b7liques i p\u00f3lvora, sempre la p\u00f3lvora. M\u00e9s de mil d&#8217;espectadors s&#8217;han amuntegat a la platja de Llevant per a gaudir d&#8217;una batalla \u00e8pica entre moros i cristians [&hellip;]<\/p>\n","protected":false},"author":96,"featured_media":50677,"comment_status":"closed","ping_status":"closed","sticky":false,"template":"","format":"standard","meta":{"_et_pb_use_builder":"","_et_pb_old_content":"","_et_gb_content_width":"","footnotes":""},"categories":[434],"tags":[1952,563],"class_list":["post-50681","post","type-post","status-publish","format-standard","has-post-thumbnail","hentry","category-festes","tag-assalt-moro","tag-festes-patronals"],"yoast_head":"<!-- This site is optimized with the Yoast SEO plugin v28.0 - https:\/\/yoast.com\/product\/yoast-seo-wordpress\/ -->\n<title>L&#039;assalt moro a la platja de Llevant acaba amb la resist\u00e8ncia cristiana el primer dia de les festes - Ajuntament de Santa Pola<\/title>\n<meta name=\"robots\" content=\"index, follow, max-snippet:-1, max-image-preview:large, max-video-preview:-1\" \/>\n<link rel=\"canonical\" href=\"https:\/\/santapola.es\/ca\/lassalt-moro-a-la-platja-de-llevant-acaba-amb-la-resistencia-cristiana-el-primer-dia-de-les-festes\/\" \/>\n<meta property=\"og:locale\" content=\"ca_ES\" \/>\n<meta property=\"og:type\" content=\"article\" \/>\n<meta property=\"og:title\" content=\"L&#039;assalt moro a la platja de Llevant acaba amb la resist\u00e8ncia cristiana el primer dia de les festes - Ajuntament de Santa Pola\" \/>\n<meta property=\"og:description\" content=\"Rememorant els atacs a la costa dels pirates barbarescos en el segle XVI, les hosts mores van assaltar la platja en un brillant espectacle ple de coreografies, escenes b\u00e8l\u00b7liques i p\u00f3lvora, sempre la p\u00f3lvora. M\u00e9s de mil d&#8217;espectadors s&#8217;han amuntegat a la platja de Llevant per a gaudir d&#8217;una batalla \u00e8pica entre moros i cristians [&hellip;]\" \/>\n<meta property=\"og:url\" content=\"https:\/\/santapola.es\/ca\/lassalt-moro-a-la-platja-de-llevant-acaba-amb-la-resistencia-cristiana-el-primer-dia-de-les-festes\/\" \/>\n<meta property=\"og:site_name\" content=\"Ajuntament de Santa Pola\" \/>\n<meta property=\"article:publisher\" content=\"https:\/\/www.facebook.com\/AyuntamientoSantaPola\/\" \/>\n<meta property=\"article:published_time\" content=\"2026-09-01T13:36:33+00:00\" \/>\n<meta property=\"article:modified_time\" content=\"2026-09-01T13:41:01+00:00\" \/>\n<meta property=\"og:image\" content=\"https:\/\/santapola.es\/wp-content\/uploads\/2026\/09\/RSPMEDIA-010-01092026.jpg\" \/>\n\t<meta property=\"og:image:width\" content=\"1920\" \/>\n\t<meta property=\"og:image:height\" content=\"1079\" \/>\n\t<meta property=\"og:image:type\" content=\"image\/jpeg\" \/>\n<meta name=\"author\" content=\"Jos\u00e9 Juan L\u00f3pez Lafuente\" \/>\n<meta name=\"twitter:card\" content=\"summary_large_image\" \/>\n<meta name=\"twitter:creator\" content=\"@SantaPolaAyunt\" \/>\n<meta name=\"twitter:site\" content=\"@SantaPolaAyunt\" \/>\n<script type=\"application\/ld+json\" class=\"yoast-schema-graph\">{\"@context\":\"https:\\\/\\\/schema.org\",\"@graph\":[{\"@type\":\"Article\",\"@id\":\"https:\\\/\\\/santapola.es\\\/ca\\\/lassalt-moro-a-la-platja-de-llevant-acaba-amb-la-resistencia-cristiana-el-primer-dia-de-les-festes\\\/#article\",\"isPartOf\":{\"@id\":\"https:\\\/\\\/santapola.es\\\/ca\\\/lassalt-moro-a-la-platja-de-llevant-acaba-amb-la-resistencia-cristiana-el-primer-dia-de-les-festes\\\/\"},\"author\":{\"name\":\"Jos\u00e9 Juan L\u00f3pez Lafuente\",\"@id\":\"https:\\\/\\\/santapola.es\\\/ca\\\/#\\\/schema\\\/person\\\/ad1d67403707b58350c7be5e8dbc442d\"},\"headline\":\"L&#8217;assalt moro a la platja de Llevant acaba amb la resist\u00e8ncia cristiana el primer dia de les festes\",\"datePublished\":\"2026-09-01T13:36:33+00:00\",\"dateModified\":\"2026-09-01T13:41:01+00:00\",\"mainEntityOfPage\":{\"@id\":\"https:\\\/\\\/santapola.es\\\/ca\\\/lassalt-moro-a-la-platja-de-llevant-acaba-amb-la-resistencia-cristiana-el-primer-dia-de-les-festes\\\/\"},\"wordCount\":615,\"image\":{\"@id\":\"https:\\\/\\\/santapola.es\\\/ca\\\/lassalt-moro-a-la-platja-de-llevant-acaba-amb-la-resistencia-cristiana-el-primer-dia-de-les-festes\\\/#primaryimage\"},\"thumbnailUrl\":\"https:\\\/\\\/santapola.es\\\/wp-content\\\/uploads\\\/2026\\\/09\\\/RSPMEDIA-010-01092026.jpg\",\"keywords\":[\"Assalt Moro\",\"Festes patronals\"],\"articleSection\":[\"Festes\"],\"inLanguage\":\"ca\"},{\"@type\":\"WebPage\",\"@id\":\"https:\\\/\\\/santapola.es\\\/ca\\\/lassalt-moro-a-la-platja-de-llevant-acaba-amb-la-resistencia-cristiana-el-primer-dia-de-les-festes\\\/\",\"url\":\"https:\\\/\\\/santapola.es\\\/ca\\\/lassalt-moro-a-la-platja-de-llevant-acaba-amb-la-resistencia-cristiana-el-primer-dia-de-les-festes\\\/\",\"name\":\"L'assalt moro a la platja de Llevant acaba amb la resist\u00e8ncia cristiana el primer dia de les festes - Ajuntament de Santa Pola\",\"isPartOf\":{\"@id\":\"https:\\\/\\\/santapola.es\\\/ca\\\/#website\"},\"primaryImageOfPage\":{\"@id\":\"https:\\\/\\\/santapola.es\\\/ca\\\/lassalt-moro-a-la-platja-de-llevant-acaba-amb-la-resistencia-cristiana-el-primer-dia-de-les-festes\\\/#primaryimage\"},\"image\":{\"@id\":\"https:\\\/\\\/santapola.es\\\/ca\\\/lassalt-moro-a-la-platja-de-llevant-acaba-amb-la-resistencia-cristiana-el-primer-dia-de-les-festes\\\/#primaryimage\"},\"thumbnailUrl\":\"https:\\\/\\\/santapola.es\\\/wp-content\\\/uploads\\\/2026\\\/09\\\/RSPMEDIA-010-01092026.jpg\",\"datePublished\":\"2026-09-01T13:36:33+00:00\",\"dateModified\":\"2026-09-01T13:41:01+00:00\",\"author\":{\"@id\":\"https:\\\/\\\/santapola.es\\\/ca\\\/#\\\/schema\\\/person\\\/ad1d67403707b58350c7be5e8dbc442d\"},\"breadcrumb\":{\"@id\":\"https:\\\/\\\/santapola.es\\\/ca\\\/lassalt-moro-a-la-platja-de-llevant-acaba-amb-la-resistencia-cristiana-el-primer-dia-de-les-festes\\\/#breadcrumb\"},\"inLanguage\":\"ca\",\"potentialAction\":[{\"@type\":\"ReadAction\",\"target\":[\"https:\\\/\\\/santapola.es\\\/ca\\\/lassalt-moro-a-la-platja-de-llevant-acaba-amb-la-resistencia-cristiana-el-primer-dia-de-les-festes\\\/\"]}]},{\"@type\":\"ImageObject\",\"inLanguage\":\"ca\",\"@id\":\"https:\\\/\\\/santapola.es\\\/ca\\\/lassalt-moro-a-la-platja-de-llevant-acaba-amb-la-resistencia-cristiana-el-primer-dia-de-les-festes\\\/#primaryimage\",\"url\":\"https:\\\/\\\/santapola.es\\\/wp-content\\\/uploads\\\/2026\\\/09\\\/RSPMEDIA-010-01092026.jpg\",\"contentUrl\":\"https:\\\/\\\/santapola.es\\\/wp-content\\\/uploads\\\/2026\\\/09\\\/RSPMEDIA-010-01092026.jpg\",\"width\":1920,\"height\":1079},{\"@type\":\"BreadcrumbList\",\"@id\":\"https:\\\/\\\/santapola.es\\\/ca\\\/lassalt-moro-a-la-platja-de-llevant-acaba-amb-la-resistencia-cristiana-el-primer-dia-de-les-festes\\\/#breadcrumb\",\"itemListElement\":[{\"@type\":\"ListItem\",\"position\":1,\"name\":\"Inici\",\"item\":\"https:\\\/\\\/santapola.es\\\/ca\\\/\"},{\"@type\":\"ListItem\",\"position\":2,\"name\":\"L&#8217;assalt moro a la platja de Llevant acaba amb la resist\u00e8ncia cristiana el primer dia de les festes\"}]},{\"@type\":\"WebSite\",\"@id\":\"https:\\\/\\\/santapola.es\\\/ca\\\/#website\",\"url\":\"https:\\\/\\\/santapola.es\\\/ca\\\/\",\"name\":\"Ayuntamiento de Santa Pola\",\"description\":\"Web de l'Ajuntament de Santa Pola\",\"potentialAction\":[{\"@type\":\"SearchAction\",\"target\":{\"@type\":\"EntryPoint\",\"urlTemplate\":\"https:\\\/\\\/santapola.es\\\/ca\\\/?s={search_term_string}\"},\"query-input\":{\"@type\":\"PropertyValueSpecification\",\"valueRequired\":true,\"valueName\":\"search_term_string\"}}],\"inLanguage\":\"ca\"},{\"@type\":\"Person\",\"@id\":\"https:\\\/\\\/santapola.es\\\/ca\\\/#\\\/schema\\\/person\\\/ad1d67403707b58350c7be5e8dbc442d\",\"name\":\"Jos\u00e9 Juan L\u00f3pez Lafuente\"}]}<\/script>\n<!-- \/ Yoast SEO plugin. -->","yoast_head_json":{"title":"L'assalt moro a la platja de Llevant acaba amb la resist\u00e8ncia cristiana el primer dia de les festes - Ajuntament de Santa Pola","robots":{"index":"index","follow":"follow","max-snippet":"max-snippet:-1","max-image-preview":"max-image-preview:large","max-video-preview":"max-video-preview:-1"},"canonical":"https:\/\/santapola.es\/ca\/lassalt-moro-a-la-platja-de-llevant-acaba-amb-la-resistencia-cristiana-el-primer-dia-de-les-festes\/","og_locale":"ca_ES","og_type":"article","og_title":"L'assalt moro a la platja de Llevant acaba amb la resist\u00e8ncia cristiana el primer dia de les festes - Ajuntament de Santa Pola","og_description":"Rememorant els atacs a la costa dels pirates barbarescos en el segle XVI, les hosts mores van assaltar la platja en un brillant espectacle ple de coreografies, escenes b\u00e8l\u00b7liques i p\u00f3lvora, sempre la p\u00f3lvora. M\u00e9s de mil d&#8217;espectadors s&#8217;han amuntegat a la platja de Llevant per a gaudir d&#8217;una batalla \u00e8pica entre moros i cristians [&hellip;]","og_url":"https:\/\/santapola.es\/ca\/lassalt-moro-a-la-platja-de-llevant-acaba-amb-la-resistencia-cristiana-el-primer-dia-de-les-festes\/","og_site_name":"Ajuntament de Santa Pola","article_publisher":"https:\/\/www.facebook.com\/AyuntamientoSantaPola\/","article_published_time":"2026-09-01T13:36:33+00:00","article_modified_time":"2026-09-01T13:41:01+00:00","og_image":[{"width":1920,"height":1079,"url":"https:\/\/santapola.es\/wp-content\/uploads\/2026\/09\/RSPMEDIA-010-01092026.jpg","type":"image\/jpeg"}],"author":"Jos\u00e9 Juan L\u00f3pez Lafuente","twitter_card":"summary_large_image","twitter_creator":"@SantaPolaAyunt","twitter_site":"@SantaPolaAyunt","schema":{"@context":"https:\/\/schema.org","@graph":[{"@type":"Article","@id":"https:\/\/santapola.es\/ca\/lassalt-moro-a-la-platja-de-llevant-acaba-amb-la-resistencia-cristiana-el-primer-dia-de-les-festes\/#article","isPartOf":{"@id":"https:\/\/santapola.es\/ca\/lassalt-moro-a-la-platja-de-llevant-acaba-amb-la-resistencia-cristiana-el-primer-dia-de-les-festes\/"},"author":{"name":"Jos\u00e9 Juan L\u00f3pez Lafuente","@id":"https:\/\/santapola.es\/ca\/#\/schema\/person\/ad1d67403707b58350c7be5e8dbc442d"},"headline":"L&#8217;assalt moro a la platja de Llevant acaba amb la resist\u00e8ncia cristiana el primer dia de les festes","datePublished":"2026-09-01T13:36:33+00:00","dateModified":"2026-09-01T13:41:01+00:00","mainEntityOfPage":{"@id":"https:\/\/santapola.es\/ca\/lassalt-moro-a-la-platja-de-llevant-acaba-amb-la-resistencia-cristiana-el-primer-dia-de-les-festes\/"},"wordCount":615,"image":{"@id":"https:\/\/santapola.es\/ca\/lassalt-moro-a-la-platja-de-llevant-acaba-amb-la-resistencia-cristiana-el-primer-dia-de-les-festes\/#primaryimage"},"thumbnailUrl":"https:\/\/santapola.es\/wp-content\/uploads\/2026\/09\/RSPMEDIA-010-01092026.jpg","keywords":["Assalt Moro","Festes patronals"],"articleSection":["Festes"],"inLanguage":"ca"},{"@type":"WebPage","@id":"https:\/\/santapola.es\/ca\/lassalt-moro-a-la-platja-de-llevant-acaba-amb-la-resistencia-cristiana-el-primer-dia-de-les-festes\/","url":"https:\/\/santapola.es\/ca\/lassalt-moro-a-la-platja-de-llevant-acaba-amb-la-resistencia-cristiana-el-primer-dia-de-les-festes\/","name":"L'assalt moro a la platja de Llevant acaba amb la resist\u00e8ncia cristiana el primer dia de les festes - Ajuntament de Santa Pola","isPartOf":{"@id":"https:\/\/santapola.es\/ca\/#website"},"primaryImageOfPage":{"@id":"https:\/\/santapola.es\/ca\/lassalt-moro-a-la-platja-de-llevant-acaba-amb-la-resistencia-cristiana-el-primer-dia-de-les-festes\/#primaryimage"},"image":{"@id":"https:\/\/santapola.es\/ca\/lassalt-moro-a-la-platja-de-llevant-acaba-amb-la-resistencia-cristiana-el-primer-dia-de-les-festes\/#primaryimage"},"thumbnailUrl":"https:\/\/santapola.es\/wp-content\/uploads\/2026\/09\/RSPMEDIA-010-01092026.jpg","datePublished":"2026-09-01T13:36:33+00:00","dateModified":"2026-09-01T13:41:01+00:00","author":{"@id":"https:\/\/santapola.es\/ca\/#\/schema\/person\/ad1d67403707b58350c7be5e8dbc442d"},"breadcrumb":{"@id":"https:\/\/santapola.es\/ca\/lassalt-moro-a-la-platja-de-llevant-acaba-amb-la-resistencia-cristiana-el-primer-dia-de-les-festes\/#breadcrumb"},"inLanguage":"ca","potentialAction":[{"@type":"ReadAction","target":["https:\/\/santapola.es\/ca\/lassalt-moro-a-la-platja-de-llevant-acaba-amb-la-resistencia-cristiana-el-primer-dia-de-les-festes\/"]}]},{"@type":"ImageObject","inLanguage":"ca","@id":"https:\/\/santapola.es\/ca\/lassalt-moro-a-la-platja-de-llevant-acaba-amb-la-resistencia-cristiana-el-primer-dia-de-les-festes\/#primaryimage","url":"https:\/\/santapola.es\/wp-content\/uploads\/2026\/09\/RSPMEDIA-010-01092026.jpg","contentUrl":"https:\/\/santapola.es\/wp-content\/uploads\/2026\/09\/RSPMEDIA-010-01092026.jpg","width":1920,"height":1079},{"@type":"BreadcrumbList","@id":"https:\/\/santapola.es\/ca\/lassalt-moro-a-la-platja-de-llevant-acaba-amb-la-resistencia-cristiana-el-primer-dia-de-les-festes\/#breadcrumb","itemListElement":[{"@type":"ListItem","position":1,"name":"Inici","item":"https:\/\/santapola.es\/ca\/"},{"@type":"ListItem","position":2,"name":"L&#8217;assalt moro a la platja de Llevant acaba amb la resist\u00e8ncia cristiana el primer dia de les festes"}]},{"@type":"WebSite","@id":"https:\/\/santapola.es\/ca\/#website","url":"https:\/\/santapola.es\/ca\/","name":"Ayuntamiento de Santa Pola","description":"Web de l'Ajuntament de Santa Pola","potentialAction":[{"@type":"SearchAction","target":{"@type":"EntryPoint","urlTemplate":"https:\/\/santapola.es\/ca\/?s={search_term_string}"},"query-input":{"@type":"PropertyValueSpecification","valueRequired":true,"valueName":"search_term_string"}}],"inLanguage":"ca"},{"@type":"Person","@id":"https:\/\/santapola.es\/ca\/#\/schema\/person\/ad1d67403707b58350c7be5e8dbc442d","name":"Jos\u00e9 Juan L\u00f3pez Lafuente"}]}},"_links":{"self":[{"href":"https:\/\/santapola.es\/ca\/wp-json\/wp\/v2\/posts\/50681","targetHints":{"allow":["GET"]}}],"collection":[{"href":"https:\/\/santapola.es\/ca\/wp-json\/wp\/v2\/posts"}],"about":[{"href":"https:\/\/santapola.es\/ca\/wp-json\/wp\/v2\/types\/post"}],"author":[{"embeddable":true,"href":"https:\/\/santapola.es\/ca\/wp-json\/wp\/v2\/users\/96"}],"replies":[{"embeddable":true,"href":"https:\/\/santapola.es\/ca\/wp-json\/wp\/v2\/comments?post=50681"}],"version-history":[{"count":2,"href":"https:\/\/santapola.es\/ca\/wp-json\/wp\/v2\/posts\/50681\/revisions"}],"predecessor-version":[{"id":50684,"href":"https:\/\/santapola.es\/ca\/wp-json\/wp\/v2\/posts\/50681\/revisions\/50684"}],"wp:featuredmedia":[{"embeddable":true,"href":"https:\/\/santapola.es\/ca\/wp-json\/wp\/v2\/media\/50677"}],"wp:attachment":[{"href":"https:\/\/santapola.es\/ca\/wp-json\/wp\/v2\/media?parent=50681"}],"wp:term":[{"taxonomy":"category","embeddable":true,"href":"https:\/\/santapola.es\/ca\/wp-json\/wp\/v2\/categories?post=50681"},{"taxonomy":"post_tag","embeddable":true,"href":"https:\/\/santapola.es\/ca\/wp-json\/wp\/v2\/tags?post=50681"}],"curies":[{"name":"wp","href":"https:\/\/api.w.org\/{rel}","templated":true}]}}