{"id":50670,"date":"2026-09-01T01:33:23","date_gmt":"2026-08-31T23:33:23","guid":{"rendered":"https:\/\/santapola.es\/?p=50670"},"modified":"2026-09-01T01:43:00","modified_gmt":"2026-08-31T23:43:00","slug":"una-oda-a-la-musica-i-als-musics-el-prego-de-pepe-andreu-dona-inici-a-les-festes-patronals-2026","status":"publish","type":"post","link":"https:\/\/santapola.es\/ca\/una-oda-a-la-musica-i-als-musics-el-prego-de-pepe-andreu-dona-inici-a-les-festes-patronals-2026\/","title":{"rendered":"Una oda a la m\u00fasica i als m\u00fasics: el preg\u00f3 de Pepe Andreu dona inici a les Festes Patronals 2026"},"content":{"rendered":"<p><strong>El trompetista santapoler va obrir les festes amb una sentida declaraci\u00f3 d&#8217;amor a la m\u00fasica i als m\u00fasics del seu poble, va repassar les seues viv\u00e8ncies amb les festes i va afegir al seu preg\u00f3 un original espectacle en el qual va mostrar la seua visi\u00f3 de qu\u00e8 sonen cada un dels actes tradicionals.<\/strong><\/p>\n<p>La pla\u00e7a de La Glorieta i els seus voltants van registrar un ple absolut per a ser testimonis anit de l&#8217;acte d&#8217;obertura de les Festes Patronals i de Moros i Cristians 2026 en honor a la Verge de Loreto. I el preg\u00f3 del m\u00fasic santapoler Pepe Andreu Garz\u00f3n no va defraudar en absolut.<\/p>\n<p>L&#8217;esdeveniment, presentat per la periodista Mayte Vilaseca, va comen\u00e7ar a les 22.30 hores amb la presentaci\u00f3 dels c\u00e0rrecs festers i les reines i dames de les festes. Va ser l&#8217;alcaldessa Loreto Serrano l&#8217;encarregada de presentar al pregoner i glossar la seua figura tant personal com professional.<\/p>\n<p>Pepe Andreu \u00e9s un dels m\u00fasics m\u00e9s destacats nascuts a Santa Pola. Trompetista, compositor, director de banda i professor, ha desenrotllat una prol\u00edfica carrera sense perdre mai el vincle amb el seu poble.<\/p>\n<p>La seua formaci\u00f3 musical va comen\u00e7ar a l&#8217;Escola de M\u00fasica Mestre Alfosea, va ampliar els seus estudis en el Conservatori d&#8217;Alacant, va continuar a Par\u00eds amb el prestigi\u00f3s trompetista Erik Aubier i va completar la seua formaci\u00f3 superior a Madrid.<\/p>\n<p>Des de molt jove va destacar pel seu talent, formant part de la Jove Orquestra Nacional d&#8217;Espanya. No obstant aix\u00f2, seria la seua incorporaci\u00f3 al grup La Bestiola la que marcaria un punt d&#8217;inflexi\u00f3 en la seua carrera, i hui continua col\u00b7laborant amb Miguel Campello i ha treballat al costat de reconeguts artistes de la m\u00fasica espanyola.<\/p>\n<p><strong>En nom del col\u00b7lectiu musical<\/strong><\/p>\n<p>L&#8217;inici del seu preg\u00f3 va ser tota una declaraci\u00f3 d&#8217;intencions: \u201cComparec ac\u00ed representant a tot el col\u00b7lectiu musical santapoler que compr\u00e9n tant a les diferents agrupacions musicals i corals, aix\u00ed com als grups de rock i pop que han format i formen part de la nostra hist\u00f2ria. Tots junts, contribu\u00efxen al desenrotllament cultural i potencien els sentiments de les persones\u201d.<\/p>\n<p>En la primera part va recordar la seua inf\u00e0ncia entre el Barranc de Catarra, el carrer Margarita Bascu\u00f1ana i les seues vesprades d&#8217;estiu al carrer Trinitat, els preparatius amb els ve\u00efns per a engalanar el carrer i les arrels marineres de la seua fam\u00edlia.<\/p>\n<p>\u201cAl carrer Casta\u00f1os estava situada l&#8217;escola de m\u00fasica i local d&#8217;assaig de la Banda Uni\u00f3 Musical, la qual cosa hui dia\u00a0 \u00e9s el Centre C\u00edvic. Cada nit d&#8217;assaig la meua mare em deixava la finestra oberta perqu\u00e8 poguera escoltar la banda assajar.\u00a0 Moltes vegades, sent un xiquet de 3 anys, m&#8217;escapava de la casa de la meua \u00e0via i m&#8217;asseia en el portal de l&#8217;acad\u00e8mia a escoltar-la sota la batuta del Mestre Antonio Espinosa\u201d.<\/p>\n<p>La trompeta com a fidel amiga: \u201cAls nou anys vaig agafar per primera vegada una trompeta de veritat. Es complia aix\u00ed un dels meus majors desitjos. Com li solc dir als meus\u00a0 alumnes\u2026 quan agafes una trompeta per primera vegada deixes de ser una persona normal i et convertixes en trompetista\u201d.<\/p>\n<p>Va rememorar tamb\u00e9 el seu somni d&#8217;entrar en la Banda Uni\u00f3 Musical, la qual cosa va aconseguir als dotze anys juntament amb la responsabilitat d&#8217;acudir a tots els actes de les festes: \u201cHuit dies de gom a gom que per a un xiquet es feien duros, per\u00f2 els recorde amb molta il\u00b7lusi\u00f3 i alegria, malgrat acabar amb la boca plena de nafres de tant tocar\u201d. I va recordar amb carinyo als m\u00fasics veterans que li van abrigallar i li van inculcar l&#8217;amor per la m\u00fasica.<\/p>\n<p><strong>Un trompetista convertit en \u201cbicho\u201d<\/strong><\/p>\n<p>Els seus dies en la banda, compaginats amb els extres de cambrer en el restaurant Batiste, es van interrompre en l&#8217;estiu de 2001 per a volar a Par\u00eds a formar-se amb el gran trompetista Eric Aubier. Van ser temps d&#8217;enyoran\u00e7a del seu poble i la seua fam\u00edlia. El mateix que la seua seg\u00fcent parada a Madrid per a estudiar en el Conservatori, per\u00f2 ac\u00ed va arrancar un verdader punt d&#8217;inflexi\u00f3 en la seua carrera.<\/p>\n<p>\u201cLa primera aparici\u00f3 televisiva que vaig fer amb elbicho va ser en els\u00a0 concerts de R\u00e0dio 3, en La 2 de Televisi\u00f3 Espanyola, una matinada de gener del 2003. \u201cMaremeua\u201d la que es va embolicar. L&#8217;endem\u00e0 la meua mare em va cridar dient que \u201cestava el poble\u00a0 revolucionat\u201d: \u201cXica hem vist a ton fill tocant en la tele sense samarreta\u2026 en un que cantava vestit en una falda i \u00e9s altres en unixes melenes fins a la cintura\u201d. Per als meus pares va ser un xoc\u201d.<\/p>\n<p>Elbicho \u201cva ser un grup de flamenc rock fusi\u00f3 que va estar en actiu des del 2001 fins al 2012. Vam fer m\u00e9s de mil concerts, gravem tres discos d&#8217;estudi, un de directe i arribem a tindre dos discos d&#8217;or. Realitzem gires per tota Europa, \u00c0frica i Am\u00e8rica.<\/p>\n<p><strong>13 anys m\u00e9s sense festes de Santa Pola<\/strong><\/p>\n<p>Acabada esta aventura, Pepe va comen\u00e7ar un nou projecte: dirigir a la Uni\u00f3 Musical de Jacarilla i organitzar la seua escola de m\u00fasica. All\u00ed va estar vinculat tretze anys i va arribar a ser tamb\u00e9 pregoner de les seues festes, encara que era un \u201cregal enverinat\u201d.<\/p>\n<p>\u201cRetorn a Santa Pola i em pegue 13 anys m\u00e9s sense poder gaudir de les festes del meu poble\u201d perqu\u00e8 resulta que coincidixen amb les del poble on soc el director de la seua banda de m\u00fasica. Tretze anys on el \u201cDia de Lorito\u201d no podia compartir-lo amb la meua fam\u00edlia. Sense ofrena, sense serenata, sense process\u00f3\u201d.<\/p>\n<p>Per\u00f2 eixa \u201cmaledicci\u00f3\u201d va canviar l&#8217;any passat, quan va deixar Jacarilla pels seus compromisos professionals i va rebre una trucada: \u201cEl meu volguda Asun P\u00e9rez Mart\u00ednez, presidenta de l&#8217;Associaci\u00f3 de Moros i Cristians de Santa Pola em va encarregar la missi\u00f3 de compondre la m\u00fasica de l&#8217;himne de l&#8217;Associaci\u00f3, al costat d&#8217;una instituci\u00f3\u00a0 santapolera com \u00e9s Mar\u00eda Sempere Montiel, que es va encarregar de la lletra. L&#8217;emoci\u00f3 que em va fer este enc\u00e0rrec va ser molt gran. Era una responsabilitat enorme i havia de ser una cosa que agradara\u201d. Aix\u00ed va n\u00e0ixer \u201cSentiments, passi\u00f3 i bellesa\u201d.<\/p>\n<p><strong>Com sonen els nostres Festes?<\/strong><\/p>\n<p>La segona part del preg\u00f3 de Pepe Andreu es va convertir en un espectacle musical en el qual va anar desgranant com sonarien els dies m\u00e9s importants de les festes patronals, amb les dos bandes locals, Uni\u00f3 Musical i Mare de D\u00e9u de Loreto, disposades sobre l&#8217;escenari per a interpretar els temes triats.<\/p>\n<p>En aix\u00f2 van col\u00b7laborar la Colla de Dol\u00e7ainers El Freu interpretant la popular \u201cLa manta al coll\u201d en record de l&#8217;1 de setembre, i posteriorment dos \u201cfilaes\u201d mora i cristiana que van desfilar al ritme de \u201cChimo\u201d i que el pregoner va convidar a seguir amb el moviment dels peus a tots els espectadors.<\/p>\n<p>Un altre dia clau va ser la desfilada multicolor, un moment m\u00e9s desenfadat representat per les can\u00e7ons del grup Abba. I commemorant els solemnes dies 7 i 8 en honor a la Verge de Loreto, la pe\u00e7a triada va ser \u201cHallelujah\u201d de Leonard Cohen, interpretada a m\u00e9s pel mateix pregoner a la trompeta, acompanyat per tres grans companys m\u00fasics, Joaqu\u00edn Plata, Nacho Bonmat\u00ed i Jorge Verd\u00fa.<\/p>\n<p>\u201cS\u00f3n dies de recordar-se dels quals no estan&#8230; i de\u00a0 gaudir dels que estan amb nosaltres. L&#8217;obra que he triat per a este moment \u00e9s una m\u00fasica solemne que\u00a0 ens parla de la p\u00e8rdua i de l&#8217;amor. Amb ella, he volgut fer un\u00a0 homenatge a tants m\u00fasics santapolers que ja no estan i que han sigut una inspiraci\u00f3 per a tots nosaltres\u201d.<\/p>\n<p>I per a acabar este recorregut musical va arribar, com no, \u201cla bomba\u201d que acomiada les festes el dia de la Verge. I la bomba va ser l&#8217;ep\u00edleg d&#8217;este preg\u00f3, sota els concordes del \u201cViva la vida\u201d de Coldplay amb el lema \u201cVisca Santa Pola\u201d cantat per tot el p\u00fablic i els focs artificials com a tel\u00f3 de fons, mentres el pregoner declarava inaugurades les festes 2026.<\/p>\n<p><strong>Colof\u00f3 musical amb els himnes<\/strong><\/p>\n<p>Va arribar llavors el moment dels detalls protocol\u00b7laris, protagonitzats per la presidenta de Moros i Cristians, l&#8217;alcaldessa i la regidor de Festes, Nely Baile, qui es va dirigir des del faristol al pregoner per a felicitar-lo per esta nit m\u00e0gica. Tamb\u00e9 van tindre el seu protagonisme l&#8217;esposa de Pepe Andreu, Sara, el seu fill, els seus pares i germana.<\/p>\n<p>El colof\u00f3 d&#8217;este primer acte de les festes 2026 va retornar l&#8217;atenci\u00f3 a la m\u00fasica en forma de sorpresa de les bandes cap al pregoner, interpretant en el seu honor una pe\u00e7a no prevista en el gui\u00f3 oficial. Ja amb la batuta en m\u00e0, Pepe Andreu va dirigir a les bandes Uni\u00f3 Musical i Mare de D\u00e9u de Loreto i la Coral Llevantina Antonio Espinosa per a interpretar els himnes a Santa Pola i a la Comunitat Valenciana, en un emotiu moment de clausura amb tots els espectadors posats en peus i culminat amb un castell de focs artificials.<\/p>\n<p><iframe loading=\"lazy\" title=\"EN DIRECTO | Preg\u00f3n de las Fiestas de Santa Pola 2026\" width=\"1080\" height=\"608\" src=\"https:\/\/www.youtube.com\/embed\/nUCYkeyG2fI?feature=oembed\"  allow=\"accelerometer; autoplay; clipboard-write; encrypted-media; gyroscope; picture-in-picture; web-share\" referrerpolicy=\"strict-origin-when-cross-origin\" allowfullscreen><\/iframe><\/p>\n","protected":false},"excerpt":{"rendered":"<p>El trompetista santapoler va obrir les festes amb una sentida declaraci\u00f3 d&#8217;amor a la m\u00fasica i als m\u00fasics del seu poble, va repassar les seues viv\u00e8ncies amb les festes i va afegir al seu preg\u00f3 un original espectacle en el qual va mostrar la seua visi\u00f3 de qu\u00e8 sonen cada un dels actes tradicionals. La [&hellip;]<\/p>\n","protected":false},"author":96,"featured_media":50668,"comment_status":"closed","ping_status":"closed","sticky":false,"template":"","format":"standard","meta":{"_et_pb_use_builder":"","_et_pb_old_content":"","_et_gb_content_width":"","footnotes":""},"categories":[434],"tags":[563,1937,1071],"class_list":["post-50670","post","type-post","status-publish","format-standard","has-post-thumbnail","hentry","category-festes","tag-festes-patronals","tag-pepe-andreu-garzon","tag-prego"],"yoast_head":"<!-- This site is optimized with the Yoast SEO plugin v28.0 - https:\/\/yoast.com\/product\/yoast-seo-wordpress\/ -->\n<title>Una oda a la m\u00fasica i als m\u00fasics: el preg\u00f3 de Pepe Andreu dona inici a les Festes Patronals 2026 - Ajuntament de Santa Pola<\/title>\n<meta name=\"robots\" content=\"index, follow, max-snippet:-1, max-image-preview:large, max-video-preview:-1\" \/>\n<link rel=\"canonical\" href=\"https:\/\/santapola.es\/ca\/una-oda-a-la-musica-i-als-musics-el-prego-de-pepe-andreu-dona-inici-a-les-festes-patronals-2026\/\" \/>\n<meta property=\"og:locale\" content=\"ca_ES\" \/>\n<meta property=\"og:type\" content=\"article\" \/>\n<meta property=\"og:title\" content=\"Una oda a la m\u00fasica i als m\u00fasics: el preg\u00f3 de Pepe Andreu dona inici a les Festes Patronals 2026 - Ajuntament de Santa Pola\" \/>\n<meta property=\"og:description\" content=\"El trompetista santapoler va obrir les festes amb una sentida declaraci\u00f3 d&#8217;amor a la m\u00fasica i als m\u00fasics del seu poble, va repassar les seues viv\u00e8ncies amb les festes i va afegir al seu preg\u00f3 un original espectacle en el qual va mostrar la seua visi\u00f3 de qu\u00e8 sonen cada un dels actes tradicionals. La [&hellip;]\" \/>\n<meta property=\"og:url\" content=\"https:\/\/santapola.es\/ca\/una-oda-a-la-musica-i-als-musics-el-prego-de-pepe-andreu-dona-inici-a-les-festes-patronals-2026\/\" \/>\n<meta property=\"og:site_name\" content=\"Ajuntament de Santa Pola\" \/>\n<meta property=\"article:publisher\" content=\"https:\/\/www.facebook.com\/AyuntamientoSantaPola\/\" \/>\n<meta property=\"article:published_time\" content=\"2026-08-31T23:33:23+00:00\" \/>\n<meta property=\"article:modified_time\" content=\"2026-08-31T23:43:00+00:00\" \/>\n<meta property=\"og:image\" content=\"https:\/\/santapola.es\/wp-content\/uploads\/2026\/09\/RSP09306.jpg\" \/>\n\t<meta property=\"og:image:width\" content=\"1920\" \/>\n\t<meta property=\"og:image:height\" content=\"1079\" \/>\n\t<meta property=\"og:image:type\" content=\"image\/jpeg\" \/>\n<meta name=\"author\" content=\"Jos\u00e9 Juan L\u00f3pez Lafuente\" \/>\n<meta name=\"twitter:card\" content=\"summary_large_image\" \/>\n<meta name=\"twitter:creator\" content=\"@SantaPolaAyunt\" \/>\n<meta name=\"twitter:site\" content=\"@SantaPolaAyunt\" \/>\n<script type=\"application\/ld+json\" class=\"yoast-schema-graph\">{\"@context\":\"https:\\\/\\\/schema.org\",\"@graph\":[{\"@type\":\"Article\",\"@id\":\"https:\\\/\\\/santapola.es\\\/ca\\\/una-oda-a-la-musica-i-als-musics-el-prego-de-pepe-andreu-dona-inici-a-les-festes-patronals-2026\\\/#article\",\"isPartOf\":{\"@id\":\"https:\\\/\\\/santapola.es\\\/ca\\\/una-oda-a-la-musica-i-als-musics-el-prego-de-pepe-andreu-dona-inici-a-les-festes-patronals-2026\\\/\"},\"author\":{\"name\":\"Jos\u00e9 Juan L\u00f3pez Lafuente\",\"@id\":\"https:\\\/\\\/santapola.es\\\/ca\\\/#\\\/schema\\\/person\\\/ad1d67403707b58350c7be5e8dbc442d\"},\"headline\":\"Una oda a la m\u00fasica i als m\u00fasics: el preg\u00f3 de Pepe Andreu dona inici a les Festes Patronals 2026\",\"datePublished\":\"2026-08-31T23:33:23+00:00\",\"dateModified\":\"2026-08-31T23:43:00+00:00\",\"mainEntityOfPage\":{\"@id\":\"https:\\\/\\\/santapola.es\\\/ca\\\/una-oda-a-la-musica-i-als-musics-el-prego-de-pepe-andreu-dona-inici-a-les-festes-patronals-2026\\\/\"},\"wordCount\":1622,\"image\":{\"@id\":\"https:\\\/\\\/santapola.es\\\/ca\\\/una-oda-a-la-musica-i-als-musics-el-prego-de-pepe-andreu-dona-inici-a-les-festes-patronals-2026\\\/#primaryimage\"},\"thumbnailUrl\":\"https:\\\/\\\/santapola.es\\\/wp-content\\\/uploads\\\/2026\\\/09\\\/RSP09306.jpg\",\"keywords\":[\"Festes patronals\",\"Pepe Andreu Garz\u00f3n\",\"preg\u00f3\"],\"articleSection\":[\"Festes\"],\"inLanguage\":\"ca\"},{\"@type\":\"WebPage\",\"@id\":\"https:\\\/\\\/santapola.es\\\/ca\\\/una-oda-a-la-musica-i-als-musics-el-prego-de-pepe-andreu-dona-inici-a-les-festes-patronals-2026\\\/\",\"url\":\"https:\\\/\\\/santapola.es\\\/ca\\\/una-oda-a-la-musica-i-als-musics-el-prego-de-pepe-andreu-dona-inici-a-les-festes-patronals-2026\\\/\",\"name\":\"Una oda a la m\u00fasica i als m\u00fasics: el preg\u00f3 de Pepe Andreu dona inici a les Festes Patronals 2026 - Ajuntament de Santa Pola\",\"isPartOf\":{\"@id\":\"https:\\\/\\\/santapola.es\\\/ca\\\/#website\"},\"primaryImageOfPage\":{\"@id\":\"https:\\\/\\\/santapola.es\\\/ca\\\/una-oda-a-la-musica-i-als-musics-el-prego-de-pepe-andreu-dona-inici-a-les-festes-patronals-2026\\\/#primaryimage\"},\"image\":{\"@id\":\"https:\\\/\\\/santapola.es\\\/ca\\\/una-oda-a-la-musica-i-als-musics-el-prego-de-pepe-andreu-dona-inici-a-les-festes-patronals-2026\\\/#primaryimage\"},\"thumbnailUrl\":\"https:\\\/\\\/santapola.es\\\/wp-content\\\/uploads\\\/2026\\\/09\\\/RSP09306.jpg\",\"datePublished\":\"2026-08-31T23:33:23+00:00\",\"dateModified\":\"2026-08-31T23:43:00+00:00\",\"author\":{\"@id\":\"https:\\\/\\\/santapola.es\\\/ca\\\/#\\\/schema\\\/person\\\/ad1d67403707b58350c7be5e8dbc442d\"},\"breadcrumb\":{\"@id\":\"https:\\\/\\\/santapola.es\\\/ca\\\/una-oda-a-la-musica-i-als-musics-el-prego-de-pepe-andreu-dona-inici-a-les-festes-patronals-2026\\\/#breadcrumb\"},\"inLanguage\":\"ca\",\"potentialAction\":[{\"@type\":\"ReadAction\",\"target\":[\"https:\\\/\\\/santapola.es\\\/ca\\\/una-oda-a-la-musica-i-als-musics-el-prego-de-pepe-andreu-dona-inici-a-les-festes-patronals-2026\\\/\"]}]},{\"@type\":\"ImageObject\",\"inLanguage\":\"ca\",\"@id\":\"https:\\\/\\\/santapola.es\\\/ca\\\/una-oda-a-la-musica-i-als-musics-el-prego-de-pepe-andreu-dona-inici-a-les-festes-patronals-2026\\\/#primaryimage\",\"url\":\"https:\\\/\\\/santapola.es\\\/wp-content\\\/uploads\\\/2026\\\/09\\\/RSP09306.jpg\",\"contentUrl\":\"https:\\\/\\\/santapola.es\\\/wp-content\\\/uploads\\\/2026\\\/09\\\/RSP09306.jpg\",\"width\":1920,\"height\":1079},{\"@type\":\"BreadcrumbList\",\"@id\":\"https:\\\/\\\/santapola.es\\\/ca\\\/una-oda-a-la-musica-i-als-musics-el-prego-de-pepe-andreu-dona-inici-a-les-festes-patronals-2026\\\/#breadcrumb\",\"itemListElement\":[{\"@type\":\"ListItem\",\"position\":1,\"name\":\"Inici\",\"item\":\"https:\\\/\\\/santapola.es\\\/ca\\\/\"},{\"@type\":\"ListItem\",\"position\":2,\"name\":\"Una oda a la m\u00fasica i als m\u00fasics: el preg\u00f3 de Pepe Andreu dona inici a les Festes Patronals 2026\"}]},{\"@type\":\"WebSite\",\"@id\":\"https:\\\/\\\/santapola.es\\\/ca\\\/#website\",\"url\":\"https:\\\/\\\/santapola.es\\\/ca\\\/\",\"name\":\"Ayuntamiento de Santa Pola\",\"description\":\"Web de l'Ajuntament de Santa Pola\",\"potentialAction\":[{\"@type\":\"SearchAction\",\"target\":{\"@type\":\"EntryPoint\",\"urlTemplate\":\"https:\\\/\\\/santapola.es\\\/ca\\\/?s={search_term_string}\"},\"query-input\":{\"@type\":\"PropertyValueSpecification\",\"valueRequired\":true,\"valueName\":\"search_term_string\"}}],\"inLanguage\":\"ca\"},{\"@type\":\"Person\",\"@id\":\"https:\\\/\\\/santapola.es\\\/ca\\\/#\\\/schema\\\/person\\\/ad1d67403707b58350c7be5e8dbc442d\",\"name\":\"Jos\u00e9 Juan L\u00f3pez Lafuente\"}]}<\/script>\n<!-- \/ Yoast SEO plugin. -->","yoast_head_json":{"title":"Una oda a la m\u00fasica i als m\u00fasics: el preg\u00f3 de Pepe Andreu dona inici a les Festes Patronals 2026 - Ajuntament de Santa Pola","robots":{"index":"index","follow":"follow","max-snippet":"max-snippet:-1","max-image-preview":"max-image-preview:large","max-video-preview":"max-video-preview:-1"},"canonical":"https:\/\/santapola.es\/ca\/una-oda-a-la-musica-i-als-musics-el-prego-de-pepe-andreu-dona-inici-a-les-festes-patronals-2026\/","og_locale":"ca_ES","og_type":"article","og_title":"Una oda a la m\u00fasica i als m\u00fasics: el preg\u00f3 de Pepe Andreu dona inici a les Festes Patronals 2026 - Ajuntament de Santa Pola","og_description":"El trompetista santapoler va obrir les festes amb una sentida declaraci\u00f3 d&#8217;amor a la m\u00fasica i als m\u00fasics del seu poble, va repassar les seues viv\u00e8ncies amb les festes i va afegir al seu preg\u00f3 un original espectacle en el qual va mostrar la seua visi\u00f3 de qu\u00e8 sonen cada un dels actes tradicionals. La [&hellip;]","og_url":"https:\/\/santapola.es\/ca\/una-oda-a-la-musica-i-als-musics-el-prego-de-pepe-andreu-dona-inici-a-les-festes-patronals-2026\/","og_site_name":"Ajuntament de Santa Pola","article_publisher":"https:\/\/www.facebook.com\/AyuntamientoSantaPola\/","article_published_time":"2026-08-31T23:33:23+00:00","article_modified_time":"2026-08-31T23:43:00+00:00","og_image":[{"width":1920,"height":1079,"url":"https:\/\/santapola.es\/wp-content\/uploads\/2026\/09\/RSP09306.jpg","type":"image\/jpeg"}],"author":"Jos\u00e9 Juan L\u00f3pez Lafuente","twitter_card":"summary_large_image","twitter_creator":"@SantaPolaAyunt","twitter_site":"@SantaPolaAyunt","schema":{"@context":"https:\/\/schema.org","@graph":[{"@type":"Article","@id":"https:\/\/santapola.es\/ca\/una-oda-a-la-musica-i-als-musics-el-prego-de-pepe-andreu-dona-inici-a-les-festes-patronals-2026\/#article","isPartOf":{"@id":"https:\/\/santapola.es\/ca\/una-oda-a-la-musica-i-als-musics-el-prego-de-pepe-andreu-dona-inici-a-les-festes-patronals-2026\/"},"author":{"name":"Jos\u00e9 Juan L\u00f3pez Lafuente","@id":"https:\/\/santapola.es\/ca\/#\/schema\/person\/ad1d67403707b58350c7be5e8dbc442d"},"headline":"Una oda a la m\u00fasica i als m\u00fasics: el preg\u00f3 de Pepe Andreu dona inici a les Festes Patronals 2026","datePublished":"2026-08-31T23:33:23+00:00","dateModified":"2026-08-31T23:43:00+00:00","mainEntityOfPage":{"@id":"https:\/\/santapola.es\/ca\/una-oda-a-la-musica-i-als-musics-el-prego-de-pepe-andreu-dona-inici-a-les-festes-patronals-2026\/"},"wordCount":1622,"image":{"@id":"https:\/\/santapola.es\/ca\/una-oda-a-la-musica-i-als-musics-el-prego-de-pepe-andreu-dona-inici-a-les-festes-patronals-2026\/#primaryimage"},"thumbnailUrl":"https:\/\/santapola.es\/wp-content\/uploads\/2026\/09\/RSP09306.jpg","keywords":["Festes patronals","Pepe Andreu Garz\u00f3n","preg\u00f3"],"articleSection":["Festes"],"inLanguage":"ca"},{"@type":"WebPage","@id":"https:\/\/santapola.es\/ca\/una-oda-a-la-musica-i-als-musics-el-prego-de-pepe-andreu-dona-inici-a-les-festes-patronals-2026\/","url":"https:\/\/santapola.es\/ca\/una-oda-a-la-musica-i-als-musics-el-prego-de-pepe-andreu-dona-inici-a-les-festes-patronals-2026\/","name":"Una oda a la m\u00fasica i als m\u00fasics: el preg\u00f3 de Pepe Andreu dona inici a les Festes Patronals 2026 - Ajuntament de Santa Pola","isPartOf":{"@id":"https:\/\/santapola.es\/ca\/#website"},"primaryImageOfPage":{"@id":"https:\/\/santapola.es\/ca\/una-oda-a-la-musica-i-als-musics-el-prego-de-pepe-andreu-dona-inici-a-les-festes-patronals-2026\/#primaryimage"},"image":{"@id":"https:\/\/santapola.es\/ca\/una-oda-a-la-musica-i-als-musics-el-prego-de-pepe-andreu-dona-inici-a-les-festes-patronals-2026\/#primaryimage"},"thumbnailUrl":"https:\/\/santapola.es\/wp-content\/uploads\/2026\/09\/RSP09306.jpg","datePublished":"2026-08-31T23:33:23+00:00","dateModified":"2026-08-31T23:43:00+00:00","author":{"@id":"https:\/\/santapola.es\/ca\/#\/schema\/person\/ad1d67403707b58350c7be5e8dbc442d"},"breadcrumb":{"@id":"https:\/\/santapola.es\/ca\/una-oda-a-la-musica-i-als-musics-el-prego-de-pepe-andreu-dona-inici-a-les-festes-patronals-2026\/#breadcrumb"},"inLanguage":"ca","potentialAction":[{"@type":"ReadAction","target":["https:\/\/santapola.es\/ca\/una-oda-a-la-musica-i-als-musics-el-prego-de-pepe-andreu-dona-inici-a-les-festes-patronals-2026\/"]}]},{"@type":"ImageObject","inLanguage":"ca","@id":"https:\/\/santapola.es\/ca\/una-oda-a-la-musica-i-als-musics-el-prego-de-pepe-andreu-dona-inici-a-les-festes-patronals-2026\/#primaryimage","url":"https:\/\/santapola.es\/wp-content\/uploads\/2026\/09\/RSP09306.jpg","contentUrl":"https:\/\/santapola.es\/wp-content\/uploads\/2026\/09\/RSP09306.jpg","width":1920,"height":1079},{"@type":"BreadcrumbList","@id":"https:\/\/santapola.es\/ca\/una-oda-a-la-musica-i-als-musics-el-prego-de-pepe-andreu-dona-inici-a-les-festes-patronals-2026\/#breadcrumb","itemListElement":[{"@type":"ListItem","position":1,"name":"Inici","item":"https:\/\/santapola.es\/ca\/"},{"@type":"ListItem","position":2,"name":"Una oda a la m\u00fasica i als m\u00fasics: el preg\u00f3 de Pepe Andreu dona inici a les Festes Patronals 2026"}]},{"@type":"WebSite","@id":"https:\/\/santapola.es\/ca\/#website","url":"https:\/\/santapola.es\/ca\/","name":"Ayuntamiento de Santa Pola","description":"Web de l'Ajuntament de Santa Pola","potentialAction":[{"@type":"SearchAction","target":{"@type":"EntryPoint","urlTemplate":"https:\/\/santapola.es\/ca\/?s={search_term_string}"},"query-input":{"@type":"PropertyValueSpecification","valueRequired":true,"valueName":"search_term_string"}}],"inLanguage":"ca"},{"@type":"Person","@id":"https:\/\/santapola.es\/ca\/#\/schema\/person\/ad1d67403707b58350c7be5e8dbc442d","name":"Jos\u00e9 Juan L\u00f3pez Lafuente"}]}},"_links":{"self":[{"href":"https:\/\/santapola.es\/ca\/wp-json\/wp\/v2\/posts\/50670","targetHints":{"allow":["GET"]}}],"collection":[{"href":"https:\/\/santapola.es\/ca\/wp-json\/wp\/v2\/posts"}],"about":[{"href":"https:\/\/santapola.es\/ca\/wp-json\/wp\/v2\/types\/post"}],"author":[{"embeddable":true,"href":"https:\/\/santapola.es\/ca\/wp-json\/wp\/v2\/users\/96"}],"replies":[{"embeddable":true,"href":"https:\/\/santapola.es\/ca\/wp-json\/wp\/v2\/comments?post=50670"}],"version-history":[{"count":3,"href":"https:\/\/santapola.es\/ca\/wp-json\/wp\/v2\/posts\/50670\/revisions"}],"predecessor-version":[{"id":50674,"href":"https:\/\/santapola.es\/ca\/wp-json\/wp\/v2\/posts\/50670\/revisions\/50674"}],"wp:featuredmedia":[{"embeddable":true,"href":"https:\/\/santapola.es\/ca\/wp-json\/wp\/v2\/media\/50668"}],"wp:attachment":[{"href":"https:\/\/santapola.es\/ca\/wp-json\/wp\/v2\/media?parent=50670"}],"wp:term":[{"taxonomy":"category","embeddable":true,"href":"https:\/\/santapola.es\/ca\/wp-json\/wp\/v2\/categories?post=50670"},{"taxonomy":"post_tag","embeddable":true,"href":"https:\/\/santapola.es\/ca\/wp-json\/wp\/v2\/tags?post=50670"}],"curies":[{"name":"wp","href":"https:\/\/api.w.org\/{rel}","templated":true}]}}