{"id":48713,"date":"2026-04-29T13:36:51","date_gmt":"2026-04-29T11:36:51","guid":{"rendered":"https:\/\/santapola.es\/?p=48713"},"modified":"2026-04-29T13:45:43","modified_gmt":"2026-04-29T11:45:43","slug":"gran-alacant-acoge-el-campeonato-autonomico-de-marcha-nordica-por-la-sierra-de-santa-pola","status":"publish","type":"post","link":"https:\/\/santapola.es\/ca\/gran-alacant-acoge-el-campeonato-autonomico-de-marcha-nordica-por-la-sierra-de-santa-pola\/","title":{"rendered":"Gran Alacant acoge el Campeonato Auton\u00f3mico de Marcha N\u00f3rdica por la Sierra de Santa Pola"},"content":{"rendered":"<p><b>El pr\u00f3ximo s\u00e1bado 9 de mayo se celebra la prueba que contar\u00e1 con unos 150 participantes de toda la Comunitat Valenciana, teniendo como punto de partida el pabell\u00f3n Jos\u00e9 Antonio Alema\u00f1 de Gran Alacant.<\/b><\/p>\n<p><span style=\"font-weight: 400;\">En la presentaci\u00f3n del evento, el concejal de Deportes \u00c1ngel Piedecausa anunci\u00f3 que \u201cpor tercer a\u00f1o consecutivo se va a realizar en nuestro municipio, concretamente en la zona del Gran Alacant, el Campeonato Auton\u00f3mico de Marcha N\u00f3rdica, organizado por el Club Sacavera con la colaboraci\u00f3n del Ayuntamiento de Santa Pola. Nosotros cedemos la infraestructura que el club solicita, ponemos de nuestra parte en agilizar todo lo necesario y tramitar las autorizaciones. Al discurrir en su mayor parte por la Sierra de Santa Pola hay que pedir permiso a la Conseller\u00eda de Medio Ambiente, a Montes y otras administraciones\u201d.<\/span><\/p>\n<p><span style=\"font-weight: 400;\">\u201cGran Alacant va a ser el centro de este evento, pensamos que es muy importante que tambi\u00e9n traigamos pruebas deportivas a esta zona donde todo el que quiera acompa\u00f1arnos va a poder disfrutar de ver el espect\u00e1culo, siempre con la precauci\u00f3n de no entorpecer el recorrido de los atletas\u201d.<\/span><\/p>\n<p><iframe loading=\"lazy\" title=\"Gran Alacant acoge el Campeonato Auton\u00f3mico de Marcha N\u00f3rdica por la Sierra de Santa Pola\" width=\"1080\" height=\"608\" src=\"https:\/\/www.youtube.com\/embed\/bB_WJABqRs0?feature=oembed\"  allow=\"accelerometer; autoplay; clipboard-write; encrypted-media; gyroscope; picture-in-picture; web-share\" referrerpolicy=\"strict-origin-when-cross-origin\" allowfullscreen><\/iframe><\/p>\n<p><b>150 competidores<\/b><\/p>\n<p><span style=\"font-weight: 400;\">H\u00e9ctor Lucas, secretario del Club Sacavera Nordic &amp; Trail, anunci\u00f3 que \u201cesperamos unos 150 participantes venidos de toda la Comunidad Valenciana que competir\u00e1n por el campeonato auton\u00f3mico en las distintas categor\u00edas, tanto individual como por clubes, en categor\u00eda masculina como femenina. Queremos agradecer a la Concejal\u00eda de Deportes del Ayuntamiento de Santa Pola, porque cada a\u00f1o nos pone muy f\u00e1cil poder organizar este tipo de eventos\u201d.<\/span><\/p>\n<p><span style=\"font-weight: 400;\">La prueba parte desde el polideportivo Jos\u00e9 Antonio Alema\u00f1 de Gran Alacant a las 9:45 con los prebenjamines y benjamines. \u201cVa a discurrir por la Avenida Escandinavia, porque son ni\u00f1os muy peque\u00f1os y solo har\u00e1n un kil\u00f3metro. A partir de las diez sale el grueso de la prueba absoluta y categor\u00edas inferiores, que se adentrar\u00e1n a la Avenida Escandinavia 500 metros y de ah\u00ed recorrer\u00e1n un circuito circular que ir\u00e1 a la zona de la carretera del Faro, donde se dispondr\u00e1 el avituallamiento de la prueba. De ah\u00ed volver\u00e1n otra vez, por otro camino de la sierra, hacia el inicio del bucle, los absolutos dan cuatro vueltas, infantiles y cadetes dan tres\u201d.\u00a0<\/span><\/p>\n<p><span style=\"font-weight: 400;\">Quiz\u00e1 el punto m\u00e1s interesante donde los aficionados pueden seguir la prueba y ver pasar a los competidores sea la carretera del faro, aunque la organizaci\u00f3n permite que puedan estar a lo largo de todo el circuito, siempre que no interfieran la carrera.\u00a0<\/span><\/p>\n<p><span style=\"font-weight: 400;\">Tambi\u00e9n se disputa una prueba open especialmente destinada para la gente que se inicia, en la que se recorren tres vueltas, unos diez kil\u00f3metros.\u00a0<\/span><\/p>\n<p><b>La importancia de la t\u00e9cnica en la marcha n\u00f3rdica<\/b><\/p>\n<p><span style=\"font-weight: 400;\">La marcha n\u00f3rdica se asemeja a la marcha atl\u00e9tica, pero con el apoyo de bastones espec\u00edficos: \u201cNo son los bastones t\u00edpicos de trekking, van atados a la mano y no se pueden soltar. El brazo tiene que pasar por la perpendicular del hombro, hacia adelante y hacia atr\u00e1s, y tienes que hincar el bast\u00f3n por detr\u00e1s de la pierna que est\u00e1 adelantada. Est\u00e1 arbitrada la prueba, porque si no realizas la t\u00e9cnica adecuada, los jueces pueden sacar tarjetas amarillas, blancas y hasta expulsiones\u201d, matiz\u00f3 H\u00e9ctor Lucas.<\/span><\/p>\n<p><img loading=\"lazy\" decoding=\"async\" class=\"aligncenter size-large wp-image-48719\" src=\"https:\/\/santapola.es\/wp-content\/uploads\/2026\/04\/05-09-marcha-nordica-724x1024.jpeg\" alt=\"\" width=\"724\" height=\"1024\" \/><\/p>\n","protected":false},"excerpt":{"rendered":"<p>El pr\u00f3ximo s\u00e1bado 9 de mayo se celebra la prueba que contar\u00e1 con unos 150 participantes de toda la Comunitat Valenciana, teniendo como punto de partida el pabell\u00f3n Jos\u00e9 Antonio Alema\u00f1 de Gran Alacant. En la presentaci\u00f3n del evento, el concejal de Deportes \u00c1ngel Piedecausa anunci\u00f3 que \u201cpor tercer a\u00f1o consecutivo se va a realizar [&hellip;]<\/p>\n","protected":false},"author":96,"featured_media":48716,"comment_status":"closed","ping_status":"closed","sticky":false,"template":"","format":"standard","meta":{"_et_pb_use_builder":"","_et_pb_old_content":"","_et_gb_content_width":"","footnotes":""},"categories":[59,117],"tags":[145,1110,1109],"class_list":["post-48713","post","type-post","status-publish","format-standard","has-post-thumbnail","hentry","category-deportes","category-gran-alacant","tag-angel-piedecausa","tag-club-sacavera","tag-marcha-nordica"],"yoast_head":"<!-- This site is optimized with the Yoast SEO plugin v27.4 - https:\/\/yoast.com\/product\/yoast-seo-wordpress\/ -->\n<title>Gran Alacant acoge el Campeonato Auton\u00f3mico de Marcha N\u00f3rdica por la Sierra de Santa Pola - Ajuntament de Santa Pola<\/title>\n<meta name=\"robots\" content=\"index, follow, max-snippet:-1, max-image-preview:large, max-video-preview:-1\" \/>\n<link rel=\"canonical\" href=\"https:\/\/santapola.es\/ca\/gran-alacant-acoge-el-campeonato-autonomico-de-marcha-nordica-por-la-sierra-de-santa-pola\/\" \/>\n<meta property=\"og:locale\" content=\"ca_ES\" \/>\n<meta property=\"og:type\" content=\"article\" \/>\n<meta property=\"og:title\" content=\"Gran Alacant acoge el Campeonato Auton\u00f3mico de Marcha N\u00f3rdica por la Sierra de Santa Pola - Ajuntament de Santa Pola\" \/>\n<meta property=\"og:description\" content=\"El pr\u00f3ximo s\u00e1bado 9 de mayo se celebra la prueba que contar\u00e1 con unos 150 participantes de toda la Comunitat Valenciana, teniendo como punto de partida el pabell\u00f3n Jos\u00e9 Antonio Alema\u00f1 de Gran Alacant. En la presentaci\u00f3n del evento, el concejal de Deportes \u00c1ngel Piedecausa anunci\u00f3 que \u201cpor tercer a\u00f1o consecutivo se va a realizar [&hellip;]\" \/>\n<meta property=\"og:url\" content=\"https:\/\/santapola.es\/ca\/gran-alacant-acoge-el-campeonato-autonomico-de-marcha-nordica-por-la-sierra-de-santa-pola\/\" \/>\n<meta property=\"og:site_name\" content=\"Ajuntament de Santa Pola\" \/>\n<meta property=\"article:publisher\" content=\"https:\/\/www.facebook.com\/AyuntamientoSantaPola\/\" \/>\n<meta property=\"article:published_time\" content=\"2026-04-29T11:36:51+00:00\" \/>\n<meta property=\"article:modified_time\" content=\"2026-04-29T11:45:43+00:00\" \/>\n<meta property=\"og:image\" content=\"https:\/\/santapola.es\/wp-content\/uploads\/2026\/04\/IMG_5609.jpg\" \/>\n\t<meta property=\"og:image:width\" content=\"1920\" \/>\n\t<meta property=\"og:image:height\" content=\"1440\" \/>\n\t<meta property=\"og:image:type\" content=\"image\/jpeg\" \/>\n<meta name=\"author\" content=\"Jos\u00e9 Juan L\u00f3pez Lafuente\" \/>\n<meta name=\"twitter:card\" content=\"summary_large_image\" \/>\n<meta name=\"twitter:creator\" content=\"@SantaPolaAyunt\" \/>\n<meta name=\"twitter:site\" content=\"@SantaPolaAyunt\" \/>\n<script type=\"application\/ld+json\" class=\"yoast-schema-graph\">{\"@context\":\"https:\\\/\\\/schema.org\",\"@graph\":[{\"@type\":\"Article\",\"@id\":\"https:\\\/\\\/santapola.es\\\/ca\\\/gran-alacant-acoge-el-campeonato-autonomico-de-marcha-nordica-por-la-sierra-de-santa-pola\\\/#article\",\"isPartOf\":{\"@id\":\"https:\\\/\\\/santapola.es\\\/ca\\\/gran-alacant-acoge-el-campeonato-autonomico-de-marcha-nordica-por-la-sierra-de-santa-pola\\\/\"},\"author\":{\"name\":\"Jos\u00e9 Juan L\u00f3pez Lafuente\",\"@id\":\"https:\\\/\\\/santapola.es\\\/ca\\\/#\\\/schema\\\/person\\\/ad1d67403707b58350c7be5e8dbc442d\"},\"headline\":\"Gran Alacant acoge el Campeonato Auton\u00f3mico de Marcha N\u00f3rdica por la Sierra de Santa Pola\",\"datePublished\":\"2026-04-29T11:36:51+00:00\",\"dateModified\":\"2026-04-29T11:45:43+00:00\",\"mainEntityOfPage\":{\"@id\":\"https:\\\/\\\/santapola.es\\\/ca\\\/gran-alacant-acoge-el-campeonato-autonomico-de-marcha-nordica-por-la-sierra-de-santa-pola\\\/\"},\"wordCount\":583,\"image\":{\"@id\":\"https:\\\/\\\/santapola.es\\\/ca\\\/gran-alacant-acoge-el-campeonato-autonomico-de-marcha-nordica-por-la-sierra-de-santa-pola\\\/#primaryimage\"},\"thumbnailUrl\":\"https:\\\/\\\/santapola.es\\\/wp-content\\\/uploads\\\/2026\\\/04\\\/IMG_5609.jpg\",\"keywords\":[\"\u00c1ngel Piedecausa\",\"Club Sacavera\",\"marcha n\u00f3rdica\"],\"articleSection\":[\"Deportes\",\"Gran Alacant\"],\"inLanguage\":\"ca\"},{\"@type\":\"WebPage\",\"@id\":\"https:\\\/\\\/santapola.es\\\/ca\\\/gran-alacant-acoge-el-campeonato-autonomico-de-marcha-nordica-por-la-sierra-de-santa-pola\\\/\",\"url\":\"https:\\\/\\\/santapola.es\\\/ca\\\/gran-alacant-acoge-el-campeonato-autonomico-de-marcha-nordica-por-la-sierra-de-santa-pola\\\/\",\"name\":\"Gran Alacant acoge el Campeonato Auton\u00f3mico de Marcha N\u00f3rdica por la Sierra de Santa Pola - Ajuntament de Santa Pola\",\"isPartOf\":{\"@id\":\"https:\\\/\\\/santapola.es\\\/ca\\\/#website\"},\"primaryImageOfPage\":{\"@id\":\"https:\\\/\\\/santapola.es\\\/ca\\\/gran-alacant-acoge-el-campeonato-autonomico-de-marcha-nordica-por-la-sierra-de-santa-pola\\\/#primaryimage\"},\"image\":{\"@id\":\"https:\\\/\\\/santapola.es\\\/ca\\\/gran-alacant-acoge-el-campeonato-autonomico-de-marcha-nordica-por-la-sierra-de-santa-pola\\\/#primaryimage\"},\"thumbnailUrl\":\"https:\\\/\\\/santapola.es\\\/wp-content\\\/uploads\\\/2026\\\/04\\\/IMG_5609.jpg\",\"datePublished\":\"2026-04-29T11:36:51+00:00\",\"dateModified\":\"2026-04-29T11:45:43+00:00\",\"author\":{\"@id\":\"https:\\\/\\\/santapola.es\\\/ca\\\/#\\\/schema\\\/person\\\/ad1d67403707b58350c7be5e8dbc442d\"},\"breadcrumb\":{\"@id\":\"https:\\\/\\\/santapola.es\\\/ca\\\/gran-alacant-acoge-el-campeonato-autonomico-de-marcha-nordica-por-la-sierra-de-santa-pola\\\/#breadcrumb\"},\"inLanguage\":\"ca\",\"potentialAction\":[{\"@type\":\"ReadAction\",\"target\":[\"https:\\\/\\\/santapola.es\\\/ca\\\/gran-alacant-acoge-el-campeonato-autonomico-de-marcha-nordica-por-la-sierra-de-santa-pola\\\/\"]}]},{\"@type\":\"ImageObject\",\"inLanguage\":\"ca\",\"@id\":\"https:\\\/\\\/santapola.es\\\/ca\\\/gran-alacant-acoge-el-campeonato-autonomico-de-marcha-nordica-por-la-sierra-de-santa-pola\\\/#primaryimage\",\"url\":\"https:\\\/\\\/santapola.es\\\/wp-content\\\/uploads\\\/2026\\\/04\\\/IMG_5609.jpg\",\"contentUrl\":\"https:\\\/\\\/santapola.es\\\/wp-content\\\/uploads\\\/2026\\\/04\\\/IMG_5609.jpg\",\"width\":1920,\"height\":1440},{\"@type\":\"BreadcrumbList\",\"@id\":\"https:\\\/\\\/santapola.es\\\/ca\\\/gran-alacant-acoge-el-campeonato-autonomico-de-marcha-nordica-por-la-sierra-de-santa-pola\\\/#breadcrumb\",\"itemListElement\":[{\"@type\":\"ListItem\",\"position\":1,\"name\":\"Inici\",\"item\":\"https:\\\/\\\/santapola.es\\\/ca\\\/\"},{\"@type\":\"ListItem\",\"position\":2,\"name\":\"Gran Alacant acoge el Campeonato Auton\u00f3mico de Marcha N\u00f3rdica por la Sierra de Santa Pola\"}]},{\"@type\":\"WebSite\",\"@id\":\"https:\\\/\\\/santapola.es\\\/ca\\\/#website\",\"url\":\"https:\\\/\\\/santapola.es\\\/ca\\\/\",\"name\":\"Ayuntamiento de Santa Pola\",\"description\":\"Web de l'Ajuntament de Santa Pola\",\"potentialAction\":[{\"@type\":\"SearchAction\",\"target\":{\"@type\":\"EntryPoint\",\"urlTemplate\":\"https:\\\/\\\/santapola.es\\\/ca\\\/?s={search_term_string}\"},\"query-input\":{\"@type\":\"PropertyValueSpecification\",\"valueRequired\":true,\"valueName\":\"search_term_string\"}}],\"inLanguage\":\"ca\"},{\"@type\":\"Person\",\"@id\":\"https:\\\/\\\/santapola.es\\\/ca\\\/#\\\/schema\\\/person\\\/ad1d67403707b58350c7be5e8dbc442d\",\"name\":\"Jos\u00e9 Juan L\u00f3pez Lafuente\"}]}<\/script>\n<!-- \/ Yoast SEO plugin. -->","yoast_head_json":{"title":"Gran Alacant acoge el Campeonato Auton\u00f3mico de Marcha N\u00f3rdica por la Sierra de Santa Pola - Ajuntament de Santa Pola","robots":{"index":"index","follow":"follow","max-snippet":"max-snippet:-1","max-image-preview":"max-image-preview:large","max-video-preview":"max-video-preview:-1"},"canonical":"https:\/\/santapola.es\/ca\/gran-alacant-acoge-el-campeonato-autonomico-de-marcha-nordica-por-la-sierra-de-santa-pola\/","og_locale":"ca_ES","og_type":"article","og_title":"Gran Alacant acoge el Campeonato Auton\u00f3mico de Marcha N\u00f3rdica por la Sierra de Santa Pola - Ajuntament de Santa Pola","og_description":"El pr\u00f3ximo s\u00e1bado 9 de mayo se celebra la prueba que contar\u00e1 con unos 150 participantes de toda la Comunitat Valenciana, teniendo como punto de partida el pabell\u00f3n Jos\u00e9 Antonio Alema\u00f1 de Gran Alacant. En la presentaci\u00f3n del evento, el concejal de Deportes \u00c1ngel Piedecausa anunci\u00f3 que \u201cpor tercer a\u00f1o consecutivo se va a realizar [&hellip;]","og_url":"https:\/\/santapola.es\/ca\/gran-alacant-acoge-el-campeonato-autonomico-de-marcha-nordica-por-la-sierra-de-santa-pola\/","og_site_name":"Ajuntament de Santa Pola","article_publisher":"https:\/\/www.facebook.com\/AyuntamientoSantaPola\/","article_published_time":"2026-04-29T11:36:51+00:00","article_modified_time":"2026-04-29T11:45:43+00:00","og_image":[{"width":1920,"height":1440,"url":"https:\/\/santapola.es\/wp-content\/uploads\/2026\/04\/IMG_5609.jpg","type":"image\/jpeg"}],"author":"Jos\u00e9 Juan L\u00f3pez Lafuente","twitter_card":"summary_large_image","twitter_creator":"@SantaPolaAyunt","twitter_site":"@SantaPolaAyunt","schema":{"@context":"https:\/\/schema.org","@graph":[{"@type":"Article","@id":"https:\/\/santapola.es\/ca\/gran-alacant-acoge-el-campeonato-autonomico-de-marcha-nordica-por-la-sierra-de-santa-pola\/#article","isPartOf":{"@id":"https:\/\/santapola.es\/ca\/gran-alacant-acoge-el-campeonato-autonomico-de-marcha-nordica-por-la-sierra-de-santa-pola\/"},"author":{"name":"Jos\u00e9 Juan L\u00f3pez Lafuente","@id":"https:\/\/santapola.es\/ca\/#\/schema\/person\/ad1d67403707b58350c7be5e8dbc442d"},"headline":"Gran Alacant acoge el Campeonato Auton\u00f3mico de Marcha N\u00f3rdica por la Sierra de Santa Pola","datePublished":"2026-04-29T11:36:51+00:00","dateModified":"2026-04-29T11:45:43+00:00","mainEntityOfPage":{"@id":"https:\/\/santapola.es\/ca\/gran-alacant-acoge-el-campeonato-autonomico-de-marcha-nordica-por-la-sierra-de-santa-pola\/"},"wordCount":583,"image":{"@id":"https:\/\/santapola.es\/ca\/gran-alacant-acoge-el-campeonato-autonomico-de-marcha-nordica-por-la-sierra-de-santa-pola\/#primaryimage"},"thumbnailUrl":"https:\/\/santapola.es\/wp-content\/uploads\/2026\/04\/IMG_5609.jpg","keywords":["\u00c1ngel Piedecausa","Club Sacavera","marcha n\u00f3rdica"],"articleSection":["Deportes","Gran Alacant"],"inLanguage":"ca"},{"@type":"WebPage","@id":"https:\/\/santapola.es\/ca\/gran-alacant-acoge-el-campeonato-autonomico-de-marcha-nordica-por-la-sierra-de-santa-pola\/","url":"https:\/\/santapola.es\/ca\/gran-alacant-acoge-el-campeonato-autonomico-de-marcha-nordica-por-la-sierra-de-santa-pola\/","name":"Gran Alacant acoge el Campeonato Auton\u00f3mico de Marcha N\u00f3rdica por la Sierra de Santa Pola - Ajuntament de Santa Pola","isPartOf":{"@id":"https:\/\/santapola.es\/ca\/#website"},"primaryImageOfPage":{"@id":"https:\/\/santapola.es\/ca\/gran-alacant-acoge-el-campeonato-autonomico-de-marcha-nordica-por-la-sierra-de-santa-pola\/#primaryimage"},"image":{"@id":"https:\/\/santapola.es\/ca\/gran-alacant-acoge-el-campeonato-autonomico-de-marcha-nordica-por-la-sierra-de-santa-pola\/#primaryimage"},"thumbnailUrl":"https:\/\/santapola.es\/wp-content\/uploads\/2026\/04\/IMG_5609.jpg","datePublished":"2026-04-29T11:36:51+00:00","dateModified":"2026-04-29T11:45:43+00:00","author":{"@id":"https:\/\/santapola.es\/ca\/#\/schema\/person\/ad1d67403707b58350c7be5e8dbc442d"},"breadcrumb":{"@id":"https:\/\/santapola.es\/ca\/gran-alacant-acoge-el-campeonato-autonomico-de-marcha-nordica-por-la-sierra-de-santa-pola\/#breadcrumb"},"inLanguage":"ca","potentialAction":[{"@type":"ReadAction","target":["https:\/\/santapola.es\/ca\/gran-alacant-acoge-el-campeonato-autonomico-de-marcha-nordica-por-la-sierra-de-santa-pola\/"]}]},{"@type":"ImageObject","inLanguage":"ca","@id":"https:\/\/santapola.es\/ca\/gran-alacant-acoge-el-campeonato-autonomico-de-marcha-nordica-por-la-sierra-de-santa-pola\/#primaryimage","url":"https:\/\/santapola.es\/wp-content\/uploads\/2026\/04\/IMG_5609.jpg","contentUrl":"https:\/\/santapola.es\/wp-content\/uploads\/2026\/04\/IMG_5609.jpg","width":1920,"height":1440},{"@type":"BreadcrumbList","@id":"https:\/\/santapola.es\/ca\/gran-alacant-acoge-el-campeonato-autonomico-de-marcha-nordica-por-la-sierra-de-santa-pola\/#breadcrumb","itemListElement":[{"@type":"ListItem","position":1,"name":"Inici","item":"https:\/\/santapola.es\/ca\/"},{"@type":"ListItem","position":2,"name":"Gran Alacant acoge el Campeonato Auton\u00f3mico de Marcha N\u00f3rdica por la Sierra de Santa Pola"}]},{"@type":"WebSite","@id":"https:\/\/santapola.es\/ca\/#website","url":"https:\/\/santapola.es\/ca\/","name":"Ayuntamiento de Santa Pola","description":"Web de l'Ajuntament de Santa Pola","potentialAction":[{"@type":"SearchAction","target":{"@type":"EntryPoint","urlTemplate":"https:\/\/santapola.es\/ca\/?s={search_term_string}"},"query-input":{"@type":"PropertyValueSpecification","valueRequired":true,"valueName":"search_term_string"}}],"inLanguage":"ca"},{"@type":"Person","@id":"https:\/\/santapola.es\/ca\/#\/schema\/person\/ad1d67403707b58350c7be5e8dbc442d","name":"Jos\u00e9 Juan L\u00f3pez Lafuente"}]}},"_links":{"self":[{"href":"https:\/\/santapola.es\/ca\/wp-json\/wp\/v2\/posts\/48713","targetHints":{"allow":["GET"]}}],"collection":[{"href":"https:\/\/santapola.es\/ca\/wp-json\/wp\/v2\/posts"}],"about":[{"href":"https:\/\/santapola.es\/ca\/wp-json\/wp\/v2\/types\/post"}],"author":[{"embeddable":true,"href":"https:\/\/santapola.es\/ca\/wp-json\/wp\/v2\/users\/96"}],"replies":[{"embeddable":true,"href":"https:\/\/santapola.es\/ca\/wp-json\/wp\/v2\/comments?post=48713"}],"version-history":[{"count":2,"href":"https:\/\/santapola.es\/ca\/wp-json\/wp\/v2\/posts\/48713\/revisions"}],"predecessor-version":[{"id":48722,"href":"https:\/\/santapola.es\/ca\/wp-json\/wp\/v2\/posts\/48713\/revisions\/48722"}],"wp:featuredmedia":[{"embeddable":true,"href":"https:\/\/santapola.es\/ca\/wp-json\/wp\/v2\/media\/48716"}],"wp:attachment":[{"href":"https:\/\/santapola.es\/ca\/wp-json\/wp\/v2\/media?parent=48713"}],"wp:term":[{"taxonomy":"category","embeddable":true,"href":"https:\/\/santapola.es\/ca\/wp-json\/wp\/v2\/categories?post=48713"},{"taxonomy":"post_tag","embeddable":true,"href":"https:\/\/santapola.es\/ca\/wp-json\/wp\/v2\/tags?post=48713"}],"curies":[{"name":"wp","href":"https:\/\/api.w.org\/{rel}","templated":true}]}}