{"id":48701,"date":"2026-04-29T12:25:54","date_gmt":"2026-04-29T10:25:54","guid":{"rendered":"https:\/\/santapola.es\/?p=48701"},"modified":"2026-04-29T12:25:54","modified_gmt":"2026-04-29T10:25:54","slug":"santa-pola-sera-referencia-mundial-del-parapente-este-puente-de-mayo","status":"publish","type":"post","link":"https:\/\/santapola.es\/ca\/santa-pola-sera-referencia-mundial-del-parapente-este-puente-de-mayo\/","title":{"rendered":"Santa Pola ser\u00e1 referencia mundial del parapente este puente de mayo"},"content":{"rendered":"<p><b>M\u00e1s de 60 pilotos de 16 pa\u00edses participar\u00e1n del 1 al 3 de mayo en el Open International Spanish Accuracy y el Campeonato de Espa\u00f1a de Parapente Precisi\u00f3n, lanz\u00e1ndose desde el Cabo de Santa Pola y con las mejores vistas al Mediterr\u00e1neo.<\/b><\/p>\n<p><span style=\"font-weight: 400;\">Se trata de una modalidad de precisi\u00f3n en la que los pilotos se lanzan desde la pista de despegue de Gran Alacant, en lo alto del Cabo de Santa Pola, y deben volar hasta una diana de 2 metros de di\u00e1metro situada junto a la ermita de la Virgen del Rosario, en un entorno espectacular entre la sierra de Santa Pola y el azul del Mediterr\u00e1neo con la silueta de la isla de Tabarca al fondo.<\/span><\/p>\n<p><span style=\"font-weight: 400;\">El objetivo es pisar lo m\u00e1s cerca posible del centro, que punt\u00faa cero, recibiendo m\u00e1s puntos conforme se aleja el pie del centro de la diana. Los participantes realizar\u00e1n doce rondas, pudiendo descartar la peor puntuaci\u00f3n.\u00a0<\/span><\/p>\n<p><span style=\"font-weight: 400;\">En esta competici\u00f3n est\u00e1 en juego el open de la FAI (Commision Internationale de Vol Libre) en la que hay inscritos m\u00e1s de 60 pilotos, hombres y mujeres, de 16 pa\u00edses: Emiratos \u00c1rabes, Espa\u00f1a, Gran Breta\u00f1a, Kosovo, Polonia, Hungr\u00eda, Bulgaria, B\u00e9lgica, Brasil, Portugal, Croacia, Francia, China, Alemania, T\u00fanez y Pa\u00edses Bajos.\u00a0<\/span><\/p>\n<p><span style=\"font-weight: 400;\">Tambi\u00e9n es puntuable para el Campeonato de Espa\u00f1a y los distintos campeonatos auton\u00f3micos, y adem\u00e1s de los individuales masculino y femenino habr\u00e1 trofeos por equipos.\u00a0<\/span><\/p>\n<p><span style=\"font-weight: 400;\">Con la colaboraci\u00f3n del Ayuntamiento de Santa Pola, los pilotos comenzar\u00e1n a competir el viernes 1 de mayo a las 17:00 (siempre dependiendo de las condiciones de viento), y los vuelos continuar\u00e1n durante toda la jornada del s\u00e1bado (de 9 a 21 horas) y en la ma\u00f1ana del domingo (de 9 a 15 horas).<\/span><\/p>\n<p><img loading=\"lazy\" decoding=\"async\" class=\"aligncenter size-large wp-image-48706\" src=\"https:\/\/santapola.es\/wp-content\/uploads\/2026\/04\/05-01-Poster-Open-840x1024.jpg\" alt=\"\" width=\"840\" height=\"1024\" \/><\/p>\n","protected":false},"excerpt":{"rendered":"<p>M\u00e1s de 60 pilotos de 16 pa\u00edses participar\u00e1n del 1 al 3 de mayo en el Open International Spanish Accuracy y el Campeonato de Espa\u00f1a de Parapente Precisi\u00f3n, lanz\u00e1ndose desde el Cabo de Santa Pola y con las mejores vistas al Mediterr\u00e1neo. Se trata de una modalidad de precisi\u00f3n en la que los pilotos se [&hellip;]<\/p>\n","protected":false},"author":96,"featured_media":48703,"comment_status":"closed","ping_status":"closed","sticky":false,"template":"","format":"standard","meta":{"_et_pb_use_builder":"","_et_pb_old_content":"","_et_gb_content_width":"","footnotes":""},"categories":[59],"tags":[1859],"class_list":["post-48701","post","type-post","status-publish","format-standard","has-post-thumbnail","hentry","category-deportes","tag-parapente"],"yoast_head":"<!-- This site is optimized with the Yoast SEO plugin v27.4 - https:\/\/yoast.com\/product\/yoast-seo-wordpress\/ -->\n<title>Santa Pola ser\u00e1 referencia mundial del parapente este puente de mayo - Ajuntament de Santa Pola<\/title>\n<meta name=\"robots\" content=\"index, follow, max-snippet:-1, max-image-preview:large, max-video-preview:-1\" \/>\n<link rel=\"canonical\" href=\"https:\/\/santapola.es\/ca\/santa-pola-sera-referencia-mundial-del-parapente-este-puente-de-mayo\/\" \/>\n<meta property=\"og:locale\" content=\"ca_ES\" \/>\n<meta property=\"og:type\" content=\"article\" \/>\n<meta property=\"og:title\" content=\"Santa Pola ser\u00e1 referencia mundial del parapente este puente de mayo - Ajuntament de Santa Pola\" \/>\n<meta property=\"og:description\" content=\"M\u00e1s de 60 pilotos de 16 pa\u00edses participar\u00e1n del 1 al 3 de mayo en el Open International Spanish Accuracy y el Campeonato de Espa\u00f1a de Parapente Precisi\u00f3n, lanz\u00e1ndose desde el Cabo de Santa Pola y con las mejores vistas al Mediterr\u00e1neo. Se trata de una modalidad de precisi\u00f3n en la que los pilotos se [&hellip;]\" \/>\n<meta property=\"og:url\" content=\"https:\/\/santapola.es\/ca\/santa-pola-sera-referencia-mundial-del-parapente-este-puente-de-mayo\/\" \/>\n<meta property=\"og:site_name\" content=\"Ajuntament de Santa Pola\" \/>\n<meta property=\"article:publisher\" content=\"https:\/\/www.facebook.com\/AyuntamientoSantaPola\/\" \/>\n<meta property=\"article:published_time\" content=\"2026-04-29T10:25:54+00:00\" \/>\n<meta property=\"og:image\" content=\"https:\/\/santapola.es\/wp-content\/uploads\/2026\/04\/Parapente-1-copia.jpeg\" \/>\n\t<meta property=\"og:image:width\" content=\"1920\" \/>\n\t<meta property=\"og:image:height\" content=\"1304\" \/>\n\t<meta property=\"og:image:type\" content=\"image\/jpeg\" \/>\n<meta name=\"author\" content=\"Jos\u00e9 Juan L\u00f3pez Lafuente\" \/>\n<meta name=\"twitter:card\" content=\"summary_large_image\" \/>\n<meta name=\"twitter:creator\" content=\"@SantaPolaAyunt\" \/>\n<meta name=\"twitter:site\" content=\"@SantaPolaAyunt\" \/>\n<script type=\"application\/ld+json\" class=\"yoast-schema-graph\">{\"@context\":\"https:\\\/\\\/schema.org\",\"@graph\":[{\"@type\":\"Article\",\"@id\":\"https:\\\/\\\/santapola.es\\\/ca\\\/santa-pola-sera-referencia-mundial-del-parapente-este-puente-de-mayo\\\/#article\",\"isPartOf\":{\"@id\":\"https:\\\/\\\/santapola.es\\\/ca\\\/santa-pola-sera-referencia-mundial-del-parapente-este-puente-de-mayo\\\/\"},\"author\":{\"name\":\"Jos\u00e9 Juan L\u00f3pez Lafuente\",\"@id\":\"https:\\\/\\\/santapola.es\\\/ca\\\/#\\\/schema\\\/person\\\/ad1d67403707b58350c7be5e8dbc442d\"},\"headline\":\"Santa Pola ser\u00e1 referencia mundial del parapente este puente de mayo\",\"datePublished\":\"2026-04-29T10:25:54+00:00\",\"mainEntityOfPage\":{\"@id\":\"https:\\\/\\\/santapola.es\\\/ca\\\/santa-pola-sera-referencia-mundial-del-parapente-este-puente-de-mayo\\\/\"},\"wordCount\":315,\"image\":{\"@id\":\"https:\\\/\\\/santapola.es\\\/ca\\\/santa-pola-sera-referencia-mundial-del-parapente-este-puente-de-mayo\\\/#primaryimage\"},\"thumbnailUrl\":\"https:\\\/\\\/santapola.es\\\/wp-content\\\/uploads\\\/2026\\\/04\\\/Parapente-1-copia.jpeg\",\"keywords\":[\"parapente\"],\"articleSection\":[\"Deportes\"],\"inLanguage\":\"ca\"},{\"@type\":\"WebPage\",\"@id\":\"https:\\\/\\\/santapola.es\\\/ca\\\/santa-pola-sera-referencia-mundial-del-parapente-este-puente-de-mayo\\\/\",\"url\":\"https:\\\/\\\/santapola.es\\\/ca\\\/santa-pola-sera-referencia-mundial-del-parapente-este-puente-de-mayo\\\/\",\"name\":\"Santa Pola ser\u00e1 referencia mundial del parapente este puente de mayo - Ajuntament de Santa Pola\",\"isPartOf\":{\"@id\":\"https:\\\/\\\/santapola.es\\\/ca\\\/#website\"},\"primaryImageOfPage\":{\"@id\":\"https:\\\/\\\/santapola.es\\\/ca\\\/santa-pola-sera-referencia-mundial-del-parapente-este-puente-de-mayo\\\/#primaryimage\"},\"image\":{\"@id\":\"https:\\\/\\\/santapola.es\\\/ca\\\/santa-pola-sera-referencia-mundial-del-parapente-este-puente-de-mayo\\\/#primaryimage\"},\"thumbnailUrl\":\"https:\\\/\\\/santapola.es\\\/wp-content\\\/uploads\\\/2026\\\/04\\\/Parapente-1-copia.jpeg\",\"datePublished\":\"2026-04-29T10:25:54+00:00\",\"author\":{\"@id\":\"https:\\\/\\\/santapola.es\\\/ca\\\/#\\\/schema\\\/person\\\/ad1d67403707b58350c7be5e8dbc442d\"},\"breadcrumb\":{\"@id\":\"https:\\\/\\\/santapola.es\\\/ca\\\/santa-pola-sera-referencia-mundial-del-parapente-este-puente-de-mayo\\\/#breadcrumb\"},\"inLanguage\":\"ca\",\"potentialAction\":[{\"@type\":\"ReadAction\",\"target\":[\"https:\\\/\\\/santapola.es\\\/ca\\\/santa-pola-sera-referencia-mundial-del-parapente-este-puente-de-mayo\\\/\"]}]},{\"@type\":\"ImageObject\",\"inLanguage\":\"ca\",\"@id\":\"https:\\\/\\\/santapola.es\\\/ca\\\/santa-pola-sera-referencia-mundial-del-parapente-este-puente-de-mayo\\\/#primaryimage\",\"url\":\"https:\\\/\\\/santapola.es\\\/wp-content\\\/uploads\\\/2026\\\/04\\\/Parapente-1-copia.jpeg\",\"contentUrl\":\"https:\\\/\\\/santapola.es\\\/wp-content\\\/uploads\\\/2026\\\/04\\\/Parapente-1-copia.jpeg\",\"width\":1920,\"height\":1304},{\"@type\":\"BreadcrumbList\",\"@id\":\"https:\\\/\\\/santapola.es\\\/ca\\\/santa-pola-sera-referencia-mundial-del-parapente-este-puente-de-mayo\\\/#breadcrumb\",\"itemListElement\":[{\"@type\":\"ListItem\",\"position\":1,\"name\":\"Inici\",\"item\":\"https:\\\/\\\/santapola.es\\\/ca\\\/\"},{\"@type\":\"ListItem\",\"position\":2,\"name\":\"Santa Pola ser\u00e1 referencia mundial del parapente este puente de mayo\"}]},{\"@type\":\"WebSite\",\"@id\":\"https:\\\/\\\/santapola.es\\\/ca\\\/#website\",\"url\":\"https:\\\/\\\/santapola.es\\\/ca\\\/\",\"name\":\"Ayuntamiento de Santa Pola\",\"description\":\"Web de l'Ajuntament de Santa Pola\",\"potentialAction\":[{\"@type\":\"SearchAction\",\"target\":{\"@type\":\"EntryPoint\",\"urlTemplate\":\"https:\\\/\\\/santapola.es\\\/ca\\\/?s={search_term_string}\"},\"query-input\":{\"@type\":\"PropertyValueSpecification\",\"valueRequired\":true,\"valueName\":\"search_term_string\"}}],\"inLanguage\":\"ca\"},{\"@type\":\"Person\",\"@id\":\"https:\\\/\\\/santapola.es\\\/ca\\\/#\\\/schema\\\/person\\\/ad1d67403707b58350c7be5e8dbc442d\",\"name\":\"Jos\u00e9 Juan L\u00f3pez Lafuente\"}]}<\/script>\n<!-- \/ Yoast SEO plugin. -->","yoast_head_json":{"title":"Santa Pola ser\u00e1 referencia mundial del parapente este puente de mayo - Ajuntament de Santa Pola","robots":{"index":"index","follow":"follow","max-snippet":"max-snippet:-1","max-image-preview":"max-image-preview:large","max-video-preview":"max-video-preview:-1"},"canonical":"https:\/\/santapola.es\/ca\/santa-pola-sera-referencia-mundial-del-parapente-este-puente-de-mayo\/","og_locale":"ca_ES","og_type":"article","og_title":"Santa Pola ser\u00e1 referencia mundial del parapente este puente de mayo - Ajuntament de Santa Pola","og_description":"M\u00e1s de 60 pilotos de 16 pa\u00edses participar\u00e1n del 1 al 3 de mayo en el Open International Spanish Accuracy y el Campeonato de Espa\u00f1a de Parapente Precisi\u00f3n, lanz\u00e1ndose desde el Cabo de Santa Pola y con las mejores vistas al Mediterr\u00e1neo. Se trata de una modalidad de precisi\u00f3n en la que los pilotos se [&hellip;]","og_url":"https:\/\/santapola.es\/ca\/santa-pola-sera-referencia-mundial-del-parapente-este-puente-de-mayo\/","og_site_name":"Ajuntament de Santa Pola","article_publisher":"https:\/\/www.facebook.com\/AyuntamientoSantaPola\/","article_published_time":"2026-04-29T10:25:54+00:00","og_image":[{"width":1920,"height":1304,"url":"https:\/\/santapola.es\/wp-content\/uploads\/2026\/04\/Parapente-1-copia.jpeg","type":"image\/jpeg"}],"author":"Jos\u00e9 Juan L\u00f3pez Lafuente","twitter_card":"summary_large_image","twitter_creator":"@SantaPolaAyunt","twitter_site":"@SantaPolaAyunt","schema":{"@context":"https:\/\/schema.org","@graph":[{"@type":"Article","@id":"https:\/\/santapola.es\/ca\/santa-pola-sera-referencia-mundial-del-parapente-este-puente-de-mayo\/#article","isPartOf":{"@id":"https:\/\/santapola.es\/ca\/santa-pola-sera-referencia-mundial-del-parapente-este-puente-de-mayo\/"},"author":{"name":"Jos\u00e9 Juan L\u00f3pez Lafuente","@id":"https:\/\/santapola.es\/ca\/#\/schema\/person\/ad1d67403707b58350c7be5e8dbc442d"},"headline":"Santa Pola ser\u00e1 referencia mundial del parapente este puente de mayo","datePublished":"2026-04-29T10:25:54+00:00","mainEntityOfPage":{"@id":"https:\/\/santapola.es\/ca\/santa-pola-sera-referencia-mundial-del-parapente-este-puente-de-mayo\/"},"wordCount":315,"image":{"@id":"https:\/\/santapola.es\/ca\/santa-pola-sera-referencia-mundial-del-parapente-este-puente-de-mayo\/#primaryimage"},"thumbnailUrl":"https:\/\/santapola.es\/wp-content\/uploads\/2026\/04\/Parapente-1-copia.jpeg","keywords":["parapente"],"articleSection":["Deportes"],"inLanguage":"ca"},{"@type":"WebPage","@id":"https:\/\/santapola.es\/ca\/santa-pola-sera-referencia-mundial-del-parapente-este-puente-de-mayo\/","url":"https:\/\/santapola.es\/ca\/santa-pola-sera-referencia-mundial-del-parapente-este-puente-de-mayo\/","name":"Santa Pola ser\u00e1 referencia mundial del parapente este puente de mayo - Ajuntament de Santa Pola","isPartOf":{"@id":"https:\/\/santapola.es\/ca\/#website"},"primaryImageOfPage":{"@id":"https:\/\/santapola.es\/ca\/santa-pola-sera-referencia-mundial-del-parapente-este-puente-de-mayo\/#primaryimage"},"image":{"@id":"https:\/\/santapola.es\/ca\/santa-pola-sera-referencia-mundial-del-parapente-este-puente-de-mayo\/#primaryimage"},"thumbnailUrl":"https:\/\/santapola.es\/wp-content\/uploads\/2026\/04\/Parapente-1-copia.jpeg","datePublished":"2026-04-29T10:25:54+00:00","author":{"@id":"https:\/\/santapola.es\/ca\/#\/schema\/person\/ad1d67403707b58350c7be5e8dbc442d"},"breadcrumb":{"@id":"https:\/\/santapola.es\/ca\/santa-pola-sera-referencia-mundial-del-parapente-este-puente-de-mayo\/#breadcrumb"},"inLanguage":"ca","potentialAction":[{"@type":"ReadAction","target":["https:\/\/santapola.es\/ca\/santa-pola-sera-referencia-mundial-del-parapente-este-puente-de-mayo\/"]}]},{"@type":"ImageObject","inLanguage":"ca","@id":"https:\/\/santapola.es\/ca\/santa-pola-sera-referencia-mundial-del-parapente-este-puente-de-mayo\/#primaryimage","url":"https:\/\/santapola.es\/wp-content\/uploads\/2026\/04\/Parapente-1-copia.jpeg","contentUrl":"https:\/\/santapola.es\/wp-content\/uploads\/2026\/04\/Parapente-1-copia.jpeg","width":1920,"height":1304},{"@type":"BreadcrumbList","@id":"https:\/\/santapola.es\/ca\/santa-pola-sera-referencia-mundial-del-parapente-este-puente-de-mayo\/#breadcrumb","itemListElement":[{"@type":"ListItem","position":1,"name":"Inici","item":"https:\/\/santapola.es\/ca\/"},{"@type":"ListItem","position":2,"name":"Santa Pola ser\u00e1 referencia mundial del parapente este puente de mayo"}]},{"@type":"WebSite","@id":"https:\/\/santapola.es\/ca\/#website","url":"https:\/\/santapola.es\/ca\/","name":"Ayuntamiento de Santa Pola","description":"Web de l'Ajuntament de Santa Pola","potentialAction":[{"@type":"SearchAction","target":{"@type":"EntryPoint","urlTemplate":"https:\/\/santapola.es\/ca\/?s={search_term_string}"},"query-input":{"@type":"PropertyValueSpecification","valueRequired":true,"valueName":"search_term_string"}}],"inLanguage":"ca"},{"@type":"Person","@id":"https:\/\/santapola.es\/ca\/#\/schema\/person\/ad1d67403707b58350c7be5e8dbc442d","name":"Jos\u00e9 Juan L\u00f3pez Lafuente"}]}},"_links":{"self":[{"href":"https:\/\/santapola.es\/ca\/wp-json\/wp\/v2\/posts\/48701","targetHints":{"allow":["GET"]}}],"collection":[{"href":"https:\/\/santapola.es\/ca\/wp-json\/wp\/v2\/posts"}],"about":[{"href":"https:\/\/santapola.es\/ca\/wp-json\/wp\/v2\/types\/post"}],"author":[{"embeddable":true,"href":"https:\/\/santapola.es\/ca\/wp-json\/wp\/v2\/users\/96"}],"replies":[{"embeddable":true,"href":"https:\/\/santapola.es\/ca\/wp-json\/wp\/v2\/comments?post=48701"}],"version-history":[{"count":2,"href":"https:\/\/santapola.es\/ca\/wp-json\/wp\/v2\/posts\/48701\/revisions"}],"predecessor-version":[{"id":48708,"href":"https:\/\/santapola.es\/ca\/wp-json\/wp\/v2\/posts\/48701\/revisions\/48708"}],"wp:featuredmedia":[{"embeddable":true,"href":"https:\/\/santapola.es\/ca\/wp-json\/wp\/v2\/media\/48703"}],"wp:attachment":[{"href":"https:\/\/santapola.es\/ca\/wp-json\/wp\/v2\/media?parent=48701"}],"wp:term":[{"taxonomy":"category","embeddable":true,"href":"https:\/\/santapola.es\/ca\/wp-json\/wp\/v2\/categories?post=48701"},{"taxonomy":"post_tag","embeddable":true,"href":"https:\/\/santapola.es\/ca\/wp-json\/wp\/v2\/tags?post=48701"}],"curies":[{"name":"wp","href":"https:\/\/api.w.org\/{rel}","templated":true}]}}