{"id":48689,"date":"2026-04-28T19:48:09","date_gmt":"2026-04-28T17:48:09","guid":{"rendered":"https:\/\/santapola.es\/?p=48689"},"modified":"2026-04-28T19:48:09","modified_gmt":"2026-04-28T17:48:09","slug":"el-ayuntamiento-de-santa-pola-avanza-en-la-implantacion-del-panel-de-inteligencia-de-datos-municipal","status":"publish","type":"post","link":"https:\/\/santapola.es\/ca\/el-ayuntamiento-de-santa-pola-avanza-en-la-implantacion-del-panel-de-inteligencia-de-datos-municipal\/","title":{"rendered":"El Ayuntamiento de Santa Pola avanza en la implantaci\u00f3n del Panel de Inteligencia de Datos municipal"},"content":{"rendered":"<p><b>La herramienta permitir\u00e1 integrar informaci\u00f3n municipal para mejorar la planificaci\u00f3n, la toma de decisiones y la gesti\u00f3n inteligente de la ciudad. El proyecto est\u00e1 financiado al 100 % a trav\u00e9s del Plan de Sostenibilidad Tur\u00edstica en Destino (PSTD).\u00a0<\/b><\/p>\n<p><span style=\"font-weight: 400;\">El Ayuntamiento de Santa Pola ha celebrado hoy una reuni\u00f3n ordinaria de la Comisi\u00f3n T\u00e9cnica Interdepartamental, presidida por la alcaldesa, Loreto Serrano, en la que se ha abordado el desarrollo e implantaci\u00f3n del futuro Panel de Inteligencia de Datos de Santa Pola (PID).<\/span><\/p>\n<p><span style=\"font-weight: 400;\">La Comisi\u00f3n T\u00e9cnica Interdepartamental aglutina a las diferentes \u00e1reas t\u00e9cnicas municipales con el objetivo de compartir y coordinar los proyectos que se est\u00e1n desarrollando de manera sectorial, adem\u00e1s de realizar un seguimiento conjunto de la estrategia global de ciudad.<\/span><\/p>\n<p><span style=\"font-weight: 400;\">En esta ocasi\u00f3n, la sesi\u00f3n ha estado centrada en la implantaci\u00f3n del Panel de Inteligencia de Datos (PID), una herramienta estrat\u00e9gica que permitir\u00e1 integrar, analizar y visualizar informaci\u00f3n procedente de distintas \u00e1reas municipales, facilitando la obtenci\u00f3n de indicadores, estad\u00edsticas y conocimiento \u00fatil para la toma de decisiones, la planificaci\u00f3n y la mejora de los servicios p\u00fablicos.<\/span><span style=\"font-weight: 400;\"><br \/>\n<\/span><span style=\"font-weight: 400;\"><br \/>\n<\/span><span style=\"font-weight: 400;\">Durante la reuni\u00f3n, la empresa Deepsense ha presentado el funcionamiento de la plataforma y se ha trabajado junto al personal t\u00e9cnico municipal en la identificaci\u00f3n de fuentes de informaci\u00f3n y datos disponibles en cada departamento que puedan incorporarse al sistema.<\/span><span style=\"font-weight: 400;\"><br \/>\n<\/span><span style=\"font-weight: 400;\"><br \/>\n<\/span><span style=\"font-weight: 400;\">El objetivo del Ayuntamiento es que este proyecto tenga un enfoque transversal y \u00fatil para todas las \u00e1reas municipales, de manera que el Panel de Inteligencia de Datos no solo funcione como una herramienta de an\u00e1lisis tur\u00edstico, sino tambi\u00e9n como un recurso estrat\u00e9gico que permita a cada departamento disponer de informaci\u00f3n relevante para optimizar su trabajo diario y mejorar la gesti\u00f3n municipal.<\/span><span style=\"font-weight: 400;\"><br \/>\n<\/span><span style=\"font-weight: 400;\"><br \/>\n<\/span><span style=\"font-weight: 400;\">El Panel de Inteligencia de Datos de Santa Pola est\u00e1 financiado al 100 % a trav\u00e9s del Plan de Sostenibilidad Tur\u00edstica en Destino (PSTD), dentro de las actuaciones de transformaci\u00f3n digital y mejora de la gesti\u00f3n inteligente del destino impulsadas por el Ayuntamiento de Santa Pola.<\/span><\/p>\n<p><img loading=\"lazy\" decoding=\"async\" class=\"aligncenter size-large wp-image-43903\" src=\"https:\/\/santapola.es\/wp-content\/uploads\/2025\/01\/2024_10-TODOS-LOS-LOGOS-png-1024x64.png\" alt=\"\" width=\"1024\" height=\"64\" srcset=\"https:\/\/santapola.es\/wp-content\/uploads\/2025\/01\/2024_10-TODOS-LOS-LOGOS-png-980x61.png 980w, https:\/\/santapola.es\/wp-content\/uploads\/2025\/01\/2024_10-TODOS-LOS-LOGOS-png-480x30.png 480w\" sizes=\"(min-width: 0px) and (max-width: 480px) 480px, (min-width: 481px) and (max-width: 980px) 980px, (min-width: 981px) 1024px, 100vw\" \/><\/p>\n","protected":false},"excerpt":{"rendered":"<p>La herramienta permitir\u00e1 integrar informaci\u00f3n municipal para mejorar la planificaci\u00f3n, la toma de decisiones y la gesti\u00f3n inteligente de la ciudad. El proyecto est\u00e1 financiado al 100 % a trav\u00e9s del Plan de Sostenibilidad Tur\u00edstica en Destino (PSTD).\u00a0 El Ayuntamiento de Santa Pola ha celebrado hoy una reuni\u00f3n ordinaria de la Comisi\u00f3n T\u00e9cnica Interdepartamental, presidida [&hellip;]<\/p>\n","protected":false},"author":96,"featured_media":48690,"comment_status":"closed","ping_status":"closed","sticky":false,"template":"","format":"standard","meta":{"_et_pb_use_builder":"","_et_pb_old_content":"","_et_gb_content_width":"","footnotes":""},"categories":[1857],"tags":[301,1858,623,1146],"class_list":["post-48689","post","type-post","status-publish","format-standard","has-post-thumbnail","hentry","category-pstd","tag-nextgenerationeu","tag-panel-de-inteligencia-de-datos","tag-plan-de-recuperacion","tag-plan-de-sostenibilidad-turistica-en-destino"],"yoast_head":"<!-- This site is optimized with the Yoast SEO plugin v27.4 - https:\/\/yoast.com\/product\/yoast-seo-wordpress\/ -->\n<title>El Ayuntamiento de Santa Pola avanza en la implantaci\u00f3n del Panel de Inteligencia de Datos municipal - Ajuntament de Santa Pola<\/title>\n<meta name=\"robots\" content=\"index, follow, max-snippet:-1, max-image-preview:large, max-video-preview:-1\" \/>\n<link rel=\"canonical\" href=\"https:\/\/santapola.es\/ca\/el-ayuntamiento-de-santa-pola-avanza-en-la-implantacion-del-panel-de-inteligencia-de-datos-municipal\/\" \/>\n<meta property=\"og:locale\" content=\"ca_ES\" \/>\n<meta property=\"og:type\" content=\"article\" \/>\n<meta property=\"og:title\" content=\"El Ayuntamiento de Santa Pola avanza en la implantaci\u00f3n del Panel de Inteligencia de Datos municipal - Ajuntament de Santa Pola\" \/>\n<meta property=\"og:description\" content=\"La herramienta permitir\u00e1 integrar informaci\u00f3n municipal para mejorar la planificaci\u00f3n, la toma de decisiones y la gesti\u00f3n inteligente de la ciudad. El proyecto est\u00e1 financiado al 100 % a trav\u00e9s del Plan de Sostenibilidad Tur\u00edstica en Destino (PSTD).\u00a0 El Ayuntamiento de Santa Pola ha celebrado hoy una reuni\u00f3n ordinaria de la Comisi\u00f3n T\u00e9cnica Interdepartamental, presidida [&hellip;]\" \/>\n<meta property=\"og:url\" content=\"https:\/\/santapola.es\/ca\/el-ayuntamiento-de-santa-pola-avanza-en-la-implantacion-del-panel-de-inteligencia-de-datos-municipal\/\" \/>\n<meta property=\"og:site_name\" content=\"Ajuntament de Santa Pola\" \/>\n<meta property=\"article:publisher\" content=\"https:\/\/www.facebook.com\/AyuntamientoSantaPola\/\" \/>\n<meta property=\"article:published_time\" content=\"2026-04-28T17:48:09+00:00\" \/>\n<meta property=\"og:image\" content=\"https:\/\/santapola.es\/wp-content\/uploads\/2026\/04\/14reunion_interdepartamental_santapola-4.jpeg\" \/>\n\t<meta property=\"og:image:width\" content=\"1600\" \/>\n\t<meta property=\"og:image:height\" content=\"900\" \/>\n\t<meta property=\"og:image:type\" content=\"image\/jpeg\" \/>\n<meta name=\"author\" content=\"Jos\u00e9 Juan L\u00f3pez Lafuente\" \/>\n<meta name=\"twitter:card\" content=\"summary_large_image\" \/>\n<meta name=\"twitter:creator\" content=\"@SantaPolaAyunt\" \/>\n<meta name=\"twitter:site\" content=\"@SantaPolaAyunt\" \/>\n<script type=\"application\/ld+json\" class=\"yoast-schema-graph\">{\"@context\":\"https:\\\/\\\/schema.org\",\"@graph\":[{\"@type\":\"Article\",\"@id\":\"https:\\\/\\\/santapola.es\\\/ca\\\/el-ayuntamiento-de-santa-pola-avanza-en-la-implantacion-del-panel-de-inteligencia-de-datos-municipal\\\/#article\",\"isPartOf\":{\"@id\":\"https:\\\/\\\/santapola.es\\\/ca\\\/el-ayuntamiento-de-santa-pola-avanza-en-la-implantacion-del-panel-de-inteligencia-de-datos-municipal\\\/\"},\"author\":{\"name\":\"Jos\u00e9 Juan L\u00f3pez Lafuente\",\"@id\":\"https:\\\/\\\/santapola.es\\\/ca\\\/#\\\/schema\\\/person\\\/ad1d67403707b58350c7be5e8dbc442d\"},\"headline\":\"El Ayuntamiento de Santa Pola avanza en la implantaci\u00f3n del Panel de Inteligencia de Datos municipal\",\"datePublished\":\"2026-04-28T17:48:09+00:00\",\"mainEntityOfPage\":{\"@id\":\"https:\\\/\\\/santapola.es\\\/ca\\\/el-ayuntamiento-de-santa-pola-avanza-en-la-implantacion-del-panel-de-inteligencia-de-datos-municipal\\\/\"},\"wordCount\":374,\"image\":{\"@id\":\"https:\\\/\\\/santapola.es\\\/ca\\\/el-ayuntamiento-de-santa-pola-avanza-en-la-implantacion-del-panel-de-inteligencia-de-datos-municipal\\\/#primaryimage\"},\"thumbnailUrl\":\"https:\\\/\\\/santapola.es\\\/wp-content\\\/uploads\\\/2026\\\/04\\\/14reunion_interdepartamental_santapola-4.jpeg\",\"keywords\":[\"NextGenerationEU\",\"Panel de Inteligencia de Datos\",\"Plan de Recuperaci\u00f3n\",\"Plan de Sostenibilidad Tur\u00edstica en Destino\"],\"articleSection\":[\"PSTD\"],\"inLanguage\":\"ca\"},{\"@type\":\"WebPage\",\"@id\":\"https:\\\/\\\/santapola.es\\\/ca\\\/el-ayuntamiento-de-santa-pola-avanza-en-la-implantacion-del-panel-de-inteligencia-de-datos-municipal\\\/\",\"url\":\"https:\\\/\\\/santapola.es\\\/ca\\\/el-ayuntamiento-de-santa-pola-avanza-en-la-implantacion-del-panel-de-inteligencia-de-datos-municipal\\\/\",\"name\":\"El Ayuntamiento de Santa Pola avanza en la implantaci\u00f3n del Panel de Inteligencia de Datos municipal - Ajuntament de Santa Pola\",\"isPartOf\":{\"@id\":\"https:\\\/\\\/santapola.es\\\/ca\\\/#website\"},\"primaryImageOfPage\":{\"@id\":\"https:\\\/\\\/santapola.es\\\/ca\\\/el-ayuntamiento-de-santa-pola-avanza-en-la-implantacion-del-panel-de-inteligencia-de-datos-municipal\\\/#primaryimage\"},\"image\":{\"@id\":\"https:\\\/\\\/santapola.es\\\/ca\\\/el-ayuntamiento-de-santa-pola-avanza-en-la-implantacion-del-panel-de-inteligencia-de-datos-municipal\\\/#primaryimage\"},\"thumbnailUrl\":\"https:\\\/\\\/santapola.es\\\/wp-content\\\/uploads\\\/2026\\\/04\\\/14reunion_interdepartamental_santapola-4.jpeg\",\"datePublished\":\"2026-04-28T17:48:09+00:00\",\"author\":{\"@id\":\"https:\\\/\\\/santapola.es\\\/ca\\\/#\\\/schema\\\/person\\\/ad1d67403707b58350c7be5e8dbc442d\"},\"breadcrumb\":{\"@id\":\"https:\\\/\\\/santapola.es\\\/ca\\\/el-ayuntamiento-de-santa-pola-avanza-en-la-implantacion-del-panel-de-inteligencia-de-datos-municipal\\\/#breadcrumb\"},\"inLanguage\":\"ca\",\"potentialAction\":[{\"@type\":\"ReadAction\",\"target\":[\"https:\\\/\\\/santapola.es\\\/ca\\\/el-ayuntamiento-de-santa-pola-avanza-en-la-implantacion-del-panel-de-inteligencia-de-datos-municipal\\\/\"]}]},{\"@type\":\"ImageObject\",\"inLanguage\":\"ca\",\"@id\":\"https:\\\/\\\/santapola.es\\\/ca\\\/el-ayuntamiento-de-santa-pola-avanza-en-la-implantacion-del-panel-de-inteligencia-de-datos-municipal\\\/#primaryimage\",\"url\":\"https:\\\/\\\/santapola.es\\\/wp-content\\\/uploads\\\/2026\\\/04\\\/14reunion_interdepartamental_santapola-4.jpeg\",\"contentUrl\":\"https:\\\/\\\/santapola.es\\\/wp-content\\\/uploads\\\/2026\\\/04\\\/14reunion_interdepartamental_santapola-4.jpeg\",\"width\":1600,\"height\":900},{\"@type\":\"BreadcrumbList\",\"@id\":\"https:\\\/\\\/santapola.es\\\/ca\\\/el-ayuntamiento-de-santa-pola-avanza-en-la-implantacion-del-panel-de-inteligencia-de-datos-municipal\\\/#breadcrumb\",\"itemListElement\":[{\"@type\":\"ListItem\",\"position\":1,\"name\":\"Inici\",\"item\":\"https:\\\/\\\/santapola.es\\\/ca\\\/\"},{\"@type\":\"ListItem\",\"position\":2,\"name\":\"El Ayuntamiento de Santa Pola avanza en la implantaci\u00f3n del Panel de Inteligencia de Datos municipal\"}]},{\"@type\":\"WebSite\",\"@id\":\"https:\\\/\\\/santapola.es\\\/ca\\\/#website\",\"url\":\"https:\\\/\\\/santapola.es\\\/ca\\\/\",\"name\":\"Ayuntamiento de Santa Pola\",\"description\":\"Web de l'Ajuntament de Santa Pola\",\"potentialAction\":[{\"@type\":\"SearchAction\",\"target\":{\"@type\":\"EntryPoint\",\"urlTemplate\":\"https:\\\/\\\/santapola.es\\\/ca\\\/?s={search_term_string}\"},\"query-input\":{\"@type\":\"PropertyValueSpecification\",\"valueRequired\":true,\"valueName\":\"search_term_string\"}}],\"inLanguage\":\"ca\"},{\"@type\":\"Person\",\"@id\":\"https:\\\/\\\/santapola.es\\\/ca\\\/#\\\/schema\\\/person\\\/ad1d67403707b58350c7be5e8dbc442d\",\"name\":\"Jos\u00e9 Juan L\u00f3pez Lafuente\"}]}<\/script>\n<!-- \/ Yoast SEO plugin. -->","yoast_head_json":{"title":"El Ayuntamiento de Santa Pola avanza en la implantaci\u00f3n del Panel de Inteligencia de Datos municipal - Ajuntament de Santa Pola","robots":{"index":"index","follow":"follow","max-snippet":"max-snippet:-1","max-image-preview":"max-image-preview:large","max-video-preview":"max-video-preview:-1"},"canonical":"https:\/\/santapola.es\/ca\/el-ayuntamiento-de-santa-pola-avanza-en-la-implantacion-del-panel-de-inteligencia-de-datos-municipal\/","og_locale":"ca_ES","og_type":"article","og_title":"El Ayuntamiento de Santa Pola avanza en la implantaci\u00f3n del Panel de Inteligencia de Datos municipal - Ajuntament de Santa Pola","og_description":"La herramienta permitir\u00e1 integrar informaci\u00f3n municipal para mejorar la planificaci\u00f3n, la toma de decisiones y la gesti\u00f3n inteligente de la ciudad. El proyecto est\u00e1 financiado al 100 % a trav\u00e9s del Plan de Sostenibilidad Tur\u00edstica en Destino (PSTD).\u00a0 El Ayuntamiento de Santa Pola ha celebrado hoy una reuni\u00f3n ordinaria de la Comisi\u00f3n T\u00e9cnica Interdepartamental, presidida [&hellip;]","og_url":"https:\/\/santapola.es\/ca\/el-ayuntamiento-de-santa-pola-avanza-en-la-implantacion-del-panel-de-inteligencia-de-datos-municipal\/","og_site_name":"Ajuntament de Santa Pola","article_publisher":"https:\/\/www.facebook.com\/AyuntamientoSantaPola\/","article_published_time":"2026-04-28T17:48:09+00:00","og_image":[{"width":1600,"height":900,"url":"https:\/\/santapola.es\/wp-content\/uploads\/2026\/04\/14reunion_interdepartamental_santapola-4.jpeg","type":"image\/jpeg"}],"author":"Jos\u00e9 Juan L\u00f3pez Lafuente","twitter_card":"summary_large_image","twitter_creator":"@SantaPolaAyunt","twitter_site":"@SantaPolaAyunt","schema":{"@context":"https:\/\/schema.org","@graph":[{"@type":"Article","@id":"https:\/\/santapola.es\/ca\/el-ayuntamiento-de-santa-pola-avanza-en-la-implantacion-del-panel-de-inteligencia-de-datos-municipal\/#article","isPartOf":{"@id":"https:\/\/santapola.es\/ca\/el-ayuntamiento-de-santa-pola-avanza-en-la-implantacion-del-panel-de-inteligencia-de-datos-municipal\/"},"author":{"name":"Jos\u00e9 Juan L\u00f3pez Lafuente","@id":"https:\/\/santapola.es\/ca\/#\/schema\/person\/ad1d67403707b58350c7be5e8dbc442d"},"headline":"El Ayuntamiento de Santa Pola avanza en la implantaci\u00f3n del Panel de Inteligencia de Datos municipal","datePublished":"2026-04-28T17:48:09+00:00","mainEntityOfPage":{"@id":"https:\/\/santapola.es\/ca\/el-ayuntamiento-de-santa-pola-avanza-en-la-implantacion-del-panel-de-inteligencia-de-datos-municipal\/"},"wordCount":374,"image":{"@id":"https:\/\/santapola.es\/ca\/el-ayuntamiento-de-santa-pola-avanza-en-la-implantacion-del-panel-de-inteligencia-de-datos-municipal\/#primaryimage"},"thumbnailUrl":"https:\/\/santapola.es\/wp-content\/uploads\/2026\/04\/14reunion_interdepartamental_santapola-4.jpeg","keywords":["NextGenerationEU","Panel de Inteligencia de Datos","Plan de Recuperaci\u00f3n","Plan de Sostenibilidad Tur\u00edstica en Destino"],"articleSection":["PSTD"],"inLanguage":"ca"},{"@type":"WebPage","@id":"https:\/\/santapola.es\/ca\/el-ayuntamiento-de-santa-pola-avanza-en-la-implantacion-del-panel-de-inteligencia-de-datos-municipal\/","url":"https:\/\/santapola.es\/ca\/el-ayuntamiento-de-santa-pola-avanza-en-la-implantacion-del-panel-de-inteligencia-de-datos-municipal\/","name":"El Ayuntamiento de Santa Pola avanza en la implantaci\u00f3n del Panel de Inteligencia de Datos municipal - Ajuntament de Santa Pola","isPartOf":{"@id":"https:\/\/santapola.es\/ca\/#website"},"primaryImageOfPage":{"@id":"https:\/\/santapola.es\/ca\/el-ayuntamiento-de-santa-pola-avanza-en-la-implantacion-del-panel-de-inteligencia-de-datos-municipal\/#primaryimage"},"image":{"@id":"https:\/\/santapola.es\/ca\/el-ayuntamiento-de-santa-pola-avanza-en-la-implantacion-del-panel-de-inteligencia-de-datos-municipal\/#primaryimage"},"thumbnailUrl":"https:\/\/santapola.es\/wp-content\/uploads\/2026\/04\/14reunion_interdepartamental_santapola-4.jpeg","datePublished":"2026-04-28T17:48:09+00:00","author":{"@id":"https:\/\/santapola.es\/ca\/#\/schema\/person\/ad1d67403707b58350c7be5e8dbc442d"},"breadcrumb":{"@id":"https:\/\/santapola.es\/ca\/el-ayuntamiento-de-santa-pola-avanza-en-la-implantacion-del-panel-de-inteligencia-de-datos-municipal\/#breadcrumb"},"inLanguage":"ca","potentialAction":[{"@type":"ReadAction","target":["https:\/\/santapola.es\/ca\/el-ayuntamiento-de-santa-pola-avanza-en-la-implantacion-del-panel-de-inteligencia-de-datos-municipal\/"]}]},{"@type":"ImageObject","inLanguage":"ca","@id":"https:\/\/santapola.es\/ca\/el-ayuntamiento-de-santa-pola-avanza-en-la-implantacion-del-panel-de-inteligencia-de-datos-municipal\/#primaryimage","url":"https:\/\/santapola.es\/wp-content\/uploads\/2026\/04\/14reunion_interdepartamental_santapola-4.jpeg","contentUrl":"https:\/\/santapola.es\/wp-content\/uploads\/2026\/04\/14reunion_interdepartamental_santapola-4.jpeg","width":1600,"height":900},{"@type":"BreadcrumbList","@id":"https:\/\/santapola.es\/ca\/el-ayuntamiento-de-santa-pola-avanza-en-la-implantacion-del-panel-de-inteligencia-de-datos-municipal\/#breadcrumb","itemListElement":[{"@type":"ListItem","position":1,"name":"Inici","item":"https:\/\/santapola.es\/ca\/"},{"@type":"ListItem","position":2,"name":"El Ayuntamiento de Santa Pola avanza en la implantaci\u00f3n del Panel de Inteligencia de Datos municipal"}]},{"@type":"WebSite","@id":"https:\/\/santapola.es\/ca\/#website","url":"https:\/\/santapola.es\/ca\/","name":"Ayuntamiento de Santa Pola","description":"Web de l'Ajuntament de Santa Pola","potentialAction":[{"@type":"SearchAction","target":{"@type":"EntryPoint","urlTemplate":"https:\/\/santapola.es\/ca\/?s={search_term_string}"},"query-input":{"@type":"PropertyValueSpecification","valueRequired":true,"valueName":"search_term_string"}}],"inLanguage":"ca"},{"@type":"Person","@id":"https:\/\/santapola.es\/ca\/#\/schema\/person\/ad1d67403707b58350c7be5e8dbc442d","name":"Jos\u00e9 Juan L\u00f3pez Lafuente"}]}},"_links":{"self":[{"href":"https:\/\/santapola.es\/ca\/wp-json\/wp\/v2\/posts\/48689","targetHints":{"allow":["GET"]}}],"collection":[{"href":"https:\/\/santapola.es\/ca\/wp-json\/wp\/v2\/posts"}],"about":[{"href":"https:\/\/santapola.es\/ca\/wp-json\/wp\/v2\/types\/post"}],"author":[{"embeddable":true,"href":"https:\/\/santapola.es\/ca\/wp-json\/wp\/v2\/users\/96"}],"replies":[{"embeddable":true,"href":"https:\/\/santapola.es\/ca\/wp-json\/wp\/v2\/comments?post=48689"}],"version-history":[{"count":1,"href":"https:\/\/santapola.es\/ca\/wp-json\/wp\/v2\/posts\/48689\/revisions"}],"predecessor-version":[{"id":48692,"href":"https:\/\/santapola.es\/ca\/wp-json\/wp\/v2\/posts\/48689\/revisions\/48692"}],"wp:featuredmedia":[{"embeddable":true,"href":"https:\/\/santapola.es\/ca\/wp-json\/wp\/v2\/media\/48690"}],"wp:attachment":[{"href":"https:\/\/santapola.es\/ca\/wp-json\/wp\/v2\/media?parent=48689"}],"wp:term":[{"taxonomy":"category","embeddable":true,"href":"https:\/\/santapola.es\/ca\/wp-json\/wp\/v2\/categories?post=48689"},{"taxonomy":"post_tag","embeddable":true,"href":"https:\/\/santapola.es\/ca\/wp-json\/wp\/v2\/tags?post=48689"}],"curies":[{"name":"wp","href":"https:\/\/api.w.org\/{rel}","templated":true}]}}