{"id":48682,"date":"2026-04-28T14:46:27","date_gmt":"2026-04-28T12:46:27","guid":{"rendered":"https:\/\/santapola.es\/?p=48682"},"modified":"2026-04-28T14:46:27","modified_gmt":"2026-04-28T12:46:27","slug":"ya-conocemos-a-las-tres-candidatas-a-reina-de-la-tercera-edad-2026","status":"publish","type":"post","link":"https:\/\/santapola.es\/ca\/ya-conocemos-a-las-tres-candidatas-a-reina-de-la-tercera-edad-2026\/","title":{"rendered":"Ya conocemos a las tres candidatas a Reina de la Tercera Edad 2026"},"content":{"rendered":"<p><b>Mar\u00eda Concepci\u00f3n Gabarr\u00f3n L\u00f3pez, Rosario Rodes Alonso y Encarnaci\u00f3n Sebasti\u00e1n Garriga son las tres aspirantes que, por sorteo, han resultado elegidas entre las cinco inscritas.\u00a0<\/b><\/p>\n<p><span style=\"font-weight: 400;\">La Concejal\u00eda de Fiestas ha organizado esta ma\u00f1ana en el Baluarte del Duque el sorteo para elegir a las tres candidatas que aspiran a ser la Reina de la Tercera Edad en las fiestas patronales de 2026. Entre las cinco que se inscribieron a este proceso, la suerte recay\u00f3 en Mar\u00eda Concepci\u00f3n Gabarr\u00f3n L\u00f3pez, Rosario Rodes Alonso y Encarnaci\u00f3n Sebasti\u00e1n Garriga.<\/span><\/p>\n<p><span style=\"font-weight: 400;\">Una de ellas se proclamar\u00e1 reina durante el acto que se celebrar\u00e1 el pr\u00f3ximo 17 de agosto en el Auditorio El Palmeral.<\/span><\/p>\n","protected":false},"excerpt":{"rendered":"<p>Mar\u00eda Concepci\u00f3n Gabarr\u00f3n L\u00f3pez, Rosario Rodes Alonso y Encarnaci\u00f3n Sebasti\u00e1n Garriga son las tres aspirantes que, por sorteo, han resultado elegidas entre las cinco inscritas.\u00a0 La Concejal\u00eda de Fiestas ha organizado esta ma\u00f1ana en el Baluarte del Duque el sorteo para elegir a las tres candidatas que aspiran a ser la Reina de la Tercera [&hellip;]<\/p>\n","protected":false},"author":96,"featured_media":48684,"comment_status":"closed","ping_status":"closed","sticky":false,"template":"","format":"standard","meta":{"_et_pb_use_builder":"","_et_pb_old_content":"","_et_gb_content_width":"","footnotes":""},"categories":[97],"tags":[179],"class_list":["post-48682","post","type-post","status-publish","format-standard","has-post-thumbnail","hentry","category-fiestas","tag-eleccion-reina-tercera-edad"],"yoast_head":"<!-- This site is optimized with the Yoast SEO plugin v27.4 - https:\/\/yoast.com\/product\/yoast-seo-wordpress\/ -->\n<title>Ya conocemos a las tres candidatas a Reina de la Tercera Edad 2026 - Ajuntament de Santa Pola<\/title>\n<meta name=\"robots\" content=\"index, follow, max-snippet:-1, max-image-preview:large, max-video-preview:-1\" \/>\n<link rel=\"canonical\" href=\"https:\/\/santapola.es\/ca\/ya-conocemos-a-las-tres-candidatas-a-reina-de-la-tercera-edad-2026\/\" \/>\n<meta property=\"og:locale\" content=\"ca_ES\" \/>\n<meta property=\"og:type\" content=\"article\" \/>\n<meta property=\"og:title\" content=\"Ya conocemos a las tres candidatas a Reina de la Tercera Edad 2026 - Ajuntament de Santa Pola\" \/>\n<meta property=\"og:description\" content=\"Mar\u00eda Concepci\u00f3n Gabarr\u00f3n L\u00f3pez, Rosario Rodes Alonso y Encarnaci\u00f3n Sebasti\u00e1n Garriga son las tres aspirantes que, por sorteo, han resultado elegidas entre las cinco inscritas.\u00a0 La Concejal\u00eda de Fiestas ha organizado esta ma\u00f1ana en el Baluarte del Duque el sorteo para elegir a las tres candidatas que aspiran a ser la Reina de la Tercera [&hellip;]\" \/>\n<meta property=\"og:url\" content=\"https:\/\/santapola.es\/ca\/ya-conocemos-a-las-tres-candidatas-a-reina-de-la-tercera-edad-2026\/\" \/>\n<meta property=\"og:site_name\" content=\"Ajuntament de Santa Pola\" \/>\n<meta property=\"article:publisher\" content=\"https:\/\/www.facebook.com\/AyuntamientoSantaPola\/\" \/>\n<meta property=\"article:published_time\" content=\"2026-04-28T12:46:27+00:00\" \/>\n<meta property=\"og:image\" content=\"https:\/\/santapola.es\/wp-content\/uploads\/2026\/04\/RSPMEDIA-003-28042026.jpg\" \/>\n\t<meta property=\"og:image:width\" content=\"1920\" \/>\n\t<meta property=\"og:image:height\" content=\"1079\" \/>\n\t<meta property=\"og:image:type\" content=\"image\/jpeg\" \/>\n<meta name=\"author\" content=\"Jos\u00e9 Juan L\u00f3pez Lafuente\" \/>\n<meta name=\"twitter:card\" content=\"summary_large_image\" \/>\n<meta name=\"twitter:creator\" content=\"@SantaPolaAyunt\" \/>\n<meta name=\"twitter:site\" content=\"@SantaPolaAyunt\" \/>\n<script type=\"application\/ld+json\" class=\"yoast-schema-graph\">{\"@context\":\"https:\\\/\\\/schema.org\",\"@graph\":[{\"@type\":\"Article\",\"@id\":\"https:\\\/\\\/santapola.es\\\/ca\\\/ya-conocemos-a-las-tres-candidatas-a-reina-de-la-tercera-edad-2026\\\/#article\",\"isPartOf\":{\"@id\":\"https:\\\/\\\/santapola.es\\\/ca\\\/ya-conocemos-a-las-tres-candidatas-a-reina-de-la-tercera-edad-2026\\\/\"},\"author\":{\"name\":\"Jos\u00e9 Juan L\u00f3pez Lafuente\",\"@id\":\"https:\\\/\\\/santapola.es\\\/ca\\\/#\\\/schema\\\/person\\\/ad1d67403707b58350c7be5e8dbc442d\"},\"headline\":\"Ya conocemos a las tres candidatas a Reina de la Tercera Edad 2026\",\"datePublished\":\"2026-04-28T12:46:27+00:00\",\"mainEntityOfPage\":{\"@id\":\"https:\\\/\\\/santapola.es\\\/ca\\\/ya-conocemos-a-las-tres-candidatas-a-reina-de-la-tercera-edad-2026\\\/\"},\"wordCount\":133,\"image\":{\"@id\":\"https:\\\/\\\/santapola.es\\\/ca\\\/ya-conocemos-a-las-tres-candidatas-a-reina-de-la-tercera-edad-2026\\\/#primaryimage\"},\"thumbnailUrl\":\"https:\\\/\\\/santapola.es\\\/wp-content\\\/uploads\\\/2026\\\/04\\\/RSPMEDIA-003-28042026.jpg\",\"keywords\":[\"Elecci\u00f3n Reina Tercera Edad\"],\"articleSection\":[\"Fiestas\"],\"inLanguage\":\"ca\"},{\"@type\":\"WebPage\",\"@id\":\"https:\\\/\\\/santapola.es\\\/ca\\\/ya-conocemos-a-las-tres-candidatas-a-reina-de-la-tercera-edad-2026\\\/\",\"url\":\"https:\\\/\\\/santapola.es\\\/ca\\\/ya-conocemos-a-las-tres-candidatas-a-reina-de-la-tercera-edad-2026\\\/\",\"name\":\"Ya conocemos a las tres candidatas a Reina de la Tercera Edad 2026 - Ajuntament de Santa Pola\",\"isPartOf\":{\"@id\":\"https:\\\/\\\/santapola.es\\\/ca\\\/#website\"},\"primaryImageOfPage\":{\"@id\":\"https:\\\/\\\/santapola.es\\\/ca\\\/ya-conocemos-a-las-tres-candidatas-a-reina-de-la-tercera-edad-2026\\\/#primaryimage\"},\"image\":{\"@id\":\"https:\\\/\\\/santapola.es\\\/ca\\\/ya-conocemos-a-las-tres-candidatas-a-reina-de-la-tercera-edad-2026\\\/#primaryimage\"},\"thumbnailUrl\":\"https:\\\/\\\/santapola.es\\\/wp-content\\\/uploads\\\/2026\\\/04\\\/RSPMEDIA-003-28042026.jpg\",\"datePublished\":\"2026-04-28T12:46:27+00:00\",\"author\":{\"@id\":\"https:\\\/\\\/santapola.es\\\/ca\\\/#\\\/schema\\\/person\\\/ad1d67403707b58350c7be5e8dbc442d\"},\"breadcrumb\":{\"@id\":\"https:\\\/\\\/santapola.es\\\/ca\\\/ya-conocemos-a-las-tres-candidatas-a-reina-de-la-tercera-edad-2026\\\/#breadcrumb\"},\"inLanguage\":\"ca\",\"potentialAction\":[{\"@type\":\"ReadAction\",\"target\":[\"https:\\\/\\\/santapola.es\\\/ca\\\/ya-conocemos-a-las-tres-candidatas-a-reina-de-la-tercera-edad-2026\\\/\"]}]},{\"@type\":\"ImageObject\",\"inLanguage\":\"ca\",\"@id\":\"https:\\\/\\\/santapola.es\\\/ca\\\/ya-conocemos-a-las-tres-candidatas-a-reina-de-la-tercera-edad-2026\\\/#primaryimage\",\"url\":\"https:\\\/\\\/santapola.es\\\/wp-content\\\/uploads\\\/2026\\\/04\\\/RSPMEDIA-003-28042026.jpg\",\"contentUrl\":\"https:\\\/\\\/santapola.es\\\/wp-content\\\/uploads\\\/2026\\\/04\\\/RSPMEDIA-003-28042026.jpg\",\"width\":1920,\"height\":1079},{\"@type\":\"BreadcrumbList\",\"@id\":\"https:\\\/\\\/santapola.es\\\/ca\\\/ya-conocemos-a-las-tres-candidatas-a-reina-de-la-tercera-edad-2026\\\/#breadcrumb\",\"itemListElement\":[{\"@type\":\"ListItem\",\"position\":1,\"name\":\"Inici\",\"item\":\"https:\\\/\\\/santapola.es\\\/ca\\\/\"},{\"@type\":\"ListItem\",\"position\":2,\"name\":\"Ya conocemos a las tres candidatas a Reina de la Tercera Edad 2026\"}]},{\"@type\":\"WebSite\",\"@id\":\"https:\\\/\\\/santapola.es\\\/ca\\\/#website\",\"url\":\"https:\\\/\\\/santapola.es\\\/ca\\\/\",\"name\":\"Ayuntamiento de Santa Pola\",\"description\":\"Web de l'Ajuntament de Santa Pola\",\"potentialAction\":[{\"@type\":\"SearchAction\",\"target\":{\"@type\":\"EntryPoint\",\"urlTemplate\":\"https:\\\/\\\/santapola.es\\\/ca\\\/?s={search_term_string}\"},\"query-input\":{\"@type\":\"PropertyValueSpecification\",\"valueRequired\":true,\"valueName\":\"search_term_string\"}}],\"inLanguage\":\"ca\"},{\"@type\":\"Person\",\"@id\":\"https:\\\/\\\/santapola.es\\\/ca\\\/#\\\/schema\\\/person\\\/ad1d67403707b58350c7be5e8dbc442d\",\"name\":\"Jos\u00e9 Juan L\u00f3pez Lafuente\"}]}<\/script>\n<!-- \/ Yoast SEO plugin. -->","yoast_head_json":{"title":"Ya conocemos a las tres candidatas a Reina de la Tercera Edad 2026 - Ajuntament de Santa Pola","robots":{"index":"index","follow":"follow","max-snippet":"max-snippet:-1","max-image-preview":"max-image-preview:large","max-video-preview":"max-video-preview:-1"},"canonical":"https:\/\/santapola.es\/ca\/ya-conocemos-a-las-tres-candidatas-a-reina-de-la-tercera-edad-2026\/","og_locale":"ca_ES","og_type":"article","og_title":"Ya conocemos a las tres candidatas a Reina de la Tercera Edad 2026 - Ajuntament de Santa Pola","og_description":"Mar\u00eda Concepci\u00f3n Gabarr\u00f3n L\u00f3pez, Rosario Rodes Alonso y Encarnaci\u00f3n Sebasti\u00e1n Garriga son las tres aspirantes que, por sorteo, han resultado elegidas entre las cinco inscritas.\u00a0 La Concejal\u00eda de Fiestas ha organizado esta ma\u00f1ana en el Baluarte del Duque el sorteo para elegir a las tres candidatas que aspiran a ser la Reina de la Tercera [&hellip;]","og_url":"https:\/\/santapola.es\/ca\/ya-conocemos-a-las-tres-candidatas-a-reina-de-la-tercera-edad-2026\/","og_site_name":"Ajuntament de Santa Pola","article_publisher":"https:\/\/www.facebook.com\/AyuntamientoSantaPola\/","article_published_time":"2026-04-28T12:46:27+00:00","og_image":[{"width":1920,"height":1079,"url":"https:\/\/santapola.es\/wp-content\/uploads\/2026\/04\/RSPMEDIA-003-28042026.jpg","type":"image\/jpeg"}],"author":"Jos\u00e9 Juan L\u00f3pez Lafuente","twitter_card":"summary_large_image","twitter_creator":"@SantaPolaAyunt","twitter_site":"@SantaPolaAyunt","schema":{"@context":"https:\/\/schema.org","@graph":[{"@type":"Article","@id":"https:\/\/santapola.es\/ca\/ya-conocemos-a-las-tres-candidatas-a-reina-de-la-tercera-edad-2026\/#article","isPartOf":{"@id":"https:\/\/santapola.es\/ca\/ya-conocemos-a-las-tres-candidatas-a-reina-de-la-tercera-edad-2026\/"},"author":{"name":"Jos\u00e9 Juan L\u00f3pez Lafuente","@id":"https:\/\/santapola.es\/ca\/#\/schema\/person\/ad1d67403707b58350c7be5e8dbc442d"},"headline":"Ya conocemos a las tres candidatas a Reina de la Tercera Edad 2026","datePublished":"2026-04-28T12:46:27+00:00","mainEntityOfPage":{"@id":"https:\/\/santapola.es\/ca\/ya-conocemos-a-las-tres-candidatas-a-reina-de-la-tercera-edad-2026\/"},"wordCount":133,"image":{"@id":"https:\/\/santapola.es\/ca\/ya-conocemos-a-las-tres-candidatas-a-reina-de-la-tercera-edad-2026\/#primaryimage"},"thumbnailUrl":"https:\/\/santapola.es\/wp-content\/uploads\/2026\/04\/RSPMEDIA-003-28042026.jpg","keywords":["Elecci\u00f3n Reina Tercera Edad"],"articleSection":["Fiestas"],"inLanguage":"ca"},{"@type":"WebPage","@id":"https:\/\/santapola.es\/ca\/ya-conocemos-a-las-tres-candidatas-a-reina-de-la-tercera-edad-2026\/","url":"https:\/\/santapola.es\/ca\/ya-conocemos-a-las-tres-candidatas-a-reina-de-la-tercera-edad-2026\/","name":"Ya conocemos a las tres candidatas a Reina de la Tercera Edad 2026 - Ajuntament de Santa Pola","isPartOf":{"@id":"https:\/\/santapola.es\/ca\/#website"},"primaryImageOfPage":{"@id":"https:\/\/santapola.es\/ca\/ya-conocemos-a-las-tres-candidatas-a-reina-de-la-tercera-edad-2026\/#primaryimage"},"image":{"@id":"https:\/\/santapola.es\/ca\/ya-conocemos-a-las-tres-candidatas-a-reina-de-la-tercera-edad-2026\/#primaryimage"},"thumbnailUrl":"https:\/\/santapola.es\/wp-content\/uploads\/2026\/04\/RSPMEDIA-003-28042026.jpg","datePublished":"2026-04-28T12:46:27+00:00","author":{"@id":"https:\/\/santapola.es\/ca\/#\/schema\/person\/ad1d67403707b58350c7be5e8dbc442d"},"breadcrumb":{"@id":"https:\/\/santapola.es\/ca\/ya-conocemos-a-las-tres-candidatas-a-reina-de-la-tercera-edad-2026\/#breadcrumb"},"inLanguage":"ca","potentialAction":[{"@type":"ReadAction","target":["https:\/\/santapola.es\/ca\/ya-conocemos-a-las-tres-candidatas-a-reina-de-la-tercera-edad-2026\/"]}]},{"@type":"ImageObject","inLanguage":"ca","@id":"https:\/\/santapola.es\/ca\/ya-conocemos-a-las-tres-candidatas-a-reina-de-la-tercera-edad-2026\/#primaryimage","url":"https:\/\/santapola.es\/wp-content\/uploads\/2026\/04\/RSPMEDIA-003-28042026.jpg","contentUrl":"https:\/\/santapola.es\/wp-content\/uploads\/2026\/04\/RSPMEDIA-003-28042026.jpg","width":1920,"height":1079},{"@type":"BreadcrumbList","@id":"https:\/\/santapola.es\/ca\/ya-conocemos-a-las-tres-candidatas-a-reina-de-la-tercera-edad-2026\/#breadcrumb","itemListElement":[{"@type":"ListItem","position":1,"name":"Inici","item":"https:\/\/santapola.es\/ca\/"},{"@type":"ListItem","position":2,"name":"Ya conocemos a las tres candidatas a Reina de la Tercera Edad 2026"}]},{"@type":"WebSite","@id":"https:\/\/santapola.es\/ca\/#website","url":"https:\/\/santapola.es\/ca\/","name":"Ayuntamiento de Santa Pola","description":"Web de l'Ajuntament de Santa Pola","potentialAction":[{"@type":"SearchAction","target":{"@type":"EntryPoint","urlTemplate":"https:\/\/santapola.es\/ca\/?s={search_term_string}"},"query-input":{"@type":"PropertyValueSpecification","valueRequired":true,"valueName":"search_term_string"}}],"inLanguage":"ca"},{"@type":"Person","@id":"https:\/\/santapola.es\/ca\/#\/schema\/person\/ad1d67403707b58350c7be5e8dbc442d","name":"Jos\u00e9 Juan L\u00f3pez Lafuente"}]}},"_links":{"self":[{"href":"https:\/\/santapola.es\/ca\/wp-json\/wp\/v2\/posts\/48682","targetHints":{"allow":["GET"]}}],"collection":[{"href":"https:\/\/santapola.es\/ca\/wp-json\/wp\/v2\/posts"}],"about":[{"href":"https:\/\/santapola.es\/ca\/wp-json\/wp\/v2\/types\/post"}],"author":[{"embeddable":true,"href":"https:\/\/santapola.es\/ca\/wp-json\/wp\/v2\/users\/96"}],"replies":[{"embeddable":true,"href":"https:\/\/santapola.es\/ca\/wp-json\/wp\/v2\/comments?post=48682"}],"version-history":[{"count":1,"href":"https:\/\/santapola.es\/ca\/wp-json\/wp\/v2\/posts\/48682\/revisions"}],"predecessor-version":[{"id":48686,"href":"https:\/\/santapola.es\/ca\/wp-json\/wp\/v2\/posts\/48682\/revisions\/48686"}],"wp:featuredmedia":[{"embeddable":true,"href":"https:\/\/santapola.es\/ca\/wp-json\/wp\/v2\/media\/48684"}],"wp:attachment":[{"href":"https:\/\/santapola.es\/ca\/wp-json\/wp\/v2\/media?parent=48682"}],"wp:term":[{"taxonomy":"category","embeddable":true,"href":"https:\/\/santapola.es\/ca\/wp-json\/wp\/v2\/categories?post=48682"},{"taxonomy":"post_tag","embeddable":true,"href":"https:\/\/santapola.es\/ca\/wp-json\/wp\/v2\/tags?post=48682"}],"curies":[{"name":"wp","href":"https:\/\/api.w.org\/{rel}","templated":true}]}}