{"id":48657,"date":"2026-04-28T13:46:11","date_gmt":"2026-04-28T11:46:11","guid":{"rendered":"https:\/\/santapola.es\/?p=48657"},"modified":"2026-04-28T14:22:55","modified_gmt":"2026-04-28T12:22:55","slug":"els-tres-instituts-de-santa-pola-suneixen-en-uns-jocs-olimpics-que-transmeten-valors-de-lantiga-grecia","status":"publish","type":"post","link":"https:\/\/santapola.es\/ca\/els-tres-instituts-de-santa-pola-suneixen-en-uns-jocs-olimpics-que-transmeten-valors-de-lantiga-grecia\/","title":{"rendered":"Els tres instituts de Santa Pola s&#8217;uneixen en uns jocs ol\u00edmpics que transmeten valors de l&#8217;antiga Gr\u00e8cia"},"content":{"rendered":"<p><strong>El projecte \u201cMens sana in corpore sano\u201d s&#8217;ha incorporat en el projecte curricular de quart de l&#8217;ESO en l&#8217;IES Santa Pola, IES Cap de l\u2019Aljub i IES Gran Alacant. Un centenar d&#8217;estudiants participaran el 8 de maig en aquestes olimp\u00edades amb valors human\u00edstics.<\/strong><\/p>\n<p>\u00c1ngel Piedecausa, regidor d&#8217;Esports, va anunciar que \u201cel pr\u00f2xim 8 de maig se celebraran en l&#8217;estadi Manolo Maci\u00e1 els tercers jocs ol\u00edmpics \u201cMens sana in corpore sano\u201d en els quals participaran per primera vegada els tres instituts de Santa Pola. Encara que l&#8217;esdeveniment es desenvolupa en un sol dia, porten treballant-lo tot un any escolar i t\u00e9 un gran m\u00e8rit\u201d.<\/p>\n<p>Pedro Amores, director de l&#8217;IES Gran Alacant, va voler destacar \u201cla import\u00e0ncia que t\u00e9 aquesta assignatura pel multidisciplin\u00e0ria i pel seu car\u00e0cter hol\u00edstic. Procedeix de la iniciativa d&#8217;uns companys i companyes, professors de Grec, Llat\u00ed i Educaci\u00f3 F\u00edsica de tres centres, que han sigut capa\u00e7os d&#8217;organitzar i de disposar d&#8217;uns recursos que no sempre s\u00f3n abundants, i malgrat tot aix\u00f2 han aconseguit articular un aspecte curricular espec\u00edfic de manera homog\u00e8nia i molt satisfact\u00f2ria\u201d.<\/p>\n<p>Jos\u00e9 Pascual, professor de Llat\u00ed i Grec de l&#8217;IES Cap de L\u2019Aljub, va comen\u00e7ar agraint \u201ca l&#8217;Ajuntament i a la Regidoria d&#8217;Esports la seua gran col\u00b7laboraci\u00f3, ja que la cessi\u00f3 de les instal\u00b7lacions esportives possibilita que el nostre alumnat puga gaudir de l&#8217;esport com el feien els antics atletes. Tamb\u00e9 vull agrair als directius dels tres instituts per permetre introduir aquesta mat\u00e8ria adaptativa \u201cMens sana in corpore sano\u201d en el projecte curricular de quart de l&#8217;ESO. El que busca b\u00e0sicament \u00e9s fomentar alumnes m\u00e9s democr\u00e0tics, m\u00e9s cr\u00edtics i m\u00e9s participatius\u201d.<\/p>\n<p><iframe loading=\"lazy\" title=\"Los tres institutos se unen en unos juegos ol\u00edmpicos que transmiten valores de la antigua Grecia\" width=\"1080\" height=\"608\" src=\"https:\/\/www.youtube.com\/embed\/UWA7-lxhPP0?feature=oembed\"  allow=\"accelerometer; autoplay; clipboard-write; encrypted-media; gyroscope; picture-in-picture; web-share\" referrerpolicy=\"strict-origin-when-cross-origin\" allowfullscreen><\/iframe><\/p>\n<p><strong>Valors human\u00edstics<\/strong><\/p>\n<p>Javier Hern\u00e1ndez, professor de Grec i Llat\u00ed de l&#8217;IES Santa Pola, va explicar que \u201c\u00e9s un projecte molt personal de diversos professors que tenim molt\u00edssima afinitat, compartim interessos comuns i pensem a treballar aspectes molt importants, com per exemple una alimentaci\u00f3 sana, promoure la cultura de l&#8217;esfor\u00e7 i dotar als xics i a les xiques de valors democr\u00e0tics, de superaci\u00f3, d&#8217;amistat, de col\u00b7laboraci\u00f3 mitjan\u00e7ant l&#8217;esport. Tamb\u00e9 ho anem articulant amb coneixements i continguts de l&#8217;antiga Gr\u00e8cia, intentant recuperar valors human\u00edstics i sobretot explicar-los el per qu\u00e8 d&#8217;assignatura mitjan\u00e7ant uns Jocs Ol\u00edmpics, perqu\u00e8 intentem que vegen l&#8217;esport com una cosa sana que els pot fer superar les seues pors i tindre una s\u00e8rie de reptes que els ajuden a cr\u00e9ixer com a persones en la seua formaci\u00f3\u201d.<\/p>\n<p><strong>Cent atletes en la pista<\/strong><\/p>\n<p>Gabriel Ca\u00f1amero, professor de Llat\u00ed i Grec de l&#8217;IES Gran Alacant, va detallar els detalls t\u00e8cnics d&#8217;aquests Jocs Ol\u00edmpics: \u201ccomptem amb quasi un centenar d&#8217;atletes i farem les quatre proves b\u00e0siques en honor i en homenatge a com es realitzava en l&#8217;antiga Gr\u00e8cia: una de velocitat de 200 metres, com era un estadi en l&#8217;antiga Gr\u00e8cia, llan\u00e7ament de pes, salt i relleus amb pes, tant mascul\u00ed com femen\u00ed\u201d.<\/p>\n<p>\u00c1ngel Piedecausa va anunciar que \u201cl&#8217;any passat els vaig plantejar un repte: si aconseguien passar de 70 atletes, l&#8217;Ajuntament anava a fer una cosa innovadora per a enguany. Els donarem un trofeu especial per a l&#8217;institut que el guanye, que el tindr\u00e0 en les seues vitrines durant tot eixe any i anir\u00e0 passant successivament al vencedor de cada edici\u00f3\u201d.<\/p>\n","protected":false},"excerpt":{"rendered":"<p>El projecte \u201cMens sana in corpore sano\u201d s&#8217;ha incorporat en el projecte curricular de quart de l&#8217;ESO en l&#8217;IES Santa Pola, IES Cap de l\u2019Aljub i IES Gran Alacant. Un centenar d&#8217;estudiants participaran el 8 de maig en aquestes olimp\u00edades amb valors human\u00edstics. \u00c1ngel Piedecausa, regidor d&#8217;Esports, va anunciar que \u201cel pr\u00f2xim 8 de maig [&hellip;]<\/p>\n","protected":false},"author":96,"featured_media":48660,"comment_status":"closed","ping_status":"closed","sticky":false,"template":"","format":"standard","meta":{"_et_pb_use_builder":"","_et_pb_old_content":"","_et_gb_content_width":"","footnotes":""},"categories":[474,439],"tags":[581,599,720,600,1369],"class_list":["post-48657","post","type-post","status-publish","format-standard","has-post-thumbnail","hentry","category-educacio","category-esport","tag-angel-piedecausa-ca","tag-ies-cap-de-laljub-ca","tag-ies-gran-alacant-ca","tag-ies-santa-pola-ca","tag-jocs-olimpics-dels-instituts"],"yoast_head":"<!-- This site is optimized with the Yoast SEO plugin v27.4 - https:\/\/yoast.com\/product\/yoast-seo-wordpress\/ -->\n<title>Els tres instituts de Santa Pola s&#039;uneixen en uns jocs ol\u00edmpics que transmeten valors de l&#039;antiga Gr\u00e8cia - Ajuntament de Santa Pola<\/title>\n<meta name=\"robots\" content=\"index, follow, max-snippet:-1, max-image-preview:large, max-video-preview:-1\" \/>\n<link rel=\"canonical\" href=\"https:\/\/santapola.es\/ca\/els-tres-instituts-de-santa-pola-suneixen-en-uns-jocs-olimpics-que-transmeten-valors-de-lantiga-grecia\/\" \/>\n<meta property=\"og:locale\" content=\"ca_ES\" \/>\n<meta property=\"og:type\" content=\"article\" \/>\n<meta property=\"og:title\" content=\"Els tres instituts de Santa Pola s&#039;uneixen en uns jocs ol\u00edmpics que transmeten valors de l&#039;antiga Gr\u00e8cia - Ajuntament de Santa Pola\" \/>\n<meta property=\"og:description\" content=\"El projecte \u201cMens sana in corpore sano\u201d s&#8217;ha incorporat en el projecte curricular de quart de l&#8217;ESO en l&#8217;IES Santa Pola, IES Cap de l\u2019Aljub i IES Gran Alacant. Un centenar d&#8217;estudiants participaran el 8 de maig en aquestes olimp\u00edades amb valors human\u00edstics. \u00c1ngel Piedecausa, regidor d&#8217;Esports, va anunciar que \u201cel pr\u00f2xim 8 de maig [&hellip;]\" \/>\n<meta property=\"og:url\" content=\"https:\/\/santapola.es\/ca\/els-tres-instituts-de-santa-pola-suneixen-en-uns-jocs-olimpics-que-transmeten-valors-de-lantiga-grecia\/\" \/>\n<meta property=\"og:site_name\" content=\"Ajuntament de Santa Pola\" \/>\n<meta property=\"article:publisher\" content=\"https:\/\/www.facebook.com\/AyuntamientoSantaPola\/\" \/>\n<meta property=\"article:published_time\" content=\"2026-04-28T11:46:11+00:00\" \/>\n<meta property=\"article:modified_time\" content=\"2026-04-28T12:22:55+00:00\" \/>\n<meta property=\"og:image\" content=\"https:\/\/santapola.es\/wp-content\/uploads\/2026\/04\/IMG_5579.jpg\" \/>\n\t<meta property=\"og:image:width\" content=\"1920\" \/>\n\t<meta property=\"og:image:height\" content=\"1440\" \/>\n\t<meta property=\"og:image:type\" content=\"image\/jpeg\" \/>\n<meta name=\"author\" content=\"Jos\u00e9 Juan L\u00f3pez Lafuente\" \/>\n<meta name=\"twitter:card\" content=\"summary_large_image\" \/>\n<meta name=\"twitter:creator\" content=\"@SantaPolaAyunt\" \/>\n<meta name=\"twitter:site\" content=\"@SantaPolaAyunt\" \/>\n<script type=\"application\/ld+json\" class=\"yoast-schema-graph\">{\"@context\":\"https:\\\/\\\/schema.org\",\"@graph\":[{\"@type\":\"Article\",\"@id\":\"https:\\\/\\\/santapola.es\\\/ca\\\/els-tres-instituts-de-santa-pola-suneixen-en-uns-jocs-olimpics-que-transmeten-valors-de-lantiga-grecia\\\/#article\",\"isPartOf\":{\"@id\":\"https:\\\/\\\/santapola.es\\\/ca\\\/els-tres-instituts-de-santa-pola-suneixen-en-uns-jocs-olimpics-que-transmeten-valors-de-lantiga-grecia\\\/\"},\"author\":{\"name\":\"Jos\u00e9 Juan L\u00f3pez Lafuente\",\"@id\":\"https:\\\/\\\/santapola.es\\\/ca\\\/#\\\/schema\\\/person\\\/ad1d67403707b58350c7be5e8dbc442d\"},\"headline\":\"Els tres instituts de Santa Pola s&#8217;uneixen en uns jocs ol\u00edmpics que transmeten valors de l&#8217;antiga Gr\u00e8cia\",\"datePublished\":\"2026-04-28T11:46:11+00:00\",\"dateModified\":\"2026-04-28T12:22:55+00:00\",\"mainEntityOfPage\":{\"@id\":\"https:\\\/\\\/santapola.es\\\/ca\\\/els-tres-instituts-de-santa-pola-suneixen-en-uns-jocs-olimpics-que-transmeten-valors-de-lantiga-grecia\\\/\"},\"wordCount\":625,\"image\":{\"@id\":\"https:\\\/\\\/santapola.es\\\/ca\\\/els-tres-instituts-de-santa-pola-suneixen-en-uns-jocs-olimpics-que-transmeten-valors-de-lantiga-grecia\\\/#primaryimage\"},\"thumbnailUrl\":\"https:\\\/\\\/santapola.es\\\/wp-content\\\/uploads\\\/2026\\\/04\\\/IMG_5579.jpg\",\"keywords\":[\"\u00c1ngel Piedecausa\",\"IES Cap de L'Aljub\",\"IES Gran Alacant\",\"IES Santa Pola\",\"jocs olimpics dels instituts\"],\"articleSection\":[\"Educaci\u00f3\",\"Esport\"],\"inLanguage\":\"ca\"},{\"@type\":\"WebPage\",\"@id\":\"https:\\\/\\\/santapola.es\\\/ca\\\/els-tres-instituts-de-santa-pola-suneixen-en-uns-jocs-olimpics-que-transmeten-valors-de-lantiga-grecia\\\/\",\"url\":\"https:\\\/\\\/santapola.es\\\/ca\\\/els-tres-instituts-de-santa-pola-suneixen-en-uns-jocs-olimpics-que-transmeten-valors-de-lantiga-grecia\\\/\",\"name\":\"Els tres instituts de Santa Pola s'uneixen en uns jocs ol\u00edmpics que transmeten valors de l'antiga Gr\u00e8cia - Ajuntament de Santa Pola\",\"isPartOf\":{\"@id\":\"https:\\\/\\\/santapola.es\\\/ca\\\/#website\"},\"primaryImageOfPage\":{\"@id\":\"https:\\\/\\\/santapola.es\\\/ca\\\/els-tres-instituts-de-santa-pola-suneixen-en-uns-jocs-olimpics-que-transmeten-valors-de-lantiga-grecia\\\/#primaryimage\"},\"image\":{\"@id\":\"https:\\\/\\\/santapola.es\\\/ca\\\/els-tres-instituts-de-santa-pola-suneixen-en-uns-jocs-olimpics-que-transmeten-valors-de-lantiga-grecia\\\/#primaryimage\"},\"thumbnailUrl\":\"https:\\\/\\\/santapola.es\\\/wp-content\\\/uploads\\\/2026\\\/04\\\/IMG_5579.jpg\",\"datePublished\":\"2026-04-28T11:46:11+00:00\",\"dateModified\":\"2026-04-28T12:22:55+00:00\",\"author\":{\"@id\":\"https:\\\/\\\/santapola.es\\\/ca\\\/#\\\/schema\\\/person\\\/ad1d67403707b58350c7be5e8dbc442d\"},\"breadcrumb\":{\"@id\":\"https:\\\/\\\/santapola.es\\\/ca\\\/els-tres-instituts-de-santa-pola-suneixen-en-uns-jocs-olimpics-que-transmeten-valors-de-lantiga-grecia\\\/#breadcrumb\"},\"inLanguage\":\"ca\",\"potentialAction\":[{\"@type\":\"ReadAction\",\"target\":[\"https:\\\/\\\/santapola.es\\\/ca\\\/els-tres-instituts-de-santa-pola-suneixen-en-uns-jocs-olimpics-que-transmeten-valors-de-lantiga-grecia\\\/\"]}]},{\"@type\":\"ImageObject\",\"inLanguage\":\"ca\",\"@id\":\"https:\\\/\\\/santapola.es\\\/ca\\\/els-tres-instituts-de-santa-pola-suneixen-en-uns-jocs-olimpics-que-transmeten-valors-de-lantiga-grecia\\\/#primaryimage\",\"url\":\"https:\\\/\\\/santapola.es\\\/wp-content\\\/uploads\\\/2026\\\/04\\\/IMG_5579.jpg\",\"contentUrl\":\"https:\\\/\\\/santapola.es\\\/wp-content\\\/uploads\\\/2026\\\/04\\\/IMG_5579.jpg\",\"width\":1920,\"height\":1440},{\"@type\":\"BreadcrumbList\",\"@id\":\"https:\\\/\\\/santapola.es\\\/ca\\\/els-tres-instituts-de-santa-pola-suneixen-en-uns-jocs-olimpics-que-transmeten-valors-de-lantiga-grecia\\\/#breadcrumb\",\"itemListElement\":[{\"@type\":\"ListItem\",\"position\":1,\"name\":\"Inici\",\"item\":\"https:\\\/\\\/santapola.es\\\/ca\\\/\"},{\"@type\":\"ListItem\",\"position\":2,\"name\":\"Els tres instituts de Santa Pola s&#8217;uneixen en uns jocs ol\u00edmpics que transmeten valors de l&#8217;antiga Gr\u00e8cia\"}]},{\"@type\":\"WebSite\",\"@id\":\"https:\\\/\\\/santapola.es\\\/ca\\\/#website\",\"url\":\"https:\\\/\\\/santapola.es\\\/ca\\\/\",\"name\":\"Ayuntamiento de Santa Pola\",\"description\":\"Web de l'Ajuntament de Santa Pola\",\"potentialAction\":[{\"@type\":\"SearchAction\",\"target\":{\"@type\":\"EntryPoint\",\"urlTemplate\":\"https:\\\/\\\/santapola.es\\\/ca\\\/?s={search_term_string}\"},\"query-input\":{\"@type\":\"PropertyValueSpecification\",\"valueRequired\":true,\"valueName\":\"search_term_string\"}}],\"inLanguage\":\"ca\"},{\"@type\":\"Person\",\"@id\":\"https:\\\/\\\/santapola.es\\\/ca\\\/#\\\/schema\\\/person\\\/ad1d67403707b58350c7be5e8dbc442d\",\"name\":\"Jos\u00e9 Juan L\u00f3pez Lafuente\"}]}<\/script>\n<!-- \/ Yoast SEO plugin. -->","yoast_head_json":{"title":"Els tres instituts de Santa Pola s'uneixen en uns jocs ol\u00edmpics que transmeten valors de l'antiga Gr\u00e8cia - Ajuntament de Santa Pola","robots":{"index":"index","follow":"follow","max-snippet":"max-snippet:-1","max-image-preview":"max-image-preview:large","max-video-preview":"max-video-preview:-1"},"canonical":"https:\/\/santapola.es\/ca\/els-tres-instituts-de-santa-pola-suneixen-en-uns-jocs-olimpics-que-transmeten-valors-de-lantiga-grecia\/","og_locale":"ca_ES","og_type":"article","og_title":"Els tres instituts de Santa Pola s'uneixen en uns jocs ol\u00edmpics que transmeten valors de l'antiga Gr\u00e8cia - Ajuntament de Santa Pola","og_description":"El projecte \u201cMens sana in corpore sano\u201d s&#8217;ha incorporat en el projecte curricular de quart de l&#8217;ESO en l&#8217;IES Santa Pola, IES Cap de l\u2019Aljub i IES Gran Alacant. Un centenar d&#8217;estudiants participaran el 8 de maig en aquestes olimp\u00edades amb valors human\u00edstics. \u00c1ngel Piedecausa, regidor d&#8217;Esports, va anunciar que \u201cel pr\u00f2xim 8 de maig [&hellip;]","og_url":"https:\/\/santapola.es\/ca\/els-tres-instituts-de-santa-pola-suneixen-en-uns-jocs-olimpics-que-transmeten-valors-de-lantiga-grecia\/","og_site_name":"Ajuntament de Santa Pola","article_publisher":"https:\/\/www.facebook.com\/AyuntamientoSantaPola\/","article_published_time":"2026-04-28T11:46:11+00:00","article_modified_time":"2026-04-28T12:22:55+00:00","og_image":[{"width":1920,"height":1440,"url":"https:\/\/santapola.es\/wp-content\/uploads\/2026\/04\/IMG_5579.jpg","type":"image\/jpeg"}],"author":"Jos\u00e9 Juan L\u00f3pez Lafuente","twitter_card":"summary_large_image","twitter_creator":"@SantaPolaAyunt","twitter_site":"@SantaPolaAyunt","schema":{"@context":"https:\/\/schema.org","@graph":[{"@type":"Article","@id":"https:\/\/santapola.es\/ca\/els-tres-instituts-de-santa-pola-suneixen-en-uns-jocs-olimpics-que-transmeten-valors-de-lantiga-grecia\/#article","isPartOf":{"@id":"https:\/\/santapola.es\/ca\/els-tres-instituts-de-santa-pola-suneixen-en-uns-jocs-olimpics-que-transmeten-valors-de-lantiga-grecia\/"},"author":{"name":"Jos\u00e9 Juan L\u00f3pez Lafuente","@id":"https:\/\/santapola.es\/ca\/#\/schema\/person\/ad1d67403707b58350c7be5e8dbc442d"},"headline":"Els tres instituts de Santa Pola s&#8217;uneixen en uns jocs ol\u00edmpics que transmeten valors de l&#8217;antiga Gr\u00e8cia","datePublished":"2026-04-28T11:46:11+00:00","dateModified":"2026-04-28T12:22:55+00:00","mainEntityOfPage":{"@id":"https:\/\/santapola.es\/ca\/els-tres-instituts-de-santa-pola-suneixen-en-uns-jocs-olimpics-que-transmeten-valors-de-lantiga-grecia\/"},"wordCount":625,"image":{"@id":"https:\/\/santapola.es\/ca\/els-tres-instituts-de-santa-pola-suneixen-en-uns-jocs-olimpics-que-transmeten-valors-de-lantiga-grecia\/#primaryimage"},"thumbnailUrl":"https:\/\/santapola.es\/wp-content\/uploads\/2026\/04\/IMG_5579.jpg","keywords":["\u00c1ngel Piedecausa","IES Cap de L'Aljub","IES Gran Alacant","IES Santa Pola","jocs olimpics dels instituts"],"articleSection":["Educaci\u00f3","Esport"],"inLanguage":"ca"},{"@type":"WebPage","@id":"https:\/\/santapola.es\/ca\/els-tres-instituts-de-santa-pola-suneixen-en-uns-jocs-olimpics-que-transmeten-valors-de-lantiga-grecia\/","url":"https:\/\/santapola.es\/ca\/els-tres-instituts-de-santa-pola-suneixen-en-uns-jocs-olimpics-que-transmeten-valors-de-lantiga-grecia\/","name":"Els tres instituts de Santa Pola s'uneixen en uns jocs ol\u00edmpics que transmeten valors de l'antiga Gr\u00e8cia - Ajuntament de Santa Pola","isPartOf":{"@id":"https:\/\/santapola.es\/ca\/#website"},"primaryImageOfPage":{"@id":"https:\/\/santapola.es\/ca\/els-tres-instituts-de-santa-pola-suneixen-en-uns-jocs-olimpics-que-transmeten-valors-de-lantiga-grecia\/#primaryimage"},"image":{"@id":"https:\/\/santapola.es\/ca\/els-tres-instituts-de-santa-pola-suneixen-en-uns-jocs-olimpics-que-transmeten-valors-de-lantiga-grecia\/#primaryimage"},"thumbnailUrl":"https:\/\/santapola.es\/wp-content\/uploads\/2026\/04\/IMG_5579.jpg","datePublished":"2026-04-28T11:46:11+00:00","dateModified":"2026-04-28T12:22:55+00:00","author":{"@id":"https:\/\/santapola.es\/ca\/#\/schema\/person\/ad1d67403707b58350c7be5e8dbc442d"},"breadcrumb":{"@id":"https:\/\/santapola.es\/ca\/els-tres-instituts-de-santa-pola-suneixen-en-uns-jocs-olimpics-que-transmeten-valors-de-lantiga-grecia\/#breadcrumb"},"inLanguage":"ca","potentialAction":[{"@type":"ReadAction","target":["https:\/\/santapola.es\/ca\/els-tres-instituts-de-santa-pola-suneixen-en-uns-jocs-olimpics-que-transmeten-valors-de-lantiga-grecia\/"]}]},{"@type":"ImageObject","inLanguage":"ca","@id":"https:\/\/santapola.es\/ca\/els-tres-instituts-de-santa-pola-suneixen-en-uns-jocs-olimpics-que-transmeten-valors-de-lantiga-grecia\/#primaryimage","url":"https:\/\/santapola.es\/wp-content\/uploads\/2026\/04\/IMG_5579.jpg","contentUrl":"https:\/\/santapola.es\/wp-content\/uploads\/2026\/04\/IMG_5579.jpg","width":1920,"height":1440},{"@type":"BreadcrumbList","@id":"https:\/\/santapola.es\/ca\/els-tres-instituts-de-santa-pola-suneixen-en-uns-jocs-olimpics-que-transmeten-valors-de-lantiga-grecia\/#breadcrumb","itemListElement":[{"@type":"ListItem","position":1,"name":"Inici","item":"https:\/\/santapola.es\/ca\/"},{"@type":"ListItem","position":2,"name":"Els tres instituts de Santa Pola s&#8217;uneixen en uns jocs ol\u00edmpics que transmeten valors de l&#8217;antiga Gr\u00e8cia"}]},{"@type":"WebSite","@id":"https:\/\/santapola.es\/ca\/#website","url":"https:\/\/santapola.es\/ca\/","name":"Ayuntamiento de Santa Pola","description":"Web de l'Ajuntament de Santa Pola","potentialAction":[{"@type":"SearchAction","target":{"@type":"EntryPoint","urlTemplate":"https:\/\/santapola.es\/ca\/?s={search_term_string}"},"query-input":{"@type":"PropertyValueSpecification","valueRequired":true,"valueName":"search_term_string"}}],"inLanguage":"ca"},{"@type":"Person","@id":"https:\/\/santapola.es\/ca\/#\/schema\/person\/ad1d67403707b58350c7be5e8dbc442d","name":"Jos\u00e9 Juan L\u00f3pez Lafuente"}]}},"_links":{"self":[{"href":"https:\/\/santapola.es\/ca\/wp-json\/wp\/v2\/posts\/48657","targetHints":{"allow":["GET"]}}],"collection":[{"href":"https:\/\/santapola.es\/ca\/wp-json\/wp\/v2\/posts"}],"about":[{"href":"https:\/\/santapola.es\/ca\/wp-json\/wp\/v2\/types\/post"}],"author":[{"embeddable":true,"href":"https:\/\/santapola.es\/ca\/wp-json\/wp\/v2\/users\/96"}],"replies":[{"embeddable":true,"href":"https:\/\/santapola.es\/ca\/wp-json\/wp\/v2\/comments?post=48657"}],"version-history":[{"count":2,"href":"https:\/\/santapola.es\/ca\/wp-json\/wp\/v2\/posts\/48657\/revisions"}],"predecessor-version":[{"id":48680,"href":"https:\/\/santapola.es\/ca\/wp-json\/wp\/v2\/posts\/48657\/revisions\/48680"}],"wp:featuredmedia":[{"embeddable":true,"href":"https:\/\/santapola.es\/ca\/wp-json\/wp\/v2\/media\/48660"}],"wp:attachment":[{"href":"https:\/\/santapola.es\/ca\/wp-json\/wp\/v2\/media?parent=48657"}],"wp:term":[{"taxonomy":"category","embeddable":true,"href":"https:\/\/santapola.es\/ca\/wp-json\/wp\/v2\/categories?post=48657"},{"taxonomy":"post_tag","embeddable":true,"href":"https:\/\/santapola.es\/ca\/wp-json\/wp\/v2\/tags?post=48657"}],"curies":[{"name":"wp","href":"https:\/\/api.w.org\/{rel}","templated":true}]}}