{"id":48643,"date":"2026-04-28T10:27:50","date_gmt":"2026-04-28T08:27:50","guid":{"rendered":"https:\/\/santapola.es\/?p=48643"},"modified":"2026-04-28T10:30:18","modified_gmt":"2026-04-28T08:30:18","slug":"una-enquesta-revela-que-el-raco-jove-obte-una-alta-valoracio-encara-que-molts-jovens-desconeixen-la-seua-existencia","status":"publish","type":"post","link":"https:\/\/santapola.es\/ca\/una-enquesta-revela-que-el-raco-jove-obte-una-alta-valoracio-encara-que-molts-jovens-desconeixen-la-seua-existencia\/","title":{"rendered":"Una enquesta revela que el Rac\u00f3 Jove obt\u00e9 una alta valoraci\u00f3 encara que molts j\u00f3vens desconeixen la seua exist\u00e8ncia"},"content":{"rendered":"<p><strong>Enquesta en l\u00ednia i F\u00f2rum Jove: s&#8217;implementen noves f\u00f3rmules per a con\u00e9ixer les demandes dels j\u00f3vens de la localitat, seguint els objectius del Pla de Joventut. L&#8217;educaci\u00f3, la vivenda i la salut mental s\u00f3n els temes que generen major angoixa personal.<\/strong><\/p>\n<p>La Regidoria de Joventut, a trav\u00e9s del Portal de Participaci\u00f3, ha recaptat recentment els resultats d&#8217;una enquesta que, sota el nom de \u201cSanta Pola Jove: La teua Veu Compta\u201d, ha comptat amb un centenar de participants d&#8217;entre 12 i 30 anys, revelant que la joventut del municipi demanda un paper m\u00e9s actiu de l&#8217;Ajuntament en el seu benestar quotidi\u00e0.<\/p>\n<p>L&#8217;objectiu d&#8217;esta activitat \u00e9s servir de diagn\u00f2stic participatiu per a orientar la pol\u00edtica municipal de joventut, especialment els programes del Rac\u00f3 Jove, el principal espai de servicis juvenils de l&#8217;Ajuntament.<\/p>\n<p>A esta iniciativa se sumar\u00e0 la celebraci\u00f3 d&#8217;un F\u00f2rum Jove a principis de juny, trobada participativa entre els propis j\u00f3vens i el Regidor de Joventut.<\/p>\n<p><strong>El 40,7% no coneixia el Rac\u00f3 Jove<\/strong><\/p>\n<p>Les dades m\u00e9s significatives d&#8217;esta recent enquesta mostren que el 74,7% dels j\u00f3vens considera que Santa Pola no at\u00e9n suficientment les seues necessitats. Entre les demandes m\u00e9s urgents se situen els concerts i esdeveniments a l&#8217;aire lliure, el suport econ\u00f2mic mitjan\u00e7ant beques i ajudes, i especialment l&#8217;atenci\u00f3 a la salut mental, que apareix com a tercera prioritat en el r\u00e0nquing de necessitats i com una de les preocupacions personals m\u00e9s intenses.<\/p>\n<p>L&#8217;informe tamb\u00e9 llan\u00e7a llum sobre el Rac\u00f3 Jove. Encara que nom\u00e9s un de cada tres j\u00f3vens ha participat en les seues activitats, la satisfacci\u00f3 entre els qui ho han fet \u00e9s molt elevada. No obstant aix\u00f2, el 40,7% dels enquestats afirma que no coneixia el Rac\u00f3 Jove abans de respondre l&#8217;enquesta, i quasi la mitat desconeix que disposa de xarxes socials pr\u00f2pies.<\/p>\n<p><strong>Conclusions m\u00e9s rellevants<\/strong><\/p>\n<ul>\n<li>La joventut de Santa Pola expressa un nivell de preocupaci\u00f3 molt elevat en totes les \u00e0rees consultades, sent l&#8217;educaci\u00f3 i la vivenda les que generen major angoixa personal.<\/li>\n<li>La salut mental \u00e9s la tercera demanda en el r\u00e0nquing de servicis municipals i se situa simult\u00e0niament entre les majors preocupacions personals. No obstant aix\u00f2, des de la Regidoria s&#8217;estan duent a terme des de l&#8217;any passat diferents campanyes i nous servicis per a millorar la qualitat de vida de els\/as j\u00f3vens en este \u00e0mbit.<\/li>\n<li>El Rac\u00f3 Jove t\u00e9 un problema de visibilitat, no de qualitat. Nom\u00e9s el 32,97% ha participat, per\u00f2 la satisfacci\u00f3 mitjana dels qui ho han fet \u00e9s d&#8217;un 4,1\/5 amb un 50% de puntuacions m\u00e0ximes.<\/li>\n<li>Quatre de cada deu j\u00f3vens desconeixien l&#8217;exist\u00e8ncia del Rac\u00f3 Jove. Quasi la mitat no sabia que el Rac\u00f3 Jove t\u00e9 xarxes socials pr\u00f2pies. Aix\u00f2 suposa que s&#8217;haur\u00e0 de millorar la f\u00f3rmula d&#8217;accedir al p\u00fablic amb un refor\u00e7 de la visibilitat en xarxes socials.<\/li>\n<li>Les activitats m\u00e9s demandades s\u00f3n cinema\/teatre\/cultura, viatges i escapades, i oci nocturn saludable. El cap de setmana \u00e9s l&#8217;horari preferit amb difer\u00e8ncia (45,2%).<br \/>\nInstagram \u00e9s el canal de comunicaci\u00f3 preferit (22,5%), seguit de la cartelleria f\u00edsica (16,7%) i WhatsApp (15,6%). L&#8217;estrat\u00e8gia comunicativa ha de pivotar cap a estes plataformes.<\/li>\n<li>La participaci\u00f3 de Gran Alacant (34,1%) obliga a pensar en una oferta territorial ampliada o en servicis de mobilitat que faciliten l&#8217;acc\u00e9s al Rac\u00f3 Jove.<\/li>\n<\/ul>\n<p>La Regidoria de Joventut ha avan\u00e7at que utilitzar\u00e0 estes dades per a dissenyar el nou programa d&#8217;activitats juvenils, amb especial atenci\u00f3 a les franges hor\u00e0ries de cap de setmana i a la comunicaci\u00f3 a trav\u00e9s d&#8217;Instagram i WhatsApp, els canals digitals m\u00e9s valorats.<\/p>\n","protected":false},"excerpt":{"rendered":"<p>Enquesta en l\u00ednia i F\u00f2rum Jove: s&#8217;implementen noves f\u00f3rmules per a con\u00e9ixer les demandes dels j\u00f3vens de la localitat, seguint els objectius del Pla de Joventut. L&#8217;educaci\u00f3, la vivenda i la salut mental s\u00f3n els temes que generen major angoixa personal. La Regidoria de Joventut, a trav\u00e9s del Portal de Participaci\u00f3, ha recaptat recentment els [&hellip;]<\/p>\n","protected":false},"author":96,"featured_media":48641,"comment_status":"closed","ping_status":"closed","sticky":false,"template":"","format":"standard","meta":{"_et_pb_use_builder":"","_et_pb_old_content":"","_et_gb_content_width":"","footnotes":""},"categories":[494],"tags":[1475,544],"class_list":["post-48643","post","type-post","status-publish","format-standard","has-post-thumbnail","hentry","category-joventut","tag-enquesta","tag-raco-jove-ca"],"yoast_head":"<!-- This site is optimized with the Yoast SEO plugin v27.4 - https:\/\/yoast.com\/product\/yoast-seo-wordpress\/ -->\n<title>Una enquesta revela que el Rac\u00f3 Jove obt\u00e9 una alta valoraci\u00f3 encara que molts j\u00f3vens desconeixen la seua exist\u00e8ncia - Ajuntament de Santa Pola<\/title>\n<meta name=\"robots\" content=\"index, follow, max-snippet:-1, max-image-preview:large, max-video-preview:-1\" \/>\n<link rel=\"canonical\" href=\"https:\/\/santapola.es\/ca\/una-enquesta-revela-que-el-raco-jove-obte-una-alta-valoracio-encara-que-molts-jovens-desconeixen-la-seua-existencia\/\" \/>\n<meta property=\"og:locale\" content=\"ca_ES\" \/>\n<meta property=\"og:type\" content=\"article\" \/>\n<meta property=\"og:title\" content=\"Una enquesta revela que el Rac\u00f3 Jove obt\u00e9 una alta valoraci\u00f3 encara que molts j\u00f3vens desconeixen la seua exist\u00e8ncia - Ajuntament de Santa Pola\" \/>\n<meta property=\"og:description\" content=\"Enquesta en l\u00ednia i F\u00f2rum Jove: s&#8217;implementen noves f\u00f3rmules per a con\u00e9ixer les demandes dels j\u00f3vens de la localitat, seguint els objectius del Pla de Joventut. L&#8217;educaci\u00f3, la vivenda i la salut mental s\u00f3n els temes que generen major angoixa personal. La Regidoria de Joventut, a trav\u00e9s del Portal de Participaci\u00f3, ha recaptat recentment els [&hellip;]\" \/>\n<meta property=\"og:url\" content=\"https:\/\/santapola.es\/ca\/una-enquesta-revela-que-el-raco-jove-obte-una-alta-valoracio-encara-que-molts-jovens-desconeixen-la-seua-existencia\/\" \/>\n<meta property=\"og:site_name\" content=\"Ajuntament de Santa Pola\" \/>\n<meta property=\"article:publisher\" content=\"https:\/\/www.facebook.com\/AyuntamientoSantaPola\/\" \/>\n<meta property=\"article:published_time\" content=\"2026-04-28T08:27:50+00:00\" \/>\n<meta property=\"article:modified_time\" content=\"2026-04-28T08:30:18+00:00\" \/>\n<meta property=\"og:image\" content=\"https:\/\/santapola.es\/wp-content\/uploads\/2026\/04\/Foro-Joven.jpg\" \/>\n\t<meta property=\"og:image:width\" content=\"2048\" \/>\n\t<meta property=\"og:image:height\" content=\"1536\" \/>\n\t<meta property=\"og:image:type\" content=\"image\/jpeg\" \/>\n<meta name=\"author\" content=\"Jos\u00e9 Juan L\u00f3pez Lafuente\" \/>\n<meta name=\"twitter:card\" content=\"summary_large_image\" \/>\n<meta name=\"twitter:creator\" content=\"@SantaPolaAyunt\" \/>\n<meta name=\"twitter:site\" content=\"@SantaPolaAyunt\" \/>\n<script type=\"application\/ld+json\" class=\"yoast-schema-graph\">{\"@context\":\"https:\\\/\\\/schema.org\",\"@graph\":[{\"@type\":\"Article\",\"@id\":\"https:\\\/\\\/santapola.es\\\/ca\\\/una-enquesta-revela-que-el-raco-jove-obte-una-alta-valoracio-encara-que-molts-jovens-desconeixen-la-seua-existencia\\\/#article\",\"isPartOf\":{\"@id\":\"https:\\\/\\\/santapola.es\\\/ca\\\/una-enquesta-revela-que-el-raco-jove-obte-una-alta-valoracio-encara-que-molts-jovens-desconeixen-la-seua-existencia\\\/\"},\"author\":{\"name\":\"Jos\u00e9 Juan L\u00f3pez Lafuente\",\"@id\":\"https:\\\/\\\/santapola.es\\\/ca\\\/#\\\/schema\\\/person\\\/ad1d67403707b58350c7be5e8dbc442d\"},\"headline\":\"Una enquesta revela que el Rac\u00f3 Jove obt\u00e9 una alta valoraci\u00f3 encara que molts j\u00f3vens desconeixen la seua exist\u00e8ncia\",\"datePublished\":\"2026-04-28T08:27:50+00:00\",\"dateModified\":\"2026-04-28T08:30:18+00:00\",\"mainEntityOfPage\":{\"@id\":\"https:\\\/\\\/santapola.es\\\/ca\\\/una-enquesta-revela-que-el-raco-jove-obte-una-alta-valoracio-encara-que-molts-jovens-desconeixen-la-seua-existencia\\\/\"},\"wordCount\":657,\"image\":{\"@id\":\"https:\\\/\\\/santapola.es\\\/ca\\\/una-enquesta-revela-que-el-raco-jove-obte-una-alta-valoracio-encara-que-molts-jovens-desconeixen-la-seua-existencia\\\/#primaryimage\"},\"thumbnailUrl\":\"https:\\\/\\\/santapola.es\\\/wp-content\\\/uploads\\\/2026\\\/04\\\/Foro-Joven.jpg\",\"keywords\":[\"enquesta\",\"Rac\u00f3 Jove\"],\"articleSection\":[\"Joventut\"],\"inLanguage\":\"ca\"},{\"@type\":\"WebPage\",\"@id\":\"https:\\\/\\\/santapola.es\\\/ca\\\/una-enquesta-revela-que-el-raco-jove-obte-una-alta-valoracio-encara-que-molts-jovens-desconeixen-la-seua-existencia\\\/\",\"url\":\"https:\\\/\\\/santapola.es\\\/ca\\\/una-enquesta-revela-que-el-raco-jove-obte-una-alta-valoracio-encara-que-molts-jovens-desconeixen-la-seua-existencia\\\/\",\"name\":\"Una enquesta revela que el Rac\u00f3 Jove obt\u00e9 una alta valoraci\u00f3 encara que molts j\u00f3vens desconeixen la seua exist\u00e8ncia - Ajuntament de Santa Pola\",\"isPartOf\":{\"@id\":\"https:\\\/\\\/santapola.es\\\/ca\\\/#website\"},\"primaryImageOfPage\":{\"@id\":\"https:\\\/\\\/santapola.es\\\/ca\\\/una-enquesta-revela-que-el-raco-jove-obte-una-alta-valoracio-encara-que-molts-jovens-desconeixen-la-seua-existencia\\\/#primaryimage\"},\"image\":{\"@id\":\"https:\\\/\\\/santapola.es\\\/ca\\\/una-enquesta-revela-que-el-raco-jove-obte-una-alta-valoracio-encara-que-molts-jovens-desconeixen-la-seua-existencia\\\/#primaryimage\"},\"thumbnailUrl\":\"https:\\\/\\\/santapola.es\\\/wp-content\\\/uploads\\\/2026\\\/04\\\/Foro-Joven.jpg\",\"datePublished\":\"2026-04-28T08:27:50+00:00\",\"dateModified\":\"2026-04-28T08:30:18+00:00\",\"author\":{\"@id\":\"https:\\\/\\\/santapola.es\\\/ca\\\/#\\\/schema\\\/person\\\/ad1d67403707b58350c7be5e8dbc442d\"},\"breadcrumb\":{\"@id\":\"https:\\\/\\\/santapola.es\\\/ca\\\/una-enquesta-revela-que-el-raco-jove-obte-una-alta-valoracio-encara-que-molts-jovens-desconeixen-la-seua-existencia\\\/#breadcrumb\"},\"inLanguage\":\"ca\",\"potentialAction\":[{\"@type\":\"ReadAction\",\"target\":[\"https:\\\/\\\/santapola.es\\\/ca\\\/una-enquesta-revela-que-el-raco-jove-obte-una-alta-valoracio-encara-que-molts-jovens-desconeixen-la-seua-existencia\\\/\"]}]},{\"@type\":\"ImageObject\",\"inLanguage\":\"ca\",\"@id\":\"https:\\\/\\\/santapola.es\\\/ca\\\/una-enquesta-revela-que-el-raco-jove-obte-una-alta-valoracio-encara-que-molts-jovens-desconeixen-la-seua-existencia\\\/#primaryimage\",\"url\":\"https:\\\/\\\/santapola.es\\\/wp-content\\\/uploads\\\/2026\\\/04\\\/Foro-Joven.jpg\",\"contentUrl\":\"https:\\\/\\\/santapola.es\\\/wp-content\\\/uploads\\\/2026\\\/04\\\/Foro-Joven.jpg\",\"width\":2048,\"height\":1536},{\"@type\":\"BreadcrumbList\",\"@id\":\"https:\\\/\\\/santapola.es\\\/ca\\\/una-enquesta-revela-que-el-raco-jove-obte-una-alta-valoracio-encara-que-molts-jovens-desconeixen-la-seua-existencia\\\/#breadcrumb\",\"itemListElement\":[{\"@type\":\"ListItem\",\"position\":1,\"name\":\"Inici\",\"item\":\"https:\\\/\\\/santapola.es\\\/ca\\\/\"},{\"@type\":\"ListItem\",\"position\":2,\"name\":\"Una enquesta revela que el Rac\u00f3 Jove obt\u00e9 una alta valoraci\u00f3 encara que molts j\u00f3vens desconeixen la seua exist\u00e8ncia\"}]},{\"@type\":\"WebSite\",\"@id\":\"https:\\\/\\\/santapola.es\\\/ca\\\/#website\",\"url\":\"https:\\\/\\\/santapola.es\\\/ca\\\/\",\"name\":\"Ayuntamiento de Santa Pola\",\"description\":\"Web de l'Ajuntament de Santa Pola\",\"potentialAction\":[{\"@type\":\"SearchAction\",\"target\":{\"@type\":\"EntryPoint\",\"urlTemplate\":\"https:\\\/\\\/santapola.es\\\/ca\\\/?s={search_term_string}\"},\"query-input\":{\"@type\":\"PropertyValueSpecification\",\"valueRequired\":true,\"valueName\":\"search_term_string\"}}],\"inLanguage\":\"ca\"},{\"@type\":\"Person\",\"@id\":\"https:\\\/\\\/santapola.es\\\/ca\\\/#\\\/schema\\\/person\\\/ad1d67403707b58350c7be5e8dbc442d\",\"name\":\"Jos\u00e9 Juan L\u00f3pez Lafuente\"}]}<\/script>\n<!-- \/ Yoast SEO plugin. -->","yoast_head_json":{"title":"Una enquesta revela que el Rac\u00f3 Jove obt\u00e9 una alta valoraci\u00f3 encara que molts j\u00f3vens desconeixen la seua exist\u00e8ncia - Ajuntament de Santa Pola","robots":{"index":"index","follow":"follow","max-snippet":"max-snippet:-1","max-image-preview":"max-image-preview:large","max-video-preview":"max-video-preview:-1"},"canonical":"https:\/\/santapola.es\/ca\/una-enquesta-revela-que-el-raco-jove-obte-una-alta-valoracio-encara-que-molts-jovens-desconeixen-la-seua-existencia\/","og_locale":"ca_ES","og_type":"article","og_title":"Una enquesta revela que el Rac\u00f3 Jove obt\u00e9 una alta valoraci\u00f3 encara que molts j\u00f3vens desconeixen la seua exist\u00e8ncia - Ajuntament de Santa Pola","og_description":"Enquesta en l\u00ednia i F\u00f2rum Jove: s&#8217;implementen noves f\u00f3rmules per a con\u00e9ixer les demandes dels j\u00f3vens de la localitat, seguint els objectius del Pla de Joventut. L&#8217;educaci\u00f3, la vivenda i la salut mental s\u00f3n els temes que generen major angoixa personal. La Regidoria de Joventut, a trav\u00e9s del Portal de Participaci\u00f3, ha recaptat recentment els [&hellip;]","og_url":"https:\/\/santapola.es\/ca\/una-enquesta-revela-que-el-raco-jove-obte-una-alta-valoracio-encara-que-molts-jovens-desconeixen-la-seua-existencia\/","og_site_name":"Ajuntament de Santa Pola","article_publisher":"https:\/\/www.facebook.com\/AyuntamientoSantaPola\/","article_published_time":"2026-04-28T08:27:50+00:00","article_modified_time":"2026-04-28T08:30:18+00:00","og_image":[{"width":2048,"height":1536,"url":"https:\/\/santapola.es\/wp-content\/uploads\/2026\/04\/Foro-Joven.jpg","type":"image\/jpeg"}],"author":"Jos\u00e9 Juan L\u00f3pez Lafuente","twitter_card":"summary_large_image","twitter_creator":"@SantaPolaAyunt","twitter_site":"@SantaPolaAyunt","schema":{"@context":"https:\/\/schema.org","@graph":[{"@type":"Article","@id":"https:\/\/santapola.es\/ca\/una-enquesta-revela-que-el-raco-jove-obte-una-alta-valoracio-encara-que-molts-jovens-desconeixen-la-seua-existencia\/#article","isPartOf":{"@id":"https:\/\/santapola.es\/ca\/una-enquesta-revela-que-el-raco-jove-obte-una-alta-valoracio-encara-que-molts-jovens-desconeixen-la-seua-existencia\/"},"author":{"name":"Jos\u00e9 Juan L\u00f3pez Lafuente","@id":"https:\/\/santapola.es\/ca\/#\/schema\/person\/ad1d67403707b58350c7be5e8dbc442d"},"headline":"Una enquesta revela que el Rac\u00f3 Jove obt\u00e9 una alta valoraci\u00f3 encara que molts j\u00f3vens desconeixen la seua exist\u00e8ncia","datePublished":"2026-04-28T08:27:50+00:00","dateModified":"2026-04-28T08:30:18+00:00","mainEntityOfPage":{"@id":"https:\/\/santapola.es\/ca\/una-enquesta-revela-que-el-raco-jove-obte-una-alta-valoracio-encara-que-molts-jovens-desconeixen-la-seua-existencia\/"},"wordCount":657,"image":{"@id":"https:\/\/santapola.es\/ca\/una-enquesta-revela-que-el-raco-jove-obte-una-alta-valoracio-encara-que-molts-jovens-desconeixen-la-seua-existencia\/#primaryimage"},"thumbnailUrl":"https:\/\/santapola.es\/wp-content\/uploads\/2026\/04\/Foro-Joven.jpg","keywords":["enquesta","Rac\u00f3 Jove"],"articleSection":["Joventut"],"inLanguage":"ca"},{"@type":"WebPage","@id":"https:\/\/santapola.es\/ca\/una-enquesta-revela-que-el-raco-jove-obte-una-alta-valoracio-encara-que-molts-jovens-desconeixen-la-seua-existencia\/","url":"https:\/\/santapola.es\/ca\/una-enquesta-revela-que-el-raco-jove-obte-una-alta-valoracio-encara-que-molts-jovens-desconeixen-la-seua-existencia\/","name":"Una enquesta revela que el Rac\u00f3 Jove obt\u00e9 una alta valoraci\u00f3 encara que molts j\u00f3vens desconeixen la seua exist\u00e8ncia - Ajuntament de Santa Pola","isPartOf":{"@id":"https:\/\/santapola.es\/ca\/#website"},"primaryImageOfPage":{"@id":"https:\/\/santapola.es\/ca\/una-enquesta-revela-que-el-raco-jove-obte-una-alta-valoracio-encara-que-molts-jovens-desconeixen-la-seua-existencia\/#primaryimage"},"image":{"@id":"https:\/\/santapola.es\/ca\/una-enquesta-revela-que-el-raco-jove-obte-una-alta-valoracio-encara-que-molts-jovens-desconeixen-la-seua-existencia\/#primaryimage"},"thumbnailUrl":"https:\/\/santapola.es\/wp-content\/uploads\/2026\/04\/Foro-Joven.jpg","datePublished":"2026-04-28T08:27:50+00:00","dateModified":"2026-04-28T08:30:18+00:00","author":{"@id":"https:\/\/santapola.es\/ca\/#\/schema\/person\/ad1d67403707b58350c7be5e8dbc442d"},"breadcrumb":{"@id":"https:\/\/santapola.es\/ca\/una-enquesta-revela-que-el-raco-jove-obte-una-alta-valoracio-encara-que-molts-jovens-desconeixen-la-seua-existencia\/#breadcrumb"},"inLanguage":"ca","potentialAction":[{"@type":"ReadAction","target":["https:\/\/santapola.es\/ca\/una-enquesta-revela-que-el-raco-jove-obte-una-alta-valoracio-encara-que-molts-jovens-desconeixen-la-seua-existencia\/"]}]},{"@type":"ImageObject","inLanguage":"ca","@id":"https:\/\/santapola.es\/ca\/una-enquesta-revela-que-el-raco-jove-obte-una-alta-valoracio-encara-que-molts-jovens-desconeixen-la-seua-existencia\/#primaryimage","url":"https:\/\/santapola.es\/wp-content\/uploads\/2026\/04\/Foro-Joven.jpg","contentUrl":"https:\/\/santapola.es\/wp-content\/uploads\/2026\/04\/Foro-Joven.jpg","width":2048,"height":1536},{"@type":"BreadcrumbList","@id":"https:\/\/santapola.es\/ca\/una-enquesta-revela-que-el-raco-jove-obte-una-alta-valoracio-encara-que-molts-jovens-desconeixen-la-seua-existencia\/#breadcrumb","itemListElement":[{"@type":"ListItem","position":1,"name":"Inici","item":"https:\/\/santapola.es\/ca\/"},{"@type":"ListItem","position":2,"name":"Una enquesta revela que el Rac\u00f3 Jove obt\u00e9 una alta valoraci\u00f3 encara que molts j\u00f3vens desconeixen la seua exist\u00e8ncia"}]},{"@type":"WebSite","@id":"https:\/\/santapola.es\/ca\/#website","url":"https:\/\/santapola.es\/ca\/","name":"Ayuntamiento de Santa Pola","description":"Web de l'Ajuntament de Santa Pola","potentialAction":[{"@type":"SearchAction","target":{"@type":"EntryPoint","urlTemplate":"https:\/\/santapola.es\/ca\/?s={search_term_string}"},"query-input":{"@type":"PropertyValueSpecification","valueRequired":true,"valueName":"search_term_string"}}],"inLanguage":"ca"},{"@type":"Person","@id":"https:\/\/santapola.es\/ca\/#\/schema\/person\/ad1d67403707b58350c7be5e8dbc442d","name":"Jos\u00e9 Juan L\u00f3pez Lafuente"}]}},"_links":{"self":[{"href":"https:\/\/santapola.es\/ca\/wp-json\/wp\/v2\/posts\/48643","targetHints":{"allow":["GET"]}}],"collection":[{"href":"https:\/\/santapola.es\/ca\/wp-json\/wp\/v2\/posts"}],"about":[{"href":"https:\/\/santapola.es\/ca\/wp-json\/wp\/v2\/types\/post"}],"author":[{"embeddable":true,"href":"https:\/\/santapola.es\/ca\/wp-json\/wp\/v2\/users\/96"}],"replies":[{"embeddable":true,"href":"https:\/\/santapola.es\/ca\/wp-json\/wp\/v2\/comments?post=48643"}],"version-history":[{"count":1,"href":"https:\/\/santapola.es\/ca\/wp-json\/wp\/v2\/posts\/48643\/revisions"}],"predecessor-version":[{"id":48644,"href":"https:\/\/santapola.es\/ca\/wp-json\/wp\/v2\/posts\/48643\/revisions\/48644"}],"wp:featuredmedia":[{"embeddable":true,"href":"https:\/\/santapola.es\/ca\/wp-json\/wp\/v2\/media\/48641"}],"wp:attachment":[{"href":"https:\/\/santapola.es\/ca\/wp-json\/wp\/v2\/media?parent=48643"}],"wp:term":[{"taxonomy":"category","embeddable":true,"href":"https:\/\/santapola.es\/ca\/wp-json\/wp\/v2\/categories?post=48643"},{"taxonomy":"post_tag","embeddable":true,"href":"https:\/\/santapola.es\/ca\/wp-json\/wp\/v2\/tags?post=48643"}],"curies":[{"name":"wp","href":"https:\/\/api.w.org\/{rel}","templated":true}]}}