{"id":48614,"date":"2026-04-27T14:23:21","date_gmt":"2026-04-27T12:23:21","guid":{"rendered":"https:\/\/santapola.es\/?p=48614"},"modified":"2026-04-27T14:26:43","modified_gmt":"2026-04-27T12:26:43","slug":"actuacions-programades-durant-tot-lany-per-la-regidoria-de-sanitat-per-a-la-gestio-integral-de-plagues","status":"publish","type":"post","link":"https:\/\/santapola.es\/ca\/actuacions-programades-durant-tot-lany-per-la-regidoria-de-sanitat-per-a-la-gestio-integral-de-plagues\/","title":{"rendered":"Actuacions programades durant tot l&#8217;any per la Regidoria de Sanitat per a la gesti\u00f3 integral de plagues"},"content":{"rendered":"<p><strong>Santa Pola disposa d&#8217;un programa integral de control de plagues basat en la prevenci\u00f3 i en els controls peri\u00f2dics preventius en tot el terme municipal, que combat sobretot la proliferaci\u00f3 de mosquits, paneroles, rates o procession\u00e0ria, entre altres.<\/strong><\/p>\n<p>El regidor de Sanitat, Borja Merino, ha explicat que \u201cdes de l&#8217;ajuntament duem a terme durant tot l&#8217;any una s\u00e8rie d&#8217;actuacions peri\u00f2diques i programades en un calendari mensual, tenint com a principal objectiu la prevenci\u00f3 de les plagues habituals en la nostra zona\u201d.<\/p>\n<p>En mat\u00e8ria de control de mosquits, es duen a terme treballs peri\u00f2dics tant de mosquit tigre en embornals i zones p\u00fabliques -oferint a m\u00e9s assessorament en zones privades- com de mosquit com\u00fa en zones naturals, aiguamolls o solars, entre altres.<\/p>\n<p>\u201cEstos treballs es realitzen cada quinze dies, combinant tractaments larvicides amb productes biol\u00f2gics i tractaments adulticides quan es detecta pres\u00e8ncia. Encara que les actuacions es desenrotllen durant tot l&#8217;any, s&#8217;intensifiquen entre els mesos de mar\u00e7 i novembre, aix\u00ed com despr\u00e9s d&#8217;episodis de pluges\u201d, va matisar Merino.<\/p>\n<p>Aix\u00ed mateix, s&#8217;executa un programa de gesti\u00f3 integrada de plagues en totes les instal\u00b7lacions municipals, inclosos els centres educatius, mitjan\u00e7ant monitoratges peri\u00f2dics amb una freq\u00fc\u00e8ncia m\u00ednima de quatre vegades a l&#8217;any.<\/p>\n<p>Enguany, a causa de les constants pluges i els contrastos clim\u00e0tics entre calor i fred, \u201ctots els experts en control de plagues ens informen que en la costa mediterr\u00e0nia ser\u00e0 una temporada dif\u00edcil per la proliferaci\u00f3 abundant de mosquits, per\u00f2 l&#8217;ajuntament est\u00e0 treballant per a refor\u00e7ar tots els mitjans per a minimitzar-lo al m\u00e0xim possible\u201d.<\/p>\n<p><strong>Xarxa de clavegueram<\/strong><\/p>\n<p>Quant al control de desinsectaci\u00f3 i desratitzaci\u00f3 en la xarxa de clavegueram p\u00fablic -reixetes, tapes domicili\u00e0ries, xarxes d&#8217;enllumenat i semaf\u00f2riques, etc.-, es realitzen un m\u00ednim de quatre actuacions anuals, amb previsi\u00f3 de refor\u00e7os durant l&#8217;\u00e8poca estival. Tamb\u00e9 es desenrotllen treballs mensuals de desinsectaci\u00f3 i desinfecci\u00f3 en zones d&#8217;esplai can\u00ed.<\/p>\n<p>Dins dels programes de desratitzaci\u00f3 i desinsectaci\u00f3, s&#8217;inclouen tamb\u00e9 espais p\u00fablics com a places i jardins, on s&#8217;establix una xarxa de punts de monitoratge que es revisa peri\u00f2dicament.<\/p>\n<p>El regidor de Sanitat va recordar que \u201cperqu\u00e8 el treball que realitzem des de l&#8217;Ajuntament siga el m\u00e9s eficient possible, \u00e9s molt important que es complemente tamb\u00e9 a c\u00e0rrec de les comunitats de propietaris i els propis ve\u00efns en les seues zones privades, on nosaltres no podem actuar\u201d.<\/p>\n<p><strong>Control de la procession\u00e0ria<\/strong><\/p>\n<p>Respecte al control de la procession\u00e0ria del pi, es prioritzen els tractaments preventius amb productes biol\u00f2gics principalment en els mesos d&#8217;octubre i novembre, refor\u00e7ant-se al gener i febrer en aquelles zones on es detecta la pres\u00e8ncia de *bolsones.<\/p>\n<p>Igualment, es presta un servici de control de nidificaci\u00f3 de gavines durant mar\u00e7 i abril mitjan\u00e7ant actuacions de *descaste d&#8217;ous, prioritzant les instal\u00b7lacions p\u00fabliques com a centres educatius i altres edificis municipals.<\/p>\n<p>A m\u00e9s, l&#8217;Ajuntament disposa del servici SAIC (Servici d&#8217;Atenci\u00f3 Immediata al Ciutad\u00e0), que at\u00e9n durant tot l&#8217;any els avisos rebuts per la pres\u00e8ncia de qualsevol vector en la via p\u00fablica, a trav\u00e9s del registre d&#8217;entrada en la <a href=\"https:\/\/santapola.sedelectronica.es\/catalog\/t\/d127f7d9-230b-43c0-9fa1-7cfbdcc8125c\">seu electr\u00f2nica de la web municipal<\/a> o el tel\u00e8fon de l&#8217;ajuntament 96 541 11 00.<\/p>\n<p><img loading=\"lazy\" decoding=\"async\" class=\"aligncenter size-large wp-image-48606\" src=\"https:\/\/santapola.es\/wp-content\/uploads\/2026\/04\/1eb24a07b78841d2d4c561be37242274l0v69OlYMtFl78dy-1-1024x724.jpg\" alt=\"\" width=\"1024\" height=\"724\" srcset=\"https:\/\/santapola.es\/wp-content\/uploads\/2026\/04\/1eb24a07b78841d2d4c561be37242274l0v69OlYMtFl78dy-1-980x693.jpg 980w, https:\/\/santapola.es\/wp-content\/uploads\/2026\/04\/1eb24a07b78841d2d4c561be37242274l0v69OlYMtFl78dy-1-480x340.jpg 480w\" sizes=\"(min-width: 0px) and (max-width: 480px) 480px, (min-width: 481px) and (max-width: 980px) 980px, (min-width: 981px) 1024px, 100vw\" \/><\/p>\n<p><img loading=\"lazy\" decoding=\"async\" class=\"aligncenter size-large wp-image-48604\" src=\"https:\/\/santapola.es\/wp-content\/uploads\/2026\/04\/01-Cronograma-trabajos-realizados-Enero-2026-1024x724.jpg\" alt=\"\" width=\"1024\" height=\"724\" srcset=\"https:\/\/santapola.es\/wp-content\/uploads\/2026\/04\/01-Cronograma-trabajos-realizados-Enero-2026-980x693.jpg 980w, https:\/\/santapola.es\/wp-content\/uploads\/2026\/04\/01-Cronograma-trabajos-realizados-Enero-2026-480x339.jpg 480w\" sizes=\"(min-width: 0px) and (max-width: 480px) 480px, (min-width: 481px) and (max-width: 980px) 980px, (min-width: 981px) 1024px, 100vw\" \/><\/p>\n<p><img loading=\"lazy\" decoding=\"async\" class=\"aligncenter size-large wp-image-48608\" src=\"https:\/\/santapola.es\/wp-content\/uploads\/2026\/04\/02-Cronograma-trabajos-realizados-Febrero-2026.pdf-1024x724.jpg\" alt=\"\" width=\"1024\" height=\"724\" srcset=\"https:\/\/santapola.es\/wp-content\/uploads\/2026\/04\/02-Cronograma-trabajos-realizados-Febrero-2026.pdf-980x693.jpg 980w, https:\/\/santapola.es\/wp-content\/uploads\/2026\/04\/02-Cronograma-trabajos-realizados-Febrero-2026.pdf-480x339.jpg 480w\" sizes=\"(min-width: 0px) and (max-width: 480px) 480px, (min-width: 481px) and (max-width: 980px) 980px, (min-width: 981px) 1024px, 100vw\" \/><\/p>\n<p><img loading=\"lazy\" decoding=\"async\" class=\"aligncenter size-large wp-image-48610\" src=\"https:\/\/santapola.es\/wp-content\/uploads\/2026\/04\/03-Cronograma-trabajos-realilzados-Marzo-2026.pdf-1024x724.jpg\" alt=\"\" width=\"1024\" height=\"724\" srcset=\"https:\/\/santapola.es\/wp-content\/uploads\/2026\/04\/03-Cronograma-trabajos-realilzados-Marzo-2026.pdf-980x693.jpg 980w, https:\/\/santapola.es\/wp-content\/uploads\/2026\/04\/03-Cronograma-trabajos-realilzados-Marzo-2026.pdf-480x339.jpg 480w\" sizes=\"(min-width: 0px) and (max-width: 480px) 480px, (min-width: 481px) and (max-width: 980px) 980px, (min-width: 981px) 1024px, 100vw\" \/><\/p>\n<p><img loading=\"lazy\" decoding=\"async\" class=\"aligncenter size-large wp-image-48612\" src=\"https:\/\/santapola.es\/wp-content\/uploads\/2026\/04\/04-1eb24a07b78841d2d4c561be37242274l0v69OlYMtFl78dy-0-1024x724.jpg\" alt=\"\" width=\"1024\" height=\"724\" srcset=\"https:\/\/santapola.es\/wp-content\/uploads\/2026\/04\/04-1eb24a07b78841d2d4c561be37242274l0v69OlYMtFl78dy-0-980x693.jpg 980w, https:\/\/santapola.es\/wp-content\/uploads\/2026\/04\/04-1eb24a07b78841d2d4c561be37242274l0v69OlYMtFl78dy-0-480x340.jpg 480w\" sizes=\"(min-width: 0px) and (max-width: 480px) 480px, (min-width: 481px) and (max-width: 980px) 980px, (min-width: 981px) 1024px, 100vw\" \/><\/p>\n","protected":false},"excerpt":{"rendered":"<p>Santa Pola disposa d&#8217;un programa integral de control de plagues basat en la prevenci\u00f3 i en els controls peri\u00f2dics preventius en tot el terme municipal, que combat sobretot la proliferaci\u00f3 de mosquits, paneroles, rates o procession\u00e0ria, entre altres. El regidor de Sanitat, Borja Merino, ha explicat que \u201cdes de l&#8217;ajuntament duem a terme durant tot [&hellip;]<\/p>\n","protected":false},"author":96,"featured_media":48602,"comment_status":"closed","ping_status":"closed","sticky":false,"template":"","format":"standard","meta":{"_et_pb_use_builder":"","_et_pb_old_content":"","_et_gb_content_width":"","footnotes":""},"categories":[649],"tags":[582,1856],"class_list":["post-48614","post","type-post","status-publish","format-standard","has-post-thumbnail","hentry","category-sanitat","tag-borja-merino-ca","tag-control-de-plagues"],"yoast_head":"<!-- This site is optimized with the Yoast SEO plugin v27.4 - https:\/\/yoast.com\/product\/yoast-seo-wordpress\/ -->\n<title>Actuacions programades durant tot l&#039;any per la Regidoria de Sanitat per a la gesti\u00f3 integral de plagues - Ajuntament de Santa Pola<\/title>\n<meta name=\"robots\" content=\"index, follow, max-snippet:-1, max-image-preview:large, max-video-preview:-1\" \/>\n<link rel=\"canonical\" href=\"https:\/\/santapola.es\/ca\/actuacions-programades-durant-tot-lany-per-la-regidoria-de-sanitat-per-a-la-gestio-integral-de-plagues\/\" \/>\n<meta property=\"og:locale\" content=\"ca_ES\" \/>\n<meta property=\"og:type\" content=\"article\" \/>\n<meta property=\"og:title\" content=\"Actuacions programades durant tot l&#039;any per la Regidoria de Sanitat per a la gesti\u00f3 integral de plagues - Ajuntament de Santa Pola\" \/>\n<meta property=\"og:description\" content=\"Santa Pola disposa d&#8217;un programa integral de control de plagues basat en la prevenci\u00f3 i en els controls peri\u00f2dics preventius en tot el terme municipal, que combat sobretot la proliferaci\u00f3 de mosquits, paneroles, rates o procession\u00e0ria, entre altres. El regidor de Sanitat, Borja Merino, ha explicat que \u201cdes de l&#8217;ajuntament duem a terme durant tot [&hellip;]\" \/>\n<meta property=\"og:url\" content=\"https:\/\/santapola.es\/ca\/actuacions-programades-durant-tot-lany-per-la-regidoria-de-sanitat-per-a-la-gestio-integral-de-plagues\/\" \/>\n<meta property=\"og:site_name\" content=\"Ajuntament de Santa Pola\" \/>\n<meta property=\"article:publisher\" content=\"https:\/\/www.facebook.com\/AyuntamientoSantaPola\/\" \/>\n<meta property=\"article:published_time\" content=\"2026-04-27T12:23:21+00:00\" \/>\n<meta property=\"article:modified_time\" content=\"2026-04-27T12:26:43+00:00\" \/>\n<meta property=\"og:image\" content=\"https:\/\/santapola.es\/wp-content\/uploads\/2026\/04\/WhatsApp-Image-2026-04-27-at-11.28.59-8.jpeg\" \/>\n\t<meta property=\"og:image:width\" content=\"1920\" \/>\n\t<meta property=\"og:image:height\" content=\"1440\" \/>\n\t<meta property=\"og:image:type\" content=\"image\/jpeg\" \/>\n<meta name=\"author\" content=\"Jos\u00e9 Juan L\u00f3pez Lafuente\" \/>\n<meta name=\"twitter:card\" content=\"summary_large_image\" \/>\n<meta name=\"twitter:creator\" content=\"@SantaPolaAyunt\" \/>\n<meta name=\"twitter:site\" content=\"@SantaPolaAyunt\" \/>\n<script type=\"application\/ld+json\" class=\"yoast-schema-graph\">{\"@context\":\"https:\\\/\\\/schema.org\",\"@graph\":[{\"@type\":\"Article\",\"@id\":\"https:\\\/\\\/santapola.es\\\/ca\\\/actuacions-programades-durant-tot-lany-per-la-regidoria-de-sanitat-per-a-la-gestio-integral-de-plagues\\\/#article\",\"isPartOf\":{\"@id\":\"https:\\\/\\\/santapola.es\\\/ca\\\/actuacions-programades-durant-tot-lany-per-la-regidoria-de-sanitat-per-a-la-gestio-integral-de-plagues\\\/\"},\"author\":{\"name\":\"Jos\u00e9 Juan L\u00f3pez Lafuente\",\"@id\":\"https:\\\/\\\/santapola.es\\\/ca\\\/#\\\/schema\\\/person\\\/ad1d67403707b58350c7be5e8dbc442d\"},\"headline\":\"Actuacions programades durant tot l&#8217;any per la Regidoria de Sanitat per a la gesti\u00f3 integral de plagues\",\"datePublished\":\"2026-04-27T12:23:21+00:00\",\"dateModified\":\"2026-04-27T12:26:43+00:00\",\"mainEntityOfPage\":{\"@id\":\"https:\\\/\\\/santapola.es\\\/ca\\\/actuacions-programades-durant-tot-lany-per-la-regidoria-de-sanitat-per-a-la-gestio-integral-de-plagues\\\/\"},\"wordCount\":591,\"image\":{\"@id\":\"https:\\\/\\\/santapola.es\\\/ca\\\/actuacions-programades-durant-tot-lany-per-la-regidoria-de-sanitat-per-a-la-gestio-integral-de-plagues\\\/#primaryimage\"},\"thumbnailUrl\":\"https:\\\/\\\/santapola.es\\\/wp-content\\\/uploads\\\/2026\\\/04\\\/WhatsApp-Image-2026-04-27-at-11.28.59-8.jpeg\",\"keywords\":[\"Borja Merino\",\"control de plagues\"],\"articleSection\":[\"Sanitat\"],\"inLanguage\":\"ca\"},{\"@type\":\"WebPage\",\"@id\":\"https:\\\/\\\/santapola.es\\\/ca\\\/actuacions-programades-durant-tot-lany-per-la-regidoria-de-sanitat-per-a-la-gestio-integral-de-plagues\\\/\",\"url\":\"https:\\\/\\\/santapola.es\\\/ca\\\/actuacions-programades-durant-tot-lany-per-la-regidoria-de-sanitat-per-a-la-gestio-integral-de-plagues\\\/\",\"name\":\"Actuacions programades durant tot l'any per la Regidoria de Sanitat per a la gesti\u00f3 integral de plagues - Ajuntament de Santa Pola\",\"isPartOf\":{\"@id\":\"https:\\\/\\\/santapola.es\\\/ca\\\/#website\"},\"primaryImageOfPage\":{\"@id\":\"https:\\\/\\\/santapola.es\\\/ca\\\/actuacions-programades-durant-tot-lany-per-la-regidoria-de-sanitat-per-a-la-gestio-integral-de-plagues\\\/#primaryimage\"},\"image\":{\"@id\":\"https:\\\/\\\/santapola.es\\\/ca\\\/actuacions-programades-durant-tot-lany-per-la-regidoria-de-sanitat-per-a-la-gestio-integral-de-plagues\\\/#primaryimage\"},\"thumbnailUrl\":\"https:\\\/\\\/santapola.es\\\/wp-content\\\/uploads\\\/2026\\\/04\\\/WhatsApp-Image-2026-04-27-at-11.28.59-8.jpeg\",\"datePublished\":\"2026-04-27T12:23:21+00:00\",\"dateModified\":\"2026-04-27T12:26:43+00:00\",\"author\":{\"@id\":\"https:\\\/\\\/santapola.es\\\/ca\\\/#\\\/schema\\\/person\\\/ad1d67403707b58350c7be5e8dbc442d\"},\"breadcrumb\":{\"@id\":\"https:\\\/\\\/santapola.es\\\/ca\\\/actuacions-programades-durant-tot-lany-per-la-regidoria-de-sanitat-per-a-la-gestio-integral-de-plagues\\\/#breadcrumb\"},\"inLanguage\":\"ca\",\"potentialAction\":[{\"@type\":\"ReadAction\",\"target\":[\"https:\\\/\\\/santapola.es\\\/ca\\\/actuacions-programades-durant-tot-lany-per-la-regidoria-de-sanitat-per-a-la-gestio-integral-de-plagues\\\/\"]}]},{\"@type\":\"ImageObject\",\"inLanguage\":\"ca\",\"@id\":\"https:\\\/\\\/santapola.es\\\/ca\\\/actuacions-programades-durant-tot-lany-per-la-regidoria-de-sanitat-per-a-la-gestio-integral-de-plagues\\\/#primaryimage\",\"url\":\"https:\\\/\\\/santapola.es\\\/wp-content\\\/uploads\\\/2026\\\/04\\\/WhatsApp-Image-2026-04-27-at-11.28.59-8.jpeg\",\"contentUrl\":\"https:\\\/\\\/santapola.es\\\/wp-content\\\/uploads\\\/2026\\\/04\\\/WhatsApp-Image-2026-04-27-at-11.28.59-8.jpeg\",\"width\":1920,\"height\":1440},{\"@type\":\"BreadcrumbList\",\"@id\":\"https:\\\/\\\/santapola.es\\\/ca\\\/actuacions-programades-durant-tot-lany-per-la-regidoria-de-sanitat-per-a-la-gestio-integral-de-plagues\\\/#breadcrumb\",\"itemListElement\":[{\"@type\":\"ListItem\",\"position\":1,\"name\":\"Inici\",\"item\":\"https:\\\/\\\/santapola.es\\\/ca\\\/\"},{\"@type\":\"ListItem\",\"position\":2,\"name\":\"Actuacions programades durant tot l&#8217;any per la Regidoria de Sanitat per a la gesti\u00f3 integral de plagues\"}]},{\"@type\":\"WebSite\",\"@id\":\"https:\\\/\\\/santapola.es\\\/ca\\\/#website\",\"url\":\"https:\\\/\\\/santapola.es\\\/ca\\\/\",\"name\":\"Ayuntamiento de Santa Pola\",\"description\":\"Web de l'Ajuntament de Santa Pola\",\"potentialAction\":[{\"@type\":\"SearchAction\",\"target\":{\"@type\":\"EntryPoint\",\"urlTemplate\":\"https:\\\/\\\/santapola.es\\\/ca\\\/?s={search_term_string}\"},\"query-input\":{\"@type\":\"PropertyValueSpecification\",\"valueRequired\":true,\"valueName\":\"search_term_string\"}}],\"inLanguage\":\"ca\"},{\"@type\":\"Person\",\"@id\":\"https:\\\/\\\/santapola.es\\\/ca\\\/#\\\/schema\\\/person\\\/ad1d67403707b58350c7be5e8dbc442d\",\"name\":\"Jos\u00e9 Juan L\u00f3pez Lafuente\"}]}<\/script>\n<!-- \/ Yoast SEO plugin. -->","yoast_head_json":{"title":"Actuacions programades durant tot l'any per la Regidoria de Sanitat per a la gesti\u00f3 integral de plagues - Ajuntament de Santa Pola","robots":{"index":"index","follow":"follow","max-snippet":"max-snippet:-1","max-image-preview":"max-image-preview:large","max-video-preview":"max-video-preview:-1"},"canonical":"https:\/\/santapola.es\/ca\/actuacions-programades-durant-tot-lany-per-la-regidoria-de-sanitat-per-a-la-gestio-integral-de-plagues\/","og_locale":"ca_ES","og_type":"article","og_title":"Actuacions programades durant tot l'any per la Regidoria de Sanitat per a la gesti\u00f3 integral de plagues - Ajuntament de Santa Pola","og_description":"Santa Pola disposa d&#8217;un programa integral de control de plagues basat en la prevenci\u00f3 i en els controls peri\u00f2dics preventius en tot el terme municipal, que combat sobretot la proliferaci\u00f3 de mosquits, paneroles, rates o procession\u00e0ria, entre altres. El regidor de Sanitat, Borja Merino, ha explicat que \u201cdes de l&#8217;ajuntament duem a terme durant tot [&hellip;]","og_url":"https:\/\/santapola.es\/ca\/actuacions-programades-durant-tot-lany-per-la-regidoria-de-sanitat-per-a-la-gestio-integral-de-plagues\/","og_site_name":"Ajuntament de Santa Pola","article_publisher":"https:\/\/www.facebook.com\/AyuntamientoSantaPola\/","article_published_time":"2026-04-27T12:23:21+00:00","article_modified_time":"2026-04-27T12:26:43+00:00","og_image":[{"width":1920,"height":1440,"url":"https:\/\/santapola.es\/wp-content\/uploads\/2026\/04\/WhatsApp-Image-2026-04-27-at-11.28.59-8.jpeg","type":"image\/jpeg"}],"author":"Jos\u00e9 Juan L\u00f3pez Lafuente","twitter_card":"summary_large_image","twitter_creator":"@SantaPolaAyunt","twitter_site":"@SantaPolaAyunt","schema":{"@context":"https:\/\/schema.org","@graph":[{"@type":"Article","@id":"https:\/\/santapola.es\/ca\/actuacions-programades-durant-tot-lany-per-la-regidoria-de-sanitat-per-a-la-gestio-integral-de-plagues\/#article","isPartOf":{"@id":"https:\/\/santapola.es\/ca\/actuacions-programades-durant-tot-lany-per-la-regidoria-de-sanitat-per-a-la-gestio-integral-de-plagues\/"},"author":{"name":"Jos\u00e9 Juan L\u00f3pez Lafuente","@id":"https:\/\/santapola.es\/ca\/#\/schema\/person\/ad1d67403707b58350c7be5e8dbc442d"},"headline":"Actuacions programades durant tot l&#8217;any per la Regidoria de Sanitat per a la gesti\u00f3 integral de plagues","datePublished":"2026-04-27T12:23:21+00:00","dateModified":"2026-04-27T12:26:43+00:00","mainEntityOfPage":{"@id":"https:\/\/santapola.es\/ca\/actuacions-programades-durant-tot-lany-per-la-regidoria-de-sanitat-per-a-la-gestio-integral-de-plagues\/"},"wordCount":591,"image":{"@id":"https:\/\/santapola.es\/ca\/actuacions-programades-durant-tot-lany-per-la-regidoria-de-sanitat-per-a-la-gestio-integral-de-plagues\/#primaryimage"},"thumbnailUrl":"https:\/\/santapola.es\/wp-content\/uploads\/2026\/04\/WhatsApp-Image-2026-04-27-at-11.28.59-8.jpeg","keywords":["Borja Merino","control de plagues"],"articleSection":["Sanitat"],"inLanguage":"ca"},{"@type":"WebPage","@id":"https:\/\/santapola.es\/ca\/actuacions-programades-durant-tot-lany-per-la-regidoria-de-sanitat-per-a-la-gestio-integral-de-plagues\/","url":"https:\/\/santapola.es\/ca\/actuacions-programades-durant-tot-lany-per-la-regidoria-de-sanitat-per-a-la-gestio-integral-de-plagues\/","name":"Actuacions programades durant tot l'any per la Regidoria de Sanitat per a la gesti\u00f3 integral de plagues - Ajuntament de Santa Pola","isPartOf":{"@id":"https:\/\/santapola.es\/ca\/#website"},"primaryImageOfPage":{"@id":"https:\/\/santapola.es\/ca\/actuacions-programades-durant-tot-lany-per-la-regidoria-de-sanitat-per-a-la-gestio-integral-de-plagues\/#primaryimage"},"image":{"@id":"https:\/\/santapola.es\/ca\/actuacions-programades-durant-tot-lany-per-la-regidoria-de-sanitat-per-a-la-gestio-integral-de-plagues\/#primaryimage"},"thumbnailUrl":"https:\/\/santapola.es\/wp-content\/uploads\/2026\/04\/WhatsApp-Image-2026-04-27-at-11.28.59-8.jpeg","datePublished":"2026-04-27T12:23:21+00:00","dateModified":"2026-04-27T12:26:43+00:00","author":{"@id":"https:\/\/santapola.es\/ca\/#\/schema\/person\/ad1d67403707b58350c7be5e8dbc442d"},"breadcrumb":{"@id":"https:\/\/santapola.es\/ca\/actuacions-programades-durant-tot-lany-per-la-regidoria-de-sanitat-per-a-la-gestio-integral-de-plagues\/#breadcrumb"},"inLanguage":"ca","potentialAction":[{"@type":"ReadAction","target":["https:\/\/santapola.es\/ca\/actuacions-programades-durant-tot-lany-per-la-regidoria-de-sanitat-per-a-la-gestio-integral-de-plagues\/"]}]},{"@type":"ImageObject","inLanguage":"ca","@id":"https:\/\/santapola.es\/ca\/actuacions-programades-durant-tot-lany-per-la-regidoria-de-sanitat-per-a-la-gestio-integral-de-plagues\/#primaryimage","url":"https:\/\/santapola.es\/wp-content\/uploads\/2026\/04\/WhatsApp-Image-2026-04-27-at-11.28.59-8.jpeg","contentUrl":"https:\/\/santapola.es\/wp-content\/uploads\/2026\/04\/WhatsApp-Image-2026-04-27-at-11.28.59-8.jpeg","width":1920,"height":1440},{"@type":"BreadcrumbList","@id":"https:\/\/santapola.es\/ca\/actuacions-programades-durant-tot-lany-per-la-regidoria-de-sanitat-per-a-la-gestio-integral-de-plagues\/#breadcrumb","itemListElement":[{"@type":"ListItem","position":1,"name":"Inici","item":"https:\/\/santapola.es\/ca\/"},{"@type":"ListItem","position":2,"name":"Actuacions programades durant tot l&#8217;any per la Regidoria de Sanitat per a la gesti\u00f3 integral de plagues"}]},{"@type":"WebSite","@id":"https:\/\/santapola.es\/ca\/#website","url":"https:\/\/santapola.es\/ca\/","name":"Ayuntamiento de Santa Pola","description":"Web de l'Ajuntament de Santa Pola","potentialAction":[{"@type":"SearchAction","target":{"@type":"EntryPoint","urlTemplate":"https:\/\/santapola.es\/ca\/?s={search_term_string}"},"query-input":{"@type":"PropertyValueSpecification","valueRequired":true,"valueName":"search_term_string"}}],"inLanguage":"ca"},{"@type":"Person","@id":"https:\/\/santapola.es\/ca\/#\/schema\/person\/ad1d67403707b58350c7be5e8dbc442d","name":"Jos\u00e9 Juan L\u00f3pez Lafuente"}]}},"_links":{"self":[{"href":"https:\/\/santapola.es\/ca\/wp-json\/wp\/v2\/posts\/48614","targetHints":{"allow":["GET"]}}],"collection":[{"href":"https:\/\/santapola.es\/ca\/wp-json\/wp\/v2\/posts"}],"about":[{"href":"https:\/\/santapola.es\/ca\/wp-json\/wp\/v2\/types\/post"}],"author":[{"embeddable":true,"href":"https:\/\/santapola.es\/ca\/wp-json\/wp\/v2\/users\/96"}],"replies":[{"embeddable":true,"href":"https:\/\/santapola.es\/ca\/wp-json\/wp\/v2\/comments?post=48614"}],"version-history":[{"count":1,"href":"https:\/\/santapola.es\/ca\/wp-json\/wp\/v2\/posts\/48614\/revisions"}],"predecessor-version":[{"id":48615,"href":"https:\/\/santapola.es\/ca\/wp-json\/wp\/v2\/posts\/48614\/revisions\/48615"}],"wp:featuredmedia":[{"embeddable":true,"href":"https:\/\/santapola.es\/ca\/wp-json\/wp\/v2\/media\/48602"}],"wp:attachment":[{"href":"https:\/\/santapola.es\/ca\/wp-json\/wp\/v2\/media?parent=48614"}],"wp:term":[{"taxonomy":"category","embeddable":true,"href":"https:\/\/santapola.es\/ca\/wp-json\/wp\/v2\/categories?post=48614"},{"taxonomy":"post_tag","embeddable":true,"href":"https:\/\/santapola.es\/ca\/wp-json\/wp\/v2\/tags?post=48614"}],"curies":[{"name":"wp","href":"https:\/\/api.w.org\/{rel}","templated":true}]}}