{"id":48574,"date":"2026-04-27T09:55:39","date_gmt":"2026-04-27T07:55:39","guid":{"rendered":"https:\/\/santapola.es\/?p=48574"},"modified":"2026-04-27T09:58:27","modified_gmt":"2026-04-27T07:58:27","slug":"i-concurs-de-dibuix-infantil-santa-pola-verda","status":"publish","type":"post","link":"https:\/\/santapola.es\/ca\/i-concurs-de-dibuix-infantil-santa-pola-verda\/","title":{"rendered":"I concurs de dibuix infantil &#8220;Santa Pola Verda&#8221;"},"content":{"rendered":"<p><strong>Amb motiu del Dia Mundial del Medi ambient, Jardins de Santa Pola convida als m\u00e9s xicotets a participar en una iniciativa que posa en valor les nostres zones verdes i la cura de l&#8217;entorn. Els treballs hauran d&#8217;estar relacionats amb les zones verdes de Santa Pola i la cura del medi ambient, reflectint la import\u00e0ncia de protegir els nostres parcs, jardins i espais naturals.<\/strong><br \/>\nDirigit a alumnat des d&#8217;Educaci\u00f3 Infantil fins a 6\u00e9 de Prim\u00e0ria.<\/p>\n<p><a href=\"https:\/\/santapola.es\/wp-content\/uploads\/2026\/04\/2026-Bases-Concurso-SantaPola-Verde.pdf?fbclid=IwZXh0bgNhZW0CMTAAYnJpZBExMjdwbDBsanpkSnVQUjl6RnNydGMGYXBwX2lkEDIyMjAzOTE3ODgyMDA4OTIAAR653-19IvS2AkrLiRo4SM3n4hj2hXlffdHqFZfFbqNF6uOf5fZrR9_DYrAaLw_aem_ce9U-8dJRBPS4N5aK32nkw\">Consulta les bases<\/a><\/p>\n","protected":false},"excerpt":{"rendered":"<p>Amb motiu del Dia Mundial del Medi ambient, Jardins de Santa Pola convida als m\u00e9s xicotets a participar en una iniciativa que posa en valor les nostres zones verdes i la cura de l&#8217;entorn. Els treballs hauran d&#8217;estar relacionats amb les zones verdes de Santa Pola i la cura del medi ambient, reflectint la import\u00e0ncia [&hellip;]<\/p>\n","protected":false},"author":96,"featured_media":48572,"comment_status":"closed","ping_status":"closed","sticky":false,"template":"","format":"standard","meta":{"_et_pb_use_builder":"","_et_pb_old_content":"","_et_gb_content_width":"","footnotes":""},"categories":[603],"tags":[1776,1853,1852],"class_list":["post-48574","post","type-post","status-publish","format-standard","has-post-thumbnail","hentry","category-parcs-i-jardins","tag-actua-ca","tag-concurs-de-dibuix","tag-santa-pola-verda"],"yoast_head":"<!-- This site is optimized with the Yoast SEO plugin v27.4 - https:\/\/yoast.com\/product\/yoast-seo-wordpress\/ -->\n<title>I concurs de dibuix infantil &quot;Santa Pola Verda&quot; - Ajuntament de Santa Pola<\/title>\n<meta name=\"robots\" content=\"index, follow, max-snippet:-1, max-image-preview:large, max-video-preview:-1\" \/>\n<link rel=\"canonical\" href=\"https:\/\/santapola.es\/ca\/i-concurs-de-dibuix-infantil-santa-pola-verda\/\" \/>\n<meta property=\"og:locale\" content=\"ca_ES\" \/>\n<meta property=\"og:type\" content=\"article\" \/>\n<meta property=\"og:title\" content=\"I concurs de dibuix infantil &quot;Santa Pola Verda&quot; - Ajuntament de Santa Pola\" \/>\n<meta property=\"og:description\" content=\"Amb motiu del Dia Mundial del Medi ambient, Jardins de Santa Pola convida als m\u00e9s xicotets a participar en una iniciativa que posa en valor les nostres zones verdes i la cura de l&#8217;entorn. Els treballs hauran d&#8217;estar relacionats amb les zones verdes de Santa Pola i la cura del medi ambient, reflectint la import\u00e0ncia [&hellip;]\" \/>\n<meta property=\"og:url\" content=\"https:\/\/santapola.es\/ca\/i-concurs-de-dibuix-infantil-santa-pola-verda\/\" \/>\n<meta property=\"og:site_name\" content=\"Ajuntament de Santa Pola\" \/>\n<meta property=\"article:publisher\" content=\"https:\/\/www.facebook.com\/AyuntamientoSantaPola\/\" \/>\n<meta property=\"article:published_time\" content=\"2026-04-27T07:55:39+00:00\" \/>\n<meta property=\"article:modified_time\" content=\"2026-04-27T07:58:27+00:00\" \/>\n<meta property=\"og:image\" content=\"https:\/\/santapola.es\/wp-content\/uploads\/2026\/04\/Jardines_-CONCURSO-DIBUJO.jpg\" \/>\n\t<meta property=\"og:image:width\" content=\"1358\" \/>\n\t<meta property=\"og:image:height\" content=\"1920\" \/>\n\t<meta property=\"og:image:type\" content=\"image\/jpeg\" \/>\n<meta name=\"author\" content=\"Jos\u00e9 Juan L\u00f3pez Lafuente\" \/>\n<meta name=\"twitter:card\" content=\"summary_large_image\" \/>\n<meta name=\"twitter:creator\" content=\"@SantaPolaAyunt\" \/>\n<meta name=\"twitter:site\" content=\"@SantaPolaAyunt\" \/>\n<script type=\"application\/ld+json\" class=\"yoast-schema-graph\">{\"@context\":\"https:\\\/\\\/schema.org\",\"@graph\":[{\"@type\":\"Article\",\"@id\":\"https:\\\/\\\/santapola.es\\\/ca\\\/i-concurs-de-dibuix-infantil-santa-pola-verda\\\/#article\",\"isPartOf\":{\"@id\":\"https:\\\/\\\/santapola.es\\\/ca\\\/i-concurs-de-dibuix-infantil-santa-pola-verda\\\/\"},\"author\":{\"name\":\"Jos\u00e9 Juan L\u00f3pez Lafuente\",\"@id\":\"https:\\\/\\\/santapola.es\\\/ca\\\/#\\\/schema\\\/person\\\/ad1d67403707b58350c7be5e8dbc442d\"},\"headline\":\"I concurs de dibuix infantil &#8220;Santa Pola Verda&#8221;\",\"datePublished\":\"2026-04-27T07:55:39+00:00\",\"dateModified\":\"2026-04-27T07:58:27+00:00\",\"mainEntityOfPage\":{\"@id\":\"https:\\\/\\\/santapola.es\\\/ca\\\/i-concurs-de-dibuix-infantil-santa-pola-verda\\\/\"},\"wordCount\":91,\"image\":{\"@id\":\"https:\\\/\\\/santapola.es\\\/ca\\\/i-concurs-de-dibuix-infantil-santa-pola-verda\\\/#primaryimage\"},\"thumbnailUrl\":\"https:\\\/\\\/santapola.es\\\/wp-content\\\/uploads\\\/2026\\\/04\\\/Jardines_-CONCURSO-DIBUJO.jpg\",\"keywords\":[\"Act\u00faa\",\"concurs de dibuix\",\"Santa Pola Verda\"],\"articleSection\":[\"Parcs i jardins\"],\"inLanguage\":\"ca\"},{\"@type\":\"WebPage\",\"@id\":\"https:\\\/\\\/santapola.es\\\/ca\\\/i-concurs-de-dibuix-infantil-santa-pola-verda\\\/\",\"url\":\"https:\\\/\\\/santapola.es\\\/ca\\\/i-concurs-de-dibuix-infantil-santa-pola-verda\\\/\",\"name\":\"I concurs de dibuix infantil \\\"Santa Pola Verda\\\" - Ajuntament de Santa Pola\",\"isPartOf\":{\"@id\":\"https:\\\/\\\/santapola.es\\\/ca\\\/#website\"},\"primaryImageOfPage\":{\"@id\":\"https:\\\/\\\/santapola.es\\\/ca\\\/i-concurs-de-dibuix-infantil-santa-pola-verda\\\/#primaryimage\"},\"image\":{\"@id\":\"https:\\\/\\\/santapola.es\\\/ca\\\/i-concurs-de-dibuix-infantil-santa-pola-verda\\\/#primaryimage\"},\"thumbnailUrl\":\"https:\\\/\\\/santapola.es\\\/wp-content\\\/uploads\\\/2026\\\/04\\\/Jardines_-CONCURSO-DIBUJO.jpg\",\"datePublished\":\"2026-04-27T07:55:39+00:00\",\"dateModified\":\"2026-04-27T07:58:27+00:00\",\"author\":{\"@id\":\"https:\\\/\\\/santapola.es\\\/ca\\\/#\\\/schema\\\/person\\\/ad1d67403707b58350c7be5e8dbc442d\"},\"breadcrumb\":{\"@id\":\"https:\\\/\\\/santapola.es\\\/ca\\\/i-concurs-de-dibuix-infantil-santa-pola-verda\\\/#breadcrumb\"},\"inLanguage\":\"ca\",\"potentialAction\":[{\"@type\":\"ReadAction\",\"target\":[\"https:\\\/\\\/santapola.es\\\/ca\\\/i-concurs-de-dibuix-infantil-santa-pola-verda\\\/\"]}]},{\"@type\":\"ImageObject\",\"inLanguage\":\"ca\",\"@id\":\"https:\\\/\\\/santapola.es\\\/ca\\\/i-concurs-de-dibuix-infantil-santa-pola-verda\\\/#primaryimage\",\"url\":\"https:\\\/\\\/santapola.es\\\/wp-content\\\/uploads\\\/2026\\\/04\\\/Jardines_-CONCURSO-DIBUJO.jpg\",\"contentUrl\":\"https:\\\/\\\/santapola.es\\\/wp-content\\\/uploads\\\/2026\\\/04\\\/Jardines_-CONCURSO-DIBUJO.jpg\",\"width\":1358,\"height\":1920},{\"@type\":\"BreadcrumbList\",\"@id\":\"https:\\\/\\\/santapola.es\\\/ca\\\/i-concurs-de-dibuix-infantil-santa-pola-verda\\\/#breadcrumb\",\"itemListElement\":[{\"@type\":\"ListItem\",\"position\":1,\"name\":\"Inici\",\"item\":\"https:\\\/\\\/santapola.es\\\/ca\\\/\"},{\"@type\":\"ListItem\",\"position\":2,\"name\":\"I concurs de dibuix infantil \u00abSanta Pola Verda\u00bb\"}]},{\"@type\":\"WebSite\",\"@id\":\"https:\\\/\\\/santapola.es\\\/ca\\\/#website\",\"url\":\"https:\\\/\\\/santapola.es\\\/ca\\\/\",\"name\":\"Ayuntamiento de Santa Pola\",\"description\":\"Web de l'Ajuntament de Santa Pola\",\"potentialAction\":[{\"@type\":\"SearchAction\",\"target\":{\"@type\":\"EntryPoint\",\"urlTemplate\":\"https:\\\/\\\/santapola.es\\\/ca\\\/?s={search_term_string}\"},\"query-input\":{\"@type\":\"PropertyValueSpecification\",\"valueRequired\":true,\"valueName\":\"search_term_string\"}}],\"inLanguage\":\"ca\"},{\"@type\":\"Person\",\"@id\":\"https:\\\/\\\/santapola.es\\\/ca\\\/#\\\/schema\\\/person\\\/ad1d67403707b58350c7be5e8dbc442d\",\"name\":\"Jos\u00e9 Juan L\u00f3pez Lafuente\"}]}<\/script>\n<!-- \/ Yoast SEO plugin. -->","yoast_head_json":{"title":"I concurs de dibuix infantil \"Santa Pola Verda\" - Ajuntament de Santa Pola","robots":{"index":"index","follow":"follow","max-snippet":"max-snippet:-1","max-image-preview":"max-image-preview:large","max-video-preview":"max-video-preview:-1"},"canonical":"https:\/\/santapola.es\/ca\/i-concurs-de-dibuix-infantil-santa-pola-verda\/","og_locale":"ca_ES","og_type":"article","og_title":"I concurs de dibuix infantil \"Santa Pola Verda\" - Ajuntament de Santa Pola","og_description":"Amb motiu del Dia Mundial del Medi ambient, Jardins de Santa Pola convida als m\u00e9s xicotets a participar en una iniciativa que posa en valor les nostres zones verdes i la cura de l&#8217;entorn. Els treballs hauran d&#8217;estar relacionats amb les zones verdes de Santa Pola i la cura del medi ambient, reflectint la import\u00e0ncia [&hellip;]","og_url":"https:\/\/santapola.es\/ca\/i-concurs-de-dibuix-infantil-santa-pola-verda\/","og_site_name":"Ajuntament de Santa Pola","article_publisher":"https:\/\/www.facebook.com\/AyuntamientoSantaPola\/","article_published_time":"2026-04-27T07:55:39+00:00","article_modified_time":"2026-04-27T07:58:27+00:00","og_image":[{"width":1358,"height":1920,"url":"https:\/\/santapola.es\/wp-content\/uploads\/2026\/04\/Jardines_-CONCURSO-DIBUJO.jpg","type":"image\/jpeg"}],"author":"Jos\u00e9 Juan L\u00f3pez Lafuente","twitter_card":"summary_large_image","twitter_creator":"@SantaPolaAyunt","twitter_site":"@SantaPolaAyunt","schema":{"@context":"https:\/\/schema.org","@graph":[{"@type":"Article","@id":"https:\/\/santapola.es\/ca\/i-concurs-de-dibuix-infantil-santa-pola-verda\/#article","isPartOf":{"@id":"https:\/\/santapola.es\/ca\/i-concurs-de-dibuix-infantil-santa-pola-verda\/"},"author":{"name":"Jos\u00e9 Juan L\u00f3pez Lafuente","@id":"https:\/\/santapola.es\/ca\/#\/schema\/person\/ad1d67403707b58350c7be5e8dbc442d"},"headline":"I concurs de dibuix infantil &#8220;Santa Pola Verda&#8221;","datePublished":"2026-04-27T07:55:39+00:00","dateModified":"2026-04-27T07:58:27+00:00","mainEntityOfPage":{"@id":"https:\/\/santapola.es\/ca\/i-concurs-de-dibuix-infantil-santa-pola-verda\/"},"wordCount":91,"image":{"@id":"https:\/\/santapola.es\/ca\/i-concurs-de-dibuix-infantil-santa-pola-verda\/#primaryimage"},"thumbnailUrl":"https:\/\/santapola.es\/wp-content\/uploads\/2026\/04\/Jardines_-CONCURSO-DIBUJO.jpg","keywords":["Act\u00faa","concurs de dibuix","Santa Pola Verda"],"articleSection":["Parcs i jardins"],"inLanguage":"ca"},{"@type":"WebPage","@id":"https:\/\/santapola.es\/ca\/i-concurs-de-dibuix-infantil-santa-pola-verda\/","url":"https:\/\/santapola.es\/ca\/i-concurs-de-dibuix-infantil-santa-pola-verda\/","name":"I concurs de dibuix infantil \"Santa Pola Verda\" - Ajuntament de Santa Pola","isPartOf":{"@id":"https:\/\/santapola.es\/ca\/#website"},"primaryImageOfPage":{"@id":"https:\/\/santapola.es\/ca\/i-concurs-de-dibuix-infantil-santa-pola-verda\/#primaryimage"},"image":{"@id":"https:\/\/santapola.es\/ca\/i-concurs-de-dibuix-infantil-santa-pola-verda\/#primaryimage"},"thumbnailUrl":"https:\/\/santapola.es\/wp-content\/uploads\/2026\/04\/Jardines_-CONCURSO-DIBUJO.jpg","datePublished":"2026-04-27T07:55:39+00:00","dateModified":"2026-04-27T07:58:27+00:00","author":{"@id":"https:\/\/santapola.es\/ca\/#\/schema\/person\/ad1d67403707b58350c7be5e8dbc442d"},"breadcrumb":{"@id":"https:\/\/santapola.es\/ca\/i-concurs-de-dibuix-infantil-santa-pola-verda\/#breadcrumb"},"inLanguage":"ca","potentialAction":[{"@type":"ReadAction","target":["https:\/\/santapola.es\/ca\/i-concurs-de-dibuix-infantil-santa-pola-verda\/"]}]},{"@type":"ImageObject","inLanguage":"ca","@id":"https:\/\/santapola.es\/ca\/i-concurs-de-dibuix-infantil-santa-pola-verda\/#primaryimage","url":"https:\/\/santapola.es\/wp-content\/uploads\/2026\/04\/Jardines_-CONCURSO-DIBUJO.jpg","contentUrl":"https:\/\/santapola.es\/wp-content\/uploads\/2026\/04\/Jardines_-CONCURSO-DIBUJO.jpg","width":1358,"height":1920},{"@type":"BreadcrumbList","@id":"https:\/\/santapola.es\/ca\/i-concurs-de-dibuix-infantil-santa-pola-verda\/#breadcrumb","itemListElement":[{"@type":"ListItem","position":1,"name":"Inici","item":"https:\/\/santapola.es\/ca\/"},{"@type":"ListItem","position":2,"name":"I concurs de dibuix infantil \u00abSanta Pola Verda\u00bb"}]},{"@type":"WebSite","@id":"https:\/\/santapola.es\/ca\/#website","url":"https:\/\/santapola.es\/ca\/","name":"Ayuntamiento de Santa Pola","description":"Web de l'Ajuntament de Santa Pola","potentialAction":[{"@type":"SearchAction","target":{"@type":"EntryPoint","urlTemplate":"https:\/\/santapola.es\/ca\/?s={search_term_string}"},"query-input":{"@type":"PropertyValueSpecification","valueRequired":true,"valueName":"search_term_string"}}],"inLanguage":"ca"},{"@type":"Person","@id":"https:\/\/santapola.es\/ca\/#\/schema\/person\/ad1d67403707b58350c7be5e8dbc442d","name":"Jos\u00e9 Juan L\u00f3pez Lafuente"}]}},"_links":{"self":[{"href":"https:\/\/santapola.es\/ca\/wp-json\/wp\/v2\/posts\/48574","targetHints":{"allow":["GET"]}}],"collection":[{"href":"https:\/\/santapola.es\/ca\/wp-json\/wp\/v2\/posts"}],"about":[{"href":"https:\/\/santapola.es\/ca\/wp-json\/wp\/v2\/types\/post"}],"author":[{"embeddable":true,"href":"https:\/\/santapola.es\/ca\/wp-json\/wp\/v2\/users\/96"}],"replies":[{"embeddable":true,"href":"https:\/\/santapola.es\/ca\/wp-json\/wp\/v2\/comments?post=48574"}],"version-history":[{"count":1,"href":"https:\/\/santapola.es\/ca\/wp-json\/wp\/v2\/posts\/48574\/revisions"}],"predecessor-version":[{"id":48575,"href":"https:\/\/santapola.es\/ca\/wp-json\/wp\/v2\/posts\/48574\/revisions\/48575"}],"wp:featuredmedia":[{"embeddable":true,"href":"https:\/\/santapola.es\/ca\/wp-json\/wp\/v2\/media\/48572"}],"wp:attachment":[{"href":"https:\/\/santapola.es\/ca\/wp-json\/wp\/v2\/media?parent=48574"}],"wp:term":[{"taxonomy":"category","embeddable":true,"href":"https:\/\/santapola.es\/ca\/wp-json\/wp\/v2\/categories?post=48574"},{"taxonomy":"post_tag","embeddable":true,"href":"https:\/\/santapola.es\/ca\/wp-json\/wp\/v2\/tags?post=48574"}],"curies":[{"name":"wp","href":"https:\/\/api.w.org\/{rel}","templated":true}]}}