{"id":48531,"date":"2026-04-24T12:32:09","date_gmt":"2026-04-24T10:32:09","guid":{"rendered":"https:\/\/santapola.es\/?p=48531"},"modified":"2026-04-24T13:30:12","modified_gmt":"2026-04-24T11:30:12","slug":"santa-pola-fa-el-salt-al-circuit-nacional-amb-el-14e-festival-de-cinema-mes-obertura-mes-premis-i-major-impacte-cultural","status":"publish","type":"post","link":"https:\/\/santapola.es\/ca\/santa-pola-fa-el-salt-al-circuit-nacional-amb-el-14e-festival-de-cinema-mes-obertura-mes-premis-i-major-impacte-cultural\/","title":{"rendered":"Santa Pola fa el salt al circuit nacional amb el 14\u00e9 Festival de Cinema: m\u00e9s obertura, m\u00e9s premis i major impacte cultural"},"content":{"rendered":"<p><strong>El certamen se celebrar\u00e0 del 29 al 31 d&#8217;octubre i, per primera vegada, podran participar creadors de tota Espanya amb curtmetratges de fins a 59 minuts. Es continuaran premiant tamb\u00e9 les millors obres auton\u00f2miques, alacantines, en valenci\u00e0, aix\u00ed com locals i del p\u00fablic. En menys de dos setmanes ja s&#8217;ha batut el r\u00e8cord de participants: fins al moment hi ha m\u00e9s de 60 films presentats.<\/strong><\/p>\n<p>L&#8217;Ajuntament de Santa Pola, a trav\u00e9s de les seues Regidories de Joventut i Cultura, impulsa una nova etapa en la seua pol\u00edtica cultural amb la consolidaci\u00f3 del 14\u00e9 Festival de Cinema de Santa Pola, una evoluci\u00f3 estrat\u00e8gica que situa al municipi en el mapa nacional de l&#8217;audiovisual i refor\u00e7a la seua projecci\u00f3 cultural i tur\u00edstica.<\/p>\n<p>Este mat\u00ed ha tingut lloc la presentaci\u00f3 oficial d&#8217;esta decisiva catorzena edici\u00f3, que segons ha comentat el regidor de Joventut, Joaqu\u00edn Lozano, \u201csuposa un gran salt qualitatiu i quantitatiu en la hist\u00f2ria del nostre festival de cinema, al qual volem donar un fort impuls per a situar-lo en el panorama nacional\u201d.<\/p>\n<p>El festival, que se celebrar\u00e0 els dies 29, 30 i 31 d&#8217;octubre de 2026 a la Casa de Cultura, obri la seua participaci\u00f3 a creadors de tot el territori espanyol, consolidant aix\u00ed el seu car\u00e0cter nacional sense renunciar a les seues arrels i al ferm suport al talent valenci\u00e0, alacant\u00ed i als j\u00f3vens creadors locals.<\/p>\n<p>Esta nova etapa es reflectix en unes bases m\u00e9s \u00e0mplies i ambicioses, que establixen una estructura competitiva amb categoria nacional, auton\u00f2mica i juvenil local, refor\u00e7ant un model que combina projecci\u00f3 exterior i comprom\u00eds amb el teixit cultural del municipi.<\/p>\n<p>Antonio L\u00f3pez, coordinador del Rac\u00f3 Jove, va anunciar aix\u00ed mateix que \u201cEl festival fa a m\u00e9s un salt qualitatiu en la seua concepci\u00f3 cinematogr\u00e0fica, ampliant la participaci\u00f3 a obres tant de ficci\u00f3, animaci\u00f3 o documental i admetent curtmetratges de fins a 59 minuts de duraci\u00f3, acostant el certamen als est\u00e0ndards dels festivals nacionals\u201d.<\/p>\n<p>La regidora de Cultura, Nely Baile, va explicar que \u201centre les principals novetats destaca tamb\u00e9 l&#8217;augment de la dotaci\u00f3 econ\u00f2mica dels premis, amb reconeixements al millor curtmetratge nacional, auton\u00f2mic, alacant\u00ed, en valenci\u00e0, aix\u00ed com premis locals i del p\u00fablic\u201d.<\/p>\n<p><iframe loading=\"lazy\" title=\"Santa Pola da el salto al circuito nacional con el 14\u00ba Festival de Cine\" width=\"1080\" height=\"608\" src=\"https:\/\/www.youtube.com\/embed\/UJiAFvJSrd0?feature=oembed\"  allow=\"accelerometer; autoplay; clipboard-write; encrypted-media; gyroscope; picture-in-picture; web-share\" referrerpolicy=\"strict-origin-when-cross-origin\" allowfullscreen><\/iframe><\/p>\n<p><strong>Presentaci\u00f3 d&#8217;obres fins al 6 de setembre<\/strong><\/p>\n<p>La convocat\u00f2ria romandr\u00e0 oberta des del divendres 10 d&#8217;abril fins al 6 de setembre de 2026. Tota la informaci\u00f3 est\u00e0 ja disponible en:<br \/>\n<a href=\"https:\/\/www.racojove.com\/certamen-autonomico-de-cortos-santa-pola\/\">https:\/\/www.racojove.com\/certamen-autonomico-de-cortos-santa-pola\/<\/a><\/p>\n<p>El Festival de Cinema de Santa Pola ha demostrat en les seues edicions anteriors la seua capacitat per a atraure i recon\u00e9ixer talent de primer nivell. Entre les personalitats vinculades al certamen es troben el popular actor i director Carlos Iglesias o el cineasta alacant\u00ed Javier Marco, referent del curtmetratge espanyol i guanyador del Premi Goya. Aix\u00ed mateix, el festival ha servit com a plataforma per a creadors com \u00c1lex Rey, \u00c1lvaro Garc\u00eda Company o els Gallego Bros.<\/p>\n<p>Cal destacar que un dels \u00faltims guanyadors del certamen ha sigut el reconegut mag, c\u00f2mic i cineasta Jandro, la qual cosa evidencia el nivell competitiu i la visibilitat creixent del festival.<\/p>\n<p><strong>Incorporaci\u00f3 de Miguel Herrero<\/strong><\/p>\n<p>En esta nova etapa, el festival refor\u00e7a la seua organitzaci\u00f3 amb la incorporaci\u00f3 del director, productor i gestor cultural Miguel Herrero Herrero, membre de l&#8217;Acad\u00e8mia de les Arts i Ci\u00e8ncies Cinematogr\u00e0fiques. El cineasta ha dirigit, escrit i\/o produ\u00eft quatre llargmetratges, com <em>L&#8217;art de la llum i l&#8217;ombra<\/em>, i una vintena de curtmetratges, acumulant m\u00e9s de 400 seccions oficials i superant el centenar de premis.<\/p>\n<p>Entre ells va ser reconegut a Santa Pola en diverses ocasions com a productor de diversos curtmetratges. \u00c9s fundador i director del Festival Internacional de Cinema de Sax, qualificador dels Premis dels Goya, amb vint edicions. Compagina el cinema amb la seua faceta com a il\u00b7lusionista i escriptor, sent autor de m\u00e9s de d\u00edhuit llibres. A m\u00e9s, \u00e9s col\u00b7laborador del programa de televisi\u00f3 Quart Mil\u00b7lenni.<\/p>\n<p>Miguel Herrero va declarar que \u201cAmb esta transformaci\u00f3, l&#8217;Ajuntament de Santa Pola aposta per un projecte cultural estrat\u00e8gic capa\u00e7 d&#8217;atraure talent, dinamitzar l&#8217;economia local i consolidar una identitat cultural pr\u00f2pia vinculada a l&#8217;audiovisual\u201d.<\/p>\n<p>\u201cPer primera vegada tindrem curtmetratges de tota Espanya i fins i tot coproduccions amb altres pa\u00efsos. En nom\u00e9s setmana i mitja ja tenim r\u00e8cord de participaci\u00f3 amb m\u00e9s de 60 propostes, tenint en compte que acabem de comen\u00e7ar i que la inscripci\u00f3 estar\u00e0 oberta fins al 6 de setembre\u201d, va destacar Herrero.<\/p>\n<p>El 14\u00e9 Festival de Cinema de Santa Pola es presenta aix\u00ed com una cita clau en el calendari cultural, on tradici\u00f3, creixement i projecci\u00f3 nacional convergixen en un esdeveniment amb futur i amb major ambici\u00f3 i impacte.<\/p>\n","protected":false},"excerpt":{"rendered":"<p>El certamen se celebrar\u00e0 del 29 al 31 d&#8217;octubre i, per primera vegada, podran participar creadors de tota Espanya amb curtmetratges de fins a 59 minuts. Es continuaran premiant tamb\u00e9 les millors obres auton\u00f2miques, alacantines, en valenci\u00e0, aix\u00ed com locals i del p\u00fablic. En menys de dos setmanes ja s&#8217;ha batut el r\u00e8cord de participants: [&hellip;]<\/p>\n","protected":false},"author":96,"featured_media":48529,"comment_status":"closed","ping_status":"closed","sticky":false,"template":"","format":"standard","meta":{"_et_pb_use_builder":"","_et_pb_old_content":"","_et_gb_content_width":"","footnotes":""},"categories":[433,494],"tags":[1849,1847,498,1848,511,544],"class_list":["post-48531","post","type-post","status-publish","format-standard","has-post-thumbnail","hentry","category-cultura-ca","category-joventut","tag-antonio-lopez","tag-festival-de-cinema-de-santa-pola","tag-joaquin-lozano-ca","tag-miguel-herrero","tag-nely-baile-ca","tag-raco-jove-ca"],"yoast_head":"<!-- This site is optimized with the Yoast SEO plugin v27.4 - https:\/\/yoast.com\/product\/yoast-seo-wordpress\/ -->\n<title>Santa Pola fa el salt al circuit nacional amb el 14\u00e9 Festival de Cinema: m\u00e9s obertura, m\u00e9s premis i major impacte cultural - Ajuntament de Santa Pola<\/title>\n<meta name=\"robots\" content=\"index, follow, max-snippet:-1, max-image-preview:large, max-video-preview:-1\" \/>\n<link rel=\"canonical\" href=\"https:\/\/santapola.es\/ca\/santa-pola-fa-el-salt-al-circuit-nacional-amb-el-14e-festival-de-cinema-mes-obertura-mes-premis-i-major-impacte-cultural\/\" \/>\n<meta property=\"og:locale\" content=\"ca_ES\" \/>\n<meta property=\"og:type\" content=\"article\" \/>\n<meta property=\"og:title\" content=\"Santa Pola fa el salt al circuit nacional amb el 14\u00e9 Festival de Cinema: m\u00e9s obertura, m\u00e9s premis i major impacte cultural - Ajuntament de Santa Pola\" \/>\n<meta property=\"og:description\" content=\"El certamen se celebrar\u00e0 del 29 al 31 d&#8217;octubre i, per primera vegada, podran participar creadors de tota Espanya amb curtmetratges de fins a 59 minuts. Es continuaran premiant tamb\u00e9 les millors obres auton\u00f2miques, alacantines, en valenci\u00e0, aix\u00ed com locals i del p\u00fablic. En menys de dos setmanes ja s&#8217;ha batut el r\u00e8cord de participants: [&hellip;]\" \/>\n<meta property=\"og:url\" content=\"https:\/\/santapola.es\/ca\/santa-pola-fa-el-salt-al-circuit-nacional-amb-el-14e-festival-de-cinema-mes-obertura-mes-premis-i-major-impacte-cultural\/\" \/>\n<meta property=\"og:site_name\" content=\"Ajuntament de Santa Pola\" \/>\n<meta property=\"article:publisher\" content=\"https:\/\/www.facebook.com\/AyuntamientoSantaPola\/\" \/>\n<meta property=\"article:published_time\" content=\"2026-04-24T10:32:09+00:00\" \/>\n<meta property=\"article:modified_time\" content=\"2026-04-24T11:30:12+00:00\" \/>\n<meta property=\"og:image\" content=\"https:\/\/santapola.es\/wp-content\/uploads\/2026\/04\/IMG_5199.jpg\" \/>\n\t<meta property=\"og:image:width\" content=\"1920\" \/>\n\t<meta property=\"og:image:height\" content=\"1440\" \/>\n\t<meta property=\"og:image:type\" content=\"image\/jpeg\" \/>\n<meta name=\"author\" content=\"Jos\u00e9 Juan L\u00f3pez Lafuente\" \/>\n<meta name=\"twitter:card\" content=\"summary_large_image\" \/>\n<meta name=\"twitter:creator\" content=\"@SantaPolaAyunt\" \/>\n<meta name=\"twitter:site\" content=\"@SantaPolaAyunt\" \/>\n<script type=\"application\/ld+json\" class=\"yoast-schema-graph\">{\"@context\":\"https:\\\/\\\/schema.org\",\"@graph\":[{\"@type\":\"Article\",\"@id\":\"https:\\\/\\\/santapola.es\\\/ca\\\/santa-pola-fa-el-salt-al-circuit-nacional-amb-el-14e-festival-de-cinema-mes-obertura-mes-premis-i-major-impacte-cultural\\\/#article\",\"isPartOf\":{\"@id\":\"https:\\\/\\\/santapola.es\\\/ca\\\/santa-pola-fa-el-salt-al-circuit-nacional-amb-el-14e-festival-de-cinema-mes-obertura-mes-premis-i-major-impacte-cultural\\\/\"},\"author\":{\"name\":\"Jos\u00e9 Juan L\u00f3pez Lafuente\",\"@id\":\"https:\\\/\\\/santapola.es\\\/ca\\\/#\\\/schema\\\/person\\\/ad1d67403707b58350c7be5e8dbc442d\"},\"headline\":\"Santa Pola fa el salt al circuit nacional amb el 14\u00e9 Festival de Cinema: m\u00e9s obertura, m\u00e9s premis i major impacte cultural\",\"datePublished\":\"2026-04-24T10:32:09+00:00\",\"dateModified\":\"2026-04-24T11:30:12+00:00\",\"mainEntityOfPage\":{\"@id\":\"https:\\\/\\\/santapola.es\\\/ca\\\/santa-pola-fa-el-salt-al-circuit-nacional-amb-el-14e-festival-de-cinema-mes-obertura-mes-premis-i-major-impacte-cultural\\\/\"},\"wordCount\":832,\"image\":{\"@id\":\"https:\\\/\\\/santapola.es\\\/ca\\\/santa-pola-fa-el-salt-al-circuit-nacional-amb-el-14e-festival-de-cinema-mes-obertura-mes-premis-i-major-impacte-cultural\\\/#primaryimage\"},\"thumbnailUrl\":\"https:\\\/\\\/santapola.es\\\/wp-content\\\/uploads\\\/2026\\\/04\\\/IMG_5199.jpg\",\"keywords\":[\"Antonio L\u00f3pez\",\"Festival de Cinema de Santa Pola\",\"Joaqu\u00edn Lozano\",\"Miguel Herrero\",\"Nely Baile\",\"Rac\u00f3 Jove\"],\"articleSection\":[\"Cultura\",\"Joventut\"],\"inLanguage\":\"ca\"},{\"@type\":\"WebPage\",\"@id\":\"https:\\\/\\\/santapola.es\\\/ca\\\/santa-pola-fa-el-salt-al-circuit-nacional-amb-el-14e-festival-de-cinema-mes-obertura-mes-premis-i-major-impacte-cultural\\\/\",\"url\":\"https:\\\/\\\/santapola.es\\\/ca\\\/santa-pola-fa-el-salt-al-circuit-nacional-amb-el-14e-festival-de-cinema-mes-obertura-mes-premis-i-major-impacte-cultural\\\/\",\"name\":\"Santa Pola fa el salt al circuit nacional amb el 14\u00e9 Festival de Cinema: m\u00e9s obertura, m\u00e9s premis i major impacte cultural - Ajuntament de Santa Pola\",\"isPartOf\":{\"@id\":\"https:\\\/\\\/santapola.es\\\/ca\\\/#website\"},\"primaryImageOfPage\":{\"@id\":\"https:\\\/\\\/santapola.es\\\/ca\\\/santa-pola-fa-el-salt-al-circuit-nacional-amb-el-14e-festival-de-cinema-mes-obertura-mes-premis-i-major-impacte-cultural\\\/#primaryimage\"},\"image\":{\"@id\":\"https:\\\/\\\/santapola.es\\\/ca\\\/santa-pola-fa-el-salt-al-circuit-nacional-amb-el-14e-festival-de-cinema-mes-obertura-mes-premis-i-major-impacte-cultural\\\/#primaryimage\"},\"thumbnailUrl\":\"https:\\\/\\\/santapola.es\\\/wp-content\\\/uploads\\\/2026\\\/04\\\/IMG_5199.jpg\",\"datePublished\":\"2026-04-24T10:32:09+00:00\",\"dateModified\":\"2026-04-24T11:30:12+00:00\",\"author\":{\"@id\":\"https:\\\/\\\/santapola.es\\\/ca\\\/#\\\/schema\\\/person\\\/ad1d67403707b58350c7be5e8dbc442d\"},\"breadcrumb\":{\"@id\":\"https:\\\/\\\/santapola.es\\\/ca\\\/santa-pola-fa-el-salt-al-circuit-nacional-amb-el-14e-festival-de-cinema-mes-obertura-mes-premis-i-major-impacte-cultural\\\/#breadcrumb\"},\"inLanguage\":\"ca\",\"potentialAction\":[{\"@type\":\"ReadAction\",\"target\":[\"https:\\\/\\\/santapola.es\\\/ca\\\/santa-pola-fa-el-salt-al-circuit-nacional-amb-el-14e-festival-de-cinema-mes-obertura-mes-premis-i-major-impacte-cultural\\\/\"]}]},{\"@type\":\"ImageObject\",\"inLanguage\":\"ca\",\"@id\":\"https:\\\/\\\/santapola.es\\\/ca\\\/santa-pola-fa-el-salt-al-circuit-nacional-amb-el-14e-festival-de-cinema-mes-obertura-mes-premis-i-major-impacte-cultural\\\/#primaryimage\",\"url\":\"https:\\\/\\\/santapola.es\\\/wp-content\\\/uploads\\\/2026\\\/04\\\/IMG_5199.jpg\",\"contentUrl\":\"https:\\\/\\\/santapola.es\\\/wp-content\\\/uploads\\\/2026\\\/04\\\/IMG_5199.jpg\",\"width\":1920,\"height\":1440},{\"@type\":\"BreadcrumbList\",\"@id\":\"https:\\\/\\\/santapola.es\\\/ca\\\/santa-pola-fa-el-salt-al-circuit-nacional-amb-el-14e-festival-de-cinema-mes-obertura-mes-premis-i-major-impacte-cultural\\\/#breadcrumb\",\"itemListElement\":[{\"@type\":\"ListItem\",\"position\":1,\"name\":\"Inici\",\"item\":\"https:\\\/\\\/santapola.es\\\/ca\\\/\"},{\"@type\":\"ListItem\",\"position\":2,\"name\":\"Santa Pola fa el salt al circuit nacional amb el 14\u00e9 Festival de Cinema: m\u00e9s obertura, m\u00e9s premis i major impacte cultural\"}]},{\"@type\":\"WebSite\",\"@id\":\"https:\\\/\\\/santapola.es\\\/ca\\\/#website\",\"url\":\"https:\\\/\\\/santapola.es\\\/ca\\\/\",\"name\":\"Ayuntamiento de Santa Pola\",\"description\":\"Web de l'Ajuntament de Santa Pola\",\"potentialAction\":[{\"@type\":\"SearchAction\",\"target\":{\"@type\":\"EntryPoint\",\"urlTemplate\":\"https:\\\/\\\/santapola.es\\\/ca\\\/?s={search_term_string}\"},\"query-input\":{\"@type\":\"PropertyValueSpecification\",\"valueRequired\":true,\"valueName\":\"search_term_string\"}}],\"inLanguage\":\"ca\"},{\"@type\":\"Person\",\"@id\":\"https:\\\/\\\/santapola.es\\\/ca\\\/#\\\/schema\\\/person\\\/ad1d67403707b58350c7be5e8dbc442d\",\"name\":\"Jos\u00e9 Juan L\u00f3pez Lafuente\"}]}<\/script>\n<!-- \/ Yoast SEO plugin. -->","yoast_head_json":{"title":"Santa Pola fa el salt al circuit nacional amb el 14\u00e9 Festival de Cinema: m\u00e9s obertura, m\u00e9s premis i major impacte cultural - Ajuntament de Santa Pola","robots":{"index":"index","follow":"follow","max-snippet":"max-snippet:-1","max-image-preview":"max-image-preview:large","max-video-preview":"max-video-preview:-1"},"canonical":"https:\/\/santapola.es\/ca\/santa-pola-fa-el-salt-al-circuit-nacional-amb-el-14e-festival-de-cinema-mes-obertura-mes-premis-i-major-impacte-cultural\/","og_locale":"ca_ES","og_type":"article","og_title":"Santa Pola fa el salt al circuit nacional amb el 14\u00e9 Festival de Cinema: m\u00e9s obertura, m\u00e9s premis i major impacte cultural - Ajuntament de Santa Pola","og_description":"El certamen se celebrar\u00e0 del 29 al 31 d&#8217;octubre i, per primera vegada, podran participar creadors de tota Espanya amb curtmetratges de fins a 59 minuts. Es continuaran premiant tamb\u00e9 les millors obres auton\u00f2miques, alacantines, en valenci\u00e0, aix\u00ed com locals i del p\u00fablic. En menys de dos setmanes ja s&#8217;ha batut el r\u00e8cord de participants: [&hellip;]","og_url":"https:\/\/santapola.es\/ca\/santa-pola-fa-el-salt-al-circuit-nacional-amb-el-14e-festival-de-cinema-mes-obertura-mes-premis-i-major-impacte-cultural\/","og_site_name":"Ajuntament de Santa Pola","article_publisher":"https:\/\/www.facebook.com\/AyuntamientoSantaPola\/","article_published_time":"2026-04-24T10:32:09+00:00","article_modified_time":"2026-04-24T11:30:12+00:00","og_image":[{"width":1920,"height":1440,"url":"https:\/\/santapola.es\/wp-content\/uploads\/2026\/04\/IMG_5199.jpg","type":"image\/jpeg"}],"author":"Jos\u00e9 Juan L\u00f3pez Lafuente","twitter_card":"summary_large_image","twitter_creator":"@SantaPolaAyunt","twitter_site":"@SantaPolaAyunt","schema":{"@context":"https:\/\/schema.org","@graph":[{"@type":"Article","@id":"https:\/\/santapola.es\/ca\/santa-pola-fa-el-salt-al-circuit-nacional-amb-el-14e-festival-de-cinema-mes-obertura-mes-premis-i-major-impacte-cultural\/#article","isPartOf":{"@id":"https:\/\/santapola.es\/ca\/santa-pola-fa-el-salt-al-circuit-nacional-amb-el-14e-festival-de-cinema-mes-obertura-mes-premis-i-major-impacte-cultural\/"},"author":{"name":"Jos\u00e9 Juan L\u00f3pez Lafuente","@id":"https:\/\/santapola.es\/ca\/#\/schema\/person\/ad1d67403707b58350c7be5e8dbc442d"},"headline":"Santa Pola fa el salt al circuit nacional amb el 14\u00e9 Festival de Cinema: m\u00e9s obertura, m\u00e9s premis i major impacte cultural","datePublished":"2026-04-24T10:32:09+00:00","dateModified":"2026-04-24T11:30:12+00:00","mainEntityOfPage":{"@id":"https:\/\/santapola.es\/ca\/santa-pola-fa-el-salt-al-circuit-nacional-amb-el-14e-festival-de-cinema-mes-obertura-mes-premis-i-major-impacte-cultural\/"},"wordCount":832,"image":{"@id":"https:\/\/santapola.es\/ca\/santa-pola-fa-el-salt-al-circuit-nacional-amb-el-14e-festival-de-cinema-mes-obertura-mes-premis-i-major-impacte-cultural\/#primaryimage"},"thumbnailUrl":"https:\/\/santapola.es\/wp-content\/uploads\/2026\/04\/IMG_5199.jpg","keywords":["Antonio L\u00f3pez","Festival de Cinema de Santa Pola","Joaqu\u00edn Lozano","Miguel Herrero","Nely Baile","Rac\u00f3 Jove"],"articleSection":["Cultura","Joventut"],"inLanguage":"ca"},{"@type":"WebPage","@id":"https:\/\/santapola.es\/ca\/santa-pola-fa-el-salt-al-circuit-nacional-amb-el-14e-festival-de-cinema-mes-obertura-mes-premis-i-major-impacte-cultural\/","url":"https:\/\/santapola.es\/ca\/santa-pola-fa-el-salt-al-circuit-nacional-amb-el-14e-festival-de-cinema-mes-obertura-mes-premis-i-major-impacte-cultural\/","name":"Santa Pola fa el salt al circuit nacional amb el 14\u00e9 Festival de Cinema: m\u00e9s obertura, m\u00e9s premis i major impacte cultural - Ajuntament de Santa Pola","isPartOf":{"@id":"https:\/\/santapola.es\/ca\/#website"},"primaryImageOfPage":{"@id":"https:\/\/santapola.es\/ca\/santa-pola-fa-el-salt-al-circuit-nacional-amb-el-14e-festival-de-cinema-mes-obertura-mes-premis-i-major-impacte-cultural\/#primaryimage"},"image":{"@id":"https:\/\/santapola.es\/ca\/santa-pola-fa-el-salt-al-circuit-nacional-amb-el-14e-festival-de-cinema-mes-obertura-mes-premis-i-major-impacte-cultural\/#primaryimage"},"thumbnailUrl":"https:\/\/santapola.es\/wp-content\/uploads\/2026\/04\/IMG_5199.jpg","datePublished":"2026-04-24T10:32:09+00:00","dateModified":"2026-04-24T11:30:12+00:00","author":{"@id":"https:\/\/santapola.es\/ca\/#\/schema\/person\/ad1d67403707b58350c7be5e8dbc442d"},"breadcrumb":{"@id":"https:\/\/santapola.es\/ca\/santa-pola-fa-el-salt-al-circuit-nacional-amb-el-14e-festival-de-cinema-mes-obertura-mes-premis-i-major-impacte-cultural\/#breadcrumb"},"inLanguage":"ca","potentialAction":[{"@type":"ReadAction","target":["https:\/\/santapola.es\/ca\/santa-pola-fa-el-salt-al-circuit-nacional-amb-el-14e-festival-de-cinema-mes-obertura-mes-premis-i-major-impacte-cultural\/"]}]},{"@type":"ImageObject","inLanguage":"ca","@id":"https:\/\/santapola.es\/ca\/santa-pola-fa-el-salt-al-circuit-nacional-amb-el-14e-festival-de-cinema-mes-obertura-mes-premis-i-major-impacte-cultural\/#primaryimage","url":"https:\/\/santapola.es\/wp-content\/uploads\/2026\/04\/IMG_5199.jpg","contentUrl":"https:\/\/santapola.es\/wp-content\/uploads\/2026\/04\/IMG_5199.jpg","width":1920,"height":1440},{"@type":"BreadcrumbList","@id":"https:\/\/santapola.es\/ca\/santa-pola-fa-el-salt-al-circuit-nacional-amb-el-14e-festival-de-cinema-mes-obertura-mes-premis-i-major-impacte-cultural\/#breadcrumb","itemListElement":[{"@type":"ListItem","position":1,"name":"Inici","item":"https:\/\/santapola.es\/ca\/"},{"@type":"ListItem","position":2,"name":"Santa Pola fa el salt al circuit nacional amb el 14\u00e9 Festival de Cinema: m\u00e9s obertura, m\u00e9s premis i major impacte cultural"}]},{"@type":"WebSite","@id":"https:\/\/santapola.es\/ca\/#website","url":"https:\/\/santapola.es\/ca\/","name":"Ayuntamiento de Santa Pola","description":"Web de l'Ajuntament de Santa Pola","potentialAction":[{"@type":"SearchAction","target":{"@type":"EntryPoint","urlTemplate":"https:\/\/santapola.es\/ca\/?s={search_term_string}"},"query-input":{"@type":"PropertyValueSpecification","valueRequired":true,"valueName":"search_term_string"}}],"inLanguage":"ca"},{"@type":"Person","@id":"https:\/\/santapola.es\/ca\/#\/schema\/person\/ad1d67403707b58350c7be5e8dbc442d","name":"Jos\u00e9 Juan L\u00f3pez Lafuente"}]}},"_links":{"self":[{"href":"https:\/\/santapola.es\/ca\/wp-json\/wp\/v2\/posts\/48531","targetHints":{"allow":["GET"]}}],"collection":[{"href":"https:\/\/santapola.es\/ca\/wp-json\/wp\/v2\/posts"}],"about":[{"href":"https:\/\/santapola.es\/ca\/wp-json\/wp\/v2\/types\/post"}],"author":[{"embeddable":true,"href":"https:\/\/santapola.es\/ca\/wp-json\/wp\/v2\/users\/96"}],"replies":[{"embeddable":true,"href":"https:\/\/santapola.es\/ca\/wp-json\/wp\/v2\/comments?post=48531"}],"version-history":[{"count":2,"href":"https:\/\/santapola.es\/ca\/wp-json\/wp\/v2\/posts\/48531\/revisions"}],"predecessor-version":[{"id":48535,"href":"https:\/\/santapola.es\/ca\/wp-json\/wp\/v2\/posts\/48531\/revisions\/48535"}],"wp:featuredmedia":[{"embeddable":true,"href":"https:\/\/santapola.es\/ca\/wp-json\/wp\/v2\/media\/48529"}],"wp:attachment":[{"href":"https:\/\/santapola.es\/ca\/wp-json\/wp\/v2\/media?parent=48531"}],"wp:term":[{"taxonomy":"category","embeddable":true,"href":"https:\/\/santapola.es\/ca\/wp-json\/wp\/v2\/categories?post=48531"},{"taxonomy":"post_tag","embeddable":true,"href":"https:\/\/santapola.es\/ca\/wp-json\/wp\/v2\/tags?post=48531"}],"curies":[{"name":"wp","href":"https:\/\/api.w.org\/{rel}","templated":true}]}}