{"id":48502,"date":"2025-08-05T12:02:15","date_gmt":"2025-08-05T10:02:15","guid":{"rendered":"https:\/\/santapola.es\/?p=48502"},"modified":"2026-04-23T12:07:25","modified_gmt":"2026-04-23T10:07:25","slug":"renovada-tota-la-senyalistica-i-panells-informatius-de-la-serra-de-santa-pola-2","status":"publish","type":"post","link":"https:\/\/santapola.es\/ca\/renovada-tota-la-senyalistica-i-panells-informatius-de-la-serra-de-santa-pola-2\/","title":{"rendered":"Renovada tota la senyal\u00edstica i panells informatius de la Serra de Santa Pola"},"content":{"rendered":"<p><strong>L&#8217;Ajuntament de Santa Pola ha invertit 35.000 euros finan\u00e7ats amb fons europeus, que han servit per a instal\u00b7lar la nova senyal\u00edstica sobre pals de fusta i nous panells informatius en punts d&#8217;inter\u00e9s com el mirador del far, la Foia Rotja o els elements defensius de la Guerra Civil.<\/strong><br \/>\n<strong>Este projecte ha sigut finan\u00e7at a trav\u00e9s del Pla de Sostenibilitat Tur\u00edstica en Dest\u00ed (PSTD) amb fons europeus Next Generation.<\/strong><\/p>\n<p><img loading=\"lazy\" decoding=\"async\" class=\"aligncenter size-large wp-image-43904\" src=\"https:\/\/santapola.es\/wp-content\/uploads\/2025\/01\/2024_10-TODOS-LOS-LOGOS-png-1024x64.png\" alt=\"\" width=\"1024\" height=\"64\" srcset=\"https:\/\/santapola.es\/wp-content\/uploads\/2025\/01\/2024_10-TODOS-LOS-LOGOS-png-980x61.png 980w, https:\/\/santapola.es\/wp-content\/uploads\/2025\/01\/2024_10-TODOS-LOS-LOGOS-png-480x30.png 480w\" sizes=\"(min-width: 0px) and (max-width: 480px) 480px, (min-width: 481px) and (max-width: 980px) 980px, (min-width: 981px) 1024px, 100vw\" \/><\/p>\n<p>&nbsp;<\/p>\n","protected":false},"excerpt":{"rendered":"<p>L&#8217;Ajuntament de Santa Pola ha invertit 35.000 euros finan\u00e7ats amb fons europeus, que han servit per a instal\u00b7lar la nova senyal\u00edstica sobre pals de fusta i nous panells informatius en punts d&#8217;inter\u00e9s com el mirador del far, la Foia Rotja o els elements defensius de la Guerra Civil. Este projecte ha sigut finan\u00e7at a trav\u00e9s [&hellip;]<\/p>\n","protected":false},"author":96,"featured_media":48500,"comment_status":"closed","ping_status":"closed","sticky":false,"template":"","format":"standard","meta":{"_et_pb_use_builder":"","_et_pb_old_content":"","_et_gb_content_width":"","footnotes":""},"categories":[546,1590,1591,589],"tags":[1505,1130,1148,1844],"class_list":["post-48502","post","type-post","status-publish","format-standard","has-post-thumbnail","hentry","category-medi-ambient","category-next-generation-eu-2","category-pla-de-recuperacio","category-turisme","tag-nextgenerationeu-ca","tag-pla-de-recuperacio","tag-pla-de-sostenibilitat-turistica-en-desti","tag-serra-de-santa-pola"],"yoast_head":"<!-- This site is optimized with the Yoast SEO plugin v27.4 - https:\/\/yoast.com\/product\/yoast-seo-wordpress\/ -->\n<title>Renovada tota la senyal\u00edstica i panells informatius de la Serra de Santa Pola - Ajuntament de Santa Pola<\/title>\n<meta name=\"robots\" content=\"index, follow, max-snippet:-1, max-image-preview:large, max-video-preview:-1\" \/>\n<link rel=\"canonical\" href=\"https:\/\/santapola.es\/ca\/renovada-tota-la-senyalistica-i-panells-informatius-de-la-serra-de-santa-pola-2\/\" \/>\n<meta property=\"og:locale\" content=\"ca_ES\" \/>\n<meta property=\"og:type\" content=\"article\" \/>\n<meta property=\"og:title\" content=\"Renovada tota la senyal\u00edstica i panells informatius de la Serra de Santa Pola - Ajuntament de Santa Pola\" \/>\n<meta property=\"og:description\" content=\"L&#8217;Ajuntament de Santa Pola ha invertit 35.000 euros finan\u00e7ats amb fons europeus, que han servit per a instal\u00b7lar la nova senyal\u00edstica sobre pals de fusta i nous panells informatius en punts d&#8217;inter\u00e9s com el mirador del far, la Foia Rotja o els elements defensius de la Guerra Civil. Este projecte ha sigut finan\u00e7at a trav\u00e9s [&hellip;]\" \/>\n<meta property=\"og:url\" content=\"https:\/\/santapola.es\/ca\/renovada-tota-la-senyalistica-i-panells-informatius-de-la-serra-de-santa-pola-2\/\" \/>\n<meta property=\"og:site_name\" content=\"Ajuntament de Santa Pola\" \/>\n<meta property=\"article:publisher\" content=\"https:\/\/www.facebook.com\/AyuntamientoSantaPola\/\" \/>\n<meta property=\"article:published_time\" content=\"2025-08-05T10:02:15+00:00\" \/>\n<meta property=\"article:modified_time\" content=\"2026-04-23T10:07:25+00:00\" \/>\n<meta property=\"og:image\" content=\"https:\/\/santapola.es\/wp-content\/uploads\/2026\/04\/528026312_1061946762787152_6700988221390910725_n.jpg\" \/>\n\t<meta property=\"og:image:width\" content=\"2048\" \/>\n\t<meta property=\"og:image:height\" content=\"1536\" \/>\n\t<meta property=\"og:image:type\" content=\"image\/jpeg\" \/>\n<meta name=\"author\" content=\"Jos\u00e9 Juan L\u00f3pez Lafuente\" \/>\n<meta name=\"twitter:card\" content=\"summary_large_image\" \/>\n<meta name=\"twitter:creator\" content=\"@SantaPolaAyunt\" \/>\n<meta name=\"twitter:site\" content=\"@SantaPolaAyunt\" \/>\n<script type=\"application\/ld+json\" class=\"yoast-schema-graph\">{\"@context\":\"https:\\\/\\\/schema.org\",\"@graph\":[{\"@type\":\"Article\",\"@id\":\"https:\\\/\\\/santapola.es\\\/ca\\\/renovada-tota-la-senyalistica-i-panells-informatius-de-la-serra-de-santa-pola-2\\\/#article\",\"isPartOf\":{\"@id\":\"https:\\\/\\\/santapola.es\\\/ca\\\/renovada-tota-la-senyalistica-i-panells-informatius-de-la-serra-de-santa-pola-2\\\/\"},\"author\":{\"name\":\"Jos\u00e9 Juan L\u00f3pez Lafuente\",\"@id\":\"https:\\\/\\\/santapola.es\\\/ca\\\/#\\\/schema\\\/person\\\/ad1d67403707b58350c7be5e8dbc442d\"},\"headline\":\"Renovada tota la senyal\u00edstica i panells informatius de la Serra de Santa Pola\",\"datePublished\":\"2025-08-05T10:02:15+00:00\",\"dateModified\":\"2026-04-23T10:07:25+00:00\",\"mainEntityOfPage\":{\"@id\":\"https:\\\/\\\/santapola.es\\\/ca\\\/renovada-tota-la-senyalistica-i-panells-informatius-de-la-serra-de-santa-pola-2\\\/\"},\"wordCount\":91,\"image\":{\"@id\":\"https:\\\/\\\/santapola.es\\\/ca\\\/renovada-tota-la-senyalistica-i-panells-informatius-de-la-serra-de-santa-pola-2\\\/#primaryimage\"},\"thumbnailUrl\":\"https:\\\/\\\/santapola.es\\\/wp-content\\\/uploads\\\/2026\\\/04\\\/528026312_1061946762787152_6700988221390910725_n.jpg\",\"keywords\":[\"NextGenerationEU\",\"Pla de recuperaci\u00f3\",\"Pla de Sostenibilitat Tur\u00edstica en Dest\u00ed\",\"Serra de Santa Pola\"],\"articleSection\":[\"Medi Ambient\",\"Next Generation EU\",\"Pla de Recuperaci\u00f3\",\"Turisme\"],\"inLanguage\":\"ca\"},{\"@type\":\"WebPage\",\"@id\":\"https:\\\/\\\/santapola.es\\\/ca\\\/renovada-tota-la-senyalistica-i-panells-informatius-de-la-serra-de-santa-pola-2\\\/\",\"url\":\"https:\\\/\\\/santapola.es\\\/ca\\\/renovada-tota-la-senyalistica-i-panells-informatius-de-la-serra-de-santa-pola-2\\\/\",\"name\":\"Renovada tota la senyal\u00edstica i panells informatius de la Serra de Santa Pola - Ajuntament de Santa Pola\",\"isPartOf\":{\"@id\":\"https:\\\/\\\/santapola.es\\\/ca\\\/#website\"},\"primaryImageOfPage\":{\"@id\":\"https:\\\/\\\/santapola.es\\\/ca\\\/renovada-tota-la-senyalistica-i-panells-informatius-de-la-serra-de-santa-pola-2\\\/#primaryimage\"},\"image\":{\"@id\":\"https:\\\/\\\/santapola.es\\\/ca\\\/renovada-tota-la-senyalistica-i-panells-informatius-de-la-serra-de-santa-pola-2\\\/#primaryimage\"},\"thumbnailUrl\":\"https:\\\/\\\/santapola.es\\\/wp-content\\\/uploads\\\/2026\\\/04\\\/528026312_1061946762787152_6700988221390910725_n.jpg\",\"datePublished\":\"2025-08-05T10:02:15+00:00\",\"dateModified\":\"2026-04-23T10:07:25+00:00\",\"author\":{\"@id\":\"https:\\\/\\\/santapola.es\\\/ca\\\/#\\\/schema\\\/person\\\/ad1d67403707b58350c7be5e8dbc442d\"},\"breadcrumb\":{\"@id\":\"https:\\\/\\\/santapola.es\\\/ca\\\/renovada-tota-la-senyalistica-i-panells-informatius-de-la-serra-de-santa-pola-2\\\/#breadcrumb\"},\"inLanguage\":\"ca\",\"potentialAction\":[{\"@type\":\"ReadAction\",\"target\":[\"https:\\\/\\\/santapola.es\\\/ca\\\/renovada-tota-la-senyalistica-i-panells-informatius-de-la-serra-de-santa-pola-2\\\/\"]}]},{\"@type\":\"ImageObject\",\"inLanguage\":\"ca\",\"@id\":\"https:\\\/\\\/santapola.es\\\/ca\\\/renovada-tota-la-senyalistica-i-panells-informatius-de-la-serra-de-santa-pola-2\\\/#primaryimage\",\"url\":\"https:\\\/\\\/santapola.es\\\/wp-content\\\/uploads\\\/2026\\\/04\\\/528026312_1061946762787152_6700988221390910725_n.jpg\",\"contentUrl\":\"https:\\\/\\\/santapola.es\\\/wp-content\\\/uploads\\\/2026\\\/04\\\/528026312_1061946762787152_6700988221390910725_n.jpg\",\"width\":2048,\"height\":1536},{\"@type\":\"BreadcrumbList\",\"@id\":\"https:\\\/\\\/santapola.es\\\/ca\\\/renovada-tota-la-senyalistica-i-panells-informatius-de-la-serra-de-santa-pola-2\\\/#breadcrumb\",\"itemListElement\":[{\"@type\":\"ListItem\",\"position\":1,\"name\":\"Inici\",\"item\":\"https:\\\/\\\/santapola.es\\\/ca\\\/\"},{\"@type\":\"ListItem\",\"position\":2,\"name\":\"Renovada tota la senyal\u00edstica i panells informatius de la Serra de Santa Pola\"}]},{\"@type\":\"WebSite\",\"@id\":\"https:\\\/\\\/santapola.es\\\/ca\\\/#website\",\"url\":\"https:\\\/\\\/santapola.es\\\/ca\\\/\",\"name\":\"Ayuntamiento de Santa Pola\",\"description\":\"Web de l'Ajuntament de Santa Pola\",\"potentialAction\":[{\"@type\":\"SearchAction\",\"target\":{\"@type\":\"EntryPoint\",\"urlTemplate\":\"https:\\\/\\\/santapola.es\\\/ca\\\/?s={search_term_string}\"},\"query-input\":{\"@type\":\"PropertyValueSpecification\",\"valueRequired\":true,\"valueName\":\"search_term_string\"}}],\"inLanguage\":\"ca\"},{\"@type\":\"Person\",\"@id\":\"https:\\\/\\\/santapola.es\\\/ca\\\/#\\\/schema\\\/person\\\/ad1d67403707b58350c7be5e8dbc442d\",\"name\":\"Jos\u00e9 Juan L\u00f3pez Lafuente\"}]}<\/script>\n<!-- \/ Yoast SEO plugin. -->","yoast_head_json":{"title":"Renovada tota la senyal\u00edstica i panells informatius de la Serra de Santa Pola - Ajuntament de Santa Pola","robots":{"index":"index","follow":"follow","max-snippet":"max-snippet:-1","max-image-preview":"max-image-preview:large","max-video-preview":"max-video-preview:-1"},"canonical":"https:\/\/santapola.es\/ca\/renovada-tota-la-senyalistica-i-panells-informatius-de-la-serra-de-santa-pola-2\/","og_locale":"ca_ES","og_type":"article","og_title":"Renovada tota la senyal\u00edstica i panells informatius de la Serra de Santa Pola - Ajuntament de Santa Pola","og_description":"L&#8217;Ajuntament de Santa Pola ha invertit 35.000 euros finan\u00e7ats amb fons europeus, que han servit per a instal\u00b7lar la nova senyal\u00edstica sobre pals de fusta i nous panells informatius en punts d&#8217;inter\u00e9s com el mirador del far, la Foia Rotja o els elements defensius de la Guerra Civil. Este projecte ha sigut finan\u00e7at a trav\u00e9s [&hellip;]","og_url":"https:\/\/santapola.es\/ca\/renovada-tota-la-senyalistica-i-panells-informatius-de-la-serra-de-santa-pola-2\/","og_site_name":"Ajuntament de Santa Pola","article_publisher":"https:\/\/www.facebook.com\/AyuntamientoSantaPola\/","article_published_time":"2025-08-05T10:02:15+00:00","article_modified_time":"2026-04-23T10:07:25+00:00","og_image":[{"width":2048,"height":1536,"url":"https:\/\/santapola.es\/wp-content\/uploads\/2026\/04\/528026312_1061946762787152_6700988221390910725_n.jpg","type":"image\/jpeg"}],"author":"Jos\u00e9 Juan L\u00f3pez Lafuente","twitter_card":"summary_large_image","twitter_creator":"@SantaPolaAyunt","twitter_site":"@SantaPolaAyunt","schema":{"@context":"https:\/\/schema.org","@graph":[{"@type":"Article","@id":"https:\/\/santapola.es\/ca\/renovada-tota-la-senyalistica-i-panells-informatius-de-la-serra-de-santa-pola-2\/#article","isPartOf":{"@id":"https:\/\/santapola.es\/ca\/renovada-tota-la-senyalistica-i-panells-informatius-de-la-serra-de-santa-pola-2\/"},"author":{"name":"Jos\u00e9 Juan L\u00f3pez Lafuente","@id":"https:\/\/santapola.es\/ca\/#\/schema\/person\/ad1d67403707b58350c7be5e8dbc442d"},"headline":"Renovada tota la senyal\u00edstica i panells informatius de la Serra de Santa Pola","datePublished":"2025-08-05T10:02:15+00:00","dateModified":"2026-04-23T10:07:25+00:00","mainEntityOfPage":{"@id":"https:\/\/santapola.es\/ca\/renovada-tota-la-senyalistica-i-panells-informatius-de-la-serra-de-santa-pola-2\/"},"wordCount":91,"image":{"@id":"https:\/\/santapola.es\/ca\/renovada-tota-la-senyalistica-i-panells-informatius-de-la-serra-de-santa-pola-2\/#primaryimage"},"thumbnailUrl":"https:\/\/santapola.es\/wp-content\/uploads\/2026\/04\/528026312_1061946762787152_6700988221390910725_n.jpg","keywords":["NextGenerationEU","Pla de recuperaci\u00f3","Pla de Sostenibilitat Tur\u00edstica en Dest\u00ed","Serra de Santa Pola"],"articleSection":["Medi Ambient","Next Generation EU","Pla de Recuperaci\u00f3","Turisme"],"inLanguage":"ca"},{"@type":"WebPage","@id":"https:\/\/santapola.es\/ca\/renovada-tota-la-senyalistica-i-panells-informatius-de-la-serra-de-santa-pola-2\/","url":"https:\/\/santapola.es\/ca\/renovada-tota-la-senyalistica-i-panells-informatius-de-la-serra-de-santa-pola-2\/","name":"Renovada tota la senyal\u00edstica i panells informatius de la Serra de Santa Pola - Ajuntament de Santa Pola","isPartOf":{"@id":"https:\/\/santapola.es\/ca\/#website"},"primaryImageOfPage":{"@id":"https:\/\/santapola.es\/ca\/renovada-tota-la-senyalistica-i-panells-informatius-de-la-serra-de-santa-pola-2\/#primaryimage"},"image":{"@id":"https:\/\/santapola.es\/ca\/renovada-tota-la-senyalistica-i-panells-informatius-de-la-serra-de-santa-pola-2\/#primaryimage"},"thumbnailUrl":"https:\/\/santapola.es\/wp-content\/uploads\/2026\/04\/528026312_1061946762787152_6700988221390910725_n.jpg","datePublished":"2025-08-05T10:02:15+00:00","dateModified":"2026-04-23T10:07:25+00:00","author":{"@id":"https:\/\/santapola.es\/ca\/#\/schema\/person\/ad1d67403707b58350c7be5e8dbc442d"},"breadcrumb":{"@id":"https:\/\/santapola.es\/ca\/renovada-tota-la-senyalistica-i-panells-informatius-de-la-serra-de-santa-pola-2\/#breadcrumb"},"inLanguage":"ca","potentialAction":[{"@type":"ReadAction","target":["https:\/\/santapola.es\/ca\/renovada-tota-la-senyalistica-i-panells-informatius-de-la-serra-de-santa-pola-2\/"]}]},{"@type":"ImageObject","inLanguage":"ca","@id":"https:\/\/santapola.es\/ca\/renovada-tota-la-senyalistica-i-panells-informatius-de-la-serra-de-santa-pola-2\/#primaryimage","url":"https:\/\/santapola.es\/wp-content\/uploads\/2026\/04\/528026312_1061946762787152_6700988221390910725_n.jpg","contentUrl":"https:\/\/santapola.es\/wp-content\/uploads\/2026\/04\/528026312_1061946762787152_6700988221390910725_n.jpg","width":2048,"height":1536},{"@type":"BreadcrumbList","@id":"https:\/\/santapola.es\/ca\/renovada-tota-la-senyalistica-i-panells-informatius-de-la-serra-de-santa-pola-2\/#breadcrumb","itemListElement":[{"@type":"ListItem","position":1,"name":"Inici","item":"https:\/\/santapola.es\/ca\/"},{"@type":"ListItem","position":2,"name":"Renovada tota la senyal\u00edstica i panells informatius de la Serra de Santa Pola"}]},{"@type":"WebSite","@id":"https:\/\/santapola.es\/ca\/#website","url":"https:\/\/santapola.es\/ca\/","name":"Ayuntamiento de Santa Pola","description":"Web de l'Ajuntament de Santa Pola","potentialAction":[{"@type":"SearchAction","target":{"@type":"EntryPoint","urlTemplate":"https:\/\/santapola.es\/ca\/?s={search_term_string}"},"query-input":{"@type":"PropertyValueSpecification","valueRequired":true,"valueName":"search_term_string"}}],"inLanguage":"ca"},{"@type":"Person","@id":"https:\/\/santapola.es\/ca\/#\/schema\/person\/ad1d67403707b58350c7be5e8dbc442d","name":"Jos\u00e9 Juan L\u00f3pez Lafuente"}]}},"_links":{"self":[{"href":"https:\/\/santapola.es\/ca\/wp-json\/wp\/v2\/posts\/48502","targetHints":{"allow":["GET"]}}],"collection":[{"href":"https:\/\/santapola.es\/ca\/wp-json\/wp\/v2\/posts"}],"about":[{"href":"https:\/\/santapola.es\/ca\/wp-json\/wp\/v2\/types\/post"}],"author":[{"embeddable":true,"href":"https:\/\/santapola.es\/ca\/wp-json\/wp\/v2\/users\/96"}],"replies":[{"embeddable":true,"href":"https:\/\/santapola.es\/ca\/wp-json\/wp\/v2\/comments?post=48502"}],"version-history":[{"count":1,"href":"https:\/\/santapola.es\/ca\/wp-json\/wp\/v2\/posts\/48502\/revisions"}],"predecessor-version":[{"id":48503,"href":"https:\/\/santapola.es\/ca\/wp-json\/wp\/v2\/posts\/48502\/revisions\/48503"}],"wp:featuredmedia":[{"embeddable":true,"href":"https:\/\/santapola.es\/ca\/wp-json\/wp\/v2\/media\/48500"}],"wp:attachment":[{"href":"https:\/\/santapola.es\/ca\/wp-json\/wp\/v2\/media?parent=48502"}],"wp:term":[{"taxonomy":"category","embeddable":true,"href":"https:\/\/santapola.es\/ca\/wp-json\/wp\/v2\/categories?post=48502"},{"taxonomy":"post_tag","embeddable":true,"href":"https:\/\/santapola.es\/ca\/wp-json\/wp\/v2\/tags?post=48502"}],"curies":[{"name":"wp","href":"https:\/\/api.w.org\/{rel}","templated":true}]}}