{"id":48453,"date":"2026-04-20T10:31:11","date_gmt":"2026-04-20T08:31:11","guid":{"rendered":"https:\/\/santapola.es\/?p=48453"},"modified":"2026-04-20T10:34:18","modified_gmt":"2026-04-20T08:34:18","slug":"el-museu-de-la-mar-dedica-una-sala-a-la-memoria-de-miguel-cuervo-arango-alcaide-honorari-del-castell-fortalesa","status":"publish","type":"post","link":"https:\/\/santapola.es\/ca\/el-museu-de-la-mar-dedica-una-sala-a-la-memoria-de-miguel-cuervo-arango-alcaide-honorari-del-castell-fortalesa\/","title":{"rendered":"El Museu de la Mar dedica una sala a la mem\u00f2ria de Miguel Cuervo-Arango, Alcaide Honorari del Castell Fortalesa"},"content":{"rendered":"<p><strong>La casualitat ha volgut que la primera exposici\u00f3 que alberga siga obra de la seua neboda Sof\u00eda Cuervo-Arango, una de les guanyadores de la primera convocat\u00f2ria per a artistes locals que porta el nom del qual fora Alcaide Honorari Vitalici, i que es va inaugurar ahir en el Museu de la Mar.<\/strong><\/p>\n<p>La jornada d&#8217;ahir al Castell Fortalesa va estar embolicada en un halo d&#8217;emoci\u00f3 pel record a un dels personatges m\u00e9s destacats de la Santa Pola en l&#8217;\u00faltim segle: Miguel Cuervo-Arango y Caso de los Cobos.<\/p>\n<p>Un nodrit grup de familiars i amics, encap\u00e7alat per la seua esposa Mar\u00eda del Carmen de Cachavera, va assistir a la inauguraci\u00f3 de la sala d&#8217;exposicions que el Museu de la Mar dedica a la seua mem\u00f2ria, en un acte presidit per l&#8217;alcaldessa Loreto Serrano, acompanyada per diversos membres de la corporaci\u00f3 municipal, i amb la significativa assist\u00e8ncia del diputat provincial de Cultura, Juan de Dios Navarro.<\/p>\n<p>Les intervencions de les autoritats durant l&#8217;acte van reflectir el respecte i l&#8217;enyoran\u00e7a a la figura de Miguel Cuervo-Arango, destacant les seues nombroses qualitats amb gran emotivitat.<\/p>\n<p><strong>La inoblidable figura de Miguel Cuervo<\/strong><\/p>\n<p>El 26 d&#8217;agost de 2005, l&#8217;Ajuntament Ple de Santa Pola va acordar per unanimitat nomenar Sr. Miguel Cuervo Arango y Caso de los Cobos com Alcaide Honorari Vitalici del Castell-Fortalesa de Santa Pola, conforme al Reglament d&#8217;Honors i Distincions aprovat en 1988.<\/p>\n<p>Este reconeixement es va atorgar en consideraci\u00f3 a les seues excepcionals qualitats, els seus servicis a la localitat i els seus m\u00e8rits personals. Va destacar especialment pel seu car\u00e0cter humanista, reflectit en valors com l&#8217;enteniment, la col\u00b7laboraci\u00f3, l&#8217;esfor\u00e7, l&#8217;amistat i el di\u00e0leg. En l&#8217;\u00e0mbit empresarial, va ser director de les Salines Bra\u00e7 del Port. Com a mecenes, va donar suport a la restauraci\u00f3 del patrimoni hist\u00f2ric, destacant la intervenci\u00f3 a la Torre del Tamarit, aix\u00ed com la seua implicaci\u00f3 en activitats culturals vinculades al Museu de la Mar.<\/p>\n<p>En l&#8217;\u00e0mbit esportiu, va sobreeixir per la seua afici\u00f3 als esports n\u00e0utics, especialment el rem i la pesca, la qual cosa li va portar a exercir c\u00e0rrecs com a president del Club N\u00e0utic de Santa Pola (1987-1991), president de l&#8217;Associaci\u00f3 de Clubs N\u00e0utics de la Prov\u00edncia d&#8217;Alacant i vicepresident de la Federaci\u00f3 de Rem de la Comunitat Valenciana. Eixe mateix any 2005, tamb\u00e9 va ser pregoner de les festes patronals.<\/p>\n<p>Com a reconeixement al seu llegat i per a honrar la seua mem\u00f2ria, se li va dedicar este espai expositiu en el Museu de la Mar amb una placa que van descobrir Loreto Serrano i Mar\u00eda del Carmen de Cachavera.<\/p>\n<p><strong>Una primera exposici\u00f3 molt familiar<\/strong><\/p>\n<p>Un altre dels reconeixements que l&#8217;Ajuntament de Santa Pola ha dedicat a Miguel Cuervo-Arango \u00e9s utilitzar el seu nom per a la convocat\u00f2ria p\u00fablica de projectes locals d&#8217;arts pl\u00e0stiques i mostres d&#8217;inter\u00e9s hist\u00f2ric i art\u00edstic, que permetr\u00e0 a artistes nascuts o relacionats amb Santa Pola exposar en esta sala del Museu de la Mar.<\/p>\n<p>El jurat d&#8217;esta primera convocat\u00f2ria, format per quatre persones representatives de les arts i coneixedores de l&#8217;\u00e0mbit local, va triar quatre projectes d&#8217;artistes individuals i varis per a exposicions col\u00b7lectives. La casualitat va voler que entre els primers figurara la mostra \u201cTeixint el seu deixant\u201d, l&#8217;autora del qual \u00e9s Sofia Cuervo-Arango, neboda de Miguel. I precisament va ser esta la triada per a inaugurar la nova sala.<\/p>\n<p>\u201cTeixint el seu deixant\u201d convertix el paisatge mediterrani en mem\u00f2ria teixida. A trav\u00e9s d&#8217;una s\u00e8rie de tapissos elaborats amb caps mariners usats, canyes, fusta i fibres naturals, l&#8217;artista transforma la mar, les salines i l&#8217;arquitectura costanera en estructures carregades d&#8217;experi\u00e8ncia i significat. Una proposta \u00edntima i mat\u00e8rica que convida a rec\u00f3rrer el paisatge des de l&#8217;emoci\u00f3, el temps i la mem\u00f2ria.<\/p>\n<p>L&#8217;autora expressa que \u201cla inspiraci\u00f3 d&#8217;estes obres se situa en llocs vinculats a la meua traject\u00f2ria vital: Mallorca, on vaig viure durant anys; Almer\u00eda, on residisc actualment; i Santa Pola, especialment significativa en esta mostra. S\u00f3n territoris que he recorregut i que formen part de la meua hist\u00f2ria\u201d.<\/p>\n<p>Una de les obres, que porta el mateix nom que l&#8217;exposici\u00f3, est\u00e0 dedicada al seu oncle Miguel representant el seu amor per la mar i el deixant que ha deixat amb la seua exist\u00e8ncia. La mostra romandr\u00e0 oberta fins al pr\u00f2xim 7 de juny i es pot visitar de manera gratu\u00efta en el Museu de la Mar tots els dies excepte els dilluns.<\/p>\n","protected":false},"excerpt":{"rendered":"<p>La casualitat ha volgut que la primera exposici\u00f3 que alberga siga obra de la seua neboda Sof\u00eda Cuervo-Arango, una de les guanyadores de la primera convocat\u00f2ria per a artistes locals que porta el nom del qual fora Alcaide Honorari Vitalici, i que es va inaugurar ahir en el Museu de la Mar. La jornada d&#8217;ahir [&hellip;]<\/p>\n","protected":false},"author":96,"featured_media":48451,"comment_status":"closed","ping_status":"closed","sticky":false,"template":"","format":"standard","meta":{"_et_pb_use_builder":"","_et_pb_old_content":"","_et_gb_content_width":"","footnotes":""},"categories":[433],"tags":[1813,821,487,696,517,1842],"class_list":["post-48453","post","type-post","status-publish","format-standard","has-post-thumbnail","hentry","category-cultura-ca","tag-exposicions","tag-juan-de-dios-navarro-ca","tag-loreto-serrano-ca","tag-miguel-cuervo-arango-ca","tag-museu-de-la-mar","tag-sofia-cuervo-arango-ca"],"yoast_head":"<!-- This site is optimized with the Yoast SEO plugin v27.4 - https:\/\/yoast.com\/product\/yoast-seo-wordpress\/ -->\n<title>El Museu de la Mar dedica una sala a la mem\u00f2ria de Miguel Cuervo-Arango, Alcaide Honorari del Castell Fortalesa - Ajuntament de Santa Pola<\/title>\n<meta name=\"robots\" content=\"index, follow, max-snippet:-1, max-image-preview:large, max-video-preview:-1\" \/>\n<link rel=\"canonical\" href=\"https:\/\/santapola.es\/ca\/el-museu-de-la-mar-dedica-una-sala-a-la-memoria-de-miguel-cuervo-arango-alcaide-honorari-del-castell-fortalesa\/\" \/>\n<meta property=\"og:locale\" content=\"ca_ES\" \/>\n<meta property=\"og:type\" content=\"article\" \/>\n<meta property=\"og:title\" content=\"El Museu de la Mar dedica una sala a la mem\u00f2ria de Miguel Cuervo-Arango, Alcaide Honorari del Castell Fortalesa - Ajuntament de Santa Pola\" \/>\n<meta property=\"og:description\" content=\"La casualitat ha volgut que la primera exposici\u00f3 que alberga siga obra de la seua neboda Sof\u00eda Cuervo-Arango, una de les guanyadores de la primera convocat\u00f2ria per a artistes locals que porta el nom del qual fora Alcaide Honorari Vitalici, i que es va inaugurar ahir en el Museu de la Mar. La jornada d&#8217;ahir [&hellip;]\" \/>\n<meta property=\"og:url\" content=\"https:\/\/santapola.es\/ca\/el-museu-de-la-mar-dedica-una-sala-a-la-memoria-de-miguel-cuervo-arango-alcaide-honorari-del-castell-fortalesa\/\" \/>\n<meta property=\"og:site_name\" content=\"Ajuntament de Santa Pola\" \/>\n<meta property=\"article:publisher\" content=\"https:\/\/www.facebook.com\/AyuntamientoSantaPola\/\" \/>\n<meta property=\"article:published_time\" content=\"2026-04-20T08:31:11+00:00\" \/>\n<meta property=\"article:modified_time\" content=\"2026-04-20T08:34:18+00:00\" \/>\n<meta property=\"og:image\" content=\"https:\/\/santapola.es\/wp-content\/uploads\/2026\/04\/IMG_5118.jpg\" \/>\n\t<meta property=\"og:image:width\" content=\"1920\" \/>\n\t<meta property=\"og:image:height\" content=\"1440\" \/>\n\t<meta property=\"og:image:type\" content=\"image\/jpeg\" \/>\n<meta name=\"author\" content=\"Jos\u00e9 Juan L\u00f3pez Lafuente\" \/>\n<meta name=\"twitter:card\" content=\"summary_large_image\" \/>\n<meta name=\"twitter:creator\" content=\"@SantaPolaAyunt\" \/>\n<meta name=\"twitter:site\" content=\"@SantaPolaAyunt\" \/>\n<script type=\"application\/ld+json\" class=\"yoast-schema-graph\">{\"@context\":\"https:\\\/\\\/schema.org\",\"@graph\":[{\"@type\":\"Article\",\"@id\":\"https:\\\/\\\/santapola.es\\\/ca\\\/el-museu-de-la-mar-dedica-una-sala-a-la-memoria-de-miguel-cuervo-arango-alcaide-honorari-del-castell-fortalesa\\\/#article\",\"isPartOf\":{\"@id\":\"https:\\\/\\\/santapola.es\\\/ca\\\/el-museu-de-la-mar-dedica-una-sala-a-la-memoria-de-miguel-cuervo-arango-alcaide-honorari-del-castell-fortalesa\\\/\"},\"author\":{\"name\":\"Jos\u00e9 Juan L\u00f3pez Lafuente\",\"@id\":\"https:\\\/\\\/santapola.es\\\/ca\\\/#\\\/schema\\\/person\\\/ad1d67403707b58350c7be5e8dbc442d\"},\"headline\":\"El Museu de la Mar dedica una sala a la mem\u00f2ria de Miguel Cuervo-Arango, Alcaide Honorari del Castell Fortalesa\",\"datePublished\":\"2026-04-20T08:31:11+00:00\",\"dateModified\":\"2026-04-20T08:34:18+00:00\",\"mainEntityOfPage\":{\"@id\":\"https:\\\/\\\/santapola.es\\\/ca\\\/el-museu-de-la-mar-dedica-una-sala-a-la-memoria-de-miguel-cuervo-arango-alcaide-honorari-del-castell-fortalesa\\\/\"},\"wordCount\":814,\"image\":{\"@id\":\"https:\\\/\\\/santapola.es\\\/ca\\\/el-museu-de-la-mar-dedica-una-sala-a-la-memoria-de-miguel-cuervo-arango-alcaide-honorari-del-castell-fortalesa\\\/#primaryimage\"},\"thumbnailUrl\":\"https:\\\/\\\/santapola.es\\\/wp-content\\\/uploads\\\/2026\\\/04\\\/IMG_5118.jpg\",\"keywords\":[\"exposicions\",\"Juan de Dios Navarro\",\"Loreto Serrano\",\"Miguel Cuervo-Arango\",\"Museu de la Mar\",\"Sof\u00eda Cuervo-Arango\"],\"articleSection\":[\"Cultura\"],\"inLanguage\":\"ca\"},{\"@type\":\"WebPage\",\"@id\":\"https:\\\/\\\/santapola.es\\\/ca\\\/el-museu-de-la-mar-dedica-una-sala-a-la-memoria-de-miguel-cuervo-arango-alcaide-honorari-del-castell-fortalesa\\\/\",\"url\":\"https:\\\/\\\/santapola.es\\\/ca\\\/el-museu-de-la-mar-dedica-una-sala-a-la-memoria-de-miguel-cuervo-arango-alcaide-honorari-del-castell-fortalesa\\\/\",\"name\":\"El Museu de la Mar dedica una sala a la mem\u00f2ria de Miguel Cuervo-Arango, Alcaide Honorari del Castell Fortalesa - Ajuntament de Santa Pola\",\"isPartOf\":{\"@id\":\"https:\\\/\\\/santapola.es\\\/ca\\\/#website\"},\"primaryImageOfPage\":{\"@id\":\"https:\\\/\\\/santapola.es\\\/ca\\\/el-museu-de-la-mar-dedica-una-sala-a-la-memoria-de-miguel-cuervo-arango-alcaide-honorari-del-castell-fortalesa\\\/#primaryimage\"},\"image\":{\"@id\":\"https:\\\/\\\/santapola.es\\\/ca\\\/el-museu-de-la-mar-dedica-una-sala-a-la-memoria-de-miguel-cuervo-arango-alcaide-honorari-del-castell-fortalesa\\\/#primaryimage\"},\"thumbnailUrl\":\"https:\\\/\\\/santapola.es\\\/wp-content\\\/uploads\\\/2026\\\/04\\\/IMG_5118.jpg\",\"datePublished\":\"2026-04-20T08:31:11+00:00\",\"dateModified\":\"2026-04-20T08:34:18+00:00\",\"author\":{\"@id\":\"https:\\\/\\\/santapola.es\\\/ca\\\/#\\\/schema\\\/person\\\/ad1d67403707b58350c7be5e8dbc442d\"},\"breadcrumb\":{\"@id\":\"https:\\\/\\\/santapola.es\\\/ca\\\/el-museu-de-la-mar-dedica-una-sala-a-la-memoria-de-miguel-cuervo-arango-alcaide-honorari-del-castell-fortalesa\\\/#breadcrumb\"},\"inLanguage\":\"ca\",\"potentialAction\":[{\"@type\":\"ReadAction\",\"target\":[\"https:\\\/\\\/santapola.es\\\/ca\\\/el-museu-de-la-mar-dedica-una-sala-a-la-memoria-de-miguel-cuervo-arango-alcaide-honorari-del-castell-fortalesa\\\/\"]}]},{\"@type\":\"ImageObject\",\"inLanguage\":\"ca\",\"@id\":\"https:\\\/\\\/santapola.es\\\/ca\\\/el-museu-de-la-mar-dedica-una-sala-a-la-memoria-de-miguel-cuervo-arango-alcaide-honorari-del-castell-fortalesa\\\/#primaryimage\",\"url\":\"https:\\\/\\\/santapola.es\\\/wp-content\\\/uploads\\\/2026\\\/04\\\/IMG_5118.jpg\",\"contentUrl\":\"https:\\\/\\\/santapola.es\\\/wp-content\\\/uploads\\\/2026\\\/04\\\/IMG_5118.jpg\",\"width\":1920,\"height\":1440},{\"@type\":\"BreadcrumbList\",\"@id\":\"https:\\\/\\\/santapola.es\\\/ca\\\/el-museu-de-la-mar-dedica-una-sala-a-la-memoria-de-miguel-cuervo-arango-alcaide-honorari-del-castell-fortalesa\\\/#breadcrumb\",\"itemListElement\":[{\"@type\":\"ListItem\",\"position\":1,\"name\":\"Inici\",\"item\":\"https:\\\/\\\/santapola.es\\\/ca\\\/\"},{\"@type\":\"ListItem\",\"position\":2,\"name\":\"El Museu de la Mar dedica una sala a la mem\u00f2ria de Miguel Cuervo-Arango, Alcaide Honorari del Castell Fortalesa\"}]},{\"@type\":\"WebSite\",\"@id\":\"https:\\\/\\\/santapola.es\\\/ca\\\/#website\",\"url\":\"https:\\\/\\\/santapola.es\\\/ca\\\/\",\"name\":\"Ayuntamiento de Santa Pola\",\"description\":\"Web de l'Ajuntament de Santa Pola\",\"potentialAction\":[{\"@type\":\"SearchAction\",\"target\":{\"@type\":\"EntryPoint\",\"urlTemplate\":\"https:\\\/\\\/santapola.es\\\/ca\\\/?s={search_term_string}\"},\"query-input\":{\"@type\":\"PropertyValueSpecification\",\"valueRequired\":true,\"valueName\":\"search_term_string\"}}],\"inLanguage\":\"ca\"},{\"@type\":\"Person\",\"@id\":\"https:\\\/\\\/santapola.es\\\/ca\\\/#\\\/schema\\\/person\\\/ad1d67403707b58350c7be5e8dbc442d\",\"name\":\"Jos\u00e9 Juan L\u00f3pez Lafuente\"}]}<\/script>\n<!-- \/ Yoast SEO plugin. -->","yoast_head_json":{"title":"El Museu de la Mar dedica una sala a la mem\u00f2ria de Miguel Cuervo-Arango, Alcaide Honorari del Castell Fortalesa - Ajuntament de Santa Pola","robots":{"index":"index","follow":"follow","max-snippet":"max-snippet:-1","max-image-preview":"max-image-preview:large","max-video-preview":"max-video-preview:-1"},"canonical":"https:\/\/santapola.es\/ca\/el-museu-de-la-mar-dedica-una-sala-a-la-memoria-de-miguel-cuervo-arango-alcaide-honorari-del-castell-fortalesa\/","og_locale":"ca_ES","og_type":"article","og_title":"El Museu de la Mar dedica una sala a la mem\u00f2ria de Miguel Cuervo-Arango, Alcaide Honorari del Castell Fortalesa - Ajuntament de Santa Pola","og_description":"La casualitat ha volgut que la primera exposici\u00f3 que alberga siga obra de la seua neboda Sof\u00eda Cuervo-Arango, una de les guanyadores de la primera convocat\u00f2ria per a artistes locals que porta el nom del qual fora Alcaide Honorari Vitalici, i que es va inaugurar ahir en el Museu de la Mar. La jornada d&#8217;ahir [&hellip;]","og_url":"https:\/\/santapola.es\/ca\/el-museu-de-la-mar-dedica-una-sala-a-la-memoria-de-miguel-cuervo-arango-alcaide-honorari-del-castell-fortalesa\/","og_site_name":"Ajuntament de Santa Pola","article_publisher":"https:\/\/www.facebook.com\/AyuntamientoSantaPola\/","article_published_time":"2026-04-20T08:31:11+00:00","article_modified_time":"2026-04-20T08:34:18+00:00","og_image":[{"width":1920,"height":1440,"url":"https:\/\/santapola.es\/wp-content\/uploads\/2026\/04\/IMG_5118.jpg","type":"image\/jpeg"}],"author":"Jos\u00e9 Juan L\u00f3pez Lafuente","twitter_card":"summary_large_image","twitter_creator":"@SantaPolaAyunt","twitter_site":"@SantaPolaAyunt","schema":{"@context":"https:\/\/schema.org","@graph":[{"@type":"Article","@id":"https:\/\/santapola.es\/ca\/el-museu-de-la-mar-dedica-una-sala-a-la-memoria-de-miguel-cuervo-arango-alcaide-honorari-del-castell-fortalesa\/#article","isPartOf":{"@id":"https:\/\/santapola.es\/ca\/el-museu-de-la-mar-dedica-una-sala-a-la-memoria-de-miguel-cuervo-arango-alcaide-honorari-del-castell-fortalesa\/"},"author":{"name":"Jos\u00e9 Juan L\u00f3pez Lafuente","@id":"https:\/\/santapola.es\/ca\/#\/schema\/person\/ad1d67403707b58350c7be5e8dbc442d"},"headline":"El Museu de la Mar dedica una sala a la mem\u00f2ria de Miguel Cuervo-Arango, Alcaide Honorari del Castell Fortalesa","datePublished":"2026-04-20T08:31:11+00:00","dateModified":"2026-04-20T08:34:18+00:00","mainEntityOfPage":{"@id":"https:\/\/santapola.es\/ca\/el-museu-de-la-mar-dedica-una-sala-a-la-memoria-de-miguel-cuervo-arango-alcaide-honorari-del-castell-fortalesa\/"},"wordCount":814,"image":{"@id":"https:\/\/santapola.es\/ca\/el-museu-de-la-mar-dedica-una-sala-a-la-memoria-de-miguel-cuervo-arango-alcaide-honorari-del-castell-fortalesa\/#primaryimage"},"thumbnailUrl":"https:\/\/santapola.es\/wp-content\/uploads\/2026\/04\/IMG_5118.jpg","keywords":["exposicions","Juan de Dios Navarro","Loreto Serrano","Miguel Cuervo-Arango","Museu de la Mar","Sof\u00eda Cuervo-Arango"],"articleSection":["Cultura"],"inLanguage":"ca"},{"@type":"WebPage","@id":"https:\/\/santapola.es\/ca\/el-museu-de-la-mar-dedica-una-sala-a-la-memoria-de-miguel-cuervo-arango-alcaide-honorari-del-castell-fortalesa\/","url":"https:\/\/santapola.es\/ca\/el-museu-de-la-mar-dedica-una-sala-a-la-memoria-de-miguel-cuervo-arango-alcaide-honorari-del-castell-fortalesa\/","name":"El Museu de la Mar dedica una sala a la mem\u00f2ria de Miguel Cuervo-Arango, Alcaide Honorari del Castell Fortalesa - Ajuntament de Santa Pola","isPartOf":{"@id":"https:\/\/santapola.es\/ca\/#website"},"primaryImageOfPage":{"@id":"https:\/\/santapola.es\/ca\/el-museu-de-la-mar-dedica-una-sala-a-la-memoria-de-miguel-cuervo-arango-alcaide-honorari-del-castell-fortalesa\/#primaryimage"},"image":{"@id":"https:\/\/santapola.es\/ca\/el-museu-de-la-mar-dedica-una-sala-a-la-memoria-de-miguel-cuervo-arango-alcaide-honorari-del-castell-fortalesa\/#primaryimage"},"thumbnailUrl":"https:\/\/santapola.es\/wp-content\/uploads\/2026\/04\/IMG_5118.jpg","datePublished":"2026-04-20T08:31:11+00:00","dateModified":"2026-04-20T08:34:18+00:00","author":{"@id":"https:\/\/santapola.es\/ca\/#\/schema\/person\/ad1d67403707b58350c7be5e8dbc442d"},"breadcrumb":{"@id":"https:\/\/santapola.es\/ca\/el-museu-de-la-mar-dedica-una-sala-a-la-memoria-de-miguel-cuervo-arango-alcaide-honorari-del-castell-fortalesa\/#breadcrumb"},"inLanguage":"ca","potentialAction":[{"@type":"ReadAction","target":["https:\/\/santapola.es\/ca\/el-museu-de-la-mar-dedica-una-sala-a-la-memoria-de-miguel-cuervo-arango-alcaide-honorari-del-castell-fortalesa\/"]}]},{"@type":"ImageObject","inLanguage":"ca","@id":"https:\/\/santapola.es\/ca\/el-museu-de-la-mar-dedica-una-sala-a-la-memoria-de-miguel-cuervo-arango-alcaide-honorari-del-castell-fortalesa\/#primaryimage","url":"https:\/\/santapola.es\/wp-content\/uploads\/2026\/04\/IMG_5118.jpg","contentUrl":"https:\/\/santapola.es\/wp-content\/uploads\/2026\/04\/IMG_5118.jpg","width":1920,"height":1440},{"@type":"BreadcrumbList","@id":"https:\/\/santapola.es\/ca\/el-museu-de-la-mar-dedica-una-sala-a-la-memoria-de-miguel-cuervo-arango-alcaide-honorari-del-castell-fortalesa\/#breadcrumb","itemListElement":[{"@type":"ListItem","position":1,"name":"Inici","item":"https:\/\/santapola.es\/ca\/"},{"@type":"ListItem","position":2,"name":"El Museu de la Mar dedica una sala a la mem\u00f2ria de Miguel Cuervo-Arango, Alcaide Honorari del Castell Fortalesa"}]},{"@type":"WebSite","@id":"https:\/\/santapola.es\/ca\/#website","url":"https:\/\/santapola.es\/ca\/","name":"Ayuntamiento de Santa Pola","description":"Web de l'Ajuntament de Santa Pola","potentialAction":[{"@type":"SearchAction","target":{"@type":"EntryPoint","urlTemplate":"https:\/\/santapola.es\/ca\/?s={search_term_string}"},"query-input":{"@type":"PropertyValueSpecification","valueRequired":true,"valueName":"search_term_string"}}],"inLanguage":"ca"},{"@type":"Person","@id":"https:\/\/santapola.es\/ca\/#\/schema\/person\/ad1d67403707b58350c7be5e8dbc442d","name":"Jos\u00e9 Juan L\u00f3pez Lafuente"}]}},"_links":{"self":[{"href":"https:\/\/santapola.es\/ca\/wp-json\/wp\/v2\/posts\/48453","targetHints":{"allow":["GET"]}}],"collection":[{"href":"https:\/\/santapola.es\/ca\/wp-json\/wp\/v2\/posts"}],"about":[{"href":"https:\/\/santapola.es\/ca\/wp-json\/wp\/v2\/types\/post"}],"author":[{"embeddable":true,"href":"https:\/\/santapola.es\/ca\/wp-json\/wp\/v2\/users\/96"}],"replies":[{"embeddable":true,"href":"https:\/\/santapola.es\/ca\/wp-json\/wp\/v2\/comments?post=48453"}],"version-history":[{"count":1,"href":"https:\/\/santapola.es\/ca\/wp-json\/wp\/v2\/posts\/48453\/revisions"}],"predecessor-version":[{"id":48454,"href":"https:\/\/santapola.es\/ca\/wp-json\/wp\/v2\/posts\/48453\/revisions\/48454"}],"wp:featuredmedia":[{"embeddable":true,"href":"https:\/\/santapola.es\/ca\/wp-json\/wp\/v2\/media\/48451"}],"wp:attachment":[{"href":"https:\/\/santapola.es\/ca\/wp-json\/wp\/v2\/media?parent=48453"}],"wp:term":[{"taxonomy":"category","embeddable":true,"href":"https:\/\/santapola.es\/ca\/wp-json\/wp\/v2\/categories?post=48453"},{"taxonomy":"post_tag","embeddable":true,"href":"https:\/\/santapola.es\/ca\/wp-json\/wp\/v2\/tags?post=48453"}],"curies":[{"name":"wp","href":"https:\/\/api.w.org\/{rel}","templated":true}]}}