{"id":48420,"date":"2026-04-16T13:06:09","date_gmt":"2026-04-16T11:06:09","guid":{"rendered":"https:\/\/santapola.es\/?p=48420"},"modified":"2026-04-16T13:11:38","modified_gmt":"2026-04-16T11:11:38","slug":"world-sup-festival-costa-blanca-santa-pola-acull-el-major-esdeveniment-del-sup-mundial-del-24-al-26-dabril","status":"publish","type":"post","link":"https:\/\/santapola.es\/ca\/world-sup-festival-costa-blanca-santa-pola-acull-el-major-esdeveniment-del-sup-mundial-del-24-al-26-dabril\/","title":{"rendered":"World SUP Festival Costa Blanca: Santa Pola acull el major esdeveniment del SUP mundial del 24 al 26 d&#8217;abril"},"content":{"rendered":"<p><strong>La platja del Varadero de Santa Pola ser\u00e0 escenari de la sexta edici\u00f3 del World SUP Festival Costa Blanca, un gran esdeveniment internacional de Stand Up Paddle que reunir\u00e0 esportistes de 22 pa\u00efsos en un dels enclavaments m\u00e9s emblem\u00e0tics del Mediterrani.<\/strong><\/p>\n<p>Arriba a Santa Pola el major esdeveniment del SUP mundial organitzat pel Club Esportiu Parres, juntament amb l&#8217;Ajuntament de Santa Pola, i amb la col\u00b7laboraci\u00f3 de l&#8217;Associaci\u00f3 de Comerciants de Santa Pola amb la seua Fira Marinera.<\/p>\n<p>El regidor d&#8217;Esports, \u00c1ngel Piedecausa, va convidar a la ciutadania al fet que \u201cvengen a gaudir d&#8217;un gran esdeveniment esportiu i un aut\u00e8ntic espectacle que \u00e9s el n\u00famero u del stand up paddle a nivell mundial, el World SUP Festival Costa Blanca 2026, en la seua sexta edici\u00f3 que acollir\u00e0 Santa Pola del 24 al 26 d&#8217;abril, enguany a la platja del Varadero, que ser\u00e0 un bon lloc per la facilitat d&#8217;aparcament\u201d.<\/p>\n<p>Tamb\u00e9 va voler mostrar el seu \u201cagra\u00efment al Club Esportiu Parres per portar a casa este gran esdeveniment i per la seua impecable organitzaci\u00f3 que posa a Santa Pola en el m\u00e9s alt del SUP mundial\u201d.<\/p>\n<p><iframe loading=\"lazy\" title=\"World SUP Festival Costa Blanca: Santa Pola acoge el mayor evento de SUP del 24 al 26 de abril\" width=\"1080\" height=\"608\" src=\"https:\/\/www.youtube.com\/embed\/O5kgZkZJ754?feature=oembed\"  allow=\"accelerometer; autoplay; clipboard-write; encrypted-media; gyroscope; picture-in-picture; web-share\" referrerpolicy=\"strict-origin-when-cross-origin\" allowfullscreen><\/iframe><\/p>\n<p><strong>250 inscrits per a les proves oficials<\/strong><\/p>\n<p>Daniel Parres va recordar que \u201cSanta Pola des de sempre s&#8217;ha bolcat en qualsevol esdeveniment esportiu i compta amb un bon equip que ens ajuda a l&#8217;hora de posar en marxa un projecte d&#8217;esta envergadura. Sempre hem volgut tindre un esdeveniment que tinguera la millor visibilitat, que posara a l&#8217;esport en el m\u00e9s alt, per\u00f2 tamb\u00e9 a la ciutat de Santa Pola\u201d. A m\u00e9s de ser l&#8217;esdeveniment de SUP n\u00famero u del r\u00e1nking mundial, enguany arrancar\u00e0 tamb\u00e9 la Lliga Europea de SUP 2026.<\/p>\n<p>El World SUP Festival comptar\u00e0 amb diverses disciplines de competici\u00f3 per als m\u00e9s pro com SUP Sprint, SUP T\u00e8cnica, SUP Llarga Dist\u00e0ncia, SUP Foil Downwind i Prone, i tamb\u00e9 competicions per a tots aquells que vulguen viure l&#8217;experi\u00e8ncia de participar en esta mena de competicions per\u00f2 amb una prova senzilla d&#8217;1 o 3 km.<\/p>\n<p>L&#8217;organitzador va anunciar que la competici\u00f3 comptar\u00e0 amb \u201cuns 250 participants de 22 pa\u00efsos de moment, no \u00e9s el millor any per la situaci\u00f3 global i les dificultats en els despla\u00e7aments llargs, encara aix\u00ed tenim una \u00e0mplia representaci\u00f3 encara que no s&#8217;han tancat encara les inscripcions i estem satisfets\u201d.<\/p>\n<p>\u201cSeguim no sols amb les competicions a alt nivell, sin\u00f3 tamb\u00e9 per als aficionats amb classes gratu\u00eftes, eixides en drac, accions per a persones amb discapacitat, o la possibilitat de participar en una milla sostenible en la qual posem tot el material perqu\u00e8 la gent contribu\u00efsca en la cura de les mars i gaudi d&#8217;una bona experi\u00e8ncia\u201d, va afegir Parres.<\/p>\n<p>\u201cTindrem una carpa on farem unes accions centrades en la part tecnol\u00f2gica amb empreses que venen a con\u00e9ixer este esport, la ciutat i l&#8217;entorn. Enguany tenim al nostre costat a Convotis, Alimotor amb Omoda com a cotxe oficial, i una s\u00e8rie de patrocinadors que ens ajuden tots els anys\u201d.<\/p>\n<p>A nivell mediambiental l&#8217;organitzaci\u00f3 es marca el compliment de 17 objectius ODS, \u201cmolt pocs esdeveniments arriben a este nivell, un d&#8217;ells \u00e9s potenciar l&#8217;esport, el turisme i el comer\u00e7 sostenible local, a m\u00e9s tenim embarcacions el\u00e8ctriques, inclusi\u00f3 a les persones amb discapacitat, fonts d&#8217;aigua per a evitar botelles de pl\u00e0stic, tothom podr\u00e0 veure un panell que desglossa en quina part de l&#8217;esdeveniment es complix cada objectiu\u201d.<\/p>\n<p><strong>Pedrera local de nivell mundial<\/strong><\/p>\n<p>A la presentaci\u00f3 del World SUP Festival van acudir dos palistes del Club Esportiu Parres que, malgrat la seua joventut, ja han fet hist\u00f2ria en el SUP mundial. Sergio Cantoral es va proclamar al novembre campi\u00f3 del m\u00f3n de 100 metres sprint a Abu Dhabi i ja t\u00e9 ganes de tornar a competir en la seua terra: \u201cla veritat \u00e9s que tindre a casa l&#8217;esdeveniment m\u00e9s gran del m\u00f3n \u00e9s incre\u00efble, els primers anys ha sigut una cosa que ens ha agradat molt a tots els competidors. Seran tres dies sense parar de competir amb esportistes de tot el m\u00f3n, amb ganes de mesurar-se sobretot a l&#8217;illa de Tabarca, que \u00e9s el repte que m\u00e9s ens agrada a tots\u201d.<\/p>\n<p>Per part seua, Alexia Soto \u00e9s subcampiona del m\u00f3n j\u00fanior i campiona per equips: \u201ctindrem tres dies amb diferents proves comen\u00e7ant per la de sprint, que \u00e9s una modalitat molt explosiva en un recorregut molt curt; l&#8217;endem\u00e0 seguirem amb la prova regna que \u00e9s la de llarga dist\u00e0ncia a Tabarca tant en SUP race com en SUP foil, i el diumenge es tancar\u00e0 amb la carrera t\u00e8cnica que \u00e9s molt divertida de veure i on pot passar qualsevol cosa amb molts girs i entreteniment en platja. No sols les gaudirem els esportistes, sin\u00f3 que tamb\u00e9 la gent podr\u00e0 gaudir des de la platja o les embarcacions\u201d.<\/p>\n<p><strong>Fira Marinera del comer\u00e7 local<\/strong><\/p>\n<p>El World SUP Festival comptar\u00e0 de nou amb la Fira Marinera de l&#8217;Associaci\u00f3 de Comerciants de Santa Pola, la presidenta de les quals Marinela Pomares va anunciar que \u201cpodreu veure representat el nostre comer\u00e7 local a trav\u00e9s de botigues de tota mena, amb una programaci\u00f3 \u00e0mplia que anirem anunciant en les nostres xarxes per\u00f2 que comptar\u00e0 amb m\u00fasica en directe, tallers, jocs per a xiquets, fotoreclam, barra i, com a novetat enguany, el dissabte farem amb Carmencita un taller amb xiquets de 4 a 12 anys\u201d.<\/p>\n<p>La Fira Marinera s&#8217;inaugurar\u00e0 el divendres a les 17.30 i a les 19.00 tindr\u00e0 lloc la desfilada de banderes en el qual estaran representats tots els pa\u00efsos participants acompanyats i secundats pel p\u00fablic.<\/p>\n<p>Finalment, el regidor de Comer\u00e7 Joaqu\u00edn Lozano va recordar que \u201cSanta Pola \u00e9s el millor escenari per a practicar este tipus d&#8217;esports\u201d i va agrair \u201cla implicaci\u00f3 de l&#8217;Associaci\u00f3 de Comerciants amb la Fira Marinera que estar\u00e0 al nivell de l&#8217;esdeveniment\u201d.<\/p>\n<p>Sens dubte, el World SUP Festival torna a posicionar a Santa Pola com un dest\u00ed de refer\u00e8ncia per als esports n\u00e0utics i el turisme esportiu al Mediterrani.<\/p>\n<p>M\u00e9s info: <a href=\"https:\/\/worldsupfestival.com\/\">https:\/\/worldsupfestival.com\/\u00a0<\/a><\/p>\n","protected":false},"excerpt":{"rendered":"<p>La platja del Varadero de Santa Pola ser\u00e0 escenari de la sexta edici\u00f3 del World SUP Festival Costa Blanca, un gran esdeveniment internacional de Stand Up Paddle que reunir\u00e0 esportistes de 22 pa\u00efsos en un dels enclavaments m\u00e9s emblem\u00e0tics del Mediterrani. Arriba a Santa Pola el major esdeveniment del SUP mundial organitzat pel Club Esportiu [&hellip;]<\/p>\n","protected":false},"author":96,"featured_media":48418,"comment_status":"closed","ping_status":"closed","sticky":false,"template":"","format":"standard","meta":{"_et_pb_use_builder":"","_et_pb_old_content":"","_et_gb_content_width":"","footnotes":""},"categories":[439],"tags":[581,856,1661,498,1426],"class_list":["post-48420","post","type-post","status-publish","format-standard","has-post-thumbnail","hentry","category-esport","tag-angel-piedecausa-ca","tag-associacio-de-comerciants","tag-club-esportiu-parres","tag-joaquin-lozano-ca","tag-world-sup-festival-ca"],"yoast_head":"<!-- This site is optimized with the Yoast SEO plugin v27.4 - https:\/\/yoast.com\/product\/yoast-seo-wordpress\/ -->\n<title>World SUP Festival Costa Blanca: Santa Pola acull el major esdeveniment del SUP mundial del 24 al 26 d&#039;abril - Ajuntament de Santa Pola<\/title>\n<meta name=\"robots\" content=\"index, follow, max-snippet:-1, max-image-preview:large, max-video-preview:-1\" \/>\n<link rel=\"canonical\" href=\"https:\/\/santapola.es\/ca\/world-sup-festival-costa-blanca-santa-pola-acull-el-major-esdeveniment-del-sup-mundial-del-24-al-26-dabril\/\" \/>\n<meta property=\"og:locale\" content=\"ca_ES\" \/>\n<meta property=\"og:type\" content=\"article\" \/>\n<meta property=\"og:title\" content=\"World SUP Festival Costa Blanca: Santa Pola acull el major esdeveniment del SUP mundial del 24 al 26 d&#039;abril - Ajuntament de Santa Pola\" \/>\n<meta property=\"og:description\" content=\"La platja del Varadero de Santa Pola ser\u00e0 escenari de la sexta edici\u00f3 del World SUP Festival Costa Blanca, un gran esdeveniment internacional de Stand Up Paddle que reunir\u00e0 esportistes de 22 pa\u00efsos en un dels enclavaments m\u00e9s emblem\u00e0tics del Mediterrani. Arriba a Santa Pola el major esdeveniment del SUP mundial organitzat pel Club Esportiu [&hellip;]\" \/>\n<meta property=\"og:url\" content=\"https:\/\/santapola.es\/ca\/world-sup-festival-costa-blanca-santa-pola-acull-el-major-esdeveniment-del-sup-mundial-del-24-al-26-dabril\/\" \/>\n<meta property=\"og:site_name\" content=\"Ajuntament de Santa Pola\" \/>\n<meta property=\"article:publisher\" content=\"https:\/\/www.facebook.com\/AyuntamientoSantaPola\/\" \/>\n<meta property=\"article:published_time\" content=\"2026-04-16T11:06:09+00:00\" \/>\n<meta property=\"article:modified_time\" content=\"2026-04-16T11:11:38+00:00\" \/>\n<meta property=\"og:image\" content=\"https:\/\/santapola.es\/wp-content\/uploads\/2026\/04\/IMG_4713.jpg\" \/>\n\t<meta property=\"og:image:width\" content=\"1920\" \/>\n\t<meta property=\"og:image:height\" content=\"1440\" \/>\n\t<meta property=\"og:image:type\" content=\"image\/jpeg\" \/>\n<meta name=\"author\" content=\"Jos\u00e9 Juan L\u00f3pez Lafuente\" \/>\n<meta name=\"twitter:card\" content=\"summary_large_image\" \/>\n<meta name=\"twitter:creator\" content=\"@SantaPolaAyunt\" \/>\n<meta name=\"twitter:site\" content=\"@SantaPolaAyunt\" \/>\n<script type=\"application\/ld+json\" class=\"yoast-schema-graph\">{\"@context\":\"https:\\\/\\\/schema.org\",\"@graph\":[{\"@type\":\"Article\",\"@id\":\"https:\\\/\\\/santapola.es\\\/ca\\\/world-sup-festival-costa-blanca-santa-pola-acull-el-major-esdeveniment-del-sup-mundial-del-24-al-26-dabril\\\/#article\",\"isPartOf\":{\"@id\":\"https:\\\/\\\/santapola.es\\\/ca\\\/world-sup-festival-costa-blanca-santa-pola-acull-el-major-esdeveniment-del-sup-mundial-del-24-al-26-dabril\\\/\"},\"author\":{\"name\":\"Jos\u00e9 Juan L\u00f3pez Lafuente\",\"@id\":\"https:\\\/\\\/santapola.es\\\/ca\\\/#\\\/schema\\\/person\\\/ad1d67403707b58350c7be5e8dbc442d\"},\"headline\":\"World SUP Festival Costa Blanca: Santa Pola acull el major esdeveniment del SUP mundial del 24 al 26 d&#8217;abril\",\"datePublished\":\"2026-04-16T11:06:09+00:00\",\"dateModified\":\"2026-04-16T11:11:38+00:00\",\"mainEntityOfPage\":{\"@id\":\"https:\\\/\\\/santapola.es\\\/ca\\\/world-sup-festival-costa-blanca-santa-pola-acull-el-major-esdeveniment-del-sup-mundial-del-24-al-26-dabril\\\/\"},\"wordCount\":1070,\"image\":{\"@id\":\"https:\\\/\\\/santapola.es\\\/ca\\\/world-sup-festival-costa-blanca-santa-pola-acull-el-major-esdeveniment-del-sup-mundial-del-24-al-26-dabril\\\/#primaryimage\"},\"thumbnailUrl\":\"https:\\\/\\\/santapola.es\\\/wp-content\\\/uploads\\\/2026\\\/04\\\/IMG_4713.jpg\",\"keywords\":[\"\u00c1ngel Piedecausa\",\"Associaci\u00f3 de Comerciants\",\"Club Esportiu Parres\",\"Joaqu\u00edn Lozano\",\"World SUP Festival\"],\"articleSection\":[\"Esport\"],\"inLanguage\":\"ca\"},{\"@type\":\"WebPage\",\"@id\":\"https:\\\/\\\/santapola.es\\\/ca\\\/world-sup-festival-costa-blanca-santa-pola-acull-el-major-esdeveniment-del-sup-mundial-del-24-al-26-dabril\\\/\",\"url\":\"https:\\\/\\\/santapola.es\\\/ca\\\/world-sup-festival-costa-blanca-santa-pola-acull-el-major-esdeveniment-del-sup-mundial-del-24-al-26-dabril\\\/\",\"name\":\"World SUP Festival Costa Blanca: Santa Pola acull el major esdeveniment del SUP mundial del 24 al 26 d'abril - Ajuntament de Santa Pola\",\"isPartOf\":{\"@id\":\"https:\\\/\\\/santapola.es\\\/ca\\\/#website\"},\"primaryImageOfPage\":{\"@id\":\"https:\\\/\\\/santapola.es\\\/ca\\\/world-sup-festival-costa-blanca-santa-pola-acull-el-major-esdeveniment-del-sup-mundial-del-24-al-26-dabril\\\/#primaryimage\"},\"image\":{\"@id\":\"https:\\\/\\\/santapola.es\\\/ca\\\/world-sup-festival-costa-blanca-santa-pola-acull-el-major-esdeveniment-del-sup-mundial-del-24-al-26-dabril\\\/#primaryimage\"},\"thumbnailUrl\":\"https:\\\/\\\/santapola.es\\\/wp-content\\\/uploads\\\/2026\\\/04\\\/IMG_4713.jpg\",\"datePublished\":\"2026-04-16T11:06:09+00:00\",\"dateModified\":\"2026-04-16T11:11:38+00:00\",\"author\":{\"@id\":\"https:\\\/\\\/santapola.es\\\/ca\\\/#\\\/schema\\\/person\\\/ad1d67403707b58350c7be5e8dbc442d\"},\"breadcrumb\":{\"@id\":\"https:\\\/\\\/santapola.es\\\/ca\\\/world-sup-festival-costa-blanca-santa-pola-acull-el-major-esdeveniment-del-sup-mundial-del-24-al-26-dabril\\\/#breadcrumb\"},\"inLanguage\":\"ca\",\"potentialAction\":[{\"@type\":\"ReadAction\",\"target\":[\"https:\\\/\\\/santapola.es\\\/ca\\\/world-sup-festival-costa-blanca-santa-pola-acull-el-major-esdeveniment-del-sup-mundial-del-24-al-26-dabril\\\/\"]}]},{\"@type\":\"ImageObject\",\"inLanguage\":\"ca\",\"@id\":\"https:\\\/\\\/santapola.es\\\/ca\\\/world-sup-festival-costa-blanca-santa-pola-acull-el-major-esdeveniment-del-sup-mundial-del-24-al-26-dabril\\\/#primaryimage\",\"url\":\"https:\\\/\\\/santapola.es\\\/wp-content\\\/uploads\\\/2026\\\/04\\\/IMG_4713.jpg\",\"contentUrl\":\"https:\\\/\\\/santapola.es\\\/wp-content\\\/uploads\\\/2026\\\/04\\\/IMG_4713.jpg\",\"width\":1920,\"height\":1440},{\"@type\":\"BreadcrumbList\",\"@id\":\"https:\\\/\\\/santapola.es\\\/ca\\\/world-sup-festival-costa-blanca-santa-pola-acull-el-major-esdeveniment-del-sup-mundial-del-24-al-26-dabril\\\/#breadcrumb\",\"itemListElement\":[{\"@type\":\"ListItem\",\"position\":1,\"name\":\"Inici\",\"item\":\"https:\\\/\\\/santapola.es\\\/ca\\\/\"},{\"@type\":\"ListItem\",\"position\":2,\"name\":\"World SUP Festival Costa Blanca: Santa Pola acull el major esdeveniment del SUP mundial del 24 al 26 d&#8217;abril\"}]},{\"@type\":\"WebSite\",\"@id\":\"https:\\\/\\\/santapola.es\\\/ca\\\/#website\",\"url\":\"https:\\\/\\\/santapola.es\\\/ca\\\/\",\"name\":\"Ayuntamiento de Santa Pola\",\"description\":\"Web de l'Ajuntament de Santa Pola\",\"potentialAction\":[{\"@type\":\"SearchAction\",\"target\":{\"@type\":\"EntryPoint\",\"urlTemplate\":\"https:\\\/\\\/santapola.es\\\/ca\\\/?s={search_term_string}\"},\"query-input\":{\"@type\":\"PropertyValueSpecification\",\"valueRequired\":true,\"valueName\":\"search_term_string\"}}],\"inLanguage\":\"ca\"},{\"@type\":\"Person\",\"@id\":\"https:\\\/\\\/santapola.es\\\/ca\\\/#\\\/schema\\\/person\\\/ad1d67403707b58350c7be5e8dbc442d\",\"name\":\"Jos\u00e9 Juan L\u00f3pez Lafuente\"}]}<\/script>\n<!-- \/ Yoast SEO plugin. -->","yoast_head_json":{"title":"World SUP Festival Costa Blanca: Santa Pola acull el major esdeveniment del SUP mundial del 24 al 26 d'abril - Ajuntament de Santa Pola","robots":{"index":"index","follow":"follow","max-snippet":"max-snippet:-1","max-image-preview":"max-image-preview:large","max-video-preview":"max-video-preview:-1"},"canonical":"https:\/\/santapola.es\/ca\/world-sup-festival-costa-blanca-santa-pola-acull-el-major-esdeveniment-del-sup-mundial-del-24-al-26-dabril\/","og_locale":"ca_ES","og_type":"article","og_title":"World SUP Festival Costa Blanca: Santa Pola acull el major esdeveniment del SUP mundial del 24 al 26 d'abril - Ajuntament de Santa Pola","og_description":"La platja del Varadero de Santa Pola ser\u00e0 escenari de la sexta edici\u00f3 del World SUP Festival Costa Blanca, un gran esdeveniment internacional de Stand Up Paddle que reunir\u00e0 esportistes de 22 pa\u00efsos en un dels enclavaments m\u00e9s emblem\u00e0tics del Mediterrani. Arriba a Santa Pola el major esdeveniment del SUP mundial organitzat pel Club Esportiu [&hellip;]","og_url":"https:\/\/santapola.es\/ca\/world-sup-festival-costa-blanca-santa-pola-acull-el-major-esdeveniment-del-sup-mundial-del-24-al-26-dabril\/","og_site_name":"Ajuntament de Santa Pola","article_publisher":"https:\/\/www.facebook.com\/AyuntamientoSantaPola\/","article_published_time":"2026-04-16T11:06:09+00:00","article_modified_time":"2026-04-16T11:11:38+00:00","og_image":[{"width":1920,"height":1440,"url":"https:\/\/santapola.es\/wp-content\/uploads\/2026\/04\/IMG_4713.jpg","type":"image\/jpeg"}],"author":"Jos\u00e9 Juan L\u00f3pez Lafuente","twitter_card":"summary_large_image","twitter_creator":"@SantaPolaAyunt","twitter_site":"@SantaPolaAyunt","schema":{"@context":"https:\/\/schema.org","@graph":[{"@type":"Article","@id":"https:\/\/santapola.es\/ca\/world-sup-festival-costa-blanca-santa-pola-acull-el-major-esdeveniment-del-sup-mundial-del-24-al-26-dabril\/#article","isPartOf":{"@id":"https:\/\/santapola.es\/ca\/world-sup-festival-costa-blanca-santa-pola-acull-el-major-esdeveniment-del-sup-mundial-del-24-al-26-dabril\/"},"author":{"name":"Jos\u00e9 Juan L\u00f3pez Lafuente","@id":"https:\/\/santapola.es\/ca\/#\/schema\/person\/ad1d67403707b58350c7be5e8dbc442d"},"headline":"World SUP Festival Costa Blanca: Santa Pola acull el major esdeveniment del SUP mundial del 24 al 26 d&#8217;abril","datePublished":"2026-04-16T11:06:09+00:00","dateModified":"2026-04-16T11:11:38+00:00","mainEntityOfPage":{"@id":"https:\/\/santapola.es\/ca\/world-sup-festival-costa-blanca-santa-pola-acull-el-major-esdeveniment-del-sup-mundial-del-24-al-26-dabril\/"},"wordCount":1070,"image":{"@id":"https:\/\/santapola.es\/ca\/world-sup-festival-costa-blanca-santa-pola-acull-el-major-esdeveniment-del-sup-mundial-del-24-al-26-dabril\/#primaryimage"},"thumbnailUrl":"https:\/\/santapola.es\/wp-content\/uploads\/2026\/04\/IMG_4713.jpg","keywords":["\u00c1ngel Piedecausa","Associaci\u00f3 de Comerciants","Club Esportiu Parres","Joaqu\u00edn Lozano","World SUP Festival"],"articleSection":["Esport"],"inLanguage":"ca"},{"@type":"WebPage","@id":"https:\/\/santapola.es\/ca\/world-sup-festival-costa-blanca-santa-pola-acull-el-major-esdeveniment-del-sup-mundial-del-24-al-26-dabril\/","url":"https:\/\/santapola.es\/ca\/world-sup-festival-costa-blanca-santa-pola-acull-el-major-esdeveniment-del-sup-mundial-del-24-al-26-dabril\/","name":"World SUP Festival Costa Blanca: Santa Pola acull el major esdeveniment del SUP mundial del 24 al 26 d'abril - Ajuntament de Santa Pola","isPartOf":{"@id":"https:\/\/santapola.es\/ca\/#website"},"primaryImageOfPage":{"@id":"https:\/\/santapola.es\/ca\/world-sup-festival-costa-blanca-santa-pola-acull-el-major-esdeveniment-del-sup-mundial-del-24-al-26-dabril\/#primaryimage"},"image":{"@id":"https:\/\/santapola.es\/ca\/world-sup-festival-costa-blanca-santa-pola-acull-el-major-esdeveniment-del-sup-mundial-del-24-al-26-dabril\/#primaryimage"},"thumbnailUrl":"https:\/\/santapola.es\/wp-content\/uploads\/2026\/04\/IMG_4713.jpg","datePublished":"2026-04-16T11:06:09+00:00","dateModified":"2026-04-16T11:11:38+00:00","author":{"@id":"https:\/\/santapola.es\/ca\/#\/schema\/person\/ad1d67403707b58350c7be5e8dbc442d"},"breadcrumb":{"@id":"https:\/\/santapola.es\/ca\/world-sup-festival-costa-blanca-santa-pola-acull-el-major-esdeveniment-del-sup-mundial-del-24-al-26-dabril\/#breadcrumb"},"inLanguage":"ca","potentialAction":[{"@type":"ReadAction","target":["https:\/\/santapola.es\/ca\/world-sup-festival-costa-blanca-santa-pola-acull-el-major-esdeveniment-del-sup-mundial-del-24-al-26-dabril\/"]}]},{"@type":"ImageObject","inLanguage":"ca","@id":"https:\/\/santapola.es\/ca\/world-sup-festival-costa-blanca-santa-pola-acull-el-major-esdeveniment-del-sup-mundial-del-24-al-26-dabril\/#primaryimage","url":"https:\/\/santapola.es\/wp-content\/uploads\/2026\/04\/IMG_4713.jpg","contentUrl":"https:\/\/santapola.es\/wp-content\/uploads\/2026\/04\/IMG_4713.jpg","width":1920,"height":1440},{"@type":"BreadcrumbList","@id":"https:\/\/santapola.es\/ca\/world-sup-festival-costa-blanca-santa-pola-acull-el-major-esdeveniment-del-sup-mundial-del-24-al-26-dabril\/#breadcrumb","itemListElement":[{"@type":"ListItem","position":1,"name":"Inici","item":"https:\/\/santapola.es\/ca\/"},{"@type":"ListItem","position":2,"name":"World SUP Festival Costa Blanca: Santa Pola acull el major esdeveniment del SUP mundial del 24 al 26 d&#8217;abril"}]},{"@type":"WebSite","@id":"https:\/\/santapola.es\/ca\/#website","url":"https:\/\/santapola.es\/ca\/","name":"Ayuntamiento de Santa Pola","description":"Web de l'Ajuntament de Santa Pola","potentialAction":[{"@type":"SearchAction","target":{"@type":"EntryPoint","urlTemplate":"https:\/\/santapola.es\/ca\/?s={search_term_string}"},"query-input":{"@type":"PropertyValueSpecification","valueRequired":true,"valueName":"search_term_string"}}],"inLanguage":"ca"},{"@type":"Person","@id":"https:\/\/santapola.es\/ca\/#\/schema\/person\/ad1d67403707b58350c7be5e8dbc442d","name":"Jos\u00e9 Juan L\u00f3pez Lafuente"}]}},"_links":{"self":[{"href":"https:\/\/santapola.es\/ca\/wp-json\/wp\/v2\/posts\/48420","targetHints":{"allow":["GET"]}}],"collection":[{"href":"https:\/\/santapola.es\/ca\/wp-json\/wp\/v2\/posts"}],"about":[{"href":"https:\/\/santapola.es\/ca\/wp-json\/wp\/v2\/types\/post"}],"author":[{"embeddable":true,"href":"https:\/\/santapola.es\/ca\/wp-json\/wp\/v2\/users\/96"}],"replies":[{"embeddable":true,"href":"https:\/\/santapola.es\/ca\/wp-json\/wp\/v2\/comments?post=48420"}],"version-history":[{"count":2,"href":"https:\/\/santapola.es\/ca\/wp-json\/wp\/v2\/posts\/48420\/revisions"}],"predecessor-version":[{"id":48423,"href":"https:\/\/santapola.es\/ca\/wp-json\/wp\/v2\/posts\/48420\/revisions\/48423"}],"wp:featuredmedia":[{"embeddable":true,"href":"https:\/\/santapola.es\/ca\/wp-json\/wp\/v2\/media\/48418"}],"wp:attachment":[{"href":"https:\/\/santapola.es\/ca\/wp-json\/wp\/v2\/media?parent=48420"}],"wp:term":[{"taxonomy":"category","embeddable":true,"href":"https:\/\/santapola.es\/ca\/wp-json\/wp\/v2\/categories?post=48420"},{"taxonomy":"post_tag","embeddable":true,"href":"https:\/\/santapola.es\/ca\/wp-json\/wp\/v2\/tags?post=48420"}],"curies":[{"name":"wp","href":"https:\/\/api.w.org\/{rel}","templated":true}]}}