{"id":48383,"date":"2026-04-10T12:30:24","date_gmt":"2026-04-10T10:30:24","guid":{"rendered":"https:\/\/santapola.es\/?p=48383"},"modified":"2026-04-10T12:39:56","modified_gmt":"2026-04-10T10:39:56","slug":"santa-pola-vivira-del-30-de-abril-al-3-de-mayo-sus-tradicionales-festes-de-la-creu","status":"publish","type":"post","link":"https:\/\/santapola.es\/ca\/santa-pola-vivira-del-30-de-abril-al-3-de-mayo-sus-tradicionales-festes-de-la-creu\/","title":{"rendered":"Santa Pola vivir\u00e1 del 30 de abril al 3 de mayo sus tradicionales \u201cFestes de La Creu\u201d"},"content":{"rendered":"<p><b>La comisi\u00f3n de fiestas ha preparado una variada programaci\u00f3n que este a\u00f1o coincide con el fin de semana. Alejandro Mart\u00ednez, del CEIP Jos\u00e9 Garnero, ha ganado el concurso de dibujo e ilustra el cartel de este a\u00f1o.\u00a0<\/b><\/p>\n<p><span style=\"font-weight: 400;\">Del 30 de abril al 3 de mayo se celebran, un a\u00f1o m\u00e1s, las tradicionales \u201cFestes de La Creu\u201d que organizan los vecinos de la Calle La Cruz junto al ayuntamiento. Ser\u00e1n cuatro d\u00edas de variadas actividades con m\u00fasica, talleres, entretenimiento para los m\u00e1s peque\u00f1os, ajedrez, cenas compartidas y mucha cultura local.<\/span><\/p>\n<p><span style=\"font-weight: 400;\">Ramona \u00c1lvarez, una de las organizadoras m\u00e1s veteranas, destac\u00f3 que \u201ceste a\u00f1o tenemos tres d\u00edas de fiesta para los ni\u00f1os, algo que nunca hab\u00edamos hecho. Nuestra ilusi\u00f3n es seguir trabajando por la calle para que toda la gente de Santa Pola pueda disfrutar de nuestras fiestas\u201d.<\/span><\/p>\n<p><span style=\"font-weight: 400;\">Asimismo, quiso agradecer \u201cal Ayuntamiento, sin el cual no ser\u00eda posible organizar estas fiestas, y a los casi 70 comercios colaboradores que este a\u00f1o se han volcado con nosotros\u201d.<\/span><\/p>\n<p><span style=\"font-weight: 400;\">Nely Baile, concejala de Fiestas, destac\u00f3 \u201c la labor de la comisi\u00f3n de fiestas de la Calle de La Cruz, que cada vez son m\u00e1s los vecinos que se animan a organizarlas, y me gustar\u00eda animar a todos a acompa\u00f1arles durante estos d\u00edas\u201d.<\/span><\/p>\n<p><b>Dibujo ganador<\/b><\/p>\n<p><span style=\"font-weight: 400;\">Todos los alumnos de cuarto de Primaria de los colegios de Santa Pola participan en el concurso de dibujo cuyo ganador cada a\u00f1o ilustra el cartel de las fiestas. En esta ocasi\u00f3n, el dibujo elegido es de Alejandro Mart\u00ednez, estudiante del CEIP Jos\u00e9 Garnero, con una art\u00edstica imagen que funde la tradicional cruz con un paisaje muy caracter\u00edstico: el atardecer desde la Torre del Tamarit.\u00a0<\/span><\/p>\n<p><span style=\"font-weight: 400;\">La alcaldesa Loreto Serrano felicit\u00f3 al autor del dibujo y ensalz\u00f3 el trabajo de las organizadoras: \u201csois un ejemplo de buena vecindad y de participaci\u00f3n, con vuestro trabajo consegu\u00eds que todo el pueblo nos volquemos para compartir nuestra cultura y nuestras tradiciones, os agradecemos mucho el esfuerzo\u201d.<\/span><\/p>\n<p><iframe loading=\"lazy\" title=\"Santa Pola vivir\u00e1 del 30 de abril al 3 de mayo sus tradicionales \u201cFestes de La Creu\u201d\" width=\"1080\" height=\"608\" src=\"https:\/\/www.youtube.com\/embed\/Eakr4tyIEYs?feature=oembed\"  allow=\"accelerometer; autoplay; clipboard-write; encrypted-media; gyroscope; picture-in-picture; web-share\" referrerpolicy=\"strict-origin-when-cross-origin\" allowfullscreen><\/iframe><\/p>\n<p><b>Programaci\u00f3n<\/b><\/p>\n<p><i><span style=\"font-weight: 400;\">Jueves 30 de abril<\/span><\/i><\/p>\n<p><span style=\"font-weight: 400;\">21:00 Sopar de cabasset<\/span><\/p>\n<p><span style=\"font-weight: 400;\">22:30 Sorteo de la rifa<\/span><\/p>\n<p><span style=\"font-weight: 400;\">23:00 Concierto de No Name<\/span><\/p>\n<p><i><span style=\"font-weight: 400;\">Viernes 1 de mayo<\/span><\/i><\/p>\n<p><span style=\"font-weight: 400;\">12:00 Inauguraci\u00f3n con la actuaci\u00f3n de la Coral Villa de Santa Pola<\/span><\/p>\n<p><span style=\"font-weight: 400;\">17:00 Ajedrez en la calle con el Maestro Luis Mar\u00eda Campos Gambuti<\/span><\/p>\n<p><span style=\"font-weight: 400;\">18:00 Espect\u00e1culo infantil Zapatones, humor, malabares y magia.<\/span><\/p>\n<p><i><span style=\"font-weight: 400;\">S\u00e1bado 2 de mayo<\/span><\/i><\/p>\n<p><span style=\"font-weight: 400;\">17:00 Participa con Colibr\u00ed, taller colaborativo de ACEM<\/span><\/p>\n<p><span style=\"font-weight: 400;\">17:30 Gran Gymkana. Al terminar, chocolate caliente y merienda para los nenes.<\/span><\/p>\n<p><span style=\"font-weight: 400;\">21:00 Trae tu cena y que siga la fiesta<\/span><\/p>\n<p><span style=\"font-weight: 400;\">22:30 Concierto de Cham\u00e1n<\/span><\/p>\n<p><i><span style=\"font-weight: 400;\">Domingo 3 de mayo<\/span><\/i><\/p>\n<p><span style=\"font-weight: 400;\">12:00 Juegos de feria y m\u00fasica<\/span><\/p>\n<p><span style=\"font-weight: 400;\">19:30 Procesi\u00f3n desde la Iglesia<\/span><\/p>\n<p><span style=\"font-weight: 400;\">20:00 Misa cantada por el Coro Los Romeros. Al terminar, chocolate caliente para los asistentes.<\/span><\/p>\n","protected":false},"excerpt":{"rendered":"<p>La comisi\u00f3n de fiestas ha preparado una variada programaci\u00f3n que este a\u00f1o coincide con el fin de semana. Alejandro Mart\u00ednez, del CEIP Jos\u00e9 Garnero, ha ganado el concurso de dibujo e ilustra el cartel de este a\u00f1o.\u00a0 Del 30 de abril al 3 de mayo se celebran, un a\u00f1o m\u00e1s, las tradicionales \u201cFestes de La [&hellip;]<\/p>\n","protected":false},"author":96,"featured_media":48384,"comment_status":"closed","ping_status":"closed","sticky":false,"template":"","format":"standard","meta":{"_et_pb_use_builder":"","_et_pb_old_content":"","_et_gb_content_width":"","footnotes":""},"categories":[97],"tags":[510],"class_list":["post-48383","post","type-post","status-publish","format-standard","has-post-thumbnail","hentry","category-fiestas","tag-fiestas-calle-de-la-cruz"],"yoast_head":"<!-- This site is optimized with the Yoast SEO plugin v27.4 - https:\/\/yoast.com\/product\/yoast-seo-wordpress\/ -->\n<title>Santa Pola vivir\u00e1 del 30 de abril al 3 de mayo sus tradicionales \u201cFestes de La Creu\u201d - Ajuntament de Santa Pola<\/title>\n<meta name=\"robots\" content=\"index, follow, max-snippet:-1, max-image-preview:large, max-video-preview:-1\" \/>\n<link rel=\"canonical\" href=\"https:\/\/santapola.es\/ca\/santa-pola-vivira-del-30-de-abril-al-3-de-mayo-sus-tradicionales-festes-de-la-creu\/\" \/>\n<meta property=\"og:locale\" content=\"ca_ES\" \/>\n<meta property=\"og:type\" content=\"article\" \/>\n<meta property=\"og:title\" content=\"Santa Pola vivir\u00e1 del 30 de abril al 3 de mayo sus tradicionales \u201cFestes de La Creu\u201d - Ajuntament de Santa Pola\" \/>\n<meta property=\"og:description\" content=\"La comisi\u00f3n de fiestas ha preparado una variada programaci\u00f3n que este a\u00f1o coincide con el fin de semana. Alejandro Mart\u00ednez, del CEIP Jos\u00e9 Garnero, ha ganado el concurso de dibujo e ilustra el cartel de este a\u00f1o.\u00a0 Del 30 de abril al 3 de mayo se celebran, un a\u00f1o m\u00e1s, las tradicionales \u201cFestes de La [&hellip;]\" \/>\n<meta property=\"og:url\" content=\"https:\/\/santapola.es\/ca\/santa-pola-vivira-del-30-de-abril-al-3-de-mayo-sus-tradicionales-festes-de-la-creu\/\" \/>\n<meta property=\"og:site_name\" content=\"Ajuntament de Santa Pola\" \/>\n<meta property=\"article:publisher\" content=\"https:\/\/www.facebook.com\/AyuntamientoSantaPola\/\" \/>\n<meta property=\"article:published_time\" content=\"2026-04-10T10:30:24+00:00\" \/>\n<meta property=\"article:modified_time\" content=\"2026-04-10T10:39:56+00:00\" \/>\n<meta property=\"og:image\" content=\"https:\/\/santapola.es\/wp-content\/uploads\/2026\/04\/IMG_4448.jpg\" \/>\n\t<meta property=\"og:image:width\" content=\"1920\" \/>\n\t<meta property=\"og:image:height\" content=\"1440\" \/>\n\t<meta property=\"og:image:type\" content=\"image\/jpeg\" \/>\n<meta name=\"author\" content=\"Jos\u00e9 Juan L\u00f3pez Lafuente\" \/>\n<meta name=\"twitter:card\" content=\"summary_large_image\" \/>\n<meta name=\"twitter:creator\" content=\"@SantaPolaAyunt\" \/>\n<meta name=\"twitter:site\" content=\"@SantaPolaAyunt\" \/>\n<script type=\"application\/ld+json\" class=\"yoast-schema-graph\">{\"@context\":\"https:\\\/\\\/schema.org\",\"@graph\":[{\"@type\":\"Article\",\"@id\":\"https:\\\/\\\/santapola.es\\\/ca\\\/santa-pola-vivira-del-30-de-abril-al-3-de-mayo-sus-tradicionales-festes-de-la-creu\\\/#article\",\"isPartOf\":{\"@id\":\"https:\\\/\\\/santapola.es\\\/ca\\\/santa-pola-vivira-del-30-de-abril-al-3-de-mayo-sus-tradicionales-festes-de-la-creu\\\/\"},\"author\":{\"name\":\"Jos\u00e9 Juan L\u00f3pez Lafuente\",\"@id\":\"https:\\\/\\\/santapola.es\\\/ca\\\/#\\\/schema\\\/person\\\/ad1d67403707b58350c7be5e8dbc442d\"},\"headline\":\"Santa Pola vivir\u00e1 del 30 de abril al 3 de mayo sus tradicionales \u201cFestes de La Creu\u201d\",\"datePublished\":\"2026-04-10T10:30:24+00:00\",\"dateModified\":\"2026-04-10T10:39:56+00:00\",\"mainEntityOfPage\":{\"@id\":\"https:\\\/\\\/santapola.es\\\/ca\\\/santa-pola-vivira-del-30-de-abril-al-3-de-mayo-sus-tradicionales-festes-de-la-creu\\\/\"},\"wordCount\":483,\"image\":{\"@id\":\"https:\\\/\\\/santapola.es\\\/ca\\\/santa-pola-vivira-del-30-de-abril-al-3-de-mayo-sus-tradicionales-festes-de-la-creu\\\/#primaryimage\"},\"thumbnailUrl\":\"https:\\\/\\\/santapola.es\\\/wp-content\\\/uploads\\\/2026\\\/04\\\/IMG_4448.jpg\",\"keywords\":[\"Fiestas Calle de la Cruz\"],\"articleSection\":[\"Fiestas\"],\"inLanguage\":\"ca\"},{\"@type\":\"WebPage\",\"@id\":\"https:\\\/\\\/santapola.es\\\/ca\\\/santa-pola-vivira-del-30-de-abril-al-3-de-mayo-sus-tradicionales-festes-de-la-creu\\\/\",\"url\":\"https:\\\/\\\/santapola.es\\\/ca\\\/santa-pola-vivira-del-30-de-abril-al-3-de-mayo-sus-tradicionales-festes-de-la-creu\\\/\",\"name\":\"Santa Pola vivir\u00e1 del 30 de abril al 3 de mayo sus tradicionales \u201cFestes de La Creu\u201d - Ajuntament de Santa Pola\",\"isPartOf\":{\"@id\":\"https:\\\/\\\/santapola.es\\\/ca\\\/#website\"},\"primaryImageOfPage\":{\"@id\":\"https:\\\/\\\/santapola.es\\\/ca\\\/santa-pola-vivira-del-30-de-abril-al-3-de-mayo-sus-tradicionales-festes-de-la-creu\\\/#primaryimage\"},\"image\":{\"@id\":\"https:\\\/\\\/santapola.es\\\/ca\\\/santa-pola-vivira-del-30-de-abril-al-3-de-mayo-sus-tradicionales-festes-de-la-creu\\\/#primaryimage\"},\"thumbnailUrl\":\"https:\\\/\\\/santapola.es\\\/wp-content\\\/uploads\\\/2026\\\/04\\\/IMG_4448.jpg\",\"datePublished\":\"2026-04-10T10:30:24+00:00\",\"dateModified\":\"2026-04-10T10:39:56+00:00\",\"author\":{\"@id\":\"https:\\\/\\\/santapola.es\\\/ca\\\/#\\\/schema\\\/person\\\/ad1d67403707b58350c7be5e8dbc442d\"},\"breadcrumb\":{\"@id\":\"https:\\\/\\\/santapola.es\\\/ca\\\/santa-pola-vivira-del-30-de-abril-al-3-de-mayo-sus-tradicionales-festes-de-la-creu\\\/#breadcrumb\"},\"inLanguage\":\"ca\",\"potentialAction\":[{\"@type\":\"ReadAction\",\"target\":[\"https:\\\/\\\/santapola.es\\\/ca\\\/santa-pola-vivira-del-30-de-abril-al-3-de-mayo-sus-tradicionales-festes-de-la-creu\\\/\"]}]},{\"@type\":\"ImageObject\",\"inLanguage\":\"ca\",\"@id\":\"https:\\\/\\\/santapola.es\\\/ca\\\/santa-pola-vivira-del-30-de-abril-al-3-de-mayo-sus-tradicionales-festes-de-la-creu\\\/#primaryimage\",\"url\":\"https:\\\/\\\/santapola.es\\\/wp-content\\\/uploads\\\/2026\\\/04\\\/IMG_4448.jpg\",\"contentUrl\":\"https:\\\/\\\/santapola.es\\\/wp-content\\\/uploads\\\/2026\\\/04\\\/IMG_4448.jpg\",\"width\":1920,\"height\":1440},{\"@type\":\"BreadcrumbList\",\"@id\":\"https:\\\/\\\/santapola.es\\\/ca\\\/santa-pola-vivira-del-30-de-abril-al-3-de-mayo-sus-tradicionales-festes-de-la-creu\\\/#breadcrumb\",\"itemListElement\":[{\"@type\":\"ListItem\",\"position\":1,\"name\":\"Inici\",\"item\":\"https:\\\/\\\/santapola.es\\\/ca\\\/\"},{\"@type\":\"ListItem\",\"position\":2,\"name\":\"Santa Pola vivir\u00e1 del 30 de abril al 3 de mayo sus tradicionales \u201cFestes de La Creu\u201d\"}]},{\"@type\":\"WebSite\",\"@id\":\"https:\\\/\\\/santapola.es\\\/ca\\\/#website\",\"url\":\"https:\\\/\\\/santapola.es\\\/ca\\\/\",\"name\":\"Ayuntamiento de Santa Pola\",\"description\":\"Web de l'Ajuntament de Santa Pola\",\"potentialAction\":[{\"@type\":\"SearchAction\",\"target\":{\"@type\":\"EntryPoint\",\"urlTemplate\":\"https:\\\/\\\/santapola.es\\\/ca\\\/?s={search_term_string}\"},\"query-input\":{\"@type\":\"PropertyValueSpecification\",\"valueRequired\":true,\"valueName\":\"search_term_string\"}}],\"inLanguage\":\"ca\"},{\"@type\":\"Person\",\"@id\":\"https:\\\/\\\/santapola.es\\\/ca\\\/#\\\/schema\\\/person\\\/ad1d67403707b58350c7be5e8dbc442d\",\"name\":\"Jos\u00e9 Juan L\u00f3pez Lafuente\"}]}<\/script>\n<!-- \/ Yoast SEO plugin. -->","yoast_head_json":{"title":"Santa Pola vivir\u00e1 del 30 de abril al 3 de mayo sus tradicionales \u201cFestes de La Creu\u201d - Ajuntament de Santa Pola","robots":{"index":"index","follow":"follow","max-snippet":"max-snippet:-1","max-image-preview":"max-image-preview:large","max-video-preview":"max-video-preview:-1"},"canonical":"https:\/\/santapola.es\/ca\/santa-pola-vivira-del-30-de-abril-al-3-de-mayo-sus-tradicionales-festes-de-la-creu\/","og_locale":"ca_ES","og_type":"article","og_title":"Santa Pola vivir\u00e1 del 30 de abril al 3 de mayo sus tradicionales \u201cFestes de La Creu\u201d - Ajuntament de Santa Pola","og_description":"La comisi\u00f3n de fiestas ha preparado una variada programaci\u00f3n que este a\u00f1o coincide con el fin de semana. Alejandro Mart\u00ednez, del CEIP Jos\u00e9 Garnero, ha ganado el concurso de dibujo e ilustra el cartel de este a\u00f1o.\u00a0 Del 30 de abril al 3 de mayo se celebran, un a\u00f1o m\u00e1s, las tradicionales \u201cFestes de La [&hellip;]","og_url":"https:\/\/santapola.es\/ca\/santa-pola-vivira-del-30-de-abril-al-3-de-mayo-sus-tradicionales-festes-de-la-creu\/","og_site_name":"Ajuntament de Santa Pola","article_publisher":"https:\/\/www.facebook.com\/AyuntamientoSantaPola\/","article_published_time":"2026-04-10T10:30:24+00:00","article_modified_time":"2026-04-10T10:39:56+00:00","og_image":[{"width":1920,"height":1440,"url":"https:\/\/santapola.es\/wp-content\/uploads\/2026\/04\/IMG_4448.jpg","type":"image\/jpeg"}],"author":"Jos\u00e9 Juan L\u00f3pez Lafuente","twitter_card":"summary_large_image","twitter_creator":"@SantaPolaAyunt","twitter_site":"@SantaPolaAyunt","schema":{"@context":"https:\/\/schema.org","@graph":[{"@type":"Article","@id":"https:\/\/santapola.es\/ca\/santa-pola-vivira-del-30-de-abril-al-3-de-mayo-sus-tradicionales-festes-de-la-creu\/#article","isPartOf":{"@id":"https:\/\/santapola.es\/ca\/santa-pola-vivira-del-30-de-abril-al-3-de-mayo-sus-tradicionales-festes-de-la-creu\/"},"author":{"name":"Jos\u00e9 Juan L\u00f3pez Lafuente","@id":"https:\/\/santapola.es\/ca\/#\/schema\/person\/ad1d67403707b58350c7be5e8dbc442d"},"headline":"Santa Pola vivir\u00e1 del 30 de abril al 3 de mayo sus tradicionales \u201cFestes de La Creu\u201d","datePublished":"2026-04-10T10:30:24+00:00","dateModified":"2026-04-10T10:39:56+00:00","mainEntityOfPage":{"@id":"https:\/\/santapola.es\/ca\/santa-pola-vivira-del-30-de-abril-al-3-de-mayo-sus-tradicionales-festes-de-la-creu\/"},"wordCount":483,"image":{"@id":"https:\/\/santapola.es\/ca\/santa-pola-vivira-del-30-de-abril-al-3-de-mayo-sus-tradicionales-festes-de-la-creu\/#primaryimage"},"thumbnailUrl":"https:\/\/santapola.es\/wp-content\/uploads\/2026\/04\/IMG_4448.jpg","keywords":["Fiestas Calle de la Cruz"],"articleSection":["Fiestas"],"inLanguage":"ca"},{"@type":"WebPage","@id":"https:\/\/santapola.es\/ca\/santa-pola-vivira-del-30-de-abril-al-3-de-mayo-sus-tradicionales-festes-de-la-creu\/","url":"https:\/\/santapola.es\/ca\/santa-pola-vivira-del-30-de-abril-al-3-de-mayo-sus-tradicionales-festes-de-la-creu\/","name":"Santa Pola vivir\u00e1 del 30 de abril al 3 de mayo sus tradicionales \u201cFestes de La Creu\u201d - Ajuntament de Santa Pola","isPartOf":{"@id":"https:\/\/santapola.es\/ca\/#website"},"primaryImageOfPage":{"@id":"https:\/\/santapola.es\/ca\/santa-pola-vivira-del-30-de-abril-al-3-de-mayo-sus-tradicionales-festes-de-la-creu\/#primaryimage"},"image":{"@id":"https:\/\/santapola.es\/ca\/santa-pola-vivira-del-30-de-abril-al-3-de-mayo-sus-tradicionales-festes-de-la-creu\/#primaryimage"},"thumbnailUrl":"https:\/\/santapola.es\/wp-content\/uploads\/2026\/04\/IMG_4448.jpg","datePublished":"2026-04-10T10:30:24+00:00","dateModified":"2026-04-10T10:39:56+00:00","author":{"@id":"https:\/\/santapola.es\/ca\/#\/schema\/person\/ad1d67403707b58350c7be5e8dbc442d"},"breadcrumb":{"@id":"https:\/\/santapola.es\/ca\/santa-pola-vivira-del-30-de-abril-al-3-de-mayo-sus-tradicionales-festes-de-la-creu\/#breadcrumb"},"inLanguage":"ca","potentialAction":[{"@type":"ReadAction","target":["https:\/\/santapola.es\/ca\/santa-pola-vivira-del-30-de-abril-al-3-de-mayo-sus-tradicionales-festes-de-la-creu\/"]}]},{"@type":"ImageObject","inLanguage":"ca","@id":"https:\/\/santapola.es\/ca\/santa-pola-vivira-del-30-de-abril-al-3-de-mayo-sus-tradicionales-festes-de-la-creu\/#primaryimage","url":"https:\/\/santapola.es\/wp-content\/uploads\/2026\/04\/IMG_4448.jpg","contentUrl":"https:\/\/santapola.es\/wp-content\/uploads\/2026\/04\/IMG_4448.jpg","width":1920,"height":1440},{"@type":"BreadcrumbList","@id":"https:\/\/santapola.es\/ca\/santa-pola-vivira-del-30-de-abril-al-3-de-mayo-sus-tradicionales-festes-de-la-creu\/#breadcrumb","itemListElement":[{"@type":"ListItem","position":1,"name":"Inici","item":"https:\/\/santapola.es\/ca\/"},{"@type":"ListItem","position":2,"name":"Santa Pola vivir\u00e1 del 30 de abril al 3 de mayo sus tradicionales \u201cFestes de La Creu\u201d"}]},{"@type":"WebSite","@id":"https:\/\/santapola.es\/ca\/#website","url":"https:\/\/santapola.es\/ca\/","name":"Ayuntamiento de Santa Pola","description":"Web de l'Ajuntament de Santa Pola","potentialAction":[{"@type":"SearchAction","target":{"@type":"EntryPoint","urlTemplate":"https:\/\/santapola.es\/ca\/?s={search_term_string}"},"query-input":{"@type":"PropertyValueSpecification","valueRequired":true,"valueName":"search_term_string"}}],"inLanguage":"ca"},{"@type":"Person","@id":"https:\/\/santapola.es\/ca\/#\/schema\/person\/ad1d67403707b58350c7be5e8dbc442d","name":"Jos\u00e9 Juan L\u00f3pez Lafuente"}]}},"_links":{"self":[{"href":"https:\/\/santapola.es\/ca\/wp-json\/wp\/v2\/posts\/48383","targetHints":{"allow":["GET"]}}],"collection":[{"href":"https:\/\/santapola.es\/ca\/wp-json\/wp\/v2\/posts"}],"about":[{"href":"https:\/\/santapola.es\/ca\/wp-json\/wp\/v2\/types\/post"}],"author":[{"embeddable":true,"href":"https:\/\/santapola.es\/ca\/wp-json\/wp\/v2\/users\/96"}],"replies":[{"embeddable":true,"href":"https:\/\/santapola.es\/ca\/wp-json\/wp\/v2\/comments?post=48383"}],"version-history":[{"count":2,"href":"https:\/\/santapola.es\/ca\/wp-json\/wp\/v2\/posts\/48383\/revisions"}],"predecessor-version":[{"id":48389,"href":"https:\/\/santapola.es\/ca\/wp-json\/wp\/v2\/posts\/48383\/revisions\/48389"}],"wp:featuredmedia":[{"embeddable":true,"href":"https:\/\/santapola.es\/ca\/wp-json\/wp\/v2\/media\/48384"}],"wp:attachment":[{"href":"https:\/\/santapola.es\/ca\/wp-json\/wp\/v2\/media?parent=48383"}],"wp:term":[{"taxonomy":"category","embeddable":true,"href":"https:\/\/santapola.es\/ca\/wp-json\/wp\/v2\/categories?post=48383"},{"taxonomy":"post_tag","embeddable":true,"href":"https:\/\/santapola.es\/ca\/wp-json\/wp\/v2\/tags?post=48383"}],"curies":[{"name":"wp","href":"https:\/\/api.w.org\/{rel}","templated":true}]}}