{"id":48377,"date":"2026-04-10T10:27:18","date_gmt":"2026-04-10T08:27:18","guid":{"rendered":"https:\/\/santapola.es\/?p=48377"},"modified":"2026-04-10T10:29:10","modified_gmt":"2026-04-10T08:29:10","slug":"el-ple-aprova-per-unanimitat-el-compromis-de-modificar-a-us-assistencial-sanitari-la-parcel%c2%b7la-del-futur-consultori-de-gran-alacant","status":"publish","type":"post","link":"https:\/\/santapola.es\/ca\/el-ple-aprova-per-unanimitat-el-compromis-de-modificar-a-us-assistencial-sanitari-la-parcel%c2%b7la-del-futur-consultori-de-gran-alacant\/","title":{"rendered":"El ple aprova per unanimitat el comprom\u00eds de modificar a \u00fas assistencial sanitari la parcel\u00b7la del futur consultori de Gran Alacant"},"content":{"rendered":"<p><strong>Perqu\u00e8 la Conselleria de Sanitat aprove la cessi\u00f3 de compet\u00e8ncies a l&#8217;Ajuntament de Santa Pola per a construir el consultori m\u00e8dic de Gran Alacant, ha sigut necessari segellar este comprom\u00eds.<\/strong><br \/>\nSegons va explicar el regidor de Sanitat, Borja Merino, \u201cla Conselleria de Sanitat ens ha sol\u00b7licitat un comprom\u00eds que garantisca la modificaci\u00f3 puntual d&#8217;esta parcel\u00b7la en el pla general, que actualment t\u00e9 un \u00fas dotacional administratiu i institucional, i abans que comencen les obres ha de canviar-se el seu \u00fas a dotacional assistencial sanitari\u201d.<\/p>\n","protected":false},"excerpt":{"rendered":"<p>Perqu\u00e8 la Conselleria de Sanitat aprove la cessi\u00f3 de compet\u00e8ncies a l&#8217;Ajuntament de Santa Pola per a construir el consultori m\u00e8dic de Gran Alacant, ha sigut necessari segellar este comprom\u00eds. Segons va explicar el regidor de Sanitat, Borja Merino, \u201cla Conselleria de Sanitat ens ha sol\u00b7licitat un comprom\u00eds que garantisca la modificaci\u00f3 puntual d&#8217;esta parcel\u00b7la [&hellip;]<\/p>\n","protected":false},"author":96,"featured_media":48375,"comment_status":"closed","ping_status":"closed","sticky":false,"template":"","format":"standard","meta":{"_et_pb_use_builder":"","_et_pb_old_content":"","_et_gb_content_width":"","footnotes":""},"categories":[588,473,649],"tags":[1832,1314],"class_list":["post-48377","post","type-post","status-publish","format-standard","has-post-thumbnail","hentry","category-gran-alacant-2","category-plens","category-sanitat","tag-consultori-medic-gran-alacant","tag-plens"],"yoast_head":"<!-- This site is optimized with the Yoast SEO plugin v27.4 - https:\/\/yoast.com\/product\/yoast-seo-wordpress\/ -->\n<title>El ple aprova per unanimitat el comprom\u00eds de modificar a \u00fas assistencial sanitari la parcel\u00b7la del futur consultori de Gran Alacant - Ajuntament de Santa Pola<\/title>\n<meta name=\"robots\" content=\"index, follow, max-snippet:-1, max-image-preview:large, max-video-preview:-1\" \/>\n<link rel=\"canonical\" href=\"https:\/\/santapola.es\/ca\/el-ple-aprova-per-unanimitat-el-compromis-de-modificar-a-us-assistencial-sanitari-la-parcel%c2%b7la-del-futur-consultori-de-gran-alacant\/\" \/>\n<meta property=\"og:locale\" content=\"ca_ES\" \/>\n<meta property=\"og:type\" content=\"article\" \/>\n<meta property=\"og:title\" content=\"El ple aprova per unanimitat el comprom\u00eds de modificar a \u00fas assistencial sanitari la parcel\u00b7la del futur consultori de Gran Alacant - Ajuntament de Santa Pola\" \/>\n<meta property=\"og:description\" content=\"Perqu\u00e8 la Conselleria de Sanitat aprove la cessi\u00f3 de compet\u00e8ncies a l&#8217;Ajuntament de Santa Pola per a construir el consultori m\u00e8dic de Gran Alacant, ha sigut necessari segellar este comprom\u00eds. Segons va explicar el regidor de Sanitat, Borja Merino, \u201cla Conselleria de Sanitat ens ha sol\u00b7licitat un comprom\u00eds que garantisca la modificaci\u00f3 puntual d&#8217;esta parcel\u00b7la [&hellip;]\" \/>\n<meta property=\"og:url\" content=\"https:\/\/santapola.es\/ca\/el-ple-aprova-per-unanimitat-el-compromis-de-modificar-a-us-assistencial-sanitari-la-parcel%c2%b7la-del-futur-consultori-de-gran-alacant\/\" \/>\n<meta property=\"og:site_name\" content=\"Ajuntament de Santa Pola\" \/>\n<meta property=\"article:publisher\" content=\"https:\/\/www.facebook.com\/AyuntamientoSantaPola\/\" \/>\n<meta property=\"article:published_time\" content=\"2026-04-10T08:27:18+00:00\" \/>\n<meta property=\"article:modified_time\" content=\"2026-04-10T08:29:10+00:00\" \/>\n<meta property=\"og:image\" content=\"https:\/\/santapola.es\/wp-content\/uploads\/2026\/04\/WhatsApp-Image-2026-04-09-at-20.12.24.jpeg\" \/>\n\t<meta property=\"og:image:width\" content=\"1600\" \/>\n\t<meta property=\"og:image:height\" content=\"1200\" \/>\n\t<meta property=\"og:image:type\" content=\"image\/jpeg\" \/>\n<meta name=\"author\" content=\"Jos\u00e9 Juan L\u00f3pez Lafuente\" \/>\n<meta name=\"twitter:card\" content=\"summary_large_image\" \/>\n<meta name=\"twitter:creator\" content=\"@SantaPolaAyunt\" \/>\n<meta name=\"twitter:site\" content=\"@SantaPolaAyunt\" \/>\n<script type=\"application\/ld+json\" class=\"yoast-schema-graph\">{\"@context\":\"https:\\\/\\\/schema.org\",\"@graph\":[{\"@type\":\"Article\",\"@id\":\"https:\\\/\\\/santapola.es\\\/ca\\\/el-ple-aprova-per-unanimitat-el-compromis-de-modificar-a-us-assistencial-sanitari-la-parcel%c2%b7la-del-futur-consultori-de-gran-alacant\\\/#article\",\"isPartOf\":{\"@id\":\"https:\\\/\\\/santapola.es\\\/ca\\\/el-ple-aprova-per-unanimitat-el-compromis-de-modificar-a-us-assistencial-sanitari-la-parcel%c2%b7la-del-futur-consultori-de-gran-alacant\\\/\"},\"author\":{\"name\":\"Jos\u00e9 Juan L\u00f3pez Lafuente\",\"@id\":\"https:\\\/\\\/santapola.es\\\/ca\\\/#\\\/schema\\\/person\\\/ad1d67403707b58350c7be5e8dbc442d\"},\"headline\":\"El ple aprova per unanimitat el comprom\u00eds de modificar a \u00fas assistencial sanitari la parcel\u00b7la del futur consultori de Gran Alacant\",\"datePublished\":\"2026-04-10T08:27:18+00:00\",\"dateModified\":\"2026-04-10T08:29:10+00:00\",\"mainEntityOfPage\":{\"@id\":\"https:\\\/\\\/santapola.es\\\/ca\\\/el-ple-aprova-per-unanimitat-el-compromis-de-modificar-a-us-assistencial-sanitari-la-parcel%c2%b7la-del-futur-consultori-de-gran-alacant\\\/\"},\"wordCount\":115,\"image\":{\"@id\":\"https:\\\/\\\/santapola.es\\\/ca\\\/el-ple-aprova-per-unanimitat-el-compromis-de-modificar-a-us-assistencial-sanitari-la-parcel%c2%b7la-del-futur-consultori-de-gran-alacant\\\/#primaryimage\"},\"thumbnailUrl\":\"https:\\\/\\\/santapola.es\\\/wp-content\\\/uploads\\\/2026\\\/04\\\/WhatsApp-Image-2026-04-09-at-20.12.24.jpeg\",\"keywords\":[\"Consultori m\u00e8dic Gran Alacant\",\"Plens\"],\"articleSection\":[\"Gran Alacant\",\"Plens\",\"Sanitat\"],\"inLanguage\":\"ca\"},{\"@type\":\"WebPage\",\"@id\":\"https:\\\/\\\/santapola.es\\\/ca\\\/el-ple-aprova-per-unanimitat-el-compromis-de-modificar-a-us-assistencial-sanitari-la-parcel%c2%b7la-del-futur-consultori-de-gran-alacant\\\/\",\"url\":\"https:\\\/\\\/santapola.es\\\/ca\\\/el-ple-aprova-per-unanimitat-el-compromis-de-modificar-a-us-assistencial-sanitari-la-parcel%c2%b7la-del-futur-consultori-de-gran-alacant\\\/\",\"name\":\"El ple aprova per unanimitat el comprom\u00eds de modificar a \u00fas assistencial sanitari la parcel\u00b7la del futur consultori de Gran Alacant - Ajuntament de Santa Pola\",\"isPartOf\":{\"@id\":\"https:\\\/\\\/santapola.es\\\/ca\\\/#website\"},\"primaryImageOfPage\":{\"@id\":\"https:\\\/\\\/santapola.es\\\/ca\\\/el-ple-aprova-per-unanimitat-el-compromis-de-modificar-a-us-assistencial-sanitari-la-parcel%c2%b7la-del-futur-consultori-de-gran-alacant\\\/#primaryimage\"},\"image\":{\"@id\":\"https:\\\/\\\/santapola.es\\\/ca\\\/el-ple-aprova-per-unanimitat-el-compromis-de-modificar-a-us-assistencial-sanitari-la-parcel%c2%b7la-del-futur-consultori-de-gran-alacant\\\/#primaryimage\"},\"thumbnailUrl\":\"https:\\\/\\\/santapola.es\\\/wp-content\\\/uploads\\\/2026\\\/04\\\/WhatsApp-Image-2026-04-09-at-20.12.24.jpeg\",\"datePublished\":\"2026-04-10T08:27:18+00:00\",\"dateModified\":\"2026-04-10T08:29:10+00:00\",\"author\":{\"@id\":\"https:\\\/\\\/santapola.es\\\/ca\\\/#\\\/schema\\\/person\\\/ad1d67403707b58350c7be5e8dbc442d\"},\"breadcrumb\":{\"@id\":\"https:\\\/\\\/santapola.es\\\/ca\\\/el-ple-aprova-per-unanimitat-el-compromis-de-modificar-a-us-assistencial-sanitari-la-parcel%c2%b7la-del-futur-consultori-de-gran-alacant\\\/#breadcrumb\"},\"inLanguage\":\"ca\",\"potentialAction\":[{\"@type\":\"ReadAction\",\"target\":[\"https:\\\/\\\/santapola.es\\\/ca\\\/el-ple-aprova-per-unanimitat-el-compromis-de-modificar-a-us-assistencial-sanitari-la-parcel%c2%b7la-del-futur-consultori-de-gran-alacant\\\/\"]}]},{\"@type\":\"ImageObject\",\"inLanguage\":\"ca\",\"@id\":\"https:\\\/\\\/santapola.es\\\/ca\\\/el-ple-aprova-per-unanimitat-el-compromis-de-modificar-a-us-assistencial-sanitari-la-parcel%c2%b7la-del-futur-consultori-de-gran-alacant\\\/#primaryimage\",\"url\":\"https:\\\/\\\/santapola.es\\\/wp-content\\\/uploads\\\/2026\\\/04\\\/WhatsApp-Image-2026-04-09-at-20.12.24.jpeg\",\"contentUrl\":\"https:\\\/\\\/santapola.es\\\/wp-content\\\/uploads\\\/2026\\\/04\\\/WhatsApp-Image-2026-04-09-at-20.12.24.jpeg\",\"width\":1600,\"height\":1200},{\"@type\":\"BreadcrumbList\",\"@id\":\"https:\\\/\\\/santapola.es\\\/ca\\\/el-ple-aprova-per-unanimitat-el-compromis-de-modificar-a-us-assistencial-sanitari-la-parcel%c2%b7la-del-futur-consultori-de-gran-alacant\\\/#breadcrumb\",\"itemListElement\":[{\"@type\":\"ListItem\",\"position\":1,\"name\":\"Inici\",\"item\":\"https:\\\/\\\/santapola.es\\\/ca\\\/\"},{\"@type\":\"ListItem\",\"position\":2,\"name\":\"El ple aprova per unanimitat el comprom\u00eds de modificar a \u00fas assistencial sanitari la parcel\u00b7la del futur consultori de Gran Alacant\"}]},{\"@type\":\"WebSite\",\"@id\":\"https:\\\/\\\/santapola.es\\\/ca\\\/#website\",\"url\":\"https:\\\/\\\/santapola.es\\\/ca\\\/\",\"name\":\"Ayuntamiento de Santa Pola\",\"description\":\"Web de l'Ajuntament de Santa Pola\",\"potentialAction\":[{\"@type\":\"SearchAction\",\"target\":{\"@type\":\"EntryPoint\",\"urlTemplate\":\"https:\\\/\\\/santapola.es\\\/ca\\\/?s={search_term_string}\"},\"query-input\":{\"@type\":\"PropertyValueSpecification\",\"valueRequired\":true,\"valueName\":\"search_term_string\"}}],\"inLanguage\":\"ca\"},{\"@type\":\"Person\",\"@id\":\"https:\\\/\\\/santapola.es\\\/ca\\\/#\\\/schema\\\/person\\\/ad1d67403707b58350c7be5e8dbc442d\",\"name\":\"Jos\u00e9 Juan L\u00f3pez Lafuente\"}]}<\/script>\n<!-- \/ Yoast SEO plugin. -->","yoast_head_json":{"title":"El ple aprova per unanimitat el comprom\u00eds de modificar a \u00fas assistencial sanitari la parcel\u00b7la del futur consultori de Gran Alacant - Ajuntament de Santa Pola","robots":{"index":"index","follow":"follow","max-snippet":"max-snippet:-1","max-image-preview":"max-image-preview:large","max-video-preview":"max-video-preview:-1"},"canonical":"https:\/\/santapola.es\/ca\/el-ple-aprova-per-unanimitat-el-compromis-de-modificar-a-us-assistencial-sanitari-la-parcel%c2%b7la-del-futur-consultori-de-gran-alacant\/","og_locale":"ca_ES","og_type":"article","og_title":"El ple aprova per unanimitat el comprom\u00eds de modificar a \u00fas assistencial sanitari la parcel\u00b7la del futur consultori de Gran Alacant - Ajuntament de Santa Pola","og_description":"Perqu\u00e8 la Conselleria de Sanitat aprove la cessi\u00f3 de compet\u00e8ncies a l&#8217;Ajuntament de Santa Pola per a construir el consultori m\u00e8dic de Gran Alacant, ha sigut necessari segellar este comprom\u00eds. Segons va explicar el regidor de Sanitat, Borja Merino, \u201cla Conselleria de Sanitat ens ha sol\u00b7licitat un comprom\u00eds que garantisca la modificaci\u00f3 puntual d&#8217;esta parcel\u00b7la [&hellip;]","og_url":"https:\/\/santapola.es\/ca\/el-ple-aprova-per-unanimitat-el-compromis-de-modificar-a-us-assistencial-sanitari-la-parcel%c2%b7la-del-futur-consultori-de-gran-alacant\/","og_site_name":"Ajuntament de Santa Pola","article_publisher":"https:\/\/www.facebook.com\/AyuntamientoSantaPola\/","article_published_time":"2026-04-10T08:27:18+00:00","article_modified_time":"2026-04-10T08:29:10+00:00","og_image":[{"width":1600,"height":1200,"url":"https:\/\/santapola.es\/wp-content\/uploads\/2026\/04\/WhatsApp-Image-2026-04-09-at-20.12.24.jpeg","type":"image\/jpeg"}],"author":"Jos\u00e9 Juan L\u00f3pez Lafuente","twitter_card":"summary_large_image","twitter_creator":"@SantaPolaAyunt","twitter_site":"@SantaPolaAyunt","schema":{"@context":"https:\/\/schema.org","@graph":[{"@type":"Article","@id":"https:\/\/santapola.es\/ca\/el-ple-aprova-per-unanimitat-el-compromis-de-modificar-a-us-assistencial-sanitari-la-parcel%c2%b7la-del-futur-consultori-de-gran-alacant\/#article","isPartOf":{"@id":"https:\/\/santapola.es\/ca\/el-ple-aprova-per-unanimitat-el-compromis-de-modificar-a-us-assistencial-sanitari-la-parcel%c2%b7la-del-futur-consultori-de-gran-alacant\/"},"author":{"name":"Jos\u00e9 Juan L\u00f3pez Lafuente","@id":"https:\/\/santapola.es\/ca\/#\/schema\/person\/ad1d67403707b58350c7be5e8dbc442d"},"headline":"El ple aprova per unanimitat el comprom\u00eds de modificar a \u00fas assistencial sanitari la parcel\u00b7la del futur consultori de Gran Alacant","datePublished":"2026-04-10T08:27:18+00:00","dateModified":"2026-04-10T08:29:10+00:00","mainEntityOfPage":{"@id":"https:\/\/santapola.es\/ca\/el-ple-aprova-per-unanimitat-el-compromis-de-modificar-a-us-assistencial-sanitari-la-parcel%c2%b7la-del-futur-consultori-de-gran-alacant\/"},"wordCount":115,"image":{"@id":"https:\/\/santapola.es\/ca\/el-ple-aprova-per-unanimitat-el-compromis-de-modificar-a-us-assistencial-sanitari-la-parcel%c2%b7la-del-futur-consultori-de-gran-alacant\/#primaryimage"},"thumbnailUrl":"https:\/\/santapola.es\/wp-content\/uploads\/2026\/04\/WhatsApp-Image-2026-04-09-at-20.12.24.jpeg","keywords":["Consultori m\u00e8dic Gran Alacant","Plens"],"articleSection":["Gran Alacant","Plens","Sanitat"],"inLanguage":"ca"},{"@type":"WebPage","@id":"https:\/\/santapola.es\/ca\/el-ple-aprova-per-unanimitat-el-compromis-de-modificar-a-us-assistencial-sanitari-la-parcel%c2%b7la-del-futur-consultori-de-gran-alacant\/","url":"https:\/\/santapola.es\/ca\/el-ple-aprova-per-unanimitat-el-compromis-de-modificar-a-us-assistencial-sanitari-la-parcel%c2%b7la-del-futur-consultori-de-gran-alacant\/","name":"El ple aprova per unanimitat el comprom\u00eds de modificar a \u00fas assistencial sanitari la parcel\u00b7la del futur consultori de Gran Alacant - Ajuntament de Santa Pola","isPartOf":{"@id":"https:\/\/santapola.es\/ca\/#website"},"primaryImageOfPage":{"@id":"https:\/\/santapola.es\/ca\/el-ple-aprova-per-unanimitat-el-compromis-de-modificar-a-us-assistencial-sanitari-la-parcel%c2%b7la-del-futur-consultori-de-gran-alacant\/#primaryimage"},"image":{"@id":"https:\/\/santapola.es\/ca\/el-ple-aprova-per-unanimitat-el-compromis-de-modificar-a-us-assistencial-sanitari-la-parcel%c2%b7la-del-futur-consultori-de-gran-alacant\/#primaryimage"},"thumbnailUrl":"https:\/\/santapola.es\/wp-content\/uploads\/2026\/04\/WhatsApp-Image-2026-04-09-at-20.12.24.jpeg","datePublished":"2026-04-10T08:27:18+00:00","dateModified":"2026-04-10T08:29:10+00:00","author":{"@id":"https:\/\/santapola.es\/ca\/#\/schema\/person\/ad1d67403707b58350c7be5e8dbc442d"},"breadcrumb":{"@id":"https:\/\/santapola.es\/ca\/el-ple-aprova-per-unanimitat-el-compromis-de-modificar-a-us-assistencial-sanitari-la-parcel%c2%b7la-del-futur-consultori-de-gran-alacant\/#breadcrumb"},"inLanguage":"ca","potentialAction":[{"@type":"ReadAction","target":["https:\/\/santapola.es\/ca\/el-ple-aprova-per-unanimitat-el-compromis-de-modificar-a-us-assistencial-sanitari-la-parcel%c2%b7la-del-futur-consultori-de-gran-alacant\/"]}]},{"@type":"ImageObject","inLanguage":"ca","@id":"https:\/\/santapola.es\/ca\/el-ple-aprova-per-unanimitat-el-compromis-de-modificar-a-us-assistencial-sanitari-la-parcel%c2%b7la-del-futur-consultori-de-gran-alacant\/#primaryimage","url":"https:\/\/santapola.es\/wp-content\/uploads\/2026\/04\/WhatsApp-Image-2026-04-09-at-20.12.24.jpeg","contentUrl":"https:\/\/santapola.es\/wp-content\/uploads\/2026\/04\/WhatsApp-Image-2026-04-09-at-20.12.24.jpeg","width":1600,"height":1200},{"@type":"BreadcrumbList","@id":"https:\/\/santapola.es\/ca\/el-ple-aprova-per-unanimitat-el-compromis-de-modificar-a-us-assistencial-sanitari-la-parcel%c2%b7la-del-futur-consultori-de-gran-alacant\/#breadcrumb","itemListElement":[{"@type":"ListItem","position":1,"name":"Inici","item":"https:\/\/santapola.es\/ca\/"},{"@type":"ListItem","position":2,"name":"El ple aprova per unanimitat el comprom\u00eds de modificar a \u00fas assistencial sanitari la parcel\u00b7la del futur consultori de Gran Alacant"}]},{"@type":"WebSite","@id":"https:\/\/santapola.es\/ca\/#website","url":"https:\/\/santapola.es\/ca\/","name":"Ayuntamiento de Santa Pola","description":"Web de l'Ajuntament de Santa Pola","potentialAction":[{"@type":"SearchAction","target":{"@type":"EntryPoint","urlTemplate":"https:\/\/santapola.es\/ca\/?s={search_term_string}"},"query-input":{"@type":"PropertyValueSpecification","valueRequired":true,"valueName":"search_term_string"}}],"inLanguage":"ca"},{"@type":"Person","@id":"https:\/\/santapola.es\/ca\/#\/schema\/person\/ad1d67403707b58350c7be5e8dbc442d","name":"Jos\u00e9 Juan L\u00f3pez Lafuente"}]}},"_links":{"self":[{"href":"https:\/\/santapola.es\/ca\/wp-json\/wp\/v2\/posts\/48377","targetHints":{"allow":["GET"]}}],"collection":[{"href":"https:\/\/santapola.es\/ca\/wp-json\/wp\/v2\/posts"}],"about":[{"href":"https:\/\/santapola.es\/ca\/wp-json\/wp\/v2\/types\/post"}],"author":[{"embeddable":true,"href":"https:\/\/santapola.es\/ca\/wp-json\/wp\/v2\/users\/96"}],"replies":[{"embeddable":true,"href":"https:\/\/santapola.es\/ca\/wp-json\/wp\/v2\/comments?post=48377"}],"version-history":[{"count":1,"href":"https:\/\/santapola.es\/ca\/wp-json\/wp\/v2\/posts\/48377\/revisions"}],"predecessor-version":[{"id":48378,"href":"https:\/\/santapola.es\/ca\/wp-json\/wp\/v2\/posts\/48377\/revisions\/48378"}],"wp:featuredmedia":[{"embeddable":true,"href":"https:\/\/santapola.es\/ca\/wp-json\/wp\/v2\/media\/48375"}],"wp:attachment":[{"href":"https:\/\/santapola.es\/ca\/wp-json\/wp\/v2\/media?parent=48377"}],"wp:term":[{"taxonomy":"category","embeddable":true,"href":"https:\/\/santapola.es\/ca\/wp-json\/wp\/v2\/categories?post=48377"},{"taxonomy":"post_tag","embeddable":true,"href":"https:\/\/santapola.es\/ca\/wp-json\/wp\/v2\/tags?post=48377"}],"curies":[{"name":"wp","href":"https:\/\/api.w.org\/{rel}","templated":true}]}}