{"id":48367,"date":"2026-04-10T10:18:34","date_gmt":"2026-04-10T08:18:34","guid":{"rendered":"https:\/\/santapola.es\/?p=48367"},"modified":"2026-04-10T12:21:02","modified_gmt":"2026-04-10T10:21:02","slug":"la-ampliacion-del-cementerio-nuevo-creara-544-nichos-y-1-296-columbarios-mas","status":"publish","type":"post","link":"https:\/\/santapola.es\/ca\/la-ampliacion-del-cementerio-nuevo-creara-544-nichos-y-1-296-columbarios-mas\/","title":{"rendered":"La ampliaci\u00f3n del cementerio nuevo crear\u00e1 544 nichos y 1.296 columbarios m\u00e1s"},"content":{"rendered":"<p><b>El Ayuntamiento de Santa Pola invierte 979.702 euros en la tercera fase del proyecto de ampliaci\u00f3n del cementerio nuevo, que permitir\u00e1 la creaci\u00f3n de cuatro nuevas plazas en una superficie de 2.742 m2 para atender las necesidades del municipio en los pr\u00f3ximos a\u00f1os.<\/b><\/p>\n<p><span style=\"font-weight: 400;\">La junta de gobierno local ha aprobado iniciar el expediente para contratar las obras del proyecto de ampliaci\u00f3n del cementerio nuevo. Esta actuaci\u00f3n tiene como objetivo principal garantizar la disponibilidad de unidades de enterramiento y mejorar la urbanizaci\u00f3n del recinto funerario.\u00a0<\/span><\/p>\n<p><span style=\"font-weight: 400;\">Seg\u00fan ha anunciado la concejal de Cementerios, Encarni Ram\u00edrez, \u201cesta ampliaci\u00f3n se sit\u00faa en el actual cementerio nuevo de Santa Pola, localizado en la Partida Valverde Bajo, y se centra en una zona de expansi\u00f3n de 200 x 150 metros colindante en su parte noroeste a las fases ya ejecutadas, lo que supone una nueva superficie de 2.742 m2 en el espacio global del complejo de unos 30.000 m2\u201d.<\/span><\/p>\n<p><span style=\"font-weight: 400;\">El proyecto contempla cuatro nuevas plazas de 22 x 14 metros donde se sit\u00faan los paneles de nichos dobles y zonas para columbarios. \u201cCon una inversi\u00f3n de 979.702,03 euros conseguiremos la creaci\u00f3n de 544 nuevos nichos y 1.296 columbarios, de acuerdo con el programa de necesidades para este proyecto. Con esta actuaci\u00f3n, el Ayuntamiento de Santa Pola asegura la cobertura de las necesidades del municipio para los pr\u00f3ximos a\u00f1os, dotando al cementerio de servicios modernos, accesibles y dignos\u201d, ha explicado la edil.<\/span><\/p>\n<p><b>Acceso a trav\u00e9s de la Pla\u00e7a del Mar<\/b><\/p>\n<p><span style=\"font-weight: 400;\">Un nuevo pasillo de tr\u00e1nsito conectar\u00e1 las cuatro plazas con el cementerio existente a trav\u00e9s de la \u201cPla\u00e7a del Mar\u201d, que es el espacio que encontramos en su entrada. Se mantiene la coherencia arquitect\u00f3nica con las fases anteriores, utilizando acabados en piedra natural (m\u00e1rmol blanco) para las l\u00e1pidas y estructuras de hormig\u00f3n armado de alta durabilidad.<\/span><\/p>\n<p><span style=\"font-weight: 400;\">El proyecto no solo incluye los nichos, sino tambi\u00e9n la pavimentaci\u00f3n de los pasillos con hormig\u00f3n fratasado, la instalaci\u00f3n de redes de saneamiento y evacuaci\u00f3n de aguas pluviales, as\u00ed como la preinstalaci\u00f3n de alumbrado p\u00fablico. El dise\u00f1o incluye la gesti\u00f3n de escorrent\u00edas y zonas de ajardinamiento que mejoran la integraci\u00f3n ambiental del recinto.<\/span><\/p>\n<p><span style=\"font-weight: 400;\">Se garantiza el cumplimiento de la normativa de accesibilidad, eliminando barreras arquitect\u00f3nicas para facilitar el tr\u00e1nsito de personas con movilidad reducida por todo el nuevo sector.<\/span><\/p>\n","protected":false},"excerpt":{"rendered":"<p>El Ayuntamiento de Santa Pola invierte 979.702 euros en la tercera fase del proyecto de ampliaci\u00f3n del cementerio nuevo, que permitir\u00e1 la creaci\u00f3n de cuatro nuevas plazas en una superficie de 2.742 m2 para atender las necesidades del municipio en los pr\u00f3ximos a\u00f1os. La junta de gobierno local ha aprobado iniciar el expediente para contratar [&hellip;]<\/p>\n","protected":false},"author":96,"featured_media":48368,"comment_status":"closed","ping_status":"closed","sticky":false,"template":"","format":"standard","meta":{"_et_pb_use_builder":"","_et_pb_old_content":"","_et_gb_content_width":"","footnotes":""},"categories":[281],"tags":[1829],"class_list":["post-48367","post","type-post","status-publish","format-standard","has-post-thumbnail","hentry","category-cementerio","tag-cementerio-nuevo"],"yoast_head":"<!-- This site is optimized with the Yoast SEO plugin v27.4 - https:\/\/yoast.com\/product\/yoast-seo-wordpress\/ -->\n<title>La ampliaci\u00f3n del cementerio nuevo crear\u00e1 544 nichos y 1.296 columbarios m\u00e1s - Ajuntament de Santa Pola<\/title>\n<meta name=\"robots\" content=\"index, follow, max-snippet:-1, max-image-preview:large, max-video-preview:-1\" \/>\n<link rel=\"canonical\" href=\"https:\/\/santapola.es\/ca\/la-ampliacion-del-cementerio-nuevo-creara-544-nichos-y-1-296-columbarios-mas\/\" \/>\n<meta property=\"og:locale\" content=\"ca_ES\" \/>\n<meta property=\"og:type\" content=\"article\" \/>\n<meta property=\"og:title\" content=\"La ampliaci\u00f3n del cementerio nuevo crear\u00e1 544 nichos y 1.296 columbarios m\u00e1s - Ajuntament de Santa Pola\" \/>\n<meta property=\"og:description\" content=\"El Ayuntamiento de Santa Pola invierte 979.702 euros en la tercera fase del proyecto de ampliaci\u00f3n del cementerio nuevo, que permitir\u00e1 la creaci\u00f3n de cuatro nuevas plazas en una superficie de 2.742 m2 para atender las necesidades del municipio en los pr\u00f3ximos a\u00f1os. La junta de gobierno local ha aprobado iniciar el expediente para contratar [&hellip;]\" \/>\n<meta property=\"og:url\" content=\"https:\/\/santapola.es\/ca\/la-ampliacion-del-cementerio-nuevo-creara-544-nichos-y-1-296-columbarios-mas\/\" \/>\n<meta property=\"og:site_name\" content=\"Ajuntament de Santa Pola\" \/>\n<meta property=\"article:publisher\" content=\"https:\/\/www.facebook.com\/AyuntamientoSantaPola\/\" \/>\n<meta property=\"article:published_time\" content=\"2026-04-10T08:18:34+00:00\" \/>\n<meta property=\"article:modified_time\" content=\"2026-04-10T10:21:02+00:00\" \/>\n<meta property=\"og:image\" content=\"https:\/\/santapola.es\/wp-content\/uploads\/2026\/04\/Ampliacion-cementerio.jpg\" \/>\n\t<meta property=\"og:image:width\" content=\"1989\" \/>\n\t<meta property=\"og:image:height\" content=\"1466\" \/>\n\t<meta property=\"og:image:type\" content=\"image\/jpeg\" \/>\n<meta name=\"author\" content=\"Jos\u00e9 Juan L\u00f3pez Lafuente\" \/>\n<meta name=\"twitter:card\" content=\"summary_large_image\" \/>\n<meta name=\"twitter:creator\" content=\"@SantaPolaAyunt\" \/>\n<meta name=\"twitter:site\" content=\"@SantaPolaAyunt\" \/>\n<script type=\"application\/ld+json\" class=\"yoast-schema-graph\">{\"@context\":\"https:\\\/\\\/schema.org\",\"@graph\":[{\"@type\":\"Article\",\"@id\":\"https:\\\/\\\/santapola.es\\\/ca\\\/la-ampliacion-del-cementerio-nuevo-creara-544-nichos-y-1-296-columbarios-mas\\\/#article\",\"isPartOf\":{\"@id\":\"https:\\\/\\\/santapola.es\\\/ca\\\/la-ampliacion-del-cementerio-nuevo-creara-544-nichos-y-1-296-columbarios-mas\\\/\"},\"author\":{\"name\":\"Jos\u00e9 Juan L\u00f3pez Lafuente\",\"@id\":\"https:\\\/\\\/santapola.es\\\/ca\\\/#\\\/schema\\\/person\\\/ad1d67403707b58350c7be5e8dbc442d\"},\"headline\":\"La ampliaci\u00f3n del cementerio nuevo crear\u00e1 544 nichos y 1.296 columbarios m\u00e1s\",\"datePublished\":\"2026-04-10T08:18:34+00:00\",\"dateModified\":\"2026-04-10T10:21:02+00:00\",\"mainEntityOfPage\":{\"@id\":\"https:\\\/\\\/santapola.es\\\/ca\\\/la-ampliacion-del-cementerio-nuevo-creara-544-nichos-y-1-296-columbarios-mas\\\/\"},\"wordCount\":419,\"image\":{\"@id\":\"https:\\\/\\\/santapola.es\\\/ca\\\/la-ampliacion-del-cementerio-nuevo-creara-544-nichos-y-1-296-columbarios-mas\\\/#primaryimage\"},\"thumbnailUrl\":\"https:\\\/\\\/santapola.es\\\/wp-content\\\/uploads\\\/2026\\\/04\\\/Ampliacion-cementerio.jpg\",\"keywords\":[\"Cementerio nuevo\"],\"articleSection\":[\"Cementerio\"],\"inLanguage\":\"ca\"},{\"@type\":\"WebPage\",\"@id\":\"https:\\\/\\\/santapola.es\\\/ca\\\/la-ampliacion-del-cementerio-nuevo-creara-544-nichos-y-1-296-columbarios-mas\\\/\",\"url\":\"https:\\\/\\\/santapola.es\\\/ca\\\/la-ampliacion-del-cementerio-nuevo-creara-544-nichos-y-1-296-columbarios-mas\\\/\",\"name\":\"La ampliaci\u00f3n del cementerio nuevo crear\u00e1 544 nichos y 1.296 columbarios m\u00e1s - Ajuntament de Santa Pola\",\"isPartOf\":{\"@id\":\"https:\\\/\\\/santapola.es\\\/ca\\\/#website\"},\"primaryImageOfPage\":{\"@id\":\"https:\\\/\\\/santapola.es\\\/ca\\\/la-ampliacion-del-cementerio-nuevo-creara-544-nichos-y-1-296-columbarios-mas\\\/#primaryimage\"},\"image\":{\"@id\":\"https:\\\/\\\/santapola.es\\\/ca\\\/la-ampliacion-del-cementerio-nuevo-creara-544-nichos-y-1-296-columbarios-mas\\\/#primaryimage\"},\"thumbnailUrl\":\"https:\\\/\\\/santapola.es\\\/wp-content\\\/uploads\\\/2026\\\/04\\\/Ampliacion-cementerio.jpg\",\"datePublished\":\"2026-04-10T08:18:34+00:00\",\"dateModified\":\"2026-04-10T10:21:02+00:00\",\"author\":{\"@id\":\"https:\\\/\\\/santapola.es\\\/ca\\\/#\\\/schema\\\/person\\\/ad1d67403707b58350c7be5e8dbc442d\"},\"breadcrumb\":{\"@id\":\"https:\\\/\\\/santapola.es\\\/ca\\\/la-ampliacion-del-cementerio-nuevo-creara-544-nichos-y-1-296-columbarios-mas\\\/#breadcrumb\"},\"inLanguage\":\"ca\",\"potentialAction\":[{\"@type\":\"ReadAction\",\"target\":[\"https:\\\/\\\/santapola.es\\\/ca\\\/la-ampliacion-del-cementerio-nuevo-creara-544-nichos-y-1-296-columbarios-mas\\\/\"]}]},{\"@type\":\"ImageObject\",\"inLanguage\":\"ca\",\"@id\":\"https:\\\/\\\/santapola.es\\\/ca\\\/la-ampliacion-del-cementerio-nuevo-creara-544-nichos-y-1-296-columbarios-mas\\\/#primaryimage\",\"url\":\"https:\\\/\\\/santapola.es\\\/wp-content\\\/uploads\\\/2026\\\/04\\\/Ampliacion-cementerio.jpg\",\"contentUrl\":\"https:\\\/\\\/santapola.es\\\/wp-content\\\/uploads\\\/2026\\\/04\\\/Ampliacion-cementerio.jpg\",\"width\":1989,\"height\":1466},{\"@type\":\"BreadcrumbList\",\"@id\":\"https:\\\/\\\/santapola.es\\\/ca\\\/la-ampliacion-del-cementerio-nuevo-creara-544-nichos-y-1-296-columbarios-mas\\\/#breadcrumb\",\"itemListElement\":[{\"@type\":\"ListItem\",\"position\":1,\"name\":\"Inici\",\"item\":\"https:\\\/\\\/santapola.es\\\/ca\\\/\"},{\"@type\":\"ListItem\",\"position\":2,\"name\":\"La ampliaci\u00f3n del cementerio nuevo crear\u00e1 544 nichos y 1.296 columbarios m\u00e1s\"}]},{\"@type\":\"WebSite\",\"@id\":\"https:\\\/\\\/santapola.es\\\/ca\\\/#website\",\"url\":\"https:\\\/\\\/santapola.es\\\/ca\\\/\",\"name\":\"Ayuntamiento de Santa Pola\",\"description\":\"Web de l'Ajuntament de Santa Pola\",\"potentialAction\":[{\"@type\":\"SearchAction\",\"target\":{\"@type\":\"EntryPoint\",\"urlTemplate\":\"https:\\\/\\\/santapola.es\\\/ca\\\/?s={search_term_string}\"},\"query-input\":{\"@type\":\"PropertyValueSpecification\",\"valueRequired\":true,\"valueName\":\"search_term_string\"}}],\"inLanguage\":\"ca\"},{\"@type\":\"Person\",\"@id\":\"https:\\\/\\\/santapola.es\\\/ca\\\/#\\\/schema\\\/person\\\/ad1d67403707b58350c7be5e8dbc442d\",\"name\":\"Jos\u00e9 Juan L\u00f3pez Lafuente\"}]}<\/script>\n<!-- \/ Yoast SEO plugin. -->","yoast_head_json":{"title":"La ampliaci\u00f3n del cementerio nuevo crear\u00e1 544 nichos y 1.296 columbarios m\u00e1s - Ajuntament de Santa Pola","robots":{"index":"index","follow":"follow","max-snippet":"max-snippet:-1","max-image-preview":"max-image-preview:large","max-video-preview":"max-video-preview:-1"},"canonical":"https:\/\/santapola.es\/ca\/la-ampliacion-del-cementerio-nuevo-creara-544-nichos-y-1-296-columbarios-mas\/","og_locale":"ca_ES","og_type":"article","og_title":"La ampliaci\u00f3n del cementerio nuevo crear\u00e1 544 nichos y 1.296 columbarios m\u00e1s - Ajuntament de Santa Pola","og_description":"El Ayuntamiento de Santa Pola invierte 979.702 euros en la tercera fase del proyecto de ampliaci\u00f3n del cementerio nuevo, que permitir\u00e1 la creaci\u00f3n de cuatro nuevas plazas en una superficie de 2.742 m2 para atender las necesidades del municipio en los pr\u00f3ximos a\u00f1os. La junta de gobierno local ha aprobado iniciar el expediente para contratar [&hellip;]","og_url":"https:\/\/santapola.es\/ca\/la-ampliacion-del-cementerio-nuevo-creara-544-nichos-y-1-296-columbarios-mas\/","og_site_name":"Ajuntament de Santa Pola","article_publisher":"https:\/\/www.facebook.com\/AyuntamientoSantaPola\/","article_published_time":"2026-04-10T08:18:34+00:00","article_modified_time":"2026-04-10T10:21:02+00:00","og_image":[{"width":1989,"height":1466,"url":"https:\/\/santapola.es\/wp-content\/uploads\/2026\/04\/Ampliacion-cementerio.jpg","type":"image\/jpeg"}],"author":"Jos\u00e9 Juan L\u00f3pez Lafuente","twitter_card":"summary_large_image","twitter_creator":"@SantaPolaAyunt","twitter_site":"@SantaPolaAyunt","schema":{"@context":"https:\/\/schema.org","@graph":[{"@type":"Article","@id":"https:\/\/santapola.es\/ca\/la-ampliacion-del-cementerio-nuevo-creara-544-nichos-y-1-296-columbarios-mas\/#article","isPartOf":{"@id":"https:\/\/santapola.es\/ca\/la-ampliacion-del-cementerio-nuevo-creara-544-nichos-y-1-296-columbarios-mas\/"},"author":{"name":"Jos\u00e9 Juan L\u00f3pez Lafuente","@id":"https:\/\/santapola.es\/ca\/#\/schema\/person\/ad1d67403707b58350c7be5e8dbc442d"},"headline":"La ampliaci\u00f3n del cementerio nuevo crear\u00e1 544 nichos y 1.296 columbarios m\u00e1s","datePublished":"2026-04-10T08:18:34+00:00","dateModified":"2026-04-10T10:21:02+00:00","mainEntityOfPage":{"@id":"https:\/\/santapola.es\/ca\/la-ampliacion-del-cementerio-nuevo-creara-544-nichos-y-1-296-columbarios-mas\/"},"wordCount":419,"image":{"@id":"https:\/\/santapola.es\/ca\/la-ampliacion-del-cementerio-nuevo-creara-544-nichos-y-1-296-columbarios-mas\/#primaryimage"},"thumbnailUrl":"https:\/\/santapola.es\/wp-content\/uploads\/2026\/04\/Ampliacion-cementerio.jpg","keywords":["Cementerio nuevo"],"articleSection":["Cementerio"],"inLanguage":"ca"},{"@type":"WebPage","@id":"https:\/\/santapola.es\/ca\/la-ampliacion-del-cementerio-nuevo-creara-544-nichos-y-1-296-columbarios-mas\/","url":"https:\/\/santapola.es\/ca\/la-ampliacion-del-cementerio-nuevo-creara-544-nichos-y-1-296-columbarios-mas\/","name":"La ampliaci\u00f3n del cementerio nuevo crear\u00e1 544 nichos y 1.296 columbarios m\u00e1s - Ajuntament de Santa Pola","isPartOf":{"@id":"https:\/\/santapola.es\/ca\/#website"},"primaryImageOfPage":{"@id":"https:\/\/santapola.es\/ca\/la-ampliacion-del-cementerio-nuevo-creara-544-nichos-y-1-296-columbarios-mas\/#primaryimage"},"image":{"@id":"https:\/\/santapola.es\/ca\/la-ampliacion-del-cementerio-nuevo-creara-544-nichos-y-1-296-columbarios-mas\/#primaryimage"},"thumbnailUrl":"https:\/\/santapola.es\/wp-content\/uploads\/2026\/04\/Ampliacion-cementerio.jpg","datePublished":"2026-04-10T08:18:34+00:00","dateModified":"2026-04-10T10:21:02+00:00","author":{"@id":"https:\/\/santapola.es\/ca\/#\/schema\/person\/ad1d67403707b58350c7be5e8dbc442d"},"breadcrumb":{"@id":"https:\/\/santapola.es\/ca\/la-ampliacion-del-cementerio-nuevo-creara-544-nichos-y-1-296-columbarios-mas\/#breadcrumb"},"inLanguage":"ca","potentialAction":[{"@type":"ReadAction","target":["https:\/\/santapola.es\/ca\/la-ampliacion-del-cementerio-nuevo-creara-544-nichos-y-1-296-columbarios-mas\/"]}]},{"@type":"ImageObject","inLanguage":"ca","@id":"https:\/\/santapola.es\/ca\/la-ampliacion-del-cementerio-nuevo-creara-544-nichos-y-1-296-columbarios-mas\/#primaryimage","url":"https:\/\/santapola.es\/wp-content\/uploads\/2026\/04\/Ampliacion-cementerio.jpg","contentUrl":"https:\/\/santapola.es\/wp-content\/uploads\/2026\/04\/Ampliacion-cementerio.jpg","width":1989,"height":1466},{"@type":"BreadcrumbList","@id":"https:\/\/santapola.es\/ca\/la-ampliacion-del-cementerio-nuevo-creara-544-nichos-y-1-296-columbarios-mas\/#breadcrumb","itemListElement":[{"@type":"ListItem","position":1,"name":"Inici","item":"https:\/\/santapola.es\/ca\/"},{"@type":"ListItem","position":2,"name":"La ampliaci\u00f3n del cementerio nuevo crear\u00e1 544 nichos y 1.296 columbarios m\u00e1s"}]},{"@type":"WebSite","@id":"https:\/\/santapola.es\/ca\/#website","url":"https:\/\/santapola.es\/ca\/","name":"Ayuntamiento de Santa Pola","description":"Web de l'Ajuntament de Santa Pola","potentialAction":[{"@type":"SearchAction","target":{"@type":"EntryPoint","urlTemplate":"https:\/\/santapola.es\/ca\/?s={search_term_string}"},"query-input":{"@type":"PropertyValueSpecification","valueRequired":true,"valueName":"search_term_string"}}],"inLanguage":"ca"},{"@type":"Person","@id":"https:\/\/santapola.es\/ca\/#\/schema\/person\/ad1d67403707b58350c7be5e8dbc442d","name":"Jos\u00e9 Juan L\u00f3pez Lafuente"}]}},"_links":{"self":[{"href":"https:\/\/santapola.es\/ca\/wp-json\/wp\/v2\/posts\/48367","targetHints":{"allow":["GET"]}}],"collection":[{"href":"https:\/\/santapola.es\/ca\/wp-json\/wp\/v2\/posts"}],"about":[{"href":"https:\/\/santapola.es\/ca\/wp-json\/wp\/v2\/types\/post"}],"author":[{"embeddable":true,"href":"https:\/\/santapola.es\/ca\/wp-json\/wp\/v2\/users\/96"}],"replies":[{"embeddable":true,"href":"https:\/\/santapola.es\/ca\/wp-json\/wp\/v2\/comments?post=48367"}],"version-history":[{"count":2,"href":"https:\/\/santapola.es\/ca\/wp-json\/wp\/v2\/posts\/48367\/revisions"}],"predecessor-version":[{"id":48379,"href":"https:\/\/santapola.es\/ca\/wp-json\/wp\/v2\/posts\/48367\/revisions\/48379"}],"wp:featuredmedia":[{"embeddable":true,"href":"https:\/\/santapola.es\/ca\/wp-json\/wp\/v2\/media\/48368"}],"wp:attachment":[{"href":"https:\/\/santapola.es\/ca\/wp-json\/wp\/v2\/media?parent=48367"}],"wp:term":[{"taxonomy":"category","embeddable":true,"href":"https:\/\/santapola.es\/ca\/wp-json\/wp\/v2\/categories?post=48367"},{"taxonomy":"post_tag","embeddable":true,"href":"https:\/\/santapola.es\/ca\/wp-json\/wp\/v2\/tags?post=48367"}],"curies":[{"name":"wp","href":"https:\/\/api.w.org\/{rel}","templated":true}]}}