{"id":48362,"date":"2026-04-08T14:11:56","date_gmt":"2026-04-08T12:11:56","guid":{"rendered":"https:\/\/santapola.es\/?p=48362"},"modified":"2026-04-08T14:17:26","modified_gmt":"2026-04-08T12:17:26","slug":"lescola-de-navegacio-santa-pola-conquista-el-podi-de-la-38a-ruta-de-la-sal-amb-el-tabarka-i-el-candela","status":"publish","type":"post","link":"https:\/\/santapola.es\/ca\/lescola-de-navegacio-santa-pola-conquista-el-podi-de-la-38a-ruta-de-la-sal-amb-el-tabarka-i-el-candela\/","title":{"rendered":"L&#8217;Escola de Navegaci\u00f3 Santa Pola conquista el podi de la 38a Ruta de la Sal amb el Tabarka i el Candela"},"content":{"rendered":"<p><strong>El veler Tabarka, patronejat per Santiago Buades, es proclama vencedor en categoria Training de la regata d&#8217;altura m\u00e9s nombrosa del Mediterrani, sent segon el Candela, patronejat per Fernando L\u00f3pez-Marra i tamb\u00e9 de l&#8217;escola santapolera. El Brib\u00f3n va completar la representaci\u00f3 en la versi\u00f3 Mini Sal.<\/strong><\/p>\n<p>La 38a Ruta de la Sal, una de les regates d&#8217;altura m\u00e9s emblem\u00e0tiques del Mediterrani, va tornar a reunir una nodrida flota de 140 vaixells en la seua edici\u00f3 de 2026. Des dels ports d&#8217;eixida del Real Club N\u00e0utic de D\u00e9nia i Port Ginesta (Barcelona), els equips es van enfrontar a les desafiadores condicions de la mar, posant a prova la seua per\u00edcia i estrat\u00e8gia rumb al Club N\u00e0utic Sant Antoni d&#8217;Eivissa.<\/p>\n<p>La versi\u00f3 D\u00e9nia, de 120 milles, va presentar un dels escenaris m\u00e9s durs de les \u00faltimes edicions. Mentre la flota que partia de Barcelona aprofitava un fort nord-oest en popa per a fregar el r\u00e8cord de la prova, els vaixells que van eixir de D\u00e9nia es van enfrontar a un quadre meteorol\u00f2gic radicalment distint: vent de ratxes de fins a 30 nusos i ones de fins a tres metres que, lluny d&#8217;espentar a les embarcacions, s&#8217;interposaven de front en el seu cam\u00ed.<\/p>\n<p>El tram m\u00e9s exigent va arribar entre Formentera i Tagomago, on les tripulacions van haver de cenyir durant milles contra la mar gruixuda i el vent de proa, posant a prova tant la preparaci\u00f3 t\u00e8cnica com la resist\u00e8ncia f\u00edsica i mental de cada equip.<\/p>\n<p>Completar la regata en eixes circumst\u00e0ncies ja era un m\u00e8rit; fer-ho en el m\u00e9s alt del podi, una gesta protagonitzada pel veler Tabarka patronejat per Santiago Buades, que es va proclamar vencedor, i pel Candela, patronejat per Fernando L\u00f3pez-Marra, que va finalitzar segon.<\/p>\n<p><strong>Participaci\u00f3 del \u2018Brib\u00f3n\u2019 en la Mini Sal de D\u00e9nia<\/strong><\/p>\n<p>L&#8217;\u00e8xit d&#8217;aquesta edici\u00f3 no \u00e9s un fet a\u00efllat, sin\u00f3 la consolidaci\u00f3 d&#8217;una traject\u00f2ria d&#8217;excel\u00b7l\u00e8ncia. Als triomfs actuals se suma el brillant historial del \u2018Brib\u00f3n\u2019, que ja en 2025 va deixar el segell de l&#8217;Escola de Navegaci\u00f3 Santa Pola en el m\u00e9s alt en conquistar el segon lloc de la classe Globesailor, sota la direcci\u00f3 de Carlos Ant\u00f3n.<\/p>\n<p>En aquesta ocasi\u00f3, competint en la Versi\u00f3 D\u00e9nia de la Mini Sal, la tripulaci\u00f3 del \u2018Brib\u00f3n\u2019 va tornar a fer gala d&#8217;una tenacitat indestructible. La seua s\u00f2lida actuaci\u00f3 en aig\u00fces pitiuses no sols refor\u00e7a el seu palmar\u00e9s particular, sin\u00f3 que apuntala el prestigi de l&#8217;escola en una de les cites m\u00e9s rellevants del calendari n\u00e0utic nacional.<\/p>\n<p><strong>Carlos Ant\u00f3n: &#8220;Aquests resultats s\u00f3n el reflex del treball diari&#8221;<\/strong><\/p>\n<p>Carlos Ant\u00f3n, director de l&#8217;Escola de Navegaci\u00f3 Santa Pola, no va ocultar la seua satisfacci\u00f3 despr\u00e9s de con\u00e9ixer els resultats: &#8220;Guanyar i quedar segons amb dos vaixells de l&#8217;escola, en una regata com la Ruta de la Sal, \u00e9s una cosa que ens ompli d&#8217;orgull. Per\u00f2 sobretot ens alegra perqu\u00e8 aquests resultats s\u00f3n el reflex del treball diari dels nostres alumnes i tripulants, on\u00a0 hem vist que el treball ben estructurat dona els seus fruits. La navegaci\u00f3 d&#8217;altura requereix preparaci\u00f3, rigor i confian\u00e7a en l&#8217;equip, i aix\u00f2 \u00e9s exactament el que intentem transmetre ac\u00ed.&#8221;<\/p>\n<p>Ant\u00f3n va destacar tamb\u00e9 el valor formatiu de la participaci\u00f3 del Brib\u00f3n en la Mini Sal: &#8220;Que el Brib\u00f3n haja completat la prova \u00e9s igual d&#8217;important per a nosaltres. Cada milla navegada en una regata d&#8217;aquesta categoria \u00e9s una lli\u00e7\u00f3 que no s&#8217;apr\u00e9n en cap aula. Eixe \u00e9s el tipus d&#8217;experi\u00e8ncia que volem que els nostres alumnes s&#8217;emporten.&#8221;<\/p>\n","protected":false},"excerpt":{"rendered":"<p>El veler Tabarka, patronejat per Santiago Buades, es proclama vencedor en categoria Training de la regata d&#8217;altura m\u00e9s nombrosa del Mediterrani, sent segon el Candela, patronejat per Fernando L\u00f3pez-Marra i tamb\u00e9 de l&#8217;escola santapolera. El Brib\u00f3n va completar la representaci\u00f3 en la versi\u00f3 Mini Sal. La 38a Ruta de la Sal, una de les regates [&hellip;]<\/p>\n","protected":false},"author":96,"featured_media":48360,"comment_status":"closed","ping_status":"closed","sticky":false,"template":"","format":"standard","meta":{"_et_pb_use_builder":"","_et_pb_old_content":"","_et_gb_content_width":"","footnotes":""},"categories":[439],"tags":[1827,1828],"class_list":["post-48362","post","type-post","status-publish","format-standard","has-post-thumbnail","hentry","category-esport","tag-escola-de-navegacio-santa-pola","tag-ruta-de-la-sal-ca"],"yoast_head":"<!-- This site is optimized with the Yoast SEO plugin v27.4 - https:\/\/yoast.com\/product\/yoast-seo-wordpress\/ -->\n<title>L&#039;Escola de Navegaci\u00f3 Santa Pola conquista el podi de la 38a Ruta de la Sal amb el Tabarka i el Candela - Ajuntament de Santa Pola<\/title>\n<meta name=\"robots\" content=\"index, follow, max-snippet:-1, max-image-preview:large, max-video-preview:-1\" \/>\n<link rel=\"canonical\" href=\"https:\/\/santapola.es\/ca\/lescola-de-navegacio-santa-pola-conquista-el-podi-de-la-38a-ruta-de-la-sal-amb-el-tabarka-i-el-candela\/\" \/>\n<meta property=\"og:locale\" content=\"ca_ES\" \/>\n<meta property=\"og:type\" content=\"article\" \/>\n<meta property=\"og:title\" content=\"L&#039;Escola de Navegaci\u00f3 Santa Pola conquista el podi de la 38a Ruta de la Sal amb el Tabarka i el Candela - Ajuntament de Santa Pola\" \/>\n<meta property=\"og:description\" content=\"El veler Tabarka, patronejat per Santiago Buades, es proclama vencedor en categoria Training de la regata d&#8217;altura m\u00e9s nombrosa del Mediterrani, sent segon el Candela, patronejat per Fernando L\u00f3pez-Marra i tamb\u00e9 de l&#8217;escola santapolera. El Brib\u00f3n va completar la representaci\u00f3 en la versi\u00f3 Mini Sal. La 38a Ruta de la Sal, una de les regates [&hellip;]\" \/>\n<meta property=\"og:url\" content=\"https:\/\/santapola.es\/ca\/lescola-de-navegacio-santa-pola-conquista-el-podi-de-la-38a-ruta-de-la-sal-amb-el-tabarka-i-el-candela\/\" \/>\n<meta property=\"og:site_name\" content=\"Ajuntament de Santa Pola\" \/>\n<meta property=\"article:publisher\" content=\"https:\/\/www.facebook.com\/AyuntamientoSantaPola\/\" \/>\n<meta property=\"article:published_time\" content=\"2026-04-08T12:11:56+00:00\" \/>\n<meta property=\"article:modified_time\" content=\"2026-04-08T12:17:26+00:00\" \/>\n<meta property=\"og:image\" content=\"https:\/\/santapola.es\/wp-content\/uploads\/2026\/04\/55188759706_c32e62b837_o.jpg\" \/>\n\t<meta property=\"og:image:width\" content=\"2048\" \/>\n\t<meta property=\"og:image:height\" content=\"1365\" \/>\n\t<meta property=\"og:image:type\" content=\"image\/jpeg\" \/>\n<meta name=\"author\" content=\"Jos\u00e9 Juan L\u00f3pez Lafuente\" \/>\n<meta name=\"twitter:card\" content=\"summary_large_image\" \/>\n<meta name=\"twitter:creator\" content=\"@SantaPolaAyunt\" \/>\n<meta name=\"twitter:site\" content=\"@SantaPolaAyunt\" \/>\n<script type=\"application\/ld+json\" class=\"yoast-schema-graph\">{\"@context\":\"https:\\\/\\\/schema.org\",\"@graph\":[{\"@type\":\"Article\",\"@id\":\"https:\\\/\\\/santapola.es\\\/ca\\\/lescola-de-navegacio-santa-pola-conquista-el-podi-de-la-38a-ruta-de-la-sal-amb-el-tabarka-i-el-candela\\\/#article\",\"isPartOf\":{\"@id\":\"https:\\\/\\\/santapola.es\\\/ca\\\/lescola-de-navegacio-santa-pola-conquista-el-podi-de-la-38a-ruta-de-la-sal-amb-el-tabarka-i-el-candela\\\/\"},\"author\":{\"name\":\"Jos\u00e9 Juan L\u00f3pez Lafuente\",\"@id\":\"https:\\\/\\\/santapola.es\\\/ca\\\/#\\\/schema\\\/person\\\/ad1d67403707b58350c7be5e8dbc442d\"},\"headline\":\"L&#8217;Escola de Navegaci\u00f3 Santa Pola conquista el podi de la 38a Ruta de la Sal amb el Tabarka i el Candela\",\"datePublished\":\"2026-04-08T12:11:56+00:00\",\"dateModified\":\"2026-04-08T12:17:26+00:00\",\"mainEntityOfPage\":{\"@id\":\"https:\\\/\\\/santapola.es\\\/ca\\\/lescola-de-navegacio-santa-pola-conquista-el-podi-de-la-38a-ruta-de-la-sal-amb-el-tabarka-i-el-candela\\\/\"},\"wordCount\":663,\"image\":{\"@id\":\"https:\\\/\\\/santapola.es\\\/ca\\\/lescola-de-navegacio-santa-pola-conquista-el-podi-de-la-38a-ruta-de-la-sal-amb-el-tabarka-i-el-candela\\\/#primaryimage\"},\"thumbnailUrl\":\"https:\\\/\\\/santapola.es\\\/wp-content\\\/uploads\\\/2026\\\/04\\\/55188759706_c32e62b837_o.jpg\",\"keywords\":[\"Escola de Navegaci\u00f3 Santa Pola\",\"Ruta de la Sal\"],\"articleSection\":[\"Esport\"],\"inLanguage\":\"ca\"},{\"@type\":\"WebPage\",\"@id\":\"https:\\\/\\\/santapola.es\\\/ca\\\/lescola-de-navegacio-santa-pola-conquista-el-podi-de-la-38a-ruta-de-la-sal-amb-el-tabarka-i-el-candela\\\/\",\"url\":\"https:\\\/\\\/santapola.es\\\/ca\\\/lescola-de-navegacio-santa-pola-conquista-el-podi-de-la-38a-ruta-de-la-sal-amb-el-tabarka-i-el-candela\\\/\",\"name\":\"L'Escola de Navegaci\u00f3 Santa Pola conquista el podi de la 38a Ruta de la Sal amb el Tabarka i el Candela - Ajuntament de Santa Pola\",\"isPartOf\":{\"@id\":\"https:\\\/\\\/santapola.es\\\/ca\\\/#website\"},\"primaryImageOfPage\":{\"@id\":\"https:\\\/\\\/santapola.es\\\/ca\\\/lescola-de-navegacio-santa-pola-conquista-el-podi-de-la-38a-ruta-de-la-sal-amb-el-tabarka-i-el-candela\\\/#primaryimage\"},\"image\":{\"@id\":\"https:\\\/\\\/santapola.es\\\/ca\\\/lescola-de-navegacio-santa-pola-conquista-el-podi-de-la-38a-ruta-de-la-sal-amb-el-tabarka-i-el-candela\\\/#primaryimage\"},\"thumbnailUrl\":\"https:\\\/\\\/santapola.es\\\/wp-content\\\/uploads\\\/2026\\\/04\\\/55188759706_c32e62b837_o.jpg\",\"datePublished\":\"2026-04-08T12:11:56+00:00\",\"dateModified\":\"2026-04-08T12:17:26+00:00\",\"author\":{\"@id\":\"https:\\\/\\\/santapola.es\\\/ca\\\/#\\\/schema\\\/person\\\/ad1d67403707b58350c7be5e8dbc442d\"},\"breadcrumb\":{\"@id\":\"https:\\\/\\\/santapola.es\\\/ca\\\/lescola-de-navegacio-santa-pola-conquista-el-podi-de-la-38a-ruta-de-la-sal-amb-el-tabarka-i-el-candela\\\/#breadcrumb\"},\"inLanguage\":\"ca\",\"potentialAction\":[{\"@type\":\"ReadAction\",\"target\":[\"https:\\\/\\\/santapola.es\\\/ca\\\/lescola-de-navegacio-santa-pola-conquista-el-podi-de-la-38a-ruta-de-la-sal-amb-el-tabarka-i-el-candela\\\/\"]}]},{\"@type\":\"ImageObject\",\"inLanguage\":\"ca\",\"@id\":\"https:\\\/\\\/santapola.es\\\/ca\\\/lescola-de-navegacio-santa-pola-conquista-el-podi-de-la-38a-ruta-de-la-sal-amb-el-tabarka-i-el-candela\\\/#primaryimage\",\"url\":\"https:\\\/\\\/santapola.es\\\/wp-content\\\/uploads\\\/2026\\\/04\\\/55188759706_c32e62b837_o.jpg\",\"contentUrl\":\"https:\\\/\\\/santapola.es\\\/wp-content\\\/uploads\\\/2026\\\/04\\\/55188759706_c32e62b837_o.jpg\",\"width\":2048,\"height\":1365},{\"@type\":\"BreadcrumbList\",\"@id\":\"https:\\\/\\\/santapola.es\\\/ca\\\/lescola-de-navegacio-santa-pola-conquista-el-podi-de-la-38a-ruta-de-la-sal-amb-el-tabarka-i-el-candela\\\/#breadcrumb\",\"itemListElement\":[{\"@type\":\"ListItem\",\"position\":1,\"name\":\"Inici\",\"item\":\"https:\\\/\\\/santapola.es\\\/ca\\\/\"},{\"@type\":\"ListItem\",\"position\":2,\"name\":\"L&#8217;Escola de Navegaci\u00f3 Santa Pola conquista el podi de la 38a Ruta de la Sal amb el Tabarka i el Candela\"}]},{\"@type\":\"WebSite\",\"@id\":\"https:\\\/\\\/santapola.es\\\/ca\\\/#website\",\"url\":\"https:\\\/\\\/santapola.es\\\/ca\\\/\",\"name\":\"Ayuntamiento de Santa Pola\",\"description\":\"Web de l'Ajuntament de Santa Pola\",\"potentialAction\":[{\"@type\":\"SearchAction\",\"target\":{\"@type\":\"EntryPoint\",\"urlTemplate\":\"https:\\\/\\\/santapola.es\\\/ca\\\/?s={search_term_string}\"},\"query-input\":{\"@type\":\"PropertyValueSpecification\",\"valueRequired\":true,\"valueName\":\"search_term_string\"}}],\"inLanguage\":\"ca\"},{\"@type\":\"Person\",\"@id\":\"https:\\\/\\\/santapola.es\\\/ca\\\/#\\\/schema\\\/person\\\/ad1d67403707b58350c7be5e8dbc442d\",\"name\":\"Jos\u00e9 Juan L\u00f3pez Lafuente\"}]}<\/script>\n<!-- \/ Yoast SEO plugin. -->","yoast_head_json":{"title":"L'Escola de Navegaci\u00f3 Santa Pola conquista el podi de la 38a Ruta de la Sal amb el Tabarka i el Candela - Ajuntament de Santa Pola","robots":{"index":"index","follow":"follow","max-snippet":"max-snippet:-1","max-image-preview":"max-image-preview:large","max-video-preview":"max-video-preview:-1"},"canonical":"https:\/\/santapola.es\/ca\/lescola-de-navegacio-santa-pola-conquista-el-podi-de-la-38a-ruta-de-la-sal-amb-el-tabarka-i-el-candela\/","og_locale":"ca_ES","og_type":"article","og_title":"L'Escola de Navegaci\u00f3 Santa Pola conquista el podi de la 38a Ruta de la Sal amb el Tabarka i el Candela - Ajuntament de Santa Pola","og_description":"El veler Tabarka, patronejat per Santiago Buades, es proclama vencedor en categoria Training de la regata d&#8217;altura m\u00e9s nombrosa del Mediterrani, sent segon el Candela, patronejat per Fernando L\u00f3pez-Marra i tamb\u00e9 de l&#8217;escola santapolera. El Brib\u00f3n va completar la representaci\u00f3 en la versi\u00f3 Mini Sal. La 38a Ruta de la Sal, una de les regates [&hellip;]","og_url":"https:\/\/santapola.es\/ca\/lescola-de-navegacio-santa-pola-conquista-el-podi-de-la-38a-ruta-de-la-sal-amb-el-tabarka-i-el-candela\/","og_site_name":"Ajuntament de Santa Pola","article_publisher":"https:\/\/www.facebook.com\/AyuntamientoSantaPola\/","article_published_time":"2026-04-08T12:11:56+00:00","article_modified_time":"2026-04-08T12:17:26+00:00","og_image":[{"width":2048,"height":1365,"url":"https:\/\/santapola.es\/wp-content\/uploads\/2026\/04\/55188759706_c32e62b837_o.jpg","type":"image\/jpeg"}],"author":"Jos\u00e9 Juan L\u00f3pez Lafuente","twitter_card":"summary_large_image","twitter_creator":"@SantaPolaAyunt","twitter_site":"@SantaPolaAyunt","schema":{"@context":"https:\/\/schema.org","@graph":[{"@type":"Article","@id":"https:\/\/santapola.es\/ca\/lescola-de-navegacio-santa-pola-conquista-el-podi-de-la-38a-ruta-de-la-sal-amb-el-tabarka-i-el-candela\/#article","isPartOf":{"@id":"https:\/\/santapola.es\/ca\/lescola-de-navegacio-santa-pola-conquista-el-podi-de-la-38a-ruta-de-la-sal-amb-el-tabarka-i-el-candela\/"},"author":{"name":"Jos\u00e9 Juan L\u00f3pez Lafuente","@id":"https:\/\/santapola.es\/ca\/#\/schema\/person\/ad1d67403707b58350c7be5e8dbc442d"},"headline":"L&#8217;Escola de Navegaci\u00f3 Santa Pola conquista el podi de la 38a Ruta de la Sal amb el Tabarka i el Candela","datePublished":"2026-04-08T12:11:56+00:00","dateModified":"2026-04-08T12:17:26+00:00","mainEntityOfPage":{"@id":"https:\/\/santapola.es\/ca\/lescola-de-navegacio-santa-pola-conquista-el-podi-de-la-38a-ruta-de-la-sal-amb-el-tabarka-i-el-candela\/"},"wordCount":663,"image":{"@id":"https:\/\/santapola.es\/ca\/lescola-de-navegacio-santa-pola-conquista-el-podi-de-la-38a-ruta-de-la-sal-amb-el-tabarka-i-el-candela\/#primaryimage"},"thumbnailUrl":"https:\/\/santapola.es\/wp-content\/uploads\/2026\/04\/55188759706_c32e62b837_o.jpg","keywords":["Escola de Navegaci\u00f3 Santa Pola","Ruta de la Sal"],"articleSection":["Esport"],"inLanguage":"ca"},{"@type":"WebPage","@id":"https:\/\/santapola.es\/ca\/lescola-de-navegacio-santa-pola-conquista-el-podi-de-la-38a-ruta-de-la-sal-amb-el-tabarka-i-el-candela\/","url":"https:\/\/santapola.es\/ca\/lescola-de-navegacio-santa-pola-conquista-el-podi-de-la-38a-ruta-de-la-sal-amb-el-tabarka-i-el-candela\/","name":"L'Escola de Navegaci\u00f3 Santa Pola conquista el podi de la 38a Ruta de la Sal amb el Tabarka i el Candela - Ajuntament de Santa Pola","isPartOf":{"@id":"https:\/\/santapola.es\/ca\/#website"},"primaryImageOfPage":{"@id":"https:\/\/santapola.es\/ca\/lescola-de-navegacio-santa-pola-conquista-el-podi-de-la-38a-ruta-de-la-sal-amb-el-tabarka-i-el-candela\/#primaryimage"},"image":{"@id":"https:\/\/santapola.es\/ca\/lescola-de-navegacio-santa-pola-conquista-el-podi-de-la-38a-ruta-de-la-sal-amb-el-tabarka-i-el-candela\/#primaryimage"},"thumbnailUrl":"https:\/\/santapola.es\/wp-content\/uploads\/2026\/04\/55188759706_c32e62b837_o.jpg","datePublished":"2026-04-08T12:11:56+00:00","dateModified":"2026-04-08T12:17:26+00:00","author":{"@id":"https:\/\/santapola.es\/ca\/#\/schema\/person\/ad1d67403707b58350c7be5e8dbc442d"},"breadcrumb":{"@id":"https:\/\/santapola.es\/ca\/lescola-de-navegacio-santa-pola-conquista-el-podi-de-la-38a-ruta-de-la-sal-amb-el-tabarka-i-el-candela\/#breadcrumb"},"inLanguage":"ca","potentialAction":[{"@type":"ReadAction","target":["https:\/\/santapola.es\/ca\/lescola-de-navegacio-santa-pola-conquista-el-podi-de-la-38a-ruta-de-la-sal-amb-el-tabarka-i-el-candela\/"]}]},{"@type":"ImageObject","inLanguage":"ca","@id":"https:\/\/santapola.es\/ca\/lescola-de-navegacio-santa-pola-conquista-el-podi-de-la-38a-ruta-de-la-sal-amb-el-tabarka-i-el-candela\/#primaryimage","url":"https:\/\/santapola.es\/wp-content\/uploads\/2026\/04\/55188759706_c32e62b837_o.jpg","contentUrl":"https:\/\/santapola.es\/wp-content\/uploads\/2026\/04\/55188759706_c32e62b837_o.jpg","width":2048,"height":1365},{"@type":"BreadcrumbList","@id":"https:\/\/santapola.es\/ca\/lescola-de-navegacio-santa-pola-conquista-el-podi-de-la-38a-ruta-de-la-sal-amb-el-tabarka-i-el-candela\/#breadcrumb","itemListElement":[{"@type":"ListItem","position":1,"name":"Inici","item":"https:\/\/santapola.es\/ca\/"},{"@type":"ListItem","position":2,"name":"L&#8217;Escola de Navegaci\u00f3 Santa Pola conquista el podi de la 38a Ruta de la Sal amb el Tabarka i el Candela"}]},{"@type":"WebSite","@id":"https:\/\/santapola.es\/ca\/#website","url":"https:\/\/santapola.es\/ca\/","name":"Ayuntamiento de Santa Pola","description":"Web de l'Ajuntament de Santa Pola","potentialAction":[{"@type":"SearchAction","target":{"@type":"EntryPoint","urlTemplate":"https:\/\/santapola.es\/ca\/?s={search_term_string}"},"query-input":{"@type":"PropertyValueSpecification","valueRequired":true,"valueName":"search_term_string"}}],"inLanguage":"ca"},{"@type":"Person","@id":"https:\/\/santapola.es\/ca\/#\/schema\/person\/ad1d67403707b58350c7be5e8dbc442d","name":"Jos\u00e9 Juan L\u00f3pez Lafuente"}]}},"_links":{"self":[{"href":"https:\/\/santapola.es\/ca\/wp-json\/wp\/v2\/posts\/48362","targetHints":{"allow":["GET"]}}],"collection":[{"href":"https:\/\/santapola.es\/ca\/wp-json\/wp\/v2\/posts"}],"about":[{"href":"https:\/\/santapola.es\/ca\/wp-json\/wp\/v2\/types\/post"}],"author":[{"embeddable":true,"href":"https:\/\/santapola.es\/ca\/wp-json\/wp\/v2\/users\/96"}],"replies":[{"embeddable":true,"href":"https:\/\/santapola.es\/ca\/wp-json\/wp\/v2\/comments?post=48362"}],"version-history":[{"count":1,"href":"https:\/\/santapola.es\/ca\/wp-json\/wp\/v2\/posts\/48362\/revisions"}],"predecessor-version":[{"id":48363,"href":"https:\/\/santapola.es\/ca\/wp-json\/wp\/v2\/posts\/48362\/revisions\/48363"}],"wp:featuredmedia":[{"embeddable":true,"href":"https:\/\/santapola.es\/ca\/wp-json\/wp\/v2\/media\/48360"}],"wp:attachment":[{"href":"https:\/\/santapola.es\/ca\/wp-json\/wp\/v2\/media?parent=48362"}],"wp:term":[{"taxonomy":"category","embeddable":true,"href":"https:\/\/santapola.es\/ca\/wp-json\/wp\/v2\/categories?post=48362"},{"taxonomy":"post_tag","embeddable":true,"href":"https:\/\/santapola.es\/ca\/wp-json\/wp\/v2\/tags?post=48362"}],"curies":[{"name":"wp","href":"https:\/\/api.w.org\/{rel}","templated":true}]}}