{"id":48356,"date":"2026-04-08T12:14:59","date_gmt":"2026-04-08T10:14:59","guid":{"rendered":"https:\/\/santapola.es\/?p=48356"},"modified":"2026-04-08T12:16:42","modified_gmt":"2026-04-08T10:16:42","slug":"jornada-de-voluntariat-per-a-netejar-el-vessant-del-cap-de-santa-pola-amb-motiu-del-dia-mundial-de-la-mare-terra","status":"publish","type":"post","link":"https:\/\/santapola.es\/ca\/jornada-de-voluntariat-per-a-netejar-el-vessant-del-cap-de-santa-pola-amb-motiu-del-dia-mundial-de-la-mare-terra\/","title":{"rendered":"Jornada de voluntariat per a netejar el vessant del cap de Santa Pola amb motiu del Dia Mundial de la Mare Terra"},"content":{"rendered":"<p><strong>L&#8217;Associaci\u00f3 GEA Alicante i la regidoria de Medi Ambient organitzen este dissabte 11 d&#8217;abril una nova jornada de neteja als voltants del mirador del far de Santa Pola, a la qual es convoca a voluntaris per a netejar la zona accessible mentres els especialistes es despengen pel vessant.<\/strong><\/p>\n<p>Amb motiu del Dia Mundial de la Mare Terra, l&#8217;associaci\u00f3 GEA Alicante, entitat de voluntariat que promou l&#8217;acci\u00f3 social, mediambiental i l&#8217;ajuda en situacions d&#8217;emerg\u00e8ncia, torna a organitzar al costat de la regidoria de Medi Ambient una jornada de neteja en el vessant del cap de Santa Pola, a l&#8217;altura del mirador del far.<\/p>\n<p>La iniciativa es desenrotllar\u00e0 entre les 10.00 i les 12.00 hores d&#8217;este dissabte 11 d&#8217;abril. Els voluntaris de GEA s&#8217;esvararan amb arnesos pel vessant per a arreplegar els residus de dif\u00edcil acc\u00e9s, amb totes les mesures de seguretat dels treballs verticals, mentres la resta de voluntaris que vulguen acudir a donar suport a esta iniciativa faran una batuda per la zona accessible.<\/p>\n<p><img loading=\"lazy\" decoding=\"async\" class=\"aligncenter size-large wp-image-48354\" src=\"https:\/\/santapola.es\/wp-content\/uploads\/2026\/04\/04-12-limpieza-cabo-1024x725.jpeg\" alt=\"\" width=\"1024\" height=\"725\" srcset=\"https:\/\/santapola.es\/wp-content\/uploads\/2026\/04\/04-12-limpieza-cabo-980x693.jpeg 980w, https:\/\/santapola.es\/wp-content\/uploads\/2026\/04\/04-12-limpieza-cabo-480x340.jpeg 480w\" sizes=\"(min-width: 0px) and (max-width: 480px) 480px, (min-width: 481px) and (max-width: 980px) 980px, (min-width: 981px) 1024px, 100vw\" \/><\/p>\n","protected":false},"excerpt":{"rendered":"<p>L&#8217;Associaci\u00f3 GEA Alicante i la regidoria de Medi Ambient organitzen este dissabte 11 d&#8217;abril una nova jornada de neteja als voltants del mirador del far de Santa Pola, a la qual es convoca a voluntaris per a netejar la zona accessible mentres els especialistes es despengen pel vessant. Amb motiu del Dia Mundial de la [&hellip;]<\/p>\n","protected":false},"author":96,"featured_media":48352,"comment_status":"closed","ping_status":"closed","sticky":false,"template":"","format":"standard","meta":{"_et_pb_use_builder":"","_et_pb_old_content":"","_et_gb_content_width":"","footnotes":""},"categories":[546,1162],"tags":[579,1316,978],"class_list":["post-48356","post","type-post","status-publish","format-standard","has-post-thumbnail","hentry","category-medi-ambient","category-voluntariat","tag-cap-de-santa-pola","tag-gea-alicante-ca","tag-mirador-del-far"],"yoast_head":"<!-- This site is optimized with the Yoast SEO plugin v27.4 - https:\/\/yoast.com\/product\/yoast-seo-wordpress\/ -->\n<title>Jornada de voluntariat per a netejar el vessant del cap de Santa Pola amb motiu del Dia Mundial de la Mare Terra - Ajuntament de Santa Pola<\/title>\n<meta name=\"robots\" content=\"index, follow, max-snippet:-1, max-image-preview:large, max-video-preview:-1\" \/>\n<link rel=\"canonical\" href=\"https:\/\/santapola.es\/ca\/jornada-de-voluntariat-per-a-netejar-el-vessant-del-cap-de-santa-pola-amb-motiu-del-dia-mundial-de-la-mare-terra\/\" \/>\n<meta property=\"og:locale\" content=\"ca_ES\" \/>\n<meta property=\"og:type\" content=\"article\" \/>\n<meta property=\"og:title\" content=\"Jornada de voluntariat per a netejar el vessant del cap de Santa Pola amb motiu del Dia Mundial de la Mare Terra - Ajuntament de Santa Pola\" \/>\n<meta property=\"og:description\" content=\"L&#8217;Associaci\u00f3 GEA Alicante i la regidoria de Medi Ambient organitzen este dissabte 11 d&#8217;abril una nova jornada de neteja als voltants del mirador del far de Santa Pola, a la qual es convoca a voluntaris per a netejar la zona accessible mentres els especialistes es despengen pel vessant. Amb motiu del Dia Mundial de la [&hellip;]\" \/>\n<meta property=\"og:url\" content=\"https:\/\/santapola.es\/ca\/jornada-de-voluntariat-per-a-netejar-el-vessant-del-cap-de-santa-pola-amb-motiu-del-dia-mundial-de-la-mare-terra\/\" \/>\n<meta property=\"og:site_name\" content=\"Ajuntament de Santa Pola\" \/>\n<meta property=\"article:publisher\" content=\"https:\/\/www.facebook.com\/AyuntamientoSantaPola\/\" \/>\n<meta property=\"article:published_time\" content=\"2026-04-08T10:14:59+00:00\" \/>\n<meta property=\"article:modified_time\" content=\"2026-04-08T10:16:42+00:00\" \/>\n<meta property=\"og:image\" content=\"https:\/\/santapola.es\/wp-content\/uploads\/2026\/04\/IMG_3942.jpg\" \/>\n\t<meta property=\"og:image:width\" content=\"1920\" \/>\n\t<meta property=\"og:image:height\" content=\"1440\" \/>\n\t<meta property=\"og:image:type\" content=\"image\/jpeg\" \/>\n<meta name=\"author\" content=\"Jos\u00e9 Juan L\u00f3pez Lafuente\" \/>\n<meta name=\"twitter:card\" content=\"summary_large_image\" \/>\n<meta name=\"twitter:creator\" content=\"@SantaPolaAyunt\" \/>\n<meta name=\"twitter:site\" content=\"@SantaPolaAyunt\" \/>\n<script type=\"application\/ld+json\" class=\"yoast-schema-graph\">{\"@context\":\"https:\\\/\\\/schema.org\",\"@graph\":[{\"@type\":\"Article\",\"@id\":\"https:\\\/\\\/santapola.es\\\/ca\\\/jornada-de-voluntariat-per-a-netejar-el-vessant-del-cap-de-santa-pola-amb-motiu-del-dia-mundial-de-la-mare-terra\\\/#article\",\"isPartOf\":{\"@id\":\"https:\\\/\\\/santapola.es\\\/ca\\\/jornada-de-voluntariat-per-a-netejar-el-vessant-del-cap-de-santa-pola-amb-motiu-del-dia-mundial-de-la-mare-terra\\\/\"},\"author\":{\"name\":\"Jos\u00e9 Juan L\u00f3pez Lafuente\",\"@id\":\"https:\\\/\\\/santapola.es\\\/ca\\\/#\\\/schema\\\/person\\\/ad1d67403707b58350c7be5e8dbc442d\"},\"headline\":\"Jornada de voluntariat per a netejar el vessant del cap de Santa Pola amb motiu del Dia Mundial de la Mare Terra\",\"datePublished\":\"2026-04-08T10:14:59+00:00\",\"dateModified\":\"2026-04-08T10:16:42+00:00\",\"mainEntityOfPage\":{\"@id\":\"https:\\\/\\\/santapola.es\\\/ca\\\/jornada-de-voluntariat-per-a-netejar-el-vessant-del-cap-de-santa-pola-amb-motiu-del-dia-mundial-de-la-mare-terra\\\/\"},\"wordCount\":195,\"image\":{\"@id\":\"https:\\\/\\\/santapola.es\\\/ca\\\/jornada-de-voluntariat-per-a-netejar-el-vessant-del-cap-de-santa-pola-amb-motiu-del-dia-mundial-de-la-mare-terra\\\/#primaryimage\"},\"thumbnailUrl\":\"https:\\\/\\\/santapola.es\\\/wp-content\\\/uploads\\\/2026\\\/04\\\/IMG_3942.jpg\",\"keywords\":[\"Cap de Santa Pola\",\"GEA Alicante\",\"Mirador del far\"],\"articleSection\":[\"Medi Ambient\",\"Voluntariat\"],\"inLanguage\":\"ca\"},{\"@type\":\"WebPage\",\"@id\":\"https:\\\/\\\/santapola.es\\\/ca\\\/jornada-de-voluntariat-per-a-netejar-el-vessant-del-cap-de-santa-pola-amb-motiu-del-dia-mundial-de-la-mare-terra\\\/\",\"url\":\"https:\\\/\\\/santapola.es\\\/ca\\\/jornada-de-voluntariat-per-a-netejar-el-vessant-del-cap-de-santa-pola-amb-motiu-del-dia-mundial-de-la-mare-terra\\\/\",\"name\":\"Jornada de voluntariat per a netejar el vessant del cap de Santa Pola amb motiu del Dia Mundial de la Mare Terra - Ajuntament de Santa Pola\",\"isPartOf\":{\"@id\":\"https:\\\/\\\/santapola.es\\\/ca\\\/#website\"},\"primaryImageOfPage\":{\"@id\":\"https:\\\/\\\/santapola.es\\\/ca\\\/jornada-de-voluntariat-per-a-netejar-el-vessant-del-cap-de-santa-pola-amb-motiu-del-dia-mundial-de-la-mare-terra\\\/#primaryimage\"},\"image\":{\"@id\":\"https:\\\/\\\/santapola.es\\\/ca\\\/jornada-de-voluntariat-per-a-netejar-el-vessant-del-cap-de-santa-pola-amb-motiu-del-dia-mundial-de-la-mare-terra\\\/#primaryimage\"},\"thumbnailUrl\":\"https:\\\/\\\/santapola.es\\\/wp-content\\\/uploads\\\/2026\\\/04\\\/IMG_3942.jpg\",\"datePublished\":\"2026-04-08T10:14:59+00:00\",\"dateModified\":\"2026-04-08T10:16:42+00:00\",\"author\":{\"@id\":\"https:\\\/\\\/santapola.es\\\/ca\\\/#\\\/schema\\\/person\\\/ad1d67403707b58350c7be5e8dbc442d\"},\"breadcrumb\":{\"@id\":\"https:\\\/\\\/santapola.es\\\/ca\\\/jornada-de-voluntariat-per-a-netejar-el-vessant-del-cap-de-santa-pola-amb-motiu-del-dia-mundial-de-la-mare-terra\\\/#breadcrumb\"},\"inLanguage\":\"ca\",\"potentialAction\":[{\"@type\":\"ReadAction\",\"target\":[\"https:\\\/\\\/santapola.es\\\/ca\\\/jornada-de-voluntariat-per-a-netejar-el-vessant-del-cap-de-santa-pola-amb-motiu-del-dia-mundial-de-la-mare-terra\\\/\"]}]},{\"@type\":\"ImageObject\",\"inLanguage\":\"ca\",\"@id\":\"https:\\\/\\\/santapola.es\\\/ca\\\/jornada-de-voluntariat-per-a-netejar-el-vessant-del-cap-de-santa-pola-amb-motiu-del-dia-mundial-de-la-mare-terra\\\/#primaryimage\",\"url\":\"https:\\\/\\\/santapola.es\\\/wp-content\\\/uploads\\\/2026\\\/04\\\/IMG_3942.jpg\",\"contentUrl\":\"https:\\\/\\\/santapola.es\\\/wp-content\\\/uploads\\\/2026\\\/04\\\/IMG_3942.jpg\",\"width\":1920,\"height\":1440},{\"@type\":\"BreadcrumbList\",\"@id\":\"https:\\\/\\\/santapola.es\\\/ca\\\/jornada-de-voluntariat-per-a-netejar-el-vessant-del-cap-de-santa-pola-amb-motiu-del-dia-mundial-de-la-mare-terra\\\/#breadcrumb\",\"itemListElement\":[{\"@type\":\"ListItem\",\"position\":1,\"name\":\"Inici\",\"item\":\"https:\\\/\\\/santapola.es\\\/ca\\\/\"},{\"@type\":\"ListItem\",\"position\":2,\"name\":\"Jornada de voluntariat per a netejar el vessant del cap de Santa Pola amb motiu del Dia Mundial de la Mare Terra\"}]},{\"@type\":\"WebSite\",\"@id\":\"https:\\\/\\\/santapola.es\\\/ca\\\/#website\",\"url\":\"https:\\\/\\\/santapola.es\\\/ca\\\/\",\"name\":\"Ayuntamiento de Santa Pola\",\"description\":\"Web de l'Ajuntament de Santa Pola\",\"potentialAction\":[{\"@type\":\"SearchAction\",\"target\":{\"@type\":\"EntryPoint\",\"urlTemplate\":\"https:\\\/\\\/santapola.es\\\/ca\\\/?s={search_term_string}\"},\"query-input\":{\"@type\":\"PropertyValueSpecification\",\"valueRequired\":true,\"valueName\":\"search_term_string\"}}],\"inLanguage\":\"ca\"},{\"@type\":\"Person\",\"@id\":\"https:\\\/\\\/santapola.es\\\/ca\\\/#\\\/schema\\\/person\\\/ad1d67403707b58350c7be5e8dbc442d\",\"name\":\"Jos\u00e9 Juan L\u00f3pez Lafuente\"}]}<\/script>\n<!-- \/ Yoast SEO plugin. -->","yoast_head_json":{"title":"Jornada de voluntariat per a netejar el vessant del cap de Santa Pola amb motiu del Dia Mundial de la Mare Terra - Ajuntament de Santa Pola","robots":{"index":"index","follow":"follow","max-snippet":"max-snippet:-1","max-image-preview":"max-image-preview:large","max-video-preview":"max-video-preview:-1"},"canonical":"https:\/\/santapola.es\/ca\/jornada-de-voluntariat-per-a-netejar-el-vessant-del-cap-de-santa-pola-amb-motiu-del-dia-mundial-de-la-mare-terra\/","og_locale":"ca_ES","og_type":"article","og_title":"Jornada de voluntariat per a netejar el vessant del cap de Santa Pola amb motiu del Dia Mundial de la Mare Terra - Ajuntament de Santa Pola","og_description":"L&#8217;Associaci\u00f3 GEA Alicante i la regidoria de Medi Ambient organitzen este dissabte 11 d&#8217;abril una nova jornada de neteja als voltants del mirador del far de Santa Pola, a la qual es convoca a voluntaris per a netejar la zona accessible mentres els especialistes es despengen pel vessant. Amb motiu del Dia Mundial de la [&hellip;]","og_url":"https:\/\/santapola.es\/ca\/jornada-de-voluntariat-per-a-netejar-el-vessant-del-cap-de-santa-pola-amb-motiu-del-dia-mundial-de-la-mare-terra\/","og_site_name":"Ajuntament de Santa Pola","article_publisher":"https:\/\/www.facebook.com\/AyuntamientoSantaPola\/","article_published_time":"2026-04-08T10:14:59+00:00","article_modified_time":"2026-04-08T10:16:42+00:00","og_image":[{"width":1920,"height":1440,"url":"https:\/\/santapola.es\/wp-content\/uploads\/2026\/04\/IMG_3942.jpg","type":"image\/jpeg"}],"author":"Jos\u00e9 Juan L\u00f3pez Lafuente","twitter_card":"summary_large_image","twitter_creator":"@SantaPolaAyunt","twitter_site":"@SantaPolaAyunt","schema":{"@context":"https:\/\/schema.org","@graph":[{"@type":"Article","@id":"https:\/\/santapola.es\/ca\/jornada-de-voluntariat-per-a-netejar-el-vessant-del-cap-de-santa-pola-amb-motiu-del-dia-mundial-de-la-mare-terra\/#article","isPartOf":{"@id":"https:\/\/santapola.es\/ca\/jornada-de-voluntariat-per-a-netejar-el-vessant-del-cap-de-santa-pola-amb-motiu-del-dia-mundial-de-la-mare-terra\/"},"author":{"name":"Jos\u00e9 Juan L\u00f3pez Lafuente","@id":"https:\/\/santapola.es\/ca\/#\/schema\/person\/ad1d67403707b58350c7be5e8dbc442d"},"headline":"Jornada de voluntariat per a netejar el vessant del cap de Santa Pola amb motiu del Dia Mundial de la Mare Terra","datePublished":"2026-04-08T10:14:59+00:00","dateModified":"2026-04-08T10:16:42+00:00","mainEntityOfPage":{"@id":"https:\/\/santapola.es\/ca\/jornada-de-voluntariat-per-a-netejar-el-vessant-del-cap-de-santa-pola-amb-motiu-del-dia-mundial-de-la-mare-terra\/"},"wordCount":195,"image":{"@id":"https:\/\/santapola.es\/ca\/jornada-de-voluntariat-per-a-netejar-el-vessant-del-cap-de-santa-pola-amb-motiu-del-dia-mundial-de-la-mare-terra\/#primaryimage"},"thumbnailUrl":"https:\/\/santapola.es\/wp-content\/uploads\/2026\/04\/IMG_3942.jpg","keywords":["Cap de Santa Pola","GEA Alicante","Mirador del far"],"articleSection":["Medi Ambient","Voluntariat"],"inLanguage":"ca"},{"@type":"WebPage","@id":"https:\/\/santapola.es\/ca\/jornada-de-voluntariat-per-a-netejar-el-vessant-del-cap-de-santa-pola-amb-motiu-del-dia-mundial-de-la-mare-terra\/","url":"https:\/\/santapola.es\/ca\/jornada-de-voluntariat-per-a-netejar-el-vessant-del-cap-de-santa-pola-amb-motiu-del-dia-mundial-de-la-mare-terra\/","name":"Jornada de voluntariat per a netejar el vessant del cap de Santa Pola amb motiu del Dia Mundial de la Mare Terra - Ajuntament de Santa Pola","isPartOf":{"@id":"https:\/\/santapola.es\/ca\/#website"},"primaryImageOfPage":{"@id":"https:\/\/santapola.es\/ca\/jornada-de-voluntariat-per-a-netejar-el-vessant-del-cap-de-santa-pola-amb-motiu-del-dia-mundial-de-la-mare-terra\/#primaryimage"},"image":{"@id":"https:\/\/santapola.es\/ca\/jornada-de-voluntariat-per-a-netejar-el-vessant-del-cap-de-santa-pola-amb-motiu-del-dia-mundial-de-la-mare-terra\/#primaryimage"},"thumbnailUrl":"https:\/\/santapola.es\/wp-content\/uploads\/2026\/04\/IMG_3942.jpg","datePublished":"2026-04-08T10:14:59+00:00","dateModified":"2026-04-08T10:16:42+00:00","author":{"@id":"https:\/\/santapola.es\/ca\/#\/schema\/person\/ad1d67403707b58350c7be5e8dbc442d"},"breadcrumb":{"@id":"https:\/\/santapola.es\/ca\/jornada-de-voluntariat-per-a-netejar-el-vessant-del-cap-de-santa-pola-amb-motiu-del-dia-mundial-de-la-mare-terra\/#breadcrumb"},"inLanguage":"ca","potentialAction":[{"@type":"ReadAction","target":["https:\/\/santapola.es\/ca\/jornada-de-voluntariat-per-a-netejar-el-vessant-del-cap-de-santa-pola-amb-motiu-del-dia-mundial-de-la-mare-terra\/"]}]},{"@type":"ImageObject","inLanguage":"ca","@id":"https:\/\/santapola.es\/ca\/jornada-de-voluntariat-per-a-netejar-el-vessant-del-cap-de-santa-pola-amb-motiu-del-dia-mundial-de-la-mare-terra\/#primaryimage","url":"https:\/\/santapola.es\/wp-content\/uploads\/2026\/04\/IMG_3942.jpg","contentUrl":"https:\/\/santapola.es\/wp-content\/uploads\/2026\/04\/IMG_3942.jpg","width":1920,"height":1440},{"@type":"BreadcrumbList","@id":"https:\/\/santapola.es\/ca\/jornada-de-voluntariat-per-a-netejar-el-vessant-del-cap-de-santa-pola-amb-motiu-del-dia-mundial-de-la-mare-terra\/#breadcrumb","itemListElement":[{"@type":"ListItem","position":1,"name":"Inici","item":"https:\/\/santapola.es\/ca\/"},{"@type":"ListItem","position":2,"name":"Jornada de voluntariat per a netejar el vessant del cap de Santa Pola amb motiu del Dia Mundial de la Mare Terra"}]},{"@type":"WebSite","@id":"https:\/\/santapola.es\/ca\/#website","url":"https:\/\/santapola.es\/ca\/","name":"Ayuntamiento de Santa Pola","description":"Web de l'Ajuntament de Santa Pola","potentialAction":[{"@type":"SearchAction","target":{"@type":"EntryPoint","urlTemplate":"https:\/\/santapola.es\/ca\/?s={search_term_string}"},"query-input":{"@type":"PropertyValueSpecification","valueRequired":true,"valueName":"search_term_string"}}],"inLanguage":"ca"},{"@type":"Person","@id":"https:\/\/santapola.es\/ca\/#\/schema\/person\/ad1d67403707b58350c7be5e8dbc442d","name":"Jos\u00e9 Juan L\u00f3pez Lafuente"}]}},"_links":{"self":[{"href":"https:\/\/santapola.es\/ca\/wp-json\/wp\/v2\/posts\/48356","targetHints":{"allow":["GET"]}}],"collection":[{"href":"https:\/\/santapola.es\/ca\/wp-json\/wp\/v2\/posts"}],"about":[{"href":"https:\/\/santapola.es\/ca\/wp-json\/wp\/v2\/types\/post"}],"author":[{"embeddable":true,"href":"https:\/\/santapola.es\/ca\/wp-json\/wp\/v2\/users\/96"}],"replies":[{"embeddable":true,"href":"https:\/\/santapola.es\/ca\/wp-json\/wp\/v2\/comments?post=48356"}],"version-history":[{"count":1,"href":"https:\/\/santapola.es\/ca\/wp-json\/wp\/v2\/posts\/48356\/revisions"}],"predecessor-version":[{"id":48357,"href":"https:\/\/santapola.es\/ca\/wp-json\/wp\/v2\/posts\/48356\/revisions\/48357"}],"wp:featuredmedia":[{"embeddable":true,"href":"https:\/\/santapola.es\/ca\/wp-json\/wp\/v2\/media\/48352"}],"wp:attachment":[{"href":"https:\/\/santapola.es\/ca\/wp-json\/wp\/v2\/media?parent=48356"}],"wp:term":[{"taxonomy":"category","embeddable":true,"href":"https:\/\/santapola.es\/ca\/wp-json\/wp\/v2\/categories?post=48356"},{"taxonomy":"post_tag","embeddable":true,"href":"https:\/\/santapola.es\/ca\/wp-json\/wp\/v2\/tags?post=48356"}],"curies":[{"name":"wp","href":"https:\/\/api.w.org\/{rel}","templated":true}]}}