{"id":48289,"date":"2026-03-31T10:12:35","date_gmt":"2026-03-31T08:12:35","guid":{"rendered":"https:\/\/santapola.es\/?p=48289"},"modified":"2026-03-31T10:13:47","modified_gmt":"2026-03-31T08:13:47","slug":"convocatoria-per-a-obtindre-el-permis-local-de-conduccio-de-taxis-3","status":"publish","type":"post","link":"https:\/\/santapola.es\/ca\/convocatoria-per-a-obtindre-el-permis-local-de-conduccio-de-taxis-3\/","title":{"rendered":"Convocat\u00f2ria per a obtindre el perm\u00eds local de conducci\u00f3 de taxis"},"content":{"rendered":"<p><strong>L&#8217;Ajuntament de Santa Pola convoca per al pr\u00f2xim 28 d&#8217;abril les proves d&#8217;aptitud per a l&#8217;obtenci\u00f3 del perm\u00eds local de conducci\u00f3 de taxis. Les persones interessades es poden inscriure de l&#8217;1 al 15 d&#8217;abril.<\/strong><\/p>\n<p>Les bases, que ja estan publicades en la web municipal, tenen com a objecte regular el procediment per a obtindre el perm\u00eds local de conductor\/a d&#8217;auto-taxi, a qu\u00e8 es referix els articles 24 a 27 de l&#8217;ordenan\u00e7a reguladora del servicis de transport urb\u00e0 de viatgers en vehicles turisme amb aparell tax\u00edmetre de Santa Pola, i que \u00e9s necessari per a exercir l&#8217;activitat professional.<\/p>\n<p>La sol\u00b7licitud es podr\u00e0 presentar en el registre general de l&#8217;Ajuntament entre l&#8217;1 i el 15 d&#8217;abril, al costat de la documentaci\u00f3 que justifique els tres requisits: disposar del perm\u00eds de conduir classe B o superior, t\u00edtol de graduat en ESO o equivalent i el certificat m\u00e8dic que acredite que l&#8217;interessat no patix cap malaltia o impediment f\u00edsic incompatible.<\/p>\n<p>Els admesos, aix\u00ed com el lloc exacte per a la realitzaci\u00f3 de la prova, es publicaran en el tauler d&#8217;anuncis de l&#8217;Ajuntament a partir del 16 d&#8217;abril.<\/p>\n<p>La prova a realitzar el 28 d&#8217;abril constar\u00e0 de dos exercicis. El primer consistir\u00e0 a identificar diverses ubicacions en un pla mut i el segon a contestar 25 preguntes tipus test sobre legislaci\u00f3.<\/p>\n<p>Els qui desitgen realitzar l&#8217;examen, hauran d&#8217;arreplegar el formulari de sol\u00b7licitud en el Negociat d&#8217;Infraestructures de l&#8217;Ajuntament (Centre C\u00edvic i Social, carrer Castanys n\u00fam. 12) i presentar-ho en el Registre General d&#8217;Entrada. Estes gestions tamb\u00e9 es poden realitzar en l\u00ednia a trav\u00e9s de la p\u00e0gina web municipal en la secci\u00f3 <a href=\"https:\/\/santapola.es\/ca\/arees\/infraestructura\/\">https:\/\/santapola.es\/areas-municipales\/infraestructura\/<\/a> on estan les bases completes i la resta de documentaci\u00f3.<\/p>\n","protected":false},"excerpt":{"rendered":"<p>L&#8217;Ajuntament de Santa Pola convoca per al pr\u00f2xim 28 d&#8217;abril les proves d&#8217;aptitud per a l&#8217;obtenci\u00f3 del perm\u00eds local de conducci\u00f3 de taxis. Les persones interessades es poden inscriure de l&#8217;1 al 15 d&#8217;abril. Les bases, que ja estan publicades en la web municipal, tenen com a objecte regular el procediment per a obtindre el [&hellip;]<\/p>\n","protected":false},"author":96,"featured_media":48287,"comment_status":"closed","ping_status":"closed","sticky":false,"template":"","format":"standard","meta":{"_et_pb_use_builder":"","_et_pb_old_content":"","_et_gb_content_width":"","footnotes":""},"categories":[440],"tags":[777],"class_list":["post-48289","post","type-post","status-publish","format-standard","has-post-thumbnail","hentry","category-transit","tag-taxi-ca"],"yoast_head":"<!-- This site is optimized with the Yoast SEO plugin v27.4 - https:\/\/yoast.com\/product\/yoast-seo-wordpress\/ -->\n<title>Convocat\u00f2ria per a obtindre el perm\u00eds local de conducci\u00f3 de taxis - Ajuntament de Santa Pola<\/title>\n<meta name=\"robots\" content=\"index, follow, max-snippet:-1, max-image-preview:large, max-video-preview:-1\" \/>\n<link rel=\"canonical\" href=\"https:\/\/santapola.es\/ca\/convocatoria-per-a-obtindre-el-permis-local-de-conduccio-de-taxis-3\/\" \/>\n<meta property=\"og:locale\" content=\"ca_ES\" \/>\n<meta property=\"og:type\" content=\"article\" \/>\n<meta property=\"og:title\" content=\"Convocat\u00f2ria per a obtindre el perm\u00eds local de conducci\u00f3 de taxis - Ajuntament de Santa Pola\" \/>\n<meta property=\"og:description\" content=\"L&#8217;Ajuntament de Santa Pola convoca per al pr\u00f2xim 28 d&#8217;abril les proves d&#8217;aptitud per a l&#8217;obtenci\u00f3 del perm\u00eds local de conducci\u00f3 de taxis. Les persones interessades es poden inscriure de l&#8217;1 al 15 d&#8217;abril. Les bases, que ja estan publicades en la web municipal, tenen com a objecte regular el procediment per a obtindre el [&hellip;]\" \/>\n<meta property=\"og:url\" content=\"https:\/\/santapola.es\/ca\/convocatoria-per-a-obtindre-el-permis-local-de-conduccio-de-taxis-3\/\" \/>\n<meta property=\"og:site_name\" content=\"Ajuntament de Santa Pola\" \/>\n<meta property=\"article:publisher\" content=\"https:\/\/www.facebook.com\/AyuntamientoSantaPola\/\" \/>\n<meta property=\"article:published_time\" content=\"2026-03-31T08:12:35+00:00\" \/>\n<meta property=\"article:modified_time\" content=\"2026-03-31T08:13:47+00:00\" \/>\n<meta property=\"og:image\" content=\"https:\/\/santapola.es\/wp-content\/uploads\/2026\/03\/taxi.jpg\" \/>\n\t<meta property=\"og:image:width\" content=\"1920\" \/>\n\t<meta property=\"og:image:height\" content=\"1920\" \/>\n\t<meta property=\"og:image:type\" content=\"image\/jpeg\" \/>\n<meta name=\"author\" content=\"Jos\u00e9 Juan L\u00f3pez Lafuente\" \/>\n<meta name=\"twitter:card\" content=\"summary_large_image\" \/>\n<meta name=\"twitter:creator\" content=\"@SantaPolaAyunt\" \/>\n<meta name=\"twitter:site\" content=\"@SantaPolaAyunt\" \/>\n<script type=\"application\/ld+json\" class=\"yoast-schema-graph\">{\"@context\":\"https:\\\/\\\/schema.org\",\"@graph\":[{\"@type\":\"Article\",\"@id\":\"https:\\\/\\\/santapola.es\\\/ca\\\/convocatoria-per-a-obtindre-el-permis-local-de-conduccio-de-taxis-3\\\/#article\",\"isPartOf\":{\"@id\":\"https:\\\/\\\/santapola.es\\\/ca\\\/convocatoria-per-a-obtindre-el-permis-local-de-conduccio-de-taxis-3\\\/\"},\"author\":{\"name\":\"Jos\u00e9 Juan L\u00f3pez Lafuente\",\"@id\":\"https:\\\/\\\/santapola.es\\\/ca\\\/#\\\/schema\\\/person\\\/ad1d67403707b58350c7be5e8dbc442d\"},\"headline\":\"Convocat\u00f2ria per a obtindre el perm\u00eds local de conducci\u00f3 de taxis\",\"datePublished\":\"2026-03-31T08:12:35+00:00\",\"dateModified\":\"2026-03-31T08:13:47+00:00\",\"mainEntityOfPage\":{\"@id\":\"https:\\\/\\\/santapola.es\\\/ca\\\/convocatoria-per-a-obtindre-el-permis-local-de-conduccio-de-taxis-3\\\/\"},\"wordCount\":322,\"image\":{\"@id\":\"https:\\\/\\\/santapola.es\\\/ca\\\/convocatoria-per-a-obtindre-el-permis-local-de-conduccio-de-taxis-3\\\/#primaryimage\"},\"thumbnailUrl\":\"https:\\\/\\\/santapola.es\\\/wp-content\\\/uploads\\\/2026\\\/03\\\/taxi.jpg\",\"keywords\":[\"Taxi\"],\"articleSection\":[\"Tr\u00e0nsit\"],\"inLanguage\":\"ca\"},{\"@type\":\"WebPage\",\"@id\":\"https:\\\/\\\/santapola.es\\\/ca\\\/convocatoria-per-a-obtindre-el-permis-local-de-conduccio-de-taxis-3\\\/\",\"url\":\"https:\\\/\\\/santapola.es\\\/ca\\\/convocatoria-per-a-obtindre-el-permis-local-de-conduccio-de-taxis-3\\\/\",\"name\":\"Convocat\u00f2ria per a obtindre el perm\u00eds local de conducci\u00f3 de taxis - Ajuntament de Santa Pola\",\"isPartOf\":{\"@id\":\"https:\\\/\\\/santapola.es\\\/ca\\\/#website\"},\"primaryImageOfPage\":{\"@id\":\"https:\\\/\\\/santapola.es\\\/ca\\\/convocatoria-per-a-obtindre-el-permis-local-de-conduccio-de-taxis-3\\\/#primaryimage\"},\"image\":{\"@id\":\"https:\\\/\\\/santapola.es\\\/ca\\\/convocatoria-per-a-obtindre-el-permis-local-de-conduccio-de-taxis-3\\\/#primaryimage\"},\"thumbnailUrl\":\"https:\\\/\\\/santapola.es\\\/wp-content\\\/uploads\\\/2026\\\/03\\\/taxi.jpg\",\"datePublished\":\"2026-03-31T08:12:35+00:00\",\"dateModified\":\"2026-03-31T08:13:47+00:00\",\"author\":{\"@id\":\"https:\\\/\\\/santapola.es\\\/ca\\\/#\\\/schema\\\/person\\\/ad1d67403707b58350c7be5e8dbc442d\"},\"breadcrumb\":{\"@id\":\"https:\\\/\\\/santapola.es\\\/ca\\\/convocatoria-per-a-obtindre-el-permis-local-de-conduccio-de-taxis-3\\\/#breadcrumb\"},\"inLanguage\":\"ca\",\"potentialAction\":[{\"@type\":\"ReadAction\",\"target\":[\"https:\\\/\\\/santapola.es\\\/ca\\\/convocatoria-per-a-obtindre-el-permis-local-de-conduccio-de-taxis-3\\\/\"]}]},{\"@type\":\"ImageObject\",\"inLanguage\":\"ca\",\"@id\":\"https:\\\/\\\/santapola.es\\\/ca\\\/convocatoria-per-a-obtindre-el-permis-local-de-conduccio-de-taxis-3\\\/#primaryimage\",\"url\":\"https:\\\/\\\/santapola.es\\\/wp-content\\\/uploads\\\/2026\\\/03\\\/taxi.jpg\",\"contentUrl\":\"https:\\\/\\\/santapola.es\\\/wp-content\\\/uploads\\\/2026\\\/03\\\/taxi.jpg\",\"width\":1920,\"height\":1920},{\"@type\":\"BreadcrumbList\",\"@id\":\"https:\\\/\\\/santapola.es\\\/ca\\\/convocatoria-per-a-obtindre-el-permis-local-de-conduccio-de-taxis-3\\\/#breadcrumb\",\"itemListElement\":[{\"@type\":\"ListItem\",\"position\":1,\"name\":\"Inici\",\"item\":\"https:\\\/\\\/santapola.es\\\/ca\\\/\"},{\"@type\":\"ListItem\",\"position\":2,\"name\":\"Convocat\u00f2ria per a obtindre el perm\u00eds local de conducci\u00f3 de taxis\"}]},{\"@type\":\"WebSite\",\"@id\":\"https:\\\/\\\/santapola.es\\\/ca\\\/#website\",\"url\":\"https:\\\/\\\/santapola.es\\\/ca\\\/\",\"name\":\"Ayuntamiento de Santa Pola\",\"description\":\"Web de l'Ajuntament de Santa Pola\",\"potentialAction\":[{\"@type\":\"SearchAction\",\"target\":{\"@type\":\"EntryPoint\",\"urlTemplate\":\"https:\\\/\\\/santapola.es\\\/ca\\\/?s={search_term_string}\"},\"query-input\":{\"@type\":\"PropertyValueSpecification\",\"valueRequired\":true,\"valueName\":\"search_term_string\"}}],\"inLanguage\":\"ca\"},{\"@type\":\"Person\",\"@id\":\"https:\\\/\\\/santapola.es\\\/ca\\\/#\\\/schema\\\/person\\\/ad1d67403707b58350c7be5e8dbc442d\",\"name\":\"Jos\u00e9 Juan L\u00f3pez Lafuente\"}]}<\/script>\n<!-- \/ Yoast SEO plugin. -->","yoast_head_json":{"title":"Convocat\u00f2ria per a obtindre el perm\u00eds local de conducci\u00f3 de taxis - Ajuntament de Santa Pola","robots":{"index":"index","follow":"follow","max-snippet":"max-snippet:-1","max-image-preview":"max-image-preview:large","max-video-preview":"max-video-preview:-1"},"canonical":"https:\/\/santapola.es\/ca\/convocatoria-per-a-obtindre-el-permis-local-de-conduccio-de-taxis-3\/","og_locale":"ca_ES","og_type":"article","og_title":"Convocat\u00f2ria per a obtindre el perm\u00eds local de conducci\u00f3 de taxis - Ajuntament de Santa Pola","og_description":"L&#8217;Ajuntament de Santa Pola convoca per al pr\u00f2xim 28 d&#8217;abril les proves d&#8217;aptitud per a l&#8217;obtenci\u00f3 del perm\u00eds local de conducci\u00f3 de taxis. Les persones interessades es poden inscriure de l&#8217;1 al 15 d&#8217;abril. Les bases, que ja estan publicades en la web municipal, tenen com a objecte regular el procediment per a obtindre el [&hellip;]","og_url":"https:\/\/santapola.es\/ca\/convocatoria-per-a-obtindre-el-permis-local-de-conduccio-de-taxis-3\/","og_site_name":"Ajuntament de Santa Pola","article_publisher":"https:\/\/www.facebook.com\/AyuntamientoSantaPola\/","article_published_time":"2026-03-31T08:12:35+00:00","article_modified_time":"2026-03-31T08:13:47+00:00","og_image":[{"width":1920,"height":1920,"url":"https:\/\/santapola.es\/wp-content\/uploads\/2026\/03\/taxi.jpg","type":"image\/jpeg"}],"author":"Jos\u00e9 Juan L\u00f3pez Lafuente","twitter_card":"summary_large_image","twitter_creator":"@SantaPolaAyunt","twitter_site":"@SantaPolaAyunt","schema":{"@context":"https:\/\/schema.org","@graph":[{"@type":"Article","@id":"https:\/\/santapola.es\/ca\/convocatoria-per-a-obtindre-el-permis-local-de-conduccio-de-taxis-3\/#article","isPartOf":{"@id":"https:\/\/santapola.es\/ca\/convocatoria-per-a-obtindre-el-permis-local-de-conduccio-de-taxis-3\/"},"author":{"name":"Jos\u00e9 Juan L\u00f3pez Lafuente","@id":"https:\/\/santapola.es\/ca\/#\/schema\/person\/ad1d67403707b58350c7be5e8dbc442d"},"headline":"Convocat\u00f2ria per a obtindre el perm\u00eds local de conducci\u00f3 de taxis","datePublished":"2026-03-31T08:12:35+00:00","dateModified":"2026-03-31T08:13:47+00:00","mainEntityOfPage":{"@id":"https:\/\/santapola.es\/ca\/convocatoria-per-a-obtindre-el-permis-local-de-conduccio-de-taxis-3\/"},"wordCount":322,"image":{"@id":"https:\/\/santapola.es\/ca\/convocatoria-per-a-obtindre-el-permis-local-de-conduccio-de-taxis-3\/#primaryimage"},"thumbnailUrl":"https:\/\/santapola.es\/wp-content\/uploads\/2026\/03\/taxi.jpg","keywords":["Taxi"],"articleSection":["Tr\u00e0nsit"],"inLanguage":"ca"},{"@type":"WebPage","@id":"https:\/\/santapola.es\/ca\/convocatoria-per-a-obtindre-el-permis-local-de-conduccio-de-taxis-3\/","url":"https:\/\/santapola.es\/ca\/convocatoria-per-a-obtindre-el-permis-local-de-conduccio-de-taxis-3\/","name":"Convocat\u00f2ria per a obtindre el perm\u00eds local de conducci\u00f3 de taxis - Ajuntament de Santa Pola","isPartOf":{"@id":"https:\/\/santapola.es\/ca\/#website"},"primaryImageOfPage":{"@id":"https:\/\/santapola.es\/ca\/convocatoria-per-a-obtindre-el-permis-local-de-conduccio-de-taxis-3\/#primaryimage"},"image":{"@id":"https:\/\/santapola.es\/ca\/convocatoria-per-a-obtindre-el-permis-local-de-conduccio-de-taxis-3\/#primaryimage"},"thumbnailUrl":"https:\/\/santapola.es\/wp-content\/uploads\/2026\/03\/taxi.jpg","datePublished":"2026-03-31T08:12:35+00:00","dateModified":"2026-03-31T08:13:47+00:00","author":{"@id":"https:\/\/santapola.es\/ca\/#\/schema\/person\/ad1d67403707b58350c7be5e8dbc442d"},"breadcrumb":{"@id":"https:\/\/santapola.es\/ca\/convocatoria-per-a-obtindre-el-permis-local-de-conduccio-de-taxis-3\/#breadcrumb"},"inLanguage":"ca","potentialAction":[{"@type":"ReadAction","target":["https:\/\/santapola.es\/ca\/convocatoria-per-a-obtindre-el-permis-local-de-conduccio-de-taxis-3\/"]}]},{"@type":"ImageObject","inLanguage":"ca","@id":"https:\/\/santapola.es\/ca\/convocatoria-per-a-obtindre-el-permis-local-de-conduccio-de-taxis-3\/#primaryimage","url":"https:\/\/santapola.es\/wp-content\/uploads\/2026\/03\/taxi.jpg","contentUrl":"https:\/\/santapola.es\/wp-content\/uploads\/2026\/03\/taxi.jpg","width":1920,"height":1920},{"@type":"BreadcrumbList","@id":"https:\/\/santapola.es\/ca\/convocatoria-per-a-obtindre-el-permis-local-de-conduccio-de-taxis-3\/#breadcrumb","itemListElement":[{"@type":"ListItem","position":1,"name":"Inici","item":"https:\/\/santapola.es\/ca\/"},{"@type":"ListItem","position":2,"name":"Convocat\u00f2ria per a obtindre el perm\u00eds local de conducci\u00f3 de taxis"}]},{"@type":"WebSite","@id":"https:\/\/santapola.es\/ca\/#website","url":"https:\/\/santapola.es\/ca\/","name":"Ayuntamiento de Santa Pola","description":"Web de l'Ajuntament de Santa Pola","potentialAction":[{"@type":"SearchAction","target":{"@type":"EntryPoint","urlTemplate":"https:\/\/santapola.es\/ca\/?s={search_term_string}"},"query-input":{"@type":"PropertyValueSpecification","valueRequired":true,"valueName":"search_term_string"}}],"inLanguage":"ca"},{"@type":"Person","@id":"https:\/\/santapola.es\/ca\/#\/schema\/person\/ad1d67403707b58350c7be5e8dbc442d","name":"Jos\u00e9 Juan L\u00f3pez Lafuente"}]}},"_links":{"self":[{"href":"https:\/\/santapola.es\/ca\/wp-json\/wp\/v2\/posts\/48289","targetHints":{"allow":["GET"]}}],"collection":[{"href":"https:\/\/santapola.es\/ca\/wp-json\/wp\/v2\/posts"}],"about":[{"href":"https:\/\/santapola.es\/ca\/wp-json\/wp\/v2\/types\/post"}],"author":[{"embeddable":true,"href":"https:\/\/santapola.es\/ca\/wp-json\/wp\/v2\/users\/96"}],"replies":[{"embeddable":true,"href":"https:\/\/santapola.es\/ca\/wp-json\/wp\/v2\/comments?post=48289"}],"version-history":[{"count":1,"href":"https:\/\/santapola.es\/ca\/wp-json\/wp\/v2\/posts\/48289\/revisions"}],"predecessor-version":[{"id":48290,"href":"https:\/\/santapola.es\/ca\/wp-json\/wp\/v2\/posts\/48289\/revisions\/48290"}],"wp:featuredmedia":[{"embeddable":true,"href":"https:\/\/santapola.es\/ca\/wp-json\/wp\/v2\/media\/48287"}],"wp:attachment":[{"href":"https:\/\/santapola.es\/ca\/wp-json\/wp\/v2\/media?parent=48289"}],"wp:term":[{"taxonomy":"category","embeddable":true,"href":"https:\/\/santapola.es\/ca\/wp-json\/wp\/v2\/categories?post=48289"},{"taxonomy":"post_tag","embeddable":true,"href":"https:\/\/santapola.es\/ca\/wp-json\/wp\/v2\/tags?post=48289"}],"curies":[{"name":"wp","href":"https:\/\/api.w.org\/{rel}","templated":true}]}}