{"id":48215,"date":"2026-03-27T14:20:12","date_gmt":"2026-03-27T13:20:12","guid":{"rendered":"https:\/\/santapola.es\/?p=48215"},"modified":"2026-03-27T14:21:57","modified_gmt":"2026-03-27T13:21:57","slug":"el-ple-demana-ajudes-a-les-parades-biologiques-i-per-als-celiacs-i-sol%c2%b7licita-al-govern-suspendre-o-flexibilitzar-la-regla-de-gasto-als-ajuntaments","status":"publish","type":"post","link":"https:\/\/santapola.es\/ca\/el-ple-demana-ajudes-a-les-parades-biologiques-i-per-als-celiacs-i-sol%c2%b7licita-al-govern-suspendre-o-flexibilitzar-la-regla-de-gasto-als-ajuntaments\/","title":{"rendered":"El ple demana ajudes a les parades biol\u00f2giques i per als cel\u00edacs, i sol\u00b7licita al Govern suspendre o flexibilitzar la regla de gasto als Ajuntaments"},"content":{"rendered":"<p><strong>A m\u00e9s d&#8217;estes sol\u00b7licituds, s&#8217;ha aprovat realitzar un estudi per a la creaci\u00f3 de zones d&#8217;aparcament regulades gratu\u00eftes per a residents i l&#8217;informe d&#8217;estructura de costos de la construcci\u00f3 de la piscina municipal i la resid\u00e8ncia esportiva.<\/strong><\/p>\n<p>El ple ordinari de mar\u00e7 va comen\u00e7ar amb tres mocions consensuades que es van presentar com a declaracions institucionals. D&#8217;una banda, instar a la Generalitat Valenciana i altres administracions a la publicaci\u00f3 urgent de la convocat\u00f2ria d&#8217;ajudes de l&#8217;any 2025 destinades a les embarcacions de pesca afectades per les parades biol\u00f2giques.<\/p>\n<p>D&#8217;altra banda, instar el Govern d&#8217;Espanya i a la Generalitat Valenciana a adoptar les mesures fiscals necess\u00e0ries per a abaratir els aliments sense gl\u00fatens, aix\u00ed com estudiar des de l&#8217;Ajuntament de Santa Pola la creaci\u00f3 d&#8217;una l\u00ednia d&#8217;ajudes econ\u00f2miques per a persones cel\u00edaques empadronades.<\/p>\n<p>La tercera insta el Govern de la Naci\u00f3 que, de manera immediata, aprove un Reial decret llei que suspenga o flexibilitze la regla de gasto i el principi d&#8217;estabilitat pressupost\u00e0ria per als exercicis 2025 i 2026, permetent a les entitats locals utilitzar la totalitat dels seus romanents de tresoreria per a gastos generals, sense les restriccions actuals, per a pal\u00b7liar les conseq\u00fc\u00e8ncies econ\u00f2miques del conflicte a l&#8217;Iran.<\/p>\n<p>Estos romanents es destinarien a ajudes socials, suport a PIMES i aut\u00f2noms, etc., no sols a inversions financerament sostenibles.<\/p>\n<p><iframe loading=\"lazy\" title=\"PLENO ORDINARIO AYTO SANTA POLA | 26 MARZO 2026\" width=\"1080\" height=\"608\" src=\"https:\/\/www.youtube.com\/embed\/h2sETXx3l1s?feature=oembed\"  allow=\"accelerometer; autoplay; clipboard-write; encrypted-media; gyroscope; picture-in-picture; web-share\" referrerpolicy=\"strict-origin-when-cross-origin\" allowfullscreen><\/iframe><\/p>\n<p><strong>Aparcament per a residents\u00a0<\/strong><\/p>\n<p>Es va aprovar per majoria, amb l&#8217;abstenci\u00f3 de Vox, una moci\u00f3 de M\u00e9s Santa Pola perqu\u00e8 s&#8217;estudie la creaci\u00f3 de zones d&#8217;aparcament regulades gratu\u00eftes per a residents, amb l&#8217;objectiu de facilitar l&#8217;estacionament als locals i pal\u00b7liar d&#8217;alguna manera l&#8217;habitual problema.<\/p>\n<p>D&#8217;altra banda, es va rebutjar amb els vots populars una moci\u00f3 de Vox per a la posada en valor i adequaci\u00f3 de l&#8217;espai situat despr\u00e9s de les depend\u00e8ncies municipals de Gran Alacant i enfront de la Biblioteca Internacional, amb l&#8217;objectiu de transformar-lo en una \u00e0rea d&#8217;\u00fas p\u00fablic i com a mirador.<\/p>\n<p>Jos\u00e9 Pedro Mart\u00ednez va justificar el vot negatiu del Grup Popular perqu\u00e8 \u201cja s&#8217;est\u00e0 fent, ,l&#8217;equip de govern ja t\u00e9 prevista una actuaci\u00f3 all\u00ed, hi ha iniciat un procediment per a instal\u00b7lar mobiliari urb\u00e0 i condicionar el jard\u00ed. A m\u00e9s est\u00e0 previst que quan es constru\u00efsca el nou ambulatori m\u00e8dic es reforme l&#8217;edifici municipal per a guanyar espai com a centre sociocultural\u201d.<\/p>\n<p><strong>Aprovada l&#8217;estructura de costos de la piscina<\/strong><\/p>\n<p>Fora de l&#8217;orde del dia es va aprovar per unanimitat l&#8217;estructura de costos de l&#8217;obra de la piscina municipal i la resid\u00e8ncia esportiva. Segons va explicar Jos\u00e9 Pedro Mart\u00ednez, \u201chem rebut l&#8217;informe de la consultora que veiem correcte i portem al ple per a la seua aprovaci\u00f3 i exposici\u00f3 p\u00fablica, amb l&#8217;objectiu de garantir m\u00e9s si cap la seguretat jur\u00eddica de l&#8217;Ajuntament i totes les parts\u201d.<\/p>\n<p>En altres punts de l&#8217;orde del dia es va aprovar per unanimitat reclamar a l&#8217;empresa concession\u00e0ria del servici d&#8217;aigua potable les liquidacions del servici entre els anys 2018 i 2024 per import de 5.273.000 euros, com a resultat de l&#8217;estudi en un expedient que va arrancar l&#8217;any 2020 i que finalitza ara despr\u00e9s d&#8217;una auditoria externa.<\/p>\n<p>Tamb\u00e9 es va aprovar, amb l&#8217;abstenci\u00f3 de Vox, aprovar inicialment el reglament del Consell Municipal de Sostenibilitat.<\/p>\n","protected":false},"excerpt":{"rendered":"<p>A m\u00e9s d&#8217;estes sol\u00b7licituds, s&#8217;ha aprovat realitzar un estudi per a la creaci\u00f3 de zones d&#8217;aparcament regulades gratu\u00eftes per a residents i l&#8217;informe d&#8217;estructura de costos de la construcci\u00f3 de la piscina municipal i la resid\u00e8ncia esportiva. El ple ordinari de mar\u00e7 va comen\u00e7ar amb tres mocions consensuades que es van presentar com a declaracions [&hellip;]<\/p>\n","protected":false},"author":96,"featured_media":48213,"comment_status":"closed","ping_status":"closed","sticky":false,"template":"","format":"standard","meta":{"_et_pb_use_builder":"","_et_pb_old_content":"","_et_gb_content_width":"","footnotes":""},"categories":[473],"tags":[1314],"class_list":["post-48215","post","type-post","status-publish","format-standard","has-post-thumbnail","hentry","category-plens","tag-plens"],"yoast_head":"<!-- This site is optimized with the Yoast SEO plugin v27.4 - https:\/\/yoast.com\/product\/yoast-seo-wordpress\/ -->\n<title>El ple demana ajudes a les parades biol\u00f2giques i per als cel\u00edacs, i sol\u00b7licita al Govern suspendre o flexibilitzar la regla de gasto als Ajuntaments - Ajuntament de Santa Pola<\/title>\n<meta name=\"robots\" content=\"index, follow, max-snippet:-1, max-image-preview:large, max-video-preview:-1\" \/>\n<link rel=\"canonical\" href=\"https:\/\/santapola.es\/ca\/el-ple-demana-ajudes-a-les-parades-biologiques-i-per-als-celiacs-i-sol%c2%b7licita-al-govern-suspendre-o-flexibilitzar-la-regla-de-gasto-als-ajuntaments\/\" \/>\n<meta property=\"og:locale\" content=\"ca_ES\" \/>\n<meta property=\"og:type\" content=\"article\" \/>\n<meta property=\"og:title\" content=\"El ple demana ajudes a les parades biol\u00f2giques i per als cel\u00edacs, i sol\u00b7licita al Govern suspendre o flexibilitzar la regla de gasto als Ajuntaments - Ajuntament de Santa Pola\" \/>\n<meta property=\"og:description\" content=\"A m\u00e9s d&#8217;estes sol\u00b7licituds, s&#8217;ha aprovat realitzar un estudi per a la creaci\u00f3 de zones d&#8217;aparcament regulades gratu\u00eftes per a residents i l&#8217;informe d&#8217;estructura de costos de la construcci\u00f3 de la piscina municipal i la resid\u00e8ncia esportiva. El ple ordinari de mar\u00e7 va comen\u00e7ar amb tres mocions consensuades que es van presentar com a declaracions [&hellip;]\" \/>\n<meta property=\"og:url\" content=\"https:\/\/santapola.es\/ca\/el-ple-demana-ajudes-a-les-parades-biologiques-i-per-als-celiacs-i-sol%c2%b7licita-al-govern-suspendre-o-flexibilitzar-la-regla-de-gasto-als-ajuntaments\/\" \/>\n<meta property=\"og:site_name\" content=\"Ajuntament de Santa Pola\" \/>\n<meta property=\"article:publisher\" content=\"https:\/\/www.facebook.com\/AyuntamientoSantaPola\/\" \/>\n<meta property=\"article:published_time\" content=\"2026-03-27T13:20:12+00:00\" \/>\n<meta property=\"article:modified_time\" content=\"2026-03-27T13:21:57+00:00\" \/>\n<meta property=\"og:image\" content=\"https:\/\/santapola.es\/wp-content\/uploads\/2026\/03\/2026-03-26-pleno.jpeg\" \/>\n\t<meta property=\"og:image:width\" content=\"1920\" \/>\n\t<meta property=\"og:image:height\" content=\"1440\" \/>\n\t<meta property=\"og:image:type\" content=\"image\/jpeg\" \/>\n<meta name=\"author\" content=\"Jos\u00e9 Juan L\u00f3pez Lafuente\" \/>\n<meta name=\"twitter:card\" content=\"summary_large_image\" \/>\n<meta name=\"twitter:creator\" content=\"@SantaPolaAyunt\" \/>\n<meta name=\"twitter:site\" content=\"@SantaPolaAyunt\" \/>\n<script type=\"application\/ld+json\" class=\"yoast-schema-graph\">{\"@context\":\"https:\\\/\\\/schema.org\",\"@graph\":[{\"@type\":\"Article\",\"@id\":\"https:\\\/\\\/santapola.es\\\/ca\\\/el-ple-demana-ajudes-a-les-parades-biologiques-i-per-als-celiacs-i-sol%c2%b7licita-al-govern-suspendre-o-flexibilitzar-la-regla-de-gasto-als-ajuntaments\\\/#article\",\"isPartOf\":{\"@id\":\"https:\\\/\\\/santapola.es\\\/ca\\\/el-ple-demana-ajudes-a-les-parades-biologiques-i-per-als-celiacs-i-sol%c2%b7licita-al-govern-suspendre-o-flexibilitzar-la-regla-de-gasto-als-ajuntaments\\\/\"},\"author\":{\"name\":\"Jos\u00e9 Juan L\u00f3pez Lafuente\",\"@id\":\"https:\\\/\\\/santapola.es\\\/ca\\\/#\\\/schema\\\/person\\\/ad1d67403707b58350c7be5e8dbc442d\"},\"headline\":\"El ple demana ajudes a les parades biol\u00f2giques i per als cel\u00edacs, i sol\u00b7licita al Govern suspendre o flexibilitzar la regla de gasto als Ajuntaments\",\"datePublished\":\"2026-03-27T13:20:12+00:00\",\"dateModified\":\"2026-03-27T13:21:57+00:00\",\"mainEntityOfPage\":{\"@id\":\"https:\\\/\\\/santapola.es\\\/ca\\\/el-ple-demana-ajudes-a-les-parades-biologiques-i-per-als-celiacs-i-sol%c2%b7licita-al-govern-suspendre-o-flexibilitzar-la-regla-de-gasto-als-ajuntaments\\\/\"},\"wordCount\":630,\"image\":{\"@id\":\"https:\\\/\\\/santapola.es\\\/ca\\\/el-ple-demana-ajudes-a-les-parades-biologiques-i-per-als-celiacs-i-sol%c2%b7licita-al-govern-suspendre-o-flexibilitzar-la-regla-de-gasto-als-ajuntaments\\\/#primaryimage\"},\"thumbnailUrl\":\"https:\\\/\\\/santapola.es\\\/wp-content\\\/uploads\\\/2026\\\/03\\\/2026-03-26-pleno.jpeg\",\"keywords\":[\"Plens\"],\"articleSection\":[\"Plens\"],\"inLanguage\":\"ca\"},{\"@type\":\"WebPage\",\"@id\":\"https:\\\/\\\/santapola.es\\\/ca\\\/el-ple-demana-ajudes-a-les-parades-biologiques-i-per-als-celiacs-i-sol%c2%b7licita-al-govern-suspendre-o-flexibilitzar-la-regla-de-gasto-als-ajuntaments\\\/\",\"url\":\"https:\\\/\\\/santapola.es\\\/ca\\\/el-ple-demana-ajudes-a-les-parades-biologiques-i-per-als-celiacs-i-sol%c2%b7licita-al-govern-suspendre-o-flexibilitzar-la-regla-de-gasto-als-ajuntaments\\\/\",\"name\":\"El ple demana ajudes a les parades biol\u00f2giques i per als cel\u00edacs, i sol\u00b7licita al Govern suspendre o flexibilitzar la regla de gasto als Ajuntaments - Ajuntament de Santa Pola\",\"isPartOf\":{\"@id\":\"https:\\\/\\\/santapola.es\\\/ca\\\/#website\"},\"primaryImageOfPage\":{\"@id\":\"https:\\\/\\\/santapola.es\\\/ca\\\/el-ple-demana-ajudes-a-les-parades-biologiques-i-per-als-celiacs-i-sol%c2%b7licita-al-govern-suspendre-o-flexibilitzar-la-regla-de-gasto-als-ajuntaments\\\/#primaryimage\"},\"image\":{\"@id\":\"https:\\\/\\\/santapola.es\\\/ca\\\/el-ple-demana-ajudes-a-les-parades-biologiques-i-per-als-celiacs-i-sol%c2%b7licita-al-govern-suspendre-o-flexibilitzar-la-regla-de-gasto-als-ajuntaments\\\/#primaryimage\"},\"thumbnailUrl\":\"https:\\\/\\\/santapola.es\\\/wp-content\\\/uploads\\\/2026\\\/03\\\/2026-03-26-pleno.jpeg\",\"datePublished\":\"2026-03-27T13:20:12+00:00\",\"dateModified\":\"2026-03-27T13:21:57+00:00\",\"author\":{\"@id\":\"https:\\\/\\\/santapola.es\\\/ca\\\/#\\\/schema\\\/person\\\/ad1d67403707b58350c7be5e8dbc442d\"},\"breadcrumb\":{\"@id\":\"https:\\\/\\\/santapola.es\\\/ca\\\/el-ple-demana-ajudes-a-les-parades-biologiques-i-per-als-celiacs-i-sol%c2%b7licita-al-govern-suspendre-o-flexibilitzar-la-regla-de-gasto-als-ajuntaments\\\/#breadcrumb\"},\"inLanguage\":\"ca\",\"potentialAction\":[{\"@type\":\"ReadAction\",\"target\":[\"https:\\\/\\\/santapola.es\\\/ca\\\/el-ple-demana-ajudes-a-les-parades-biologiques-i-per-als-celiacs-i-sol%c2%b7licita-al-govern-suspendre-o-flexibilitzar-la-regla-de-gasto-als-ajuntaments\\\/\"]}]},{\"@type\":\"ImageObject\",\"inLanguage\":\"ca\",\"@id\":\"https:\\\/\\\/santapola.es\\\/ca\\\/el-ple-demana-ajudes-a-les-parades-biologiques-i-per-als-celiacs-i-sol%c2%b7licita-al-govern-suspendre-o-flexibilitzar-la-regla-de-gasto-als-ajuntaments\\\/#primaryimage\",\"url\":\"https:\\\/\\\/santapola.es\\\/wp-content\\\/uploads\\\/2026\\\/03\\\/2026-03-26-pleno.jpeg\",\"contentUrl\":\"https:\\\/\\\/santapola.es\\\/wp-content\\\/uploads\\\/2026\\\/03\\\/2026-03-26-pleno.jpeg\",\"width\":1920,\"height\":1440},{\"@type\":\"BreadcrumbList\",\"@id\":\"https:\\\/\\\/santapola.es\\\/ca\\\/el-ple-demana-ajudes-a-les-parades-biologiques-i-per-als-celiacs-i-sol%c2%b7licita-al-govern-suspendre-o-flexibilitzar-la-regla-de-gasto-als-ajuntaments\\\/#breadcrumb\",\"itemListElement\":[{\"@type\":\"ListItem\",\"position\":1,\"name\":\"Inici\",\"item\":\"https:\\\/\\\/santapola.es\\\/ca\\\/\"},{\"@type\":\"ListItem\",\"position\":2,\"name\":\"El ple demana ajudes a les parades biol\u00f2giques i per als cel\u00edacs, i sol\u00b7licita al Govern suspendre o flexibilitzar la regla de gasto als Ajuntaments\"}]},{\"@type\":\"WebSite\",\"@id\":\"https:\\\/\\\/santapola.es\\\/ca\\\/#website\",\"url\":\"https:\\\/\\\/santapola.es\\\/ca\\\/\",\"name\":\"Ayuntamiento de Santa Pola\",\"description\":\"Web de l'Ajuntament de Santa Pola\",\"potentialAction\":[{\"@type\":\"SearchAction\",\"target\":{\"@type\":\"EntryPoint\",\"urlTemplate\":\"https:\\\/\\\/santapola.es\\\/ca\\\/?s={search_term_string}\"},\"query-input\":{\"@type\":\"PropertyValueSpecification\",\"valueRequired\":true,\"valueName\":\"search_term_string\"}}],\"inLanguage\":\"ca\"},{\"@type\":\"Person\",\"@id\":\"https:\\\/\\\/santapola.es\\\/ca\\\/#\\\/schema\\\/person\\\/ad1d67403707b58350c7be5e8dbc442d\",\"name\":\"Jos\u00e9 Juan L\u00f3pez Lafuente\"}]}<\/script>\n<!-- \/ Yoast SEO plugin. -->","yoast_head_json":{"title":"El ple demana ajudes a les parades biol\u00f2giques i per als cel\u00edacs, i sol\u00b7licita al Govern suspendre o flexibilitzar la regla de gasto als Ajuntaments - Ajuntament de Santa Pola","robots":{"index":"index","follow":"follow","max-snippet":"max-snippet:-1","max-image-preview":"max-image-preview:large","max-video-preview":"max-video-preview:-1"},"canonical":"https:\/\/santapola.es\/ca\/el-ple-demana-ajudes-a-les-parades-biologiques-i-per-als-celiacs-i-sol%c2%b7licita-al-govern-suspendre-o-flexibilitzar-la-regla-de-gasto-als-ajuntaments\/","og_locale":"ca_ES","og_type":"article","og_title":"El ple demana ajudes a les parades biol\u00f2giques i per als cel\u00edacs, i sol\u00b7licita al Govern suspendre o flexibilitzar la regla de gasto als Ajuntaments - Ajuntament de Santa Pola","og_description":"A m\u00e9s d&#8217;estes sol\u00b7licituds, s&#8217;ha aprovat realitzar un estudi per a la creaci\u00f3 de zones d&#8217;aparcament regulades gratu\u00eftes per a residents i l&#8217;informe d&#8217;estructura de costos de la construcci\u00f3 de la piscina municipal i la resid\u00e8ncia esportiva. El ple ordinari de mar\u00e7 va comen\u00e7ar amb tres mocions consensuades que es van presentar com a declaracions [&hellip;]","og_url":"https:\/\/santapola.es\/ca\/el-ple-demana-ajudes-a-les-parades-biologiques-i-per-als-celiacs-i-sol%c2%b7licita-al-govern-suspendre-o-flexibilitzar-la-regla-de-gasto-als-ajuntaments\/","og_site_name":"Ajuntament de Santa Pola","article_publisher":"https:\/\/www.facebook.com\/AyuntamientoSantaPola\/","article_published_time":"2026-03-27T13:20:12+00:00","article_modified_time":"2026-03-27T13:21:57+00:00","og_image":[{"width":1920,"height":1440,"url":"https:\/\/santapola.es\/wp-content\/uploads\/2026\/03\/2026-03-26-pleno.jpeg","type":"image\/jpeg"}],"author":"Jos\u00e9 Juan L\u00f3pez Lafuente","twitter_card":"summary_large_image","twitter_creator":"@SantaPolaAyunt","twitter_site":"@SantaPolaAyunt","schema":{"@context":"https:\/\/schema.org","@graph":[{"@type":"Article","@id":"https:\/\/santapola.es\/ca\/el-ple-demana-ajudes-a-les-parades-biologiques-i-per-als-celiacs-i-sol%c2%b7licita-al-govern-suspendre-o-flexibilitzar-la-regla-de-gasto-als-ajuntaments\/#article","isPartOf":{"@id":"https:\/\/santapola.es\/ca\/el-ple-demana-ajudes-a-les-parades-biologiques-i-per-als-celiacs-i-sol%c2%b7licita-al-govern-suspendre-o-flexibilitzar-la-regla-de-gasto-als-ajuntaments\/"},"author":{"name":"Jos\u00e9 Juan L\u00f3pez Lafuente","@id":"https:\/\/santapola.es\/ca\/#\/schema\/person\/ad1d67403707b58350c7be5e8dbc442d"},"headline":"El ple demana ajudes a les parades biol\u00f2giques i per als cel\u00edacs, i sol\u00b7licita al Govern suspendre o flexibilitzar la regla de gasto als Ajuntaments","datePublished":"2026-03-27T13:20:12+00:00","dateModified":"2026-03-27T13:21:57+00:00","mainEntityOfPage":{"@id":"https:\/\/santapola.es\/ca\/el-ple-demana-ajudes-a-les-parades-biologiques-i-per-als-celiacs-i-sol%c2%b7licita-al-govern-suspendre-o-flexibilitzar-la-regla-de-gasto-als-ajuntaments\/"},"wordCount":630,"image":{"@id":"https:\/\/santapola.es\/ca\/el-ple-demana-ajudes-a-les-parades-biologiques-i-per-als-celiacs-i-sol%c2%b7licita-al-govern-suspendre-o-flexibilitzar-la-regla-de-gasto-als-ajuntaments\/#primaryimage"},"thumbnailUrl":"https:\/\/santapola.es\/wp-content\/uploads\/2026\/03\/2026-03-26-pleno.jpeg","keywords":["Plens"],"articleSection":["Plens"],"inLanguage":"ca"},{"@type":"WebPage","@id":"https:\/\/santapola.es\/ca\/el-ple-demana-ajudes-a-les-parades-biologiques-i-per-als-celiacs-i-sol%c2%b7licita-al-govern-suspendre-o-flexibilitzar-la-regla-de-gasto-als-ajuntaments\/","url":"https:\/\/santapola.es\/ca\/el-ple-demana-ajudes-a-les-parades-biologiques-i-per-als-celiacs-i-sol%c2%b7licita-al-govern-suspendre-o-flexibilitzar-la-regla-de-gasto-als-ajuntaments\/","name":"El ple demana ajudes a les parades biol\u00f2giques i per als cel\u00edacs, i sol\u00b7licita al Govern suspendre o flexibilitzar la regla de gasto als Ajuntaments - Ajuntament de Santa Pola","isPartOf":{"@id":"https:\/\/santapola.es\/ca\/#website"},"primaryImageOfPage":{"@id":"https:\/\/santapola.es\/ca\/el-ple-demana-ajudes-a-les-parades-biologiques-i-per-als-celiacs-i-sol%c2%b7licita-al-govern-suspendre-o-flexibilitzar-la-regla-de-gasto-als-ajuntaments\/#primaryimage"},"image":{"@id":"https:\/\/santapola.es\/ca\/el-ple-demana-ajudes-a-les-parades-biologiques-i-per-als-celiacs-i-sol%c2%b7licita-al-govern-suspendre-o-flexibilitzar-la-regla-de-gasto-als-ajuntaments\/#primaryimage"},"thumbnailUrl":"https:\/\/santapola.es\/wp-content\/uploads\/2026\/03\/2026-03-26-pleno.jpeg","datePublished":"2026-03-27T13:20:12+00:00","dateModified":"2026-03-27T13:21:57+00:00","author":{"@id":"https:\/\/santapola.es\/ca\/#\/schema\/person\/ad1d67403707b58350c7be5e8dbc442d"},"breadcrumb":{"@id":"https:\/\/santapola.es\/ca\/el-ple-demana-ajudes-a-les-parades-biologiques-i-per-als-celiacs-i-sol%c2%b7licita-al-govern-suspendre-o-flexibilitzar-la-regla-de-gasto-als-ajuntaments\/#breadcrumb"},"inLanguage":"ca","potentialAction":[{"@type":"ReadAction","target":["https:\/\/santapola.es\/ca\/el-ple-demana-ajudes-a-les-parades-biologiques-i-per-als-celiacs-i-sol%c2%b7licita-al-govern-suspendre-o-flexibilitzar-la-regla-de-gasto-als-ajuntaments\/"]}]},{"@type":"ImageObject","inLanguage":"ca","@id":"https:\/\/santapola.es\/ca\/el-ple-demana-ajudes-a-les-parades-biologiques-i-per-als-celiacs-i-sol%c2%b7licita-al-govern-suspendre-o-flexibilitzar-la-regla-de-gasto-als-ajuntaments\/#primaryimage","url":"https:\/\/santapola.es\/wp-content\/uploads\/2026\/03\/2026-03-26-pleno.jpeg","contentUrl":"https:\/\/santapola.es\/wp-content\/uploads\/2026\/03\/2026-03-26-pleno.jpeg","width":1920,"height":1440},{"@type":"BreadcrumbList","@id":"https:\/\/santapola.es\/ca\/el-ple-demana-ajudes-a-les-parades-biologiques-i-per-als-celiacs-i-sol%c2%b7licita-al-govern-suspendre-o-flexibilitzar-la-regla-de-gasto-als-ajuntaments\/#breadcrumb","itemListElement":[{"@type":"ListItem","position":1,"name":"Inici","item":"https:\/\/santapola.es\/ca\/"},{"@type":"ListItem","position":2,"name":"El ple demana ajudes a les parades biol\u00f2giques i per als cel\u00edacs, i sol\u00b7licita al Govern suspendre o flexibilitzar la regla de gasto als Ajuntaments"}]},{"@type":"WebSite","@id":"https:\/\/santapola.es\/ca\/#website","url":"https:\/\/santapola.es\/ca\/","name":"Ayuntamiento de Santa Pola","description":"Web de l'Ajuntament de Santa Pola","potentialAction":[{"@type":"SearchAction","target":{"@type":"EntryPoint","urlTemplate":"https:\/\/santapola.es\/ca\/?s={search_term_string}"},"query-input":{"@type":"PropertyValueSpecification","valueRequired":true,"valueName":"search_term_string"}}],"inLanguage":"ca"},{"@type":"Person","@id":"https:\/\/santapola.es\/ca\/#\/schema\/person\/ad1d67403707b58350c7be5e8dbc442d","name":"Jos\u00e9 Juan L\u00f3pez Lafuente"}]}},"_links":{"self":[{"href":"https:\/\/santapola.es\/ca\/wp-json\/wp\/v2\/posts\/48215","targetHints":{"allow":["GET"]}}],"collection":[{"href":"https:\/\/santapola.es\/ca\/wp-json\/wp\/v2\/posts"}],"about":[{"href":"https:\/\/santapola.es\/ca\/wp-json\/wp\/v2\/types\/post"}],"author":[{"embeddable":true,"href":"https:\/\/santapola.es\/ca\/wp-json\/wp\/v2\/users\/96"}],"replies":[{"embeddable":true,"href":"https:\/\/santapola.es\/ca\/wp-json\/wp\/v2\/comments?post=48215"}],"version-history":[{"count":1,"href":"https:\/\/santapola.es\/ca\/wp-json\/wp\/v2\/posts\/48215\/revisions"}],"predecessor-version":[{"id":48216,"href":"https:\/\/santapola.es\/ca\/wp-json\/wp\/v2\/posts\/48215\/revisions\/48216"}],"wp:featuredmedia":[{"embeddable":true,"href":"https:\/\/santapola.es\/ca\/wp-json\/wp\/v2\/media\/48213"}],"wp:attachment":[{"href":"https:\/\/santapola.es\/ca\/wp-json\/wp\/v2\/media?parent=48215"}],"wp:term":[{"taxonomy":"category","embeddable":true,"href":"https:\/\/santapola.es\/ca\/wp-json\/wp\/v2\/categories?post=48215"},{"taxonomy":"post_tag","embeddable":true,"href":"https:\/\/santapola.es\/ca\/wp-json\/wp\/v2\/tags?post=48215"}],"curies":[{"name":"wp","href":"https:\/\/api.w.org\/{rel}","templated":true}]}}