{"id":48192,"date":"2026-03-26T09:17:38","date_gmt":"2026-03-26T08:17:38","guid":{"rendered":"https:\/\/santapola.es\/?p=48192"},"modified":"2026-03-26T09:17:38","modified_gmt":"2026-03-26T08:17:38","slug":"santa-pola-recupera-al-juny-la-seua-epica-carrera-al-vespre-amb-la-10k-summer-race","status":"publish","type":"post","link":"https:\/\/santapola.es\/ca\/santa-pola-recupera-al-juny-la-seua-epica-carrera-al-vespre-amb-la-10k-summer-race\/","title":{"rendered":"Santa Pola recupera al juny la seua \u00e8pica carrera al vespre amb la 10K Summer Race"},"content":{"rendered":"<p><strong>El Club d&#8217;Atletisme i l&#8217;Ajuntament estan organitzant per al pr\u00f2xim 6 de juny la 10K Santa Pola Summer Race, un nou esdeveniment esportiu que recupera per a la vila marinera l&#8217;espectacle del running nocturn, banyat per la brisa del Mediterrani sota el lema \u201cTorna a sentir el pols de la marea\u201d.\u00a0<\/strong><\/p>\n<p>Santa Pola recupera este 2026 una carrera que a mitjan d\u00e8cada passada es va convertir en prova estendard a la prov\u00edncia: la 10k nocturna que en eixos anys reunia a quasi 4.000 runners. Amb forces renovades, el Club d&#8217;Atletisme Santa Pola recupera este esdeveniment esportiu amb el patrocini principal de l&#8217;Ajuntament i sota la denominaci\u00f3 de 10K Santa Pola Summer Race.<\/p>\n<p>Continuar\u00e0 sent Santa Pola el referent del turisme esportiu i lluir\u00e0 espectacular eixe primer dissabte de juny, ja quasi a l&#8217;estiu per\u00f2 amb una excel\u00b7lent temperatura a les nou de la nit, quan els \u00faltims rajos del sol es vagen apagant en l&#8217;horitz\u00f3. S&#8217;espera un gran ambient als carrers de la vila marinera, que sempre s&#8217;ha caracteritzat per l&#8217;\u00e0nim constant als corredors i corredores. A m\u00e9s comptar\u00e0 amb animaci\u00f3 amb DJ\u2019s en diversos punts del recorregut.<\/p>\n<p>La carrera repetix el mateix circuit de 10 quil\u00f2metres que es va estrenar el passat 18 de gener en la primera carrera 10K paral\u00b7lela i pr\u00e8via a la prestigiosa mitjana marat\u00f3 santapolera. Es tracta d&#8217;un recorregut id\u00edl\u00b7lic que discorre \u00edntegrament per les platges, el port i els carrers del centre de Santa Pola, pla i molt r\u00e0pid. L&#8217;eixida i arribada estar\u00e0 situada en l&#8217;avinguda P\u00e9rez Ojeda.<\/p>\n<p>Com a refer\u00e8ncia de temps, els atletes que van guanyar la primera 10K al gener van ser el keni\u00e0 Jakob Krop amb un temps de 27\u201946\u201d i la tamb\u00e9 keniana Clare Chemtai Ndwia amb 31\u201932\u201d, unes marques que deixen clar la velocitat del circuit establint els actuals r\u00e8cords.<\/p>\n<p><strong>Gran Premi Cl\u00ednica Traumatologia Dr. Soler<\/strong><\/p>\n<p>Una de les novetats \u00e9s que la Cl\u00ednica Traumatologia Dr. Soler patrocina el gran premi que oferix una recompensa de mil euros al primer corredor i corredora que baten l&#8217;actual r\u00e8cord en les dos categories masculina i femenina.<\/p>\n<p>A m\u00e9s s&#8217;entregar\u00e0, tant a h\u00f2mens com a dones per igual, trofeus als tres primers de la classificaci\u00f3 general, de cada categoria, locals, persones amb discapacitat i tres millors equips.<\/p>\n<p><strong>Inscripcions obertes<\/strong><\/p>\n<p>Les inscripcions ja estan obertes i es realitzaran a trav\u00e9s de la web <a href=\"http:\/\/www.10ksantapola.com\">www.10ksantapola.com<\/a> o <a href=\"http:\/\/www.chiplevante.com\">www.chiplevante.com<\/a> fins al pr\u00f2xim 3 de juny a les 22.00 hores, sempre que queden dorsals lliures. L&#8217;organitzaci\u00f3 es reserva el dret de tancar les inscripcions quan el considere necessari per raons de seguretat i per a millor servici al corredor.<\/p>\n<p>Podran participar corredors federats o no, nacionals o internacionals i majors de 16 anys, tancant-se el control de meta a les 22.20 hores.<\/p>\n<p>Hi ha un preu especial de 17 euros per als primers 500 corredors o fins al 31 de mar\u00e7, que anir\u00e0 progressivament augmentant fins als 23 euros.<\/p>\n<p>La borsa del corredor inclou samarreta oficial i sal de Bras del Port, i als qui finalitzen la prova se&#8217;ls entregar\u00e0 medalla *finisher i tovallola.<\/p>\n<p><img loading=\"lazy\" decoding=\"async\" class=\"aligncenter size-large wp-image-48185\" src=\"https:\/\/santapola.es\/wp-content\/uploads\/2026\/03\/cartel_10k_summer_race-copia-717x1024.jpg\" alt=\"\" width=\"717\" height=\"1024\" \/><\/p>\n","protected":false},"excerpt":{"rendered":"<p>El Club d&#8217;Atletisme i l&#8217;Ajuntament estan organitzant per al pr\u00f2xim 6 de juny la 10K Santa Pola Summer Race, un nou esdeveniment esportiu que recupera per a la vila marinera l&#8217;espectacle del running nocturn, banyat per la brisa del Mediterrani sota el lema \u201cTorna a sentir el pols de la marea\u201d.\u00a0 Santa Pola recupera este [&hellip;]<\/p>\n","protected":false},"author":96,"featured_media":48183,"comment_status":"closed","ping_status":"closed","sticky":false,"template":"","format":"standard","meta":{"_et_pb_use_builder":"","_et_pb_old_content":"","_et_gb_content_width":"","footnotes":""},"categories":[],"tags":[1822,193],"class_list":["post-48192","post","type-post","status-publish","format-standard","has-post-thumbnail","hentry","tag-10k-santa-pola-summer-race","tag-club-de-atletismo-santa-pola"],"yoast_head":"<!-- This site is optimized with the Yoast SEO plugin v27.4 - https:\/\/yoast.com\/product\/yoast-seo-wordpress\/ -->\n<title>Santa Pola recupera al juny la seua \u00e8pica carrera al vespre amb la 10K Summer Race - Ajuntament de Santa Pola<\/title>\n<meta name=\"robots\" content=\"index, follow, max-snippet:-1, max-image-preview:large, max-video-preview:-1\" \/>\n<link rel=\"canonical\" href=\"https:\/\/santapola.es\/ca\/santa-pola-recupera-al-juny-la-seua-epica-carrera-al-vespre-amb-la-10k-summer-race\/\" \/>\n<meta property=\"og:locale\" content=\"ca_ES\" \/>\n<meta property=\"og:type\" content=\"article\" \/>\n<meta property=\"og:title\" content=\"Santa Pola recupera al juny la seua \u00e8pica carrera al vespre amb la 10K Summer Race - Ajuntament de Santa Pola\" \/>\n<meta property=\"og:description\" content=\"El Club d&#8217;Atletisme i l&#8217;Ajuntament estan organitzant per al pr\u00f2xim 6 de juny la 10K Santa Pola Summer Race, un nou esdeveniment esportiu que recupera per a la vila marinera l&#8217;espectacle del running nocturn, banyat per la brisa del Mediterrani sota el lema \u201cTorna a sentir el pols de la marea\u201d.\u00a0 Santa Pola recupera este [&hellip;]\" \/>\n<meta property=\"og:url\" content=\"https:\/\/santapola.es\/ca\/santa-pola-recupera-al-juny-la-seua-epica-carrera-al-vespre-amb-la-10k-summer-race\/\" \/>\n<meta property=\"og:site_name\" content=\"Ajuntament de Santa Pola\" \/>\n<meta property=\"article:publisher\" content=\"https:\/\/www.facebook.com\/AyuntamientoSantaPola\/\" \/>\n<meta property=\"article:published_time\" content=\"2026-03-26T08:17:38+00:00\" \/>\n<meta property=\"og:image\" content=\"https:\/\/santapola.es\/wp-content\/uploads\/2026\/03\/10k-2026.jpg\" \/>\n\t<meta property=\"og:image:width\" content=\"1536\" \/>\n\t<meta property=\"og:image:height\" content=\"1024\" \/>\n\t<meta property=\"og:image:type\" content=\"image\/jpeg\" \/>\n<meta name=\"author\" content=\"Jos\u00e9 Juan L\u00f3pez Lafuente\" \/>\n<meta name=\"twitter:card\" content=\"summary_large_image\" \/>\n<meta name=\"twitter:creator\" content=\"@SantaPolaAyunt\" \/>\n<meta name=\"twitter:site\" content=\"@SantaPolaAyunt\" \/>\n<script type=\"application\/ld+json\" class=\"yoast-schema-graph\">{\"@context\":\"https:\\\/\\\/schema.org\",\"@graph\":[{\"@type\":\"Article\",\"@id\":\"https:\\\/\\\/santapola.es\\\/ca\\\/santa-pola-recupera-al-juny-la-seua-epica-carrera-al-vespre-amb-la-10k-summer-race\\\/#article\",\"isPartOf\":{\"@id\":\"https:\\\/\\\/santapola.es\\\/ca\\\/santa-pola-recupera-al-juny-la-seua-epica-carrera-al-vespre-amb-la-10k-summer-race\\\/\"},\"author\":{\"name\":\"Jos\u00e9 Juan L\u00f3pez Lafuente\",\"@id\":\"https:\\\/\\\/santapola.es\\\/ca\\\/#\\\/schema\\\/person\\\/ad1d67403707b58350c7be5e8dbc442d\"},\"headline\":\"Santa Pola recupera al juny la seua \u00e8pica carrera al vespre amb la 10K Summer Race\",\"datePublished\":\"2026-03-26T08:17:38+00:00\",\"mainEntityOfPage\":{\"@id\":\"https:\\\/\\\/santapola.es\\\/ca\\\/santa-pola-recupera-al-juny-la-seua-epica-carrera-al-vespre-amb-la-10k-summer-race\\\/\"},\"wordCount\":552,\"image\":{\"@id\":\"https:\\\/\\\/santapola.es\\\/ca\\\/santa-pola-recupera-al-juny-la-seua-epica-carrera-al-vespre-amb-la-10k-summer-race\\\/#primaryimage\"},\"thumbnailUrl\":\"https:\\\/\\\/santapola.es\\\/wp-content\\\/uploads\\\/2026\\\/03\\\/10k-2026.jpg\",\"keywords\":[\"10K Santa Pola Summer Race\",\"Club de Atletismo Santa Pola\"],\"inLanguage\":\"ca\"},{\"@type\":\"WebPage\",\"@id\":\"https:\\\/\\\/santapola.es\\\/ca\\\/santa-pola-recupera-al-juny-la-seua-epica-carrera-al-vespre-amb-la-10k-summer-race\\\/\",\"url\":\"https:\\\/\\\/santapola.es\\\/ca\\\/santa-pola-recupera-al-juny-la-seua-epica-carrera-al-vespre-amb-la-10k-summer-race\\\/\",\"name\":\"Santa Pola recupera al juny la seua \u00e8pica carrera al vespre amb la 10K Summer Race - Ajuntament de Santa Pola\",\"isPartOf\":{\"@id\":\"https:\\\/\\\/santapola.es\\\/ca\\\/#website\"},\"primaryImageOfPage\":{\"@id\":\"https:\\\/\\\/santapola.es\\\/ca\\\/santa-pola-recupera-al-juny-la-seua-epica-carrera-al-vespre-amb-la-10k-summer-race\\\/#primaryimage\"},\"image\":{\"@id\":\"https:\\\/\\\/santapola.es\\\/ca\\\/santa-pola-recupera-al-juny-la-seua-epica-carrera-al-vespre-amb-la-10k-summer-race\\\/#primaryimage\"},\"thumbnailUrl\":\"https:\\\/\\\/santapola.es\\\/wp-content\\\/uploads\\\/2026\\\/03\\\/10k-2026.jpg\",\"datePublished\":\"2026-03-26T08:17:38+00:00\",\"author\":{\"@id\":\"https:\\\/\\\/santapola.es\\\/ca\\\/#\\\/schema\\\/person\\\/ad1d67403707b58350c7be5e8dbc442d\"},\"breadcrumb\":{\"@id\":\"https:\\\/\\\/santapola.es\\\/ca\\\/santa-pola-recupera-al-juny-la-seua-epica-carrera-al-vespre-amb-la-10k-summer-race\\\/#breadcrumb\"},\"inLanguage\":\"ca\",\"potentialAction\":[{\"@type\":\"ReadAction\",\"target\":[\"https:\\\/\\\/santapola.es\\\/ca\\\/santa-pola-recupera-al-juny-la-seua-epica-carrera-al-vespre-amb-la-10k-summer-race\\\/\"]}]},{\"@type\":\"ImageObject\",\"inLanguage\":\"ca\",\"@id\":\"https:\\\/\\\/santapola.es\\\/ca\\\/santa-pola-recupera-al-juny-la-seua-epica-carrera-al-vespre-amb-la-10k-summer-race\\\/#primaryimage\",\"url\":\"https:\\\/\\\/santapola.es\\\/wp-content\\\/uploads\\\/2026\\\/03\\\/10k-2026.jpg\",\"contentUrl\":\"https:\\\/\\\/santapola.es\\\/wp-content\\\/uploads\\\/2026\\\/03\\\/10k-2026.jpg\",\"width\":1536,\"height\":1024},{\"@type\":\"BreadcrumbList\",\"@id\":\"https:\\\/\\\/santapola.es\\\/ca\\\/santa-pola-recupera-al-juny-la-seua-epica-carrera-al-vespre-amb-la-10k-summer-race\\\/#breadcrumb\",\"itemListElement\":[{\"@type\":\"ListItem\",\"position\":1,\"name\":\"Inici\",\"item\":\"https:\\\/\\\/santapola.es\\\/ca\\\/\"},{\"@type\":\"ListItem\",\"position\":2,\"name\":\"Santa Pola recupera al juny la seua \u00e8pica carrera al vespre amb la 10K Summer Race\"}]},{\"@type\":\"WebSite\",\"@id\":\"https:\\\/\\\/santapola.es\\\/ca\\\/#website\",\"url\":\"https:\\\/\\\/santapola.es\\\/ca\\\/\",\"name\":\"Ayuntamiento de Santa Pola\",\"description\":\"Web de l'Ajuntament de Santa Pola\",\"potentialAction\":[{\"@type\":\"SearchAction\",\"target\":{\"@type\":\"EntryPoint\",\"urlTemplate\":\"https:\\\/\\\/santapola.es\\\/ca\\\/?s={search_term_string}\"},\"query-input\":{\"@type\":\"PropertyValueSpecification\",\"valueRequired\":true,\"valueName\":\"search_term_string\"}}],\"inLanguage\":\"ca\"},{\"@type\":\"Person\",\"@id\":\"https:\\\/\\\/santapola.es\\\/ca\\\/#\\\/schema\\\/person\\\/ad1d67403707b58350c7be5e8dbc442d\",\"name\":\"Jos\u00e9 Juan L\u00f3pez Lafuente\"}]}<\/script>\n<!-- \/ Yoast SEO plugin. -->","yoast_head_json":{"title":"Santa Pola recupera al juny la seua \u00e8pica carrera al vespre amb la 10K Summer Race - Ajuntament de Santa Pola","robots":{"index":"index","follow":"follow","max-snippet":"max-snippet:-1","max-image-preview":"max-image-preview:large","max-video-preview":"max-video-preview:-1"},"canonical":"https:\/\/santapola.es\/ca\/santa-pola-recupera-al-juny-la-seua-epica-carrera-al-vespre-amb-la-10k-summer-race\/","og_locale":"ca_ES","og_type":"article","og_title":"Santa Pola recupera al juny la seua \u00e8pica carrera al vespre amb la 10K Summer Race - Ajuntament de Santa Pola","og_description":"El Club d&#8217;Atletisme i l&#8217;Ajuntament estan organitzant per al pr\u00f2xim 6 de juny la 10K Santa Pola Summer Race, un nou esdeveniment esportiu que recupera per a la vila marinera l&#8217;espectacle del running nocturn, banyat per la brisa del Mediterrani sota el lema \u201cTorna a sentir el pols de la marea\u201d.\u00a0 Santa Pola recupera este [&hellip;]","og_url":"https:\/\/santapola.es\/ca\/santa-pola-recupera-al-juny-la-seua-epica-carrera-al-vespre-amb-la-10k-summer-race\/","og_site_name":"Ajuntament de Santa Pola","article_publisher":"https:\/\/www.facebook.com\/AyuntamientoSantaPola\/","article_published_time":"2026-03-26T08:17:38+00:00","og_image":[{"width":1536,"height":1024,"url":"https:\/\/santapola.es\/wp-content\/uploads\/2026\/03\/10k-2026.jpg","type":"image\/jpeg"}],"author":"Jos\u00e9 Juan L\u00f3pez Lafuente","twitter_card":"summary_large_image","twitter_creator":"@SantaPolaAyunt","twitter_site":"@SantaPolaAyunt","schema":{"@context":"https:\/\/schema.org","@graph":[{"@type":"Article","@id":"https:\/\/santapola.es\/ca\/santa-pola-recupera-al-juny-la-seua-epica-carrera-al-vespre-amb-la-10k-summer-race\/#article","isPartOf":{"@id":"https:\/\/santapola.es\/ca\/santa-pola-recupera-al-juny-la-seua-epica-carrera-al-vespre-amb-la-10k-summer-race\/"},"author":{"name":"Jos\u00e9 Juan L\u00f3pez Lafuente","@id":"https:\/\/santapola.es\/ca\/#\/schema\/person\/ad1d67403707b58350c7be5e8dbc442d"},"headline":"Santa Pola recupera al juny la seua \u00e8pica carrera al vespre amb la 10K Summer Race","datePublished":"2026-03-26T08:17:38+00:00","mainEntityOfPage":{"@id":"https:\/\/santapola.es\/ca\/santa-pola-recupera-al-juny-la-seua-epica-carrera-al-vespre-amb-la-10k-summer-race\/"},"wordCount":552,"image":{"@id":"https:\/\/santapola.es\/ca\/santa-pola-recupera-al-juny-la-seua-epica-carrera-al-vespre-amb-la-10k-summer-race\/#primaryimage"},"thumbnailUrl":"https:\/\/santapola.es\/wp-content\/uploads\/2026\/03\/10k-2026.jpg","keywords":["10K Santa Pola Summer Race","Club de Atletismo Santa Pola"],"inLanguage":"ca"},{"@type":"WebPage","@id":"https:\/\/santapola.es\/ca\/santa-pola-recupera-al-juny-la-seua-epica-carrera-al-vespre-amb-la-10k-summer-race\/","url":"https:\/\/santapola.es\/ca\/santa-pola-recupera-al-juny-la-seua-epica-carrera-al-vespre-amb-la-10k-summer-race\/","name":"Santa Pola recupera al juny la seua \u00e8pica carrera al vespre amb la 10K Summer Race - Ajuntament de Santa Pola","isPartOf":{"@id":"https:\/\/santapola.es\/ca\/#website"},"primaryImageOfPage":{"@id":"https:\/\/santapola.es\/ca\/santa-pola-recupera-al-juny-la-seua-epica-carrera-al-vespre-amb-la-10k-summer-race\/#primaryimage"},"image":{"@id":"https:\/\/santapola.es\/ca\/santa-pola-recupera-al-juny-la-seua-epica-carrera-al-vespre-amb-la-10k-summer-race\/#primaryimage"},"thumbnailUrl":"https:\/\/santapola.es\/wp-content\/uploads\/2026\/03\/10k-2026.jpg","datePublished":"2026-03-26T08:17:38+00:00","author":{"@id":"https:\/\/santapola.es\/ca\/#\/schema\/person\/ad1d67403707b58350c7be5e8dbc442d"},"breadcrumb":{"@id":"https:\/\/santapola.es\/ca\/santa-pola-recupera-al-juny-la-seua-epica-carrera-al-vespre-amb-la-10k-summer-race\/#breadcrumb"},"inLanguage":"ca","potentialAction":[{"@type":"ReadAction","target":["https:\/\/santapola.es\/ca\/santa-pola-recupera-al-juny-la-seua-epica-carrera-al-vespre-amb-la-10k-summer-race\/"]}]},{"@type":"ImageObject","inLanguage":"ca","@id":"https:\/\/santapola.es\/ca\/santa-pola-recupera-al-juny-la-seua-epica-carrera-al-vespre-amb-la-10k-summer-race\/#primaryimage","url":"https:\/\/santapola.es\/wp-content\/uploads\/2026\/03\/10k-2026.jpg","contentUrl":"https:\/\/santapola.es\/wp-content\/uploads\/2026\/03\/10k-2026.jpg","width":1536,"height":1024},{"@type":"BreadcrumbList","@id":"https:\/\/santapola.es\/ca\/santa-pola-recupera-al-juny-la-seua-epica-carrera-al-vespre-amb-la-10k-summer-race\/#breadcrumb","itemListElement":[{"@type":"ListItem","position":1,"name":"Inici","item":"https:\/\/santapola.es\/ca\/"},{"@type":"ListItem","position":2,"name":"Santa Pola recupera al juny la seua \u00e8pica carrera al vespre amb la 10K Summer Race"}]},{"@type":"WebSite","@id":"https:\/\/santapola.es\/ca\/#website","url":"https:\/\/santapola.es\/ca\/","name":"Ayuntamiento de Santa Pola","description":"Web de l'Ajuntament de Santa Pola","potentialAction":[{"@type":"SearchAction","target":{"@type":"EntryPoint","urlTemplate":"https:\/\/santapola.es\/ca\/?s={search_term_string}"},"query-input":{"@type":"PropertyValueSpecification","valueRequired":true,"valueName":"search_term_string"}}],"inLanguage":"ca"},{"@type":"Person","@id":"https:\/\/santapola.es\/ca\/#\/schema\/person\/ad1d67403707b58350c7be5e8dbc442d","name":"Jos\u00e9 Juan L\u00f3pez Lafuente"}]}},"_links":{"self":[{"href":"https:\/\/santapola.es\/ca\/wp-json\/wp\/v2\/posts\/48192","targetHints":{"allow":["GET"]}}],"collection":[{"href":"https:\/\/santapola.es\/ca\/wp-json\/wp\/v2\/posts"}],"about":[{"href":"https:\/\/santapola.es\/ca\/wp-json\/wp\/v2\/types\/post"}],"author":[{"embeddable":true,"href":"https:\/\/santapola.es\/ca\/wp-json\/wp\/v2\/users\/96"}],"replies":[{"embeddable":true,"href":"https:\/\/santapola.es\/ca\/wp-json\/wp\/v2\/comments?post=48192"}],"version-history":[{"count":1,"href":"https:\/\/santapola.es\/ca\/wp-json\/wp\/v2\/posts\/48192\/revisions"}],"predecessor-version":[{"id":48194,"href":"https:\/\/santapola.es\/ca\/wp-json\/wp\/v2\/posts\/48192\/revisions\/48194"}],"wp:featuredmedia":[{"embeddable":true,"href":"https:\/\/santapola.es\/ca\/wp-json\/wp\/v2\/media\/48183"}],"wp:attachment":[{"href":"https:\/\/santapola.es\/ca\/wp-json\/wp\/v2\/media?parent=48192"}],"wp:term":[{"taxonomy":"category","embeddable":true,"href":"https:\/\/santapola.es\/ca\/wp-json\/wp\/v2\/categories?post=48192"},{"taxonomy":"post_tag","embeddable":true,"href":"https:\/\/santapola.es\/ca\/wp-json\/wp\/v2\/tags?post=48192"}],"curies":[{"name":"wp","href":"https:\/\/api.w.org\/{rel}","templated":true}]}}