{"id":48189,"date":"2026-03-25T19:42:38","date_gmt":"2026-03-25T18:42:38","guid":{"rendered":"https:\/\/santapola.es\/?p=48189"},"modified":"2026-03-25T19:42:38","modified_gmt":"2026-03-25T18:42:38","slug":"santa-pola-recupera-en-junio-su-epica-carrera-al-anochecer-con-la-10k-summer-race-2","status":"publish","type":"post","link":"https:\/\/santapola.es\/ca\/santa-pola-recupera-en-junio-su-epica-carrera-al-anochecer-con-la-10k-summer-race-2\/","title":{"rendered":"Santa Pola recupera en junio su \u00e9pica carrera al anochecer con la 10K Summer Race"},"content":{"rendered":"<p><b>El Club de Atletismo y el Ayuntamiento est\u00e1n organizando para el pr\u00f3ximo 6 de junio la 10K Santa Pola Summer Race, un nuevo evento deportivo que recupera para la villa marinera el espect\u00e1culo del running nocturno, ba\u00f1ado por la brisa del Mediterr\u00e1neo bajo el lema \u201cVuelve a sentir el pulso de la marea\u201d.\u00a0<\/b><\/p>\n<p><span style=\"font-weight: 400;\">Santa Pola recupera este 2026 una carrera que a mediados de la d\u00e9cada pasada se convirti\u00f3 en prueba estandarte en la provincia: la 10k nocturna que en esos a\u00f1os reun\u00eda a casi 4.000 runners. Con fuerzas renovadas, el Club de Atletismo Santa Pola recupera este evento deportivo con el patrocinio principal del Ayuntamiento y bajo la denominaci\u00f3n de 10K Santa Pola Summer Race.<\/span><\/p>\n<p><span style=\"font-weight: 400;\">Seguir\u00e1 siendo Santa Pola el referente del turismo deportivo y lucir\u00e1 espectacular ese primer s\u00e1bado de junio, ya casi en verano pero con una excelente temperatura a las nueve de la noche, cuando los \u00faltimos rayos del sol se vayan apagando en el horizonte. Se espera un gran ambiente en las calles de la villa marinera, que siempre se ha caracterizado por el \u00e1nimo constante a los corredores y corredoras. Adem\u00e1s contar\u00e1 con animaci\u00f3n con DJ\u2019s en varios puntos del recorrido.<\/span><\/p>\n<p><span style=\"font-weight: 400;\">La carrera repite el mismo circuito de 10 kil\u00f3metros que se estren\u00f3 el pasado 18 de enero en la primera carrera 10K paralela y previa a la prestigiosa media marat\u00f3n santapolera. Se trata de un recorrido id\u00edlico que discurre \u00edntegramente por las playas, el puerto y las calles del centro de Santa Pola, llano y muy r\u00e1pido. La salida y llegada estar\u00e1 ubicada en la avenida P\u00e9rez Ojeda.<\/span><\/p>\n<p><span style=\"font-weight: 400;\">Como referencia de tiempos, los atletas que ganaron la primera 10K en enero fueron el keniano Jakob Krop con un tiempo de 27\u201946\u201d y la tambi\u00e9n keniana Clare Chemtai Ndwia con 31\u201932\u201d, unas marcas que dejan claro la velocidad del circuito estableciendo los actuales r\u00e9cords.<\/span><\/p>\n<p><b>Gran Premio Cl\u00ednica Traumatolog\u00eda Dr. Soler<\/b><\/p>\n<p><span style=\"font-weight: 400;\">Una de las novedades es que la Cl\u00ednica Traumatolog\u00eda Dr. Soler patrocina el gran premio que ofrece una recompensa de mil euros al primer corredor y corredora que batan el actual r\u00e9cord en ambas categor\u00edas masculina y femenina.\u00a0<\/span><\/p>\n<p><span style=\"font-weight: 400;\">Adem\u00e1s se entregar\u00e1, tanto a hombres como a mujeres por igual, trofeos a los tres primeros de la clasificaci\u00f3n general, de cada categor\u00eda, locales, personas con discapacidad y tres mejores equipos.<\/span><\/p>\n<p><b>Inscripciones abiertas<\/b><\/p>\n<p><span style=\"font-weight: 400;\">Las inscripciones ya est\u00e1n abiertas y se realizar\u00e1n a trav\u00e9s de la web www.10ksantapola.com o www.chiplevante.com hasta el pr\u00f3ximo 3 de junio a las 22:00 horas, siempre y cuando queden dorsales libres. La organizaci\u00f3n se reserva el derecho de cerrar las inscripciones cuando lo considere necesario por razones de seguridad y para mejor servicio al corredor.<\/span><\/p>\n<p><span style=\"font-weight: 400;\">Podr\u00e1n participar corredores federados o no, nacionales o internacionales y mayores de 16 a\u00f1os, cerr\u00e1ndose el control de meta a las 22:20 horas.<\/span><\/p>\n<p><span style=\"font-weight: 400;\">Hay un precio especial de 17 euros para los primeros 500 corredores o hasta el 31 de marzo, que ir\u00e1 progresivamente aumentando hasta los 23 euros.\u00a0<\/span><\/p>\n<p><span style=\"font-weight: 400;\">La bolsa del corredor incluye camiseta oficial y sal de Bras del Port, y a quienes finalicen la prueba se les entregar\u00e1 medalla finisher y toalla.<\/span><\/p>\n<p><img loading=\"lazy\" decoding=\"async\" class=\"aligncenter size-large wp-image-48185\" src=\"https:\/\/santapola.es\/wp-content\/uploads\/2026\/03\/cartel_10k_summer_race-copia-717x1024.jpg\" alt=\"\" width=\"717\" height=\"1024\" \/><\/p>\n","protected":false},"excerpt":{"rendered":"<p>El Club de Atletismo y el Ayuntamiento est\u00e1n organizando para el pr\u00f3ximo 6 de junio la 10K Santa Pola Summer Race, un nuevo evento deportivo que recupera para la villa marinera el espect\u00e1culo del running nocturno, ba\u00f1ado por la brisa del Mediterr\u00e1neo bajo el lema \u201cVuelve a sentir el pulso de la marea\u201d.\u00a0 Santa Pola [&hellip;]<\/p>\n","protected":false},"author":96,"featured_media":48183,"comment_status":"closed","ping_status":"closed","sticky":false,"template":"","format":"standard","meta":{"_et_pb_use_builder":"","_et_pb_old_content":"","_et_gb_content_width":"","footnotes":""},"categories":[59],"tags":[1822,193],"class_list":["post-48189","post","type-post","status-publish","format-standard","has-post-thumbnail","hentry","category-deportes","tag-10k-santa-pola-summer-race","tag-club-de-atletismo-santa-pola"],"yoast_head":"<!-- This site is optimized with the Yoast SEO plugin v27.4 - https:\/\/yoast.com\/product\/yoast-seo-wordpress\/ -->\n<title>Santa Pola recupera en junio su \u00e9pica carrera al anochecer con la 10K Summer Race - Ajuntament de Santa Pola<\/title>\n<meta name=\"robots\" content=\"index, follow, max-snippet:-1, max-image-preview:large, max-video-preview:-1\" \/>\n<link rel=\"canonical\" href=\"https:\/\/santapola.es\/ca\/santa-pola-recupera-en-junio-su-epica-carrera-al-anochecer-con-la-10k-summer-race-2\/\" \/>\n<meta property=\"og:locale\" content=\"ca_ES\" \/>\n<meta property=\"og:type\" content=\"article\" \/>\n<meta property=\"og:title\" content=\"Santa Pola recupera en junio su \u00e9pica carrera al anochecer con la 10K Summer Race - Ajuntament de Santa Pola\" \/>\n<meta property=\"og:description\" content=\"El Club de Atletismo y el Ayuntamiento est\u00e1n organizando para el pr\u00f3ximo 6 de junio la 10K Santa Pola Summer Race, un nuevo evento deportivo que recupera para la villa marinera el espect\u00e1culo del running nocturno, ba\u00f1ado por la brisa del Mediterr\u00e1neo bajo el lema \u201cVuelve a sentir el pulso de la marea\u201d.\u00a0 Santa Pola [&hellip;]\" \/>\n<meta property=\"og:url\" content=\"https:\/\/santapola.es\/ca\/santa-pola-recupera-en-junio-su-epica-carrera-al-anochecer-con-la-10k-summer-race-2\/\" \/>\n<meta property=\"og:site_name\" content=\"Ajuntament de Santa Pola\" \/>\n<meta property=\"article:publisher\" content=\"https:\/\/www.facebook.com\/AyuntamientoSantaPola\/\" \/>\n<meta property=\"article:published_time\" content=\"2026-03-25T18:42:38+00:00\" \/>\n<meta property=\"og:image\" content=\"https:\/\/santapola.es\/wp-content\/uploads\/2026\/03\/10k-2026.jpg\" \/>\n\t<meta property=\"og:image:width\" content=\"1536\" \/>\n\t<meta property=\"og:image:height\" content=\"1024\" \/>\n\t<meta property=\"og:image:type\" content=\"image\/jpeg\" \/>\n<meta name=\"author\" content=\"Jos\u00e9 Juan L\u00f3pez Lafuente\" \/>\n<meta name=\"twitter:card\" content=\"summary_large_image\" \/>\n<meta name=\"twitter:creator\" content=\"@SantaPolaAyunt\" \/>\n<meta name=\"twitter:site\" content=\"@SantaPolaAyunt\" \/>\n<script type=\"application\/ld+json\" class=\"yoast-schema-graph\">{\"@context\":\"https:\\\/\\\/schema.org\",\"@graph\":[{\"@type\":\"Article\",\"@id\":\"https:\\\/\\\/santapola.es\\\/ca\\\/santa-pola-recupera-en-junio-su-epica-carrera-al-anochecer-con-la-10k-summer-race-2\\\/#article\",\"isPartOf\":{\"@id\":\"https:\\\/\\\/santapola.es\\\/ca\\\/santa-pola-recupera-en-junio-su-epica-carrera-al-anochecer-con-la-10k-summer-race-2\\\/\"},\"author\":{\"name\":\"Jos\u00e9 Juan L\u00f3pez Lafuente\",\"@id\":\"https:\\\/\\\/santapola.es\\\/ca\\\/#\\\/schema\\\/person\\\/ad1d67403707b58350c7be5e8dbc442d\"},\"headline\":\"Santa Pola recupera en junio su \u00e9pica carrera al anochecer con la 10K Summer Race\",\"datePublished\":\"2026-03-25T18:42:38+00:00\",\"mainEntityOfPage\":{\"@id\":\"https:\\\/\\\/santapola.es\\\/ca\\\/santa-pola-recupera-en-junio-su-epica-carrera-al-anochecer-con-la-10k-summer-race-2\\\/\"},\"wordCount\":559,\"image\":{\"@id\":\"https:\\\/\\\/santapola.es\\\/ca\\\/santa-pola-recupera-en-junio-su-epica-carrera-al-anochecer-con-la-10k-summer-race-2\\\/#primaryimage\"},\"thumbnailUrl\":\"https:\\\/\\\/santapola.es\\\/wp-content\\\/uploads\\\/2026\\\/03\\\/10k-2026.jpg\",\"keywords\":[\"10K Santa Pola Summer Race\",\"Club de Atletismo Santa Pola\"],\"articleSection\":[\"Deportes\"],\"inLanguage\":\"ca\"},{\"@type\":\"WebPage\",\"@id\":\"https:\\\/\\\/santapola.es\\\/ca\\\/santa-pola-recupera-en-junio-su-epica-carrera-al-anochecer-con-la-10k-summer-race-2\\\/\",\"url\":\"https:\\\/\\\/santapola.es\\\/ca\\\/santa-pola-recupera-en-junio-su-epica-carrera-al-anochecer-con-la-10k-summer-race-2\\\/\",\"name\":\"Santa Pola recupera en junio su \u00e9pica carrera al anochecer con la 10K Summer Race - Ajuntament de Santa Pola\",\"isPartOf\":{\"@id\":\"https:\\\/\\\/santapola.es\\\/ca\\\/#website\"},\"primaryImageOfPage\":{\"@id\":\"https:\\\/\\\/santapola.es\\\/ca\\\/santa-pola-recupera-en-junio-su-epica-carrera-al-anochecer-con-la-10k-summer-race-2\\\/#primaryimage\"},\"image\":{\"@id\":\"https:\\\/\\\/santapola.es\\\/ca\\\/santa-pola-recupera-en-junio-su-epica-carrera-al-anochecer-con-la-10k-summer-race-2\\\/#primaryimage\"},\"thumbnailUrl\":\"https:\\\/\\\/santapola.es\\\/wp-content\\\/uploads\\\/2026\\\/03\\\/10k-2026.jpg\",\"datePublished\":\"2026-03-25T18:42:38+00:00\",\"author\":{\"@id\":\"https:\\\/\\\/santapola.es\\\/ca\\\/#\\\/schema\\\/person\\\/ad1d67403707b58350c7be5e8dbc442d\"},\"breadcrumb\":{\"@id\":\"https:\\\/\\\/santapola.es\\\/ca\\\/santa-pola-recupera-en-junio-su-epica-carrera-al-anochecer-con-la-10k-summer-race-2\\\/#breadcrumb\"},\"inLanguage\":\"ca\",\"potentialAction\":[{\"@type\":\"ReadAction\",\"target\":[\"https:\\\/\\\/santapola.es\\\/ca\\\/santa-pola-recupera-en-junio-su-epica-carrera-al-anochecer-con-la-10k-summer-race-2\\\/\"]}]},{\"@type\":\"ImageObject\",\"inLanguage\":\"ca\",\"@id\":\"https:\\\/\\\/santapola.es\\\/ca\\\/santa-pola-recupera-en-junio-su-epica-carrera-al-anochecer-con-la-10k-summer-race-2\\\/#primaryimage\",\"url\":\"https:\\\/\\\/santapola.es\\\/wp-content\\\/uploads\\\/2026\\\/03\\\/10k-2026.jpg\",\"contentUrl\":\"https:\\\/\\\/santapola.es\\\/wp-content\\\/uploads\\\/2026\\\/03\\\/10k-2026.jpg\",\"width\":1536,\"height\":1024},{\"@type\":\"BreadcrumbList\",\"@id\":\"https:\\\/\\\/santapola.es\\\/ca\\\/santa-pola-recupera-en-junio-su-epica-carrera-al-anochecer-con-la-10k-summer-race-2\\\/#breadcrumb\",\"itemListElement\":[{\"@type\":\"ListItem\",\"position\":1,\"name\":\"Inici\",\"item\":\"https:\\\/\\\/santapola.es\\\/ca\\\/\"},{\"@type\":\"ListItem\",\"position\":2,\"name\":\"Santa Pola recupera en junio su \u00e9pica carrera al anochecer con la 10K Summer Race\"}]},{\"@type\":\"WebSite\",\"@id\":\"https:\\\/\\\/santapola.es\\\/ca\\\/#website\",\"url\":\"https:\\\/\\\/santapola.es\\\/ca\\\/\",\"name\":\"Ayuntamiento de Santa Pola\",\"description\":\"Web de l'Ajuntament de Santa Pola\",\"potentialAction\":[{\"@type\":\"SearchAction\",\"target\":{\"@type\":\"EntryPoint\",\"urlTemplate\":\"https:\\\/\\\/santapola.es\\\/ca\\\/?s={search_term_string}\"},\"query-input\":{\"@type\":\"PropertyValueSpecification\",\"valueRequired\":true,\"valueName\":\"search_term_string\"}}],\"inLanguage\":\"ca\"},{\"@type\":\"Person\",\"@id\":\"https:\\\/\\\/santapola.es\\\/ca\\\/#\\\/schema\\\/person\\\/ad1d67403707b58350c7be5e8dbc442d\",\"name\":\"Jos\u00e9 Juan L\u00f3pez Lafuente\"}]}<\/script>\n<!-- \/ Yoast SEO plugin. -->","yoast_head_json":{"title":"Santa Pola recupera en junio su \u00e9pica carrera al anochecer con la 10K Summer Race - Ajuntament de Santa Pola","robots":{"index":"index","follow":"follow","max-snippet":"max-snippet:-1","max-image-preview":"max-image-preview:large","max-video-preview":"max-video-preview:-1"},"canonical":"https:\/\/santapola.es\/ca\/santa-pola-recupera-en-junio-su-epica-carrera-al-anochecer-con-la-10k-summer-race-2\/","og_locale":"ca_ES","og_type":"article","og_title":"Santa Pola recupera en junio su \u00e9pica carrera al anochecer con la 10K Summer Race - Ajuntament de Santa Pola","og_description":"El Club de Atletismo y el Ayuntamiento est\u00e1n organizando para el pr\u00f3ximo 6 de junio la 10K Santa Pola Summer Race, un nuevo evento deportivo que recupera para la villa marinera el espect\u00e1culo del running nocturno, ba\u00f1ado por la brisa del Mediterr\u00e1neo bajo el lema \u201cVuelve a sentir el pulso de la marea\u201d.\u00a0 Santa Pola [&hellip;]","og_url":"https:\/\/santapola.es\/ca\/santa-pola-recupera-en-junio-su-epica-carrera-al-anochecer-con-la-10k-summer-race-2\/","og_site_name":"Ajuntament de Santa Pola","article_publisher":"https:\/\/www.facebook.com\/AyuntamientoSantaPola\/","article_published_time":"2026-03-25T18:42:38+00:00","og_image":[{"width":1536,"height":1024,"url":"https:\/\/santapola.es\/wp-content\/uploads\/2026\/03\/10k-2026.jpg","type":"image\/jpeg"}],"author":"Jos\u00e9 Juan L\u00f3pez Lafuente","twitter_card":"summary_large_image","twitter_creator":"@SantaPolaAyunt","twitter_site":"@SantaPolaAyunt","schema":{"@context":"https:\/\/schema.org","@graph":[{"@type":"Article","@id":"https:\/\/santapola.es\/ca\/santa-pola-recupera-en-junio-su-epica-carrera-al-anochecer-con-la-10k-summer-race-2\/#article","isPartOf":{"@id":"https:\/\/santapola.es\/ca\/santa-pola-recupera-en-junio-su-epica-carrera-al-anochecer-con-la-10k-summer-race-2\/"},"author":{"name":"Jos\u00e9 Juan L\u00f3pez Lafuente","@id":"https:\/\/santapola.es\/ca\/#\/schema\/person\/ad1d67403707b58350c7be5e8dbc442d"},"headline":"Santa Pola recupera en junio su \u00e9pica carrera al anochecer con la 10K Summer Race","datePublished":"2026-03-25T18:42:38+00:00","mainEntityOfPage":{"@id":"https:\/\/santapola.es\/ca\/santa-pola-recupera-en-junio-su-epica-carrera-al-anochecer-con-la-10k-summer-race-2\/"},"wordCount":559,"image":{"@id":"https:\/\/santapola.es\/ca\/santa-pola-recupera-en-junio-su-epica-carrera-al-anochecer-con-la-10k-summer-race-2\/#primaryimage"},"thumbnailUrl":"https:\/\/santapola.es\/wp-content\/uploads\/2026\/03\/10k-2026.jpg","keywords":["10K Santa Pola Summer Race","Club de Atletismo Santa Pola"],"articleSection":["Deportes"],"inLanguage":"ca"},{"@type":"WebPage","@id":"https:\/\/santapola.es\/ca\/santa-pola-recupera-en-junio-su-epica-carrera-al-anochecer-con-la-10k-summer-race-2\/","url":"https:\/\/santapola.es\/ca\/santa-pola-recupera-en-junio-su-epica-carrera-al-anochecer-con-la-10k-summer-race-2\/","name":"Santa Pola recupera en junio su \u00e9pica carrera al anochecer con la 10K Summer Race - Ajuntament de Santa Pola","isPartOf":{"@id":"https:\/\/santapola.es\/ca\/#website"},"primaryImageOfPage":{"@id":"https:\/\/santapola.es\/ca\/santa-pola-recupera-en-junio-su-epica-carrera-al-anochecer-con-la-10k-summer-race-2\/#primaryimage"},"image":{"@id":"https:\/\/santapola.es\/ca\/santa-pola-recupera-en-junio-su-epica-carrera-al-anochecer-con-la-10k-summer-race-2\/#primaryimage"},"thumbnailUrl":"https:\/\/santapola.es\/wp-content\/uploads\/2026\/03\/10k-2026.jpg","datePublished":"2026-03-25T18:42:38+00:00","author":{"@id":"https:\/\/santapola.es\/ca\/#\/schema\/person\/ad1d67403707b58350c7be5e8dbc442d"},"breadcrumb":{"@id":"https:\/\/santapola.es\/ca\/santa-pola-recupera-en-junio-su-epica-carrera-al-anochecer-con-la-10k-summer-race-2\/#breadcrumb"},"inLanguage":"ca","potentialAction":[{"@type":"ReadAction","target":["https:\/\/santapola.es\/ca\/santa-pola-recupera-en-junio-su-epica-carrera-al-anochecer-con-la-10k-summer-race-2\/"]}]},{"@type":"ImageObject","inLanguage":"ca","@id":"https:\/\/santapola.es\/ca\/santa-pola-recupera-en-junio-su-epica-carrera-al-anochecer-con-la-10k-summer-race-2\/#primaryimage","url":"https:\/\/santapola.es\/wp-content\/uploads\/2026\/03\/10k-2026.jpg","contentUrl":"https:\/\/santapola.es\/wp-content\/uploads\/2026\/03\/10k-2026.jpg","width":1536,"height":1024},{"@type":"BreadcrumbList","@id":"https:\/\/santapola.es\/ca\/santa-pola-recupera-en-junio-su-epica-carrera-al-anochecer-con-la-10k-summer-race-2\/#breadcrumb","itemListElement":[{"@type":"ListItem","position":1,"name":"Inici","item":"https:\/\/santapola.es\/ca\/"},{"@type":"ListItem","position":2,"name":"Santa Pola recupera en junio su \u00e9pica carrera al anochecer con la 10K Summer Race"}]},{"@type":"WebSite","@id":"https:\/\/santapola.es\/ca\/#website","url":"https:\/\/santapola.es\/ca\/","name":"Ayuntamiento de Santa Pola","description":"Web de l'Ajuntament de Santa Pola","potentialAction":[{"@type":"SearchAction","target":{"@type":"EntryPoint","urlTemplate":"https:\/\/santapola.es\/ca\/?s={search_term_string}"},"query-input":{"@type":"PropertyValueSpecification","valueRequired":true,"valueName":"search_term_string"}}],"inLanguage":"ca"},{"@type":"Person","@id":"https:\/\/santapola.es\/ca\/#\/schema\/person\/ad1d67403707b58350c7be5e8dbc442d","name":"Jos\u00e9 Juan L\u00f3pez Lafuente"}]}},"_links":{"self":[{"href":"https:\/\/santapola.es\/ca\/wp-json\/wp\/v2\/posts\/48189","targetHints":{"allow":["GET"]}}],"collection":[{"href":"https:\/\/santapola.es\/ca\/wp-json\/wp\/v2\/posts"}],"about":[{"href":"https:\/\/santapola.es\/ca\/wp-json\/wp\/v2\/types\/post"}],"author":[{"embeddable":true,"href":"https:\/\/santapola.es\/ca\/wp-json\/wp\/v2\/users\/96"}],"replies":[{"embeddable":true,"href":"https:\/\/santapola.es\/ca\/wp-json\/wp\/v2\/comments?post=48189"}],"version-history":[{"count":1,"href":"https:\/\/santapola.es\/ca\/wp-json\/wp\/v2\/posts\/48189\/revisions"}],"predecessor-version":[{"id":48190,"href":"https:\/\/santapola.es\/ca\/wp-json\/wp\/v2\/posts\/48189\/revisions\/48190"}],"wp:featuredmedia":[{"embeddable":true,"href":"https:\/\/santapola.es\/ca\/wp-json\/wp\/v2\/media\/48183"}],"wp:attachment":[{"href":"https:\/\/santapola.es\/ca\/wp-json\/wp\/v2\/media?parent=48189"}],"wp:term":[{"taxonomy":"category","embeddable":true,"href":"https:\/\/santapola.es\/ca\/wp-json\/wp\/v2\/categories?post=48189"},{"taxonomy":"post_tag","embeddable":true,"href":"https:\/\/santapola.es\/ca\/wp-json\/wp\/v2\/tags?post=48189"}],"curies":[{"name":"wp","href":"https:\/\/api.w.org\/{rel}","templated":true}]}}