{"id":48169,"date":"2026-03-25T09:03:45","date_gmt":"2026-03-25T08:03:45","guid":{"rendered":"https:\/\/santapola.es\/?p=48169"},"modified":"2026-03-25T09:07:02","modified_gmt":"2026-03-25T08:07:02","slug":"suma-obri-una-nova-oficina-al-costat-de-lajuntament-de-santa-pola-per-a-millorar-latencio-al-ciutada","status":"publish","type":"post","link":"https:\/\/santapola.es\/ca\/suma-obri-una-nova-oficina-al-costat-de-lajuntament-de-santa-pola-per-a-millorar-latencio-al-ciutada\/","title":{"rendered":"Suma obri una nova oficina al costat de l&#8217;Ajuntament de Santa Pola per a millorar l&#8217;atenci\u00f3 al ciutad\u00e0"},"content":{"rendered":"<p><strong>L&#8217;organisme trasllada les seues depend\u00e8ncies enfront de l&#8217;Aquarium amb una distribuci\u00f3 m\u00e9s funcional i eficient. La inversi\u00f3 ha superat els 280.000 euros en un espai que refor\u00e7a l&#8217;atenci\u00f3 presencial, la sostenibilitat i efici\u00e8ncia i la digitalitzaci\u00f3<\/strong><\/p>\n<p>Summa Gesti\u00f3 Tribut\u00e0ria ha traslladat la seua oficina a Santa Pola al costat de l&#8217;Ajuntament amb la finalitat de modernitzar les instal\u00b7lacions i millorar l&#8217;atenci\u00f3 al ciutad\u00e0. La vicepresidenta segona i diputada provincial d&#8217;Hisenda, Marina S\u00e1ez, ha inaugurat este mat\u00ed les noves depend\u00e8ncies, que ja estan obertes al p\u00fablic i que reforcen l&#8217;atenci\u00f3 presencial, la sostenibilitat i efici\u00e8ncia i la digitalitzaci\u00f3.<\/p>\n<p>L&#8217;oficina de Santa Pola, situada en la Pla\u00e7a Fern\u00e1ndez Ord\u00f3\u00f1ez cantonada amb carrer Garc\u00eda Braceli, es convertix en la quarta que renova Suma en el marc del seu Pla Estrat\u00e8gic i ha requerit d&#8217;una inversi\u00f3 de 280.000 euros. Acompanyada pel director de l&#8217;organisme, Jos\u00e9 Antonio Belso, i l&#8217;alcaldessa de Santa Pola i diputada, Loreto Serrano, i el diputat Juan de Dios Navarro, la vicepresidenta ha recorregut les noves depend\u00e8ncies situades enfront de l&#8217;Aquarium de Santa Pola que ocupen una superf\u00edcie de 147 metres quadrats.<\/p>\n<p><strong>Atenci\u00f3 en diversos idiomes<\/strong><\/p>\n<p>Amb una distribuci\u00f3 m\u00e9s funcional, l&#8217;oficina es repartix en dos \u00e0rees: una zona d&#8217;atenci\u00f3 al p\u00fablic, que inclou un espai d&#8217;espera per als ciutadans, i una altra destinada a treballs interns. El mateix compte amb huit treballadors i oferix atenci\u00f3 al ciutad\u00e0 \u2013 prop de 14.000 a l&#8217;any- en angl\u00e9s, alemany, franc\u00e9s i rus.<\/p>\n<p>\u201cEl nou disseny recupera l&#8217;ess\u00e8ncia innovadora de Suma, apostant per refor\u00e7ar l&#8217;atenci\u00f3 presencial i personalitzada, al mateix temps que incorpora millores per a la sostenibilitat i efici\u00e8ncia, com a cartelleria digital, sistemes d&#8217;impressi\u00f3 compartida, panells i sostres fonoabsorbents i climatitzaci\u00f3 m\u00e9s eficient\u201d, ha destacat Marina S\u00e1ez.<\/p>\n<p>Aix\u00ed mateix, s&#8217;han habilitat zones d&#8217;office per al descans i la col\u00b7laboraci\u00f3 entre empleats, aix\u00ed com espais de major privacitat per a una atenci\u00f3 m\u00e9s personalitzada al contribuent.<\/p>\n<p>El director de l&#8217;organisme ha incidit en qu\u00e8 \u201camb esta actuaci\u00f3, Suma emfatitza el paper de les seues oficines com a espais clau en la relaci\u00f3 amb el ciutad\u00e0, situant-lo en el centre de la seua activitat i promovent al mateix temps l&#8217;\u00fas de tecnologies digitals\u201d.<\/p>\n<p><strong>55 atencions di\u00e0ries<\/strong><\/p>\n<p>Cada any esta oficina at\u00e9n presencialment a prop de 14.000 ciutadans, amb una mitjana de 55 contribuents al dia, tenint en compte que els per\u00edodes de major aflu\u00e8ncia de persones s\u00f3n els que coincidixen amb el de pagament voluntari dels tributs.<\/p>\n<p>L&#8217;alcaldessa Loreto Serrano va declarar que \u201cla Diputaci\u00f3 d&#8217;Alacant continua recordant-se de Santa Pola i esta \u00e9s la mostra. En esta nova oficina s&#8217;aconseguir\u00e0 una millor atenci\u00f3 al ciutad\u00e0 i tamb\u00e9 unes millors condicions per als treballadors de Suma. A m\u00e9s est\u00e0 al costat de l&#8217;Ajuntament, la qual cosa afavorir\u00e0 la sinergia entre les dos entitats\u201d.<\/p>\n<p>Despr\u00e9s de la renovaci\u00f3 de les oficines d&#8217;Elx-Carr\u00fas, Benidorm, Torrevieja i Santa Pola, l&#8217;organisme dependent de la Diputaci\u00f3 d&#8217;Alacant treballa ja en les reformes de les seus d&#8217;Almorad\u00ed, Orihuela i l&#8217;Alf\u00e0s del Pi.<\/p>\n","protected":false},"excerpt":{"rendered":"<p>L&#8217;organisme trasllada les seues depend\u00e8ncies enfront de l&#8217;Aquarium amb una distribuci\u00f3 m\u00e9s funcional i eficient. La inversi\u00f3 ha superat els 280.000 euros en un espai que refor\u00e7a l&#8217;atenci\u00f3 presencial, la sostenibilitat i efici\u00e8ncia i la digitalitzaci\u00f3 Summa Gesti\u00f3 Tribut\u00e0ria ha traslladat la seua oficina a Santa Pola al costat de l&#8217;Ajuntament amb la finalitat de [&hellip;]<\/p>\n","protected":false},"author":96,"featured_media":48164,"comment_status":"closed","ping_status":"closed","sticky":false,"template":"","format":"standard","meta":{"_et_pb_use_builder":"","_et_pb_old_content":"","_et_gb_content_width":"","footnotes":""},"categories":[615],"tags":[962,487,1557],"class_list":["post-48169","post","type-post","status-publish","format-standard","has-post-thumbnail","hentry","category-hisenda","tag-diputacio-dalacant","tag-loreto-serrano-ca","tag-suma-ca"],"yoast_head":"<!-- This site is optimized with the Yoast SEO plugin v27.4 - https:\/\/yoast.com\/product\/yoast-seo-wordpress\/ -->\n<title>Suma obri una nova oficina al costat de l&#039;Ajuntament de Santa Pola per a millorar l&#039;atenci\u00f3 al ciutad\u00e0 - Ajuntament de Santa Pola<\/title>\n<meta name=\"robots\" content=\"index, follow, max-snippet:-1, max-image-preview:large, max-video-preview:-1\" \/>\n<link rel=\"canonical\" href=\"https:\/\/santapola.es\/ca\/suma-obri-una-nova-oficina-al-costat-de-lajuntament-de-santa-pola-per-a-millorar-latencio-al-ciutada\/\" \/>\n<meta property=\"og:locale\" content=\"ca_ES\" \/>\n<meta property=\"og:type\" content=\"article\" \/>\n<meta property=\"og:title\" content=\"Suma obri una nova oficina al costat de l&#039;Ajuntament de Santa Pola per a millorar l&#039;atenci\u00f3 al ciutad\u00e0 - Ajuntament de Santa Pola\" \/>\n<meta property=\"og:description\" content=\"L&#8217;organisme trasllada les seues depend\u00e8ncies enfront de l&#8217;Aquarium amb una distribuci\u00f3 m\u00e9s funcional i eficient. La inversi\u00f3 ha superat els 280.000 euros en un espai que refor\u00e7a l&#8217;atenci\u00f3 presencial, la sostenibilitat i efici\u00e8ncia i la digitalitzaci\u00f3 Summa Gesti\u00f3 Tribut\u00e0ria ha traslladat la seua oficina a Santa Pola al costat de l&#8217;Ajuntament amb la finalitat de [&hellip;]\" \/>\n<meta property=\"og:url\" content=\"https:\/\/santapola.es\/ca\/suma-obri-una-nova-oficina-al-costat-de-lajuntament-de-santa-pola-per-a-millorar-latencio-al-ciutada\/\" \/>\n<meta property=\"og:site_name\" content=\"Ajuntament de Santa Pola\" \/>\n<meta property=\"article:publisher\" content=\"https:\/\/www.facebook.com\/AyuntamientoSantaPola\/\" \/>\n<meta property=\"article:published_time\" content=\"2026-03-25T08:03:45+00:00\" \/>\n<meta property=\"article:modified_time\" content=\"2026-03-25T08:07:02+00:00\" \/>\n<meta property=\"og:image\" content=\"https:\/\/santapola.es\/wp-content\/uploads\/2026\/03\/IMG_3245.jpg\" \/>\n\t<meta property=\"og:image:width\" content=\"1920\" \/>\n\t<meta property=\"og:image:height\" content=\"1440\" \/>\n\t<meta property=\"og:image:type\" content=\"image\/jpeg\" \/>\n<meta name=\"author\" content=\"Jos\u00e9 Juan L\u00f3pez Lafuente\" \/>\n<meta name=\"twitter:card\" content=\"summary_large_image\" \/>\n<meta name=\"twitter:creator\" content=\"@SantaPolaAyunt\" \/>\n<meta name=\"twitter:site\" content=\"@SantaPolaAyunt\" \/>\n<script type=\"application\/ld+json\" class=\"yoast-schema-graph\">{\"@context\":\"https:\\\/\\\/schema.org\",\"@graph\":[{\"@type\":\"Article\",\"@id\":\"https:\\\/\\\/santapola.es\\\/ca\\\/suma-obri-una-nova-oficina-al-costat-de-lajuntament-de-santa-pola-per-a-millorar-latencio-al-ciutada\\\/#article\",\"isPartOf\":{\"@id\":\"https:\\\/\\\/santapola.es\\\/ca\\\/suma-obri-una-nova-oficina-al-costat-de-lajuntament-de-santa-pola-per-a-millorar-latencio-al-ciutada\\\/\"},\"author\":{\"name\":\"Jos\u00e9 Juan L\u00f3pez Lafuente\",\"@id\":\"https:\\\/\\\/santapola.es\\\/ca\\\/#\\\/schema\\\/person\\\/ad1d67403707b58350c7be5e8dbc442d\"},\"headline\":\"Suma obri una nova oficina al costat de l&#8217;Ajuntament de Santa Pola per a millorar l&#8217;atenci\u00f3 al ciutad\u00e0\",\"datePublished\":\"2026-03-25T08:03:45+00:00\",\"dateModified\":\"2026-03-25T08:07:02+00:00\",\"mainEntityOfPage\":{\"@id\":\"https:\\\/\\\/santapola.es\\\/ca\\\/suma-obri-una-nova-oficina-al-costat-de-lajuntament-de-santa-pola-per-a-millorar-latencio-al-ciutada\\\/\"},\"wordCount\":573,\"image\":{\"@id\":\"https:\\\/\\\/santapola.es\\\/ca\\\/suma-obri-una-nova-oficina-al-costat-de-lajuntament-de-santa-pola-per-a-millorar-latencio-al-ciutada\\\/#primaryimage\"},\"thumbnailUrl\":\"https:\\\/\\\/santapola.es\\\/wp-content\\\/uploads\\\/2026\\\/03\\\/IMG_3245.jpg\",\"keywords\":[\"Diputaci\u00f3 d'Alacant\",\"Loreto Serrano\",\"SUMA\"],\"articleSection\":[\"Hisenda\"],\"inLanguage\":\"ca\"},{\"@type\":\"WebPage\",\"@id\":\"https:\\\/\\\/santapola.es\\\/ca\\\/suma-obri-una-nova-oficina-al-costat-de-lajuntament-de-santa-pola-per-a-millorar-latencio-al-ciutada\\\/\",\"url\":\"https:\\\/\\\/santapola.es\\\/ca\\\/suma-obri-una-nova-oficina-al-costat-de-lajuntament-de-santa-pola-per-a-millorar-latencio-al-ciutada\\\/\",\"name\":\"Suma obri una nova oficina al costat de l'Ajuntament de Santa Pola per a millorar l'atenci\u00f3 al ciutad\u00e0 - Ajuntament de Santa Pola\",\"isPartOf\":{\"@id\":\"https:\\\/\\\/santapola.es\\\/ca\\\/#website\"},\"primaryImageOfPage\":{\"@id\":\"https:\\\/\\\/santapola.es\\\/ca\\\/suma-obri-una-nova-oficina-al-costat-de-lajuntament-de-santa-pola-per-a-millorar-latencio-al-ciutada\\\/#primaryimage\"},\"image\":{\"@id\":\"https:\\\/\\\/santapola.es\\\/ca\\\/suma-obri-una-nova-oficina-al-costat-de-lajuntament-de-santa-pola-per-a-millorar-latencio-al-ciutada\\\/#primaryimage\"},\"thumbnailUrl\":\"https:\\\/\\\/santapola.es\\\/wp-content\\\/uploads\\\/2026\\\/03\\\/IMG_3245.jpg\",\"datePublished\":\"2026-03-25T08:03:45+00:00\",\"dateModified\":\"2026-03-25T08:07:02+00:00\",\"author\":{\"@id\":\"https:\\\/\\\/santapola.es\\\/ca\\\/#\\\/schema\\\/person\\\/ad1d67403707b58350c7be5e8dbc442d\"},\"breadcrumb\":{\"@id\":\"https:\\\/\\\/santapola.es\\\/ca\\\/suma-obri-una-nova-oficina-al-costat-de-lajuntament-de-santa-pola-per-a-millorar-latencio-al-ciutada\\\/#breadcrumb\"},\"inLanguage\":\"ca\",\"potentialAction\":[{\"@type\":\"ReadAction\",\"target\":[\"https:\\\/\\\/santapola.es\\\/ca\\\/suma-obri-una-nova-oficina-al-costat-de-lajuntament-de-santa-pola-per-a-millorar-latencio-al-ciutada\\\/\"]}]},{\"@type\":\"ImageObject\",\"inLanguage\":\"ca\",\"@id\":\"https:\\\/\\\/santapola.es\\\/ca\\\/suma-obri-una-nova-oficina-al-costat-de-lajuntament-de-santa-pola-per-a-millorar-latencio-al-ciutada\\\/#primaryimage\",\"url\":\"https:\\\/\\\/santapola.es\\\/wp-content\\\/uploads\\\/2026\\\/03\\\/IMG_3245.jpg\",\"contentUrl\":\"https:\\\/\\\/santapola.es\\\/wp-content\\\/uploads\\\/2026\\\/03\\\/IMG_3245.jpg\",\"width\":1920,\"height\":1440},{\"@type\":\"BreadcrumbList\",\"@id\":\"https:\\\/\\\/santapola.es\\\/ca\\\/suma-obri-una-nova-oficina-al-costat-de-lajuntament-de-santa-pola-per-a-millorar-latencio-al-ciutada\\\/#breadcrumb\",\"itemListElement\":[{\"@type\":\"ListItem\",\"position\":1,\"name\":\"Inici\",\"item\":\"https:\\\/\\\/santapola.es\\\/ca\\\/\"},{\"@type\":\"ListItem\",\"position\":2,\"name\":\"Suma obri una nova oficina al costat de l&#8217;Ajuntament de Santa Pola per a millorar l&#8217;atenci\u00f3 al ciutad\u00e0\"}]},{\"@type\":\"WebSite\",\"@id\":\"https:\\\/\\\/santapola.es\\\/ca\\\/#website\",\"url\":\"https:\\\/\\\/santapola.es\\\/ca\\\/\",\"name\":\"Ayuntamiento de Santa Pola\",\"description\":\"Web de l'Ajuntament de Santa Pola\",\"potentialAction\":[{\"@type\":\"SearchAction\",\"target\":{\"@type\":\"EntryPoint\",\"urlTemplate\":\"https:\\\/\\\/santapola.es\\\/ca\\\/?s={search_term_string}\"},\"query-input\":{\"@type\":\"PropertyValueSpecification\",\"valueRequired\":true,\"valueName\":\"search_term_string\"}}],\"inLanguage\":\"ca\"},{\"@type\":\"Person\",\"@id\":\"https:\\\/\\\/santapola.es\\\/ca\\\/#\\\/schema\\\/person\\\/ad1d67403707b58350c7be5e8dbc442d\",\"name\":\"Jos\u00e9 Juan L\u00f3pez Lafuente\"}]}<\/script>\n<!-- \/ Yoast SEO plugin. -->","yoast_head_json":{"title":"Suma obri una nova oficina al costat de l'Ajuntament de Santa Pola per a millorar l'atenci\u00f3 al ciutad\u00e0 - Ajuntament de Santa Pola","robots":{"index":"index","follow":"follow","max-snippet":"max-snippet:-1","max-image-preview":"max-image-preview:large","max-video-preview":"max-video-preview:-1"},"canonical":"https:\/\/santapola.es\/ca\/suma-obri-una-nova-oficina-al-costat-de-lajuntament-de-santa-pola-per-a-millorar-latencio-al-ciutada\/","og_locale":"ca_ES","og_type":"article","og_title":"Suma obri una nova oficina al costat de l'Ajuntament de Santa Pola per a millorar l'atenci\u00f3 al ciutad\u00e0 - Ajuntament de Santa Pola","og_description":"L&#8217;organisme trasllada les seues depend\u00e8ncies enfront de l&#8217;Aquarium amb una distribuci\u00f3 m\u00e9s funcional i eficient. La inversi\u00f3 ha superat els 280.000 euros en un espai que refor\u00e7a l&#8217;atenci\u00f3 presencial, la sostenibilitat i efici\u00e8ncia i la digitalitzaci\u00f3 Summa Gesti\u00f3 Tribut\u00e0ria ha traslladat la seua oficina a Santa Pola al costat de l&#8217;Ajuntament amb la finalitat de [&hellip;]","og_url":"https:\/\/santapola.es\/ca\/suma-obri-una-nova-oficina-al-costat-de-lajuntament-de-santa-pola-per-a-millorar-latencio-al-ciutada\/","og_site_name":"Ajuntament de Santa Pola","article_publisher":"https:\/\/www.facebook.com\/AyuntamientoSantaPola\/","article_published_time":"2026-03-25T08:03:45+00:00","article_modified_time":"2026-03-25T08:07:02+00:00","og_image":[{"width":1920,"height":1440,"url":"https:\/\/santapola.es\/wp-content\/uploads\/2026\/03\/IMG_3245.jpg","type":"image\/jpeg"}],"author":"Jos\u00e9 Juan L\u00f3pez Lafuente","twitter_card":"summary_large_image","twitter_creator":"@SantaPolaAyunt","twitter_site":"@SantaPolaAyunt","schema":{"@context":"https:\/\/schema.org","@graph":[{"@type":"Article","@id":"https:\/\/santapola.es\/ca\/suma-obri-una-nova-oficina-al-costat-de-lajuntament-de-santa-pola-per-a-millorar-latencio-al-ciutada\/#article","isPartOf":{"@id":"https:\/\/santapola.es\/ca\/suma-obri-una-nova-oficina-al-costat-de-lajuntament-de-santa-pola-per-a-millorar-latencio-al-ciutada\/"},"author":{"name":"Jos\u00e9 Juan L\u00f3pez Lafuente","@id":"https:\/\/santapola.es\/ca\/#\/schema\/person\/ad1d67403707b58350c7be5e8dbc442d"},"headline":"Suma obri una nova oficina al costat de l&#8217;Ajuntament de Santa Pola per a millorar l&#8217;atenci\u00f3 al ciutad\u00e0","datePublished":"2026-03-25T08:03:45+00:00","dateModified":"2026-03-25T08:07:02+00:00","mainEntityOfPage":{"@id":"https:\/\/santapola.es\/ca\/suma-obri-una-nova-oficina-al-costat-de-lajuntament-de-santa-pola-per-a-millorar-latencio-al-ciutada\/"},"wordCount":573,"image":{"@id":"https:\/\/santapola.es\/ca\/suma-obri-una-nova-oficina-al-costat-de-lajuntament-de-santa-pola-per-a-millorar-latencio-al-ciutada\/#primaryimage"},"thumbnailUrl":"https:\/\/santapola.es\/wp-content\/uploads\/2026\/03\/IMG_3245.jpg","keywords":["Diputaci\u00f3 d'Alacant","Loreto Serrano","SUMA"],"articleSection":["Hisenda"],"inLanguage":"ca"},{"@type":"WebPage","@id":"https:\/\/santapola.es\/ca\/suma-obri-una-nova-oficina-al-costat-de-lajuntament-de-santa-pola-per-a-millorar-latencio-al-ciutada\/","url":"https:\/\/santapola.es\/ca\/suma-obri-una-nova-oficina-al-costat-de-lajuntament-de-santa-pola-per-a-millorar-latencio-al-ciutada\/","name":"Suma obri una nova oficina al costat de l'Ajuntament de Santa Pola per a millorar l'atenci\u00f3 al ciutad\u00e0 - Ajuntament de Santa Pola","isPartOf":{"@id":"https:\/\/santapola.es\/ca\/#website"},"primaryImageOfPage":{"@id":"https:\/\/santapola.es\/ca\/suma-obri-una-nova-oficina-al-costat-de-lajuntament-de-santa-pola-per-a-millorar-latencio-al-ciutada\/#primaryimage"},"image":{"@id":"https:\/\/santapola.es\/ca\/suma-obri-una-nova-oficina-al-costat-de-lajuntament-de-santa-pola-per-a-millorar-latencio-al-ciutada\/#primaryimage"},"thumbnailUrl":"https:\/\/santapola.es\/wp-content\/uploads\/2026\/03\/IMG_3245.jpg","datePublished":"2026-03-25T08:03:45+00:00","dateModified":"2026-03-25T08:07:02+00:00","author":{"@id":"https:\/\/santapola.es\/ca\/#\/schema\/person\/ad1d67403707b58350c7be5e8dbc442d"},"breadcrumb":{"@id":"https:\/\/santapola.es\/ca\/suma-obri-una-nova-oficina-al-costat-de-lajuntament-de-santa-pola-per-a-millorar-latencio-al-ciutada\/#breadcrumb"},"inLanguage":"ca","potentialAction":[{"@type":"ReadAction","target":["https:\/\/santapola.es\/ca\/suma-obri-una-nova-oficina-al-costat-de-lajuntament-de-santa-pola-per-a-millorar-latencio-al-ciutada\/"]}]},{"@type":"ImageObject","inLanguage":"ca","@id":"https:\/\/santapola.es\/ca\/suma-obri-una-nova-oficina-al-costat-de-lajuntament-de-santa-pola-per-a-millorar-latencio-al-ciutada\/#primaryimage","url":"https:\/\/santapola.es\/wp-content\/uploads\/2026\/03\/IMG_3245.jpg","contentUrl":"https:\/\/santapola.es\/wp-content\/uploads\/2026\/03\/IMG_3245.jpg","width":1920,"height":1440},{"@type":"BreadcrumbList","@id":"https:\/\/santapola.es\/ca\/suma-obri-una-nova-oficina-al-costat-de-lajuntament-de-santa-pola-per-a-millorar-latencio-al-ciutada\/#breadcrumb","itemListElement":[{"@type":"ListItem","position":1,"name":"Inici","item":"https:\/\/santapola.es\/ca\/"},{"@type":"ListItem","position":2,"name":"Suma obri una nova oficina al costat de l&#8217;Ajuntament de Santa Pola per a millorar l&#8217;atenci\u00f3 al ciutad\u00e0"}]},{"@type":"WebSite","@id":"https:\/\/santapola.es\/ca\/#website","url":"https:\/\/santapola.es\/ca\/","name":"Ayuntamiento de Santa Pola","description":"Web de l'Ajuntament de Santa Pola","potentialAction":[{"@type":"SearchAction","target":{"@type":"EntryPoint","urlTemplate":"https:\/\/santapola.es\/ca\/?s={search_term_string}"},"query-input":{"@type":"PropertyValueSpecification","valueRequired":true,"valueName":"search_term_string"}}],"inLanguage":"ca"},{"@type":"Person","@id":"https:\/\/santapola.es\/ca\/#\/schema\/person\/ad1d67403707b58350c7be5e8dbc442d","name":"Jos\u00e9 Juan L\u00f3pez Lafuente"}]}},"_links":{"self":[{"href":"https:\/\/santapola.es\/ca\/wp-json\/wp\/v2\/posts\/48169","targetHints":{"allow":["GET"]}}],"collection":[{"href":"https:\/\/santapola.es\/ca\/wp-json\/wp\/v2\/posts"}],"about":[{"href":"https:\/\/santapola.es\/ca\/wp-json\/wp\/v2\/types\/post"}],"author":[{"embeddable":true,"href":"https:\/\/santapola.es\/ca\/wp-json\/wp\/v2\/users\/96"}],"replies":[{"embeddable":true,"href":"https:\/\/santapola.es\/ca\/wp-json\/wp\/v2\/comments?post=48169"}],"version-history":[{"count":1,"href":"https:\/\/santapola.es\/ca\/wp-json\/wp\/v2\/posts\/48169\/revisions"}],"predecessor-version":[{"id":48171,"href":"https:\/\/santapola.es\/ca\/wp-json\/wp\/v2\/posts\/48169\/revisions\/48171"}],"wp:featuredmedia":[{"embeddable":true,"href":"https:\/\/santapola.es\/ca\/wp-json\/wp\/v2\/media\/48164"}],"wp:attachment":[{"href":"https:\/\/santapola.es\/ca\/wp-json\/wp\/v2\/media?parent=48169"}],"wp:term":[{"taxonomy":"category","embeddable":true,"href":"https:\/\/santapola.es\/ca\/wp-json\/wp\/v2\/categories?post=48169"},{"taxonomy":"post_tag","embeddable":true,"href":"https:\/\/santapola.es\/ca\/wp-json\/wp\/v2\/tags?post=48169"}],"curies":[{"name":"wp","href":"https:\/\/api.w.org\/{rel}","templated":true}]}}