{"id":48146,"date":"2026-03-23T11:56:26","date_gmt":"2026-03-23T10:56:26","guid":{"rendered":"https:\/\/santapola.es\/?p=48146"},"modified":"2026-03-23T11:56:58","modified_gmt":"2026-03-23T10:56:58","slug":"turisme-santa-pola-presenta-la-seua-oferta-en-la-fira-b-travel-de-barcelona","status":"publish","type":"post","link":"https:\/\/santapola.es\/ca\/turisme-santa-pola-presenta-la-seua-oferta-en-la-fira-b-travel-de-barcelona\/","title":{"rendered":"Turisme Santa Pola presenta la seua oferta en la fira B-Travel de Barcelona"},"content":{"rendered":"<p><strong>Santa Pola ha presentat la seua oferta tur\u00edstica alineada amb la sostenibilitat, posant en valor recursos com el seu entorn natural i espais protegits com el Parc Natural de les Salinas, aix\u00ed com la sal i el Peix de Santa Pola.<\/strong><\/p>\n<p>Turisme Santa Pola ha participat este cap de setmana en la fira B-Travel Barcelona amb l&#8217;objectiu de refor\u00e7ar la promoci\u00f3 del municipi en el mercat nacional. Esta fira s&#8217;ha consolidat com un punt de trobada clau entre destinacions tur\u00edstiques, professionals del sector i p\u00fablic final.<\/p>\n<p>En esta edici\u00f3 s&#8217;ha reunit a m\u00e9s d&#8217;un centenar d&#8217;expositors nacionals i internacionals sota el lema &#8220;Biajar&#8221;, centrat en impulsar un model tur\u00edstic m\u00e9s responsable, sostenible i orientat a la qualitat de l&#8217;experi\u00e8ncia.<\/p>\n<p>En este context, Santa Pola ha presentat la seua oferta tur\u00edstica alineada amb estes tend\u00e8ncies, posant en valor recursos com el seu entorn natural i espais protegits com el Parc Natural de les Salinas, aix\u00ed com la sal i el Peix de Santa Pola, en l\u00ednia amb la promoci\u00f3 de turisme industrial.<\/p>\n<p>Esta estrat\u00e8gia respon a una demanda creixent de turisme respectu\u00f3s amb l&#8217;entorn, amb beneficis per a la comunitat local i allunyat de l&#8217;estacionalitat.<\/p>\n<p>La participaci\u00f3 en B-Travel Barcelona tamb\u00e9 ha perm\u00e9s a Turisme Santa Pola integrar-se en la representaci\u00f3 de la Comunitat Valenciana, juntament amb altres destins i organismes com a Costa Blanca, refor\u00e7ant aix\u00ed la seua visibilitat conjunta.<\/p>\n<p>A m\u00e9s de l&#8217;\u00e0rea expositiva, el sal\u00f3 ha incl\u00f2s una \u00e0mplia programaci\u00f3 d&#8217;activitats dirigides tant al p\u00fablic general com a professionals: xarrades sobre sostenibilitat, turisme inclusiu i noves tend\u00e8ncies, espais gastron\u00f2mics centrats en productes de proximitat i experi\u00e8ncies interactives dissenyades per a acostar els destins al visitant.<\/p>\n<p>Turisme Santa Pola continuar\u00e0 apostant per accions de promoci\u00f3 directa que contribu\u00efsquen a millorar el seu posicionament i a adaptar-se a les noves demandes del sector tur\u00edstic.<\/p>\n","protected":false},"excerpt":{"rendered":"<p>Santa Pola ha presentat la seua oferta tur\u00edstica alineada amb la sostenibilitat, posant en valor recursos com el seu entorn natural i espais protegits com el Parc Natural de les Salinas, aix\u00ed com la sal i el Peix de Santa Pola. Turisme Santa Pola ha participat este cap de setmana en la fira B-Travel Barcelona [&hellip;]<\/p>\n","protected":false},"author":96,"featured_media":48147,"comment_status":"closed","ping_status":"closed","sticky":false,"template":"","format":"standard","meta":{"_et_pb_use_builder":"","_et_pb_old_content":"","_et_gb_content_width":"","footnotes":""},"categories":[589],"tags":[1814,1818],"class_list":["post-48146","post","type-post","status-publish","format-standard","has-post-thumbnail","hentry","category-turisme","tag-b-travel","tag-fires-de-turisme"],"yoast_head":"<!-- This site is optimized with the Yoast SEO plugin v27.4 - https:\/\/yoast.com\/product\/yoast-seo-wordpress\/ -->\n<title>Turisme Santa Pola presenta la seua oferta en la fira B-Travel de Barcelona - Ajuntament de Santa Pola<\/title>\n<meta name=\"robots\" content=\"index, follow, max-snippet:-1, max-image-preview:large, max-video-preview:-1\" \/>\n<link rel=\"canonical\" href=\"https:\/\/santapola.es\/ca\/turisme-santa-pola-presenta-la-seua-oferta-en-la-fira-b-travel-de-barcelona\/\" \/>\n<meta property=\"og:locale\" content=\"ca_ES\" \/>\n<meta property=\"og:type\" content=\"article\" \/>\n<meta property=\"og:title\" content=\"Turisme Santa Pola presenta la seua oferta en la fira B-Travel de Barcelona - Ajuntament de Santa Pola\" \/>\n<meta property=\"og:description\" content=\"Santa Pola ha presentat la seua oferta tur\u00edstica alineada amb la sostenibilitat, posant en valor recursos com el seu entorn natural i espais protegits com el Parc Natural de les Salinas, aix\u00ed com la sal i el Peix de Santa Pola. Turisme Santa Pola ha participat este cap de setmana en la fira B-Travel Barcelona [&hellip;]\" \/>\n<meta property=\"og:url\" content=\"https:\/\/santapola.es\/ca\/turisme-santa-pola-presenta-la-seua-oferta-en-la-fira-b-travel-de-barcelona\/\" \/>\n<meta property=\"og:site_name\" content=\"Ajuntament de Santa Pola\" \/>\n<meta property=\"article:publisher\" content=\"https:\/\/www.facebook.com\/AyuntamientoSantaPola\/\" \/>\n<meta property=\"article:published_time\" content=\"2026-03-23T10:56:26+00:00\" \/>\n<meta property=\"article:modified_time\" content=\"2026-03-23T10:56:58+00:00\" \/>\n<meta property=\"og:image\" content=\"https:\/\/santapola.es\/wp-content\/uploads\/2026\/03\/B-TRAVEL.jpg\" \/>\n\t<meta property=\"og:image:width\" content=\"1731\" \/>\n\t<meta property=\"og:image:height\" content=\"1205\" \/>\n\t<meta property=\"og:image:type\" content=\"image\/jpeg\" \/>\n<meta name=\"author\" content=\"Jos\u00e9 Juan L\u00f3pez Lafuente\" \/>\n<meta name=\"twitter:card\" content=\"summary_large_image\" \/>\n<meta name=\"twitter:creator\" content=\"@SantaPolaAyunt\" \/>\n<meta name=\"twitter:site\" content=\"@SantaPolaAyunt\" \/>\n<script type=\"application\/ld+json\" class=\"yoast-schema-graph\">{\"@context\":\"https:\\\/\\\/schema.org\",\"@graph\":[{\"@type\":\"Article\",\"@id\":\"https:\\\/\\\/santapola.es\\\/ca\\\/turisme-santa-pola-presenta-la-seua-oferta-en-la-fira-b-travel-de-barcelona\\\/#article\",\"isPartOf\":{\"@id\":\"https:\\\/\\\/santapola.es\\\/ca\\\/turisme-santa-pola-presenta-la-seua-oferta-en-la-fira-b-travel-de-barcelona\\\/\"},\"author\":{\"name\":\"Jos\u00e9 Juan L\u00f3pez Lafuente\",\"@id\":\"https:\\\/\\\/santapola.es\\\/ca\\\/#\\\/schema\\\/person\\\/ad1d67403707b58350c7be5e8dbc442d\"},\"headline\":\"Turisme Santa Pola presenta la seua oferta en la fira B-Travel de Barcelona\",\"datePublished\":\"2026-03-23T10:56:26+00:00\",\"dateModified\":\"2026-03-23T10:56:58+00:00\",\"mainEntityOfPage\":{\"@id\":\"https:\\\/\\\/santapola.es\\\/ca\\\/turisme-santa-pola-presenta-la-seua-oferta-en-la-fira-b-travel-de-barcelona\\\/\"},\"wordCount\":350,\"image\":{\"@id\":\"https:\\\/\\\/santapola.es\\\/ca\\\/turisme-santa-pola-presenta-la-seua-oferta-en-la-fira-b-travel-de-barcelona\\\/#primaryimage\"},\"thumbnailUrl\":\"https:\\\/\\\/santapola.es\\\/wp-content\\\/uploads\\\/2026\\\/03\\\/B-TRAVEL.jpg\",\"keywords\":[\"B-Travel\",\"fires de turisme\"],\"articleSection\":[\"Turisme\"],\"inLanguage\":\"ca\"},{\"@type\":\"WebPage\",\"@id\":\"https:\\\/\\\/santapola.es\\\/ca\\\/turisme-santa-pola-presenta-la-seua-oferta-en-la-fira-b-travel-de-barcelona\\\/\",\"url\":\"https:\\\/\\\/santapola.es\\\/ca\\\/turisme-santa-pola-presenta-la-seua-oferta-en-la-fira-b-travel-de-barcelona\\\/\",\"name\":\"Turisme Santa Pola presenta la seua oferta en la fira B-Travel de Barcelona - Ajuntament de Santa Pola\",\"isPartOf\":{\"@id\":\"https:\\\/\\\/santapola.es\\\/ca\\\/#website\"},\"primaryImageOfPage\":{\"@id\":\"https:\\\/\\\/santapola.es\\\/ca\\\/turisme-santa-pola-presenta-la-seua-oferta-en-la-fira-b-travel-de-barcelona\\\/#primaryimage\"},\"image\":{\"@id\":\"https:\\\/\\\/santapola.es\\\/ca\\\/turisme-santa-pola-presenta-la-seua-oferta-en-la-fira-b-travel-de-barcelona\\\/#primaryimage\"},\"thumbnailUrl\":\"https:\\\/\\\/santapola.es\\\/wp-content\\\/uploads\\\/2026\\\/03\\\/B-TRAVEL.jpg\",\"datePublished\":\"2026-03-23T10:56:26+00:00\",\"dateModified\":\"2026-03-23T10:56:58+00:00\",\"author\":{\"@id\":\"https:\\\/\\\/santapola.es\\\/ca\\\/#\\\/schema\\\/person\\\/ad1d67403707b58350c7be5e8dbc442d\"},\"breadcrumb\":{\"@id\":\"https:\\\/\\\/santapola.es\\\/ca\\\/turisme-santa-pola-presenta-la-seua-oferta-en-la-fira-b-travel-de-barcelona\\\/#breadcrumb\"},\"inLanguage\":\"ca\",\"potentialAction\":[{\"@type\":\"ReadAction\",\"target\":[\"https:\\\/\\\/santapola.es\\\/ca\\\/turisme-santa-pola-presenta-la-seua-oferta-en-la-fira-b-travel-de-barcelona\\\/\"]}]},{\"@type\":\"ImageObject\",\"inLanguage\":\"ca\",\"@id\":\"https:\\\/\\\/santapola.es\\\/ca\\\/turisme-santa-pola-presenta-la-seua-oferta-en-la-fira-b-travel-de-barcelona\\\/#primaryimage\",\"url\":\"https:\\\/\\\/santapola.es\\\/wp-content\\\/uploads\\\/2026\\\/03\\\/B-TRAVEL.jpg\",\"contentUrl\":\"https:\\\/\\\/santapola.es\\\/wp-content\\\/uploads\\\/2026\\\/03\\\/B-TRAVEL.jpg\",\"width\":1731,\"height\":1205},{\"@type\":\"BreadcrumbList\",\"@id\":\"https:\\\/\\\/santapola.es\\\/ca\\\/turisme-santa-pola-presenta-la-seua-oferta-en-la-fira-b-travel-de-barcelona\\\/#breadcrumb\",\"itemListElement\":[{\"@type\":\"ListItem\",\"position\":1,\"name\":\"Inici\",\"item\":\"https:\\\/\\\/santapola.es\\\/ca\\\/\"},{\"@type\":\"ListItem\",\"position\":2,\"name\":\"Turisme Santa Pola presenta la seua oferta en la fira B-Travel de Barcelona\"}]},{\"@type\":\"WebSite\",\"@id\":\"https:\\\/\\\/santapola.es\\\/ca\\\/#website\",\"url\":\"https:\\\/\\\/santapola.es\\\/ca\\\/\",\"name\":\"Ayuntamiento de Santa Pola\",\"description\":\"Web de l'Ajuntament de Santa Pola\",\"potentialAction\":[{\"@type\":\"SearchAction\",\"target\":{\"@type\":\"EntryPoint\",\"urlTemplate\":\"https:\\\/\\\/santapola.es\\\/ca\\\/?s={search_term_string}\"},\"query-input\":{\"@type\":\"PropertyValueSpecification\",\"valueRequired\":true,\"valueName\":\"search_term_string\"}}],\"inLanguage\":\"ca\"},{\"@type\":\"Person\",\"@id\":\"https:\\\/\\\/santapola.es\\\/ca\\\/#\\\/schema\\\/person\\\/ad1d67403707b58350c7be5e8dbc442d\",\"name\":\"Jos\u00e9 Juan L\u00f3pez Lafuente\"}]}<\/script>\n<!-- \/ Yoast SEO plugin. -->","yoast_head_json":{"title":"Turisme Santa Pola presenta la seua oferta en la fira B-Travel de Barcelona - Ajuntament de Santa Pola","robots":{"index":"index","follow":"follow","max-snippet":"max-snippet:-1","max-image-preview":"max-image-preview:large","max-video-preview":"max-video-preview:-1"},"canonical":"https:\/\/santapola.es\/ca\/turisme-santa-pola-presenta-la-seua-oferta-en-la-fira-b-travel-de-barcelona\/","og_locale":"ca_ES","og_type":"article","og_title":"Turisme Santa Pola presenta la seua oferta en la fira B-Travel de Barcelona - Ajuntament de Santa Pola","og_description":"Santa Pola ha presentat la seua oferta tur\u00edstica alineada amb la sostenibilitat, posant en valor recursos com el seu entorn natural i espais protegits com el Parc Natural de les Salinas, aix\u00ed com la sal i el Peix de Santa Pola. Turisme Santa Pola ha participat este cap de setmana en la fira B-Travel Barcelona [&hellip;]","og_url":"https:\/\/santapola.es\/ca\/turisme-santa-pola-presenta-la-seua-oferta-en-la-fira-b-travel-de-barcelona\/","og_site_name":"Ajuntament de Santa Pola","article_publisher":"https:\/\/www.facebook.com\/AyuntamientoSantaPola\/","article_published_time":"2026-03-23T10:56:26+00:00","article_modified_time":"2026-03-23T10:56:58+00:00","og_image":[{"width":1731,"height":1205,"url":"https:\/\/santapola.es\/wp-content\/uploads\/2026\/03\/B-TRAVEL.jpg","type":"image\/jpeg"}],"author":"Jos\u00e9 Juan L\u00f3pez Lafuente","twitter_card":"summary_large_image","twitter_creator":"@SantaPolaAyunt","twitter_site":"@SantaPolaAyunt","schema":{"@context":"https:\/\/schema.org","@graph":[{"@type":"Article","@id":"https:\/\/santapola.es\/ca\/turisme-santa-pola-presenta-la-seua-oferta-en-la-fira-b-travel-de-barcelona\/#article","isPartOf":{"@id":"https:\/\/santapola.es\/ca\/turisme-santa-pola-presenta-la-seua-oferta-en-la-fira-b-travel-de-barcelona\/"},"author":{"name":"Jos\u00e9 Juan L\u00f3pez Lafuente","@id":"https:\/\/santapola.es\/ca\/#\/schema\/person\/ad1d67403707b58350c7be5e8dbc442d"},"headline":"Turisme Santa Pola presenta la seua oferta en la fira B-Travel de Barcelona","datePublished":"2026-03-23T10:56:26+00:00","dateModified":"2026-03-23T10:56:58+00:00","mainEntityOfPage":{"@id":"https:\/\/santapola.es\/ca\/turisme-santa-pola-presenta-la-seua-oferta-en-la-fira-b-travel-de-barcelona\/"},"wordCount":350,"image":{"@id":"https:\/\/santapola.es\/ca\/turisme-santa-pola-presenta-la-seua-oferta-en-la-fira-b-travel-de-barcelona\/#primaryimage"},"thumbnailUrl":"https:\/\/santapola.es\/wp-content\/uploads\/2026\/03\/B-TRAVEL.jpg","keywords":["B-Travel","fires de turisme"],"articleSection":["Turisme"],"inLanguage":"ca"},{"@type":"WebPage","@id":"https:\/\/santapola.es\/ca\/turisme-santa-pola-presenta-la-seua-oferta-en-la-fira-b-travel-de-barcelona\/","url":"https:\/\/santapola.es\/ca\/turisme-santa-pola-presenta-la-seua-oferta-en-la-fira-b-travel-de-barcelona\/","name":"Turisme Santa Pola presenta la seua oferta en la fira B-Travel de Barcelona - Ajuntament de Santa Pola","isPartOf":{"@id":"https:\/\/santapola.es\/ca\/#website"},"primaryImageOfPage":{"@id":"https:\/\/santapola.es\/ca\/turisme-santa-pola-presenta-la-seua-oferta-en-la-fira-b-travel-de-barcelona\/#primaryimage"},"image":{"@id":"https:\/\/santapola.es\/ca\/turisme-santa-pola-presenta-la-seua-oferta-en-la-fira-b-travel-de-barcelona\/#primaryimage"},"thumbnailUrl":"https:\/\/santapola.es\/wp-content\/uploads\/2026\/03\/B-TRAVEL.jpg","datePublished":"2026-03-23T10:56:26+00:00","dateModified":"2026-03-23T10:56:58+00:00","author":{"@id":"https:\/\/santapola.es\/ca\/#\/schema\/person\/ad1d67403707b58350c7be5e8dbc442d"},"breadcrumb":{"@id":"https:\/\/santapola.es\/ca\/turisme-santa-pola-presenta-la-seua-oferta-en-la-fira-b-travel-de-barcelona\/#breadcrumb"},"inLanguage":"ca","potentialAction":[{"@type":"ReadAction","target":["https:\/\/santapola.es\/ca\/turisme-santa-pola-presenta-la-seua-oferta-en-la-fira-b-travel-de-barcelona\/"]}]},{"@type":"ImageObject","inLanguage":"ca","@id":"https:\/\/santapola.es\/ca\/turisme-santa-pola-presenta-la-seua-oferta-en-la-fira-b-travel-de-barcelona\/#primaryimage","url":"https:\/\/santapola.es\/wp-content\/uploads\/2026\/03\/B-TRAVEL.jpg","contentUrl":"https:\/\/santapola.es\/wp-content\/uploads\/2026\/03\/B-TRAVEL.jpg","width":1731,"height":1205},{"@type":"BreadcrumbList","@id":"https:\/\/santapola.es\/ca\/turisme-santa-pola-presenta-la-seua-oferta-en-la-fira-b-travel-de-barcelona\/#breadcrumb","itemListElement":[{"@type":"ListItem","position":1,"name":"Inici","item":"https:\/\/santapola.es\/ca\/"},{"@type":"ListItem","position":2,"name":"Turisme Santa Pola presenta la seua oferta en la fira B-Travel de Barcelona"}]},{"@type":"WebSite","@id":"https:\/\/santapola.es\/ca\/#website","url":"https:\/\/santapola.es\/ca\/","name":"Ayuntamiento de Santa Pola","description":"Web de l'Ajuntament de Santa Pola","potentialAction":[{"@type":"SearchAction","target":{"@type":"EntryPoint","urlTemplate":"https:\/\/santapola.es\/ca\/?s={search_term_string}"},"query-input":{"@type":"PropertyValueSpecification","valueRequired":true,"valueName":"search_term_string"}}],"inLanguage":"ca"},{"@type":"Person","@id":"https:\/\/santapola.es\/ca\/#\/schema\/person\/ad1d67403707b58350c7be5e8dbc442d","name":"Jos\u00e9 Juan L\u00f3pez Lafuente"}]}},"_links":{"self":[{"href":"https:\/\/santapola.es\/ca\/wp-json\/wp\/v2\/posts\/48146","targetHints":{"allow":["GET"]}}],"collection":[{"href":"https:\/\/santapola.es\/ca\/wp-json\/wp\/v2\/posts"}],"about":[{"href":"https:\/\/santapola.es\/ca\/wp-json\/wp\/v2\/types\/post"}],"author":[{"embeddable":true,"href":"https:\/\/santapola.es\/ca\/wp-json\/wp\/v2\/users\/96"}],"replies":[{"embeddable":true,"href":"https:\/\/santapola.es\/ca\/wp-json\/wp\/v2\/comments?post=48146"}],"version-history":[{"count":1,"href":"https:\/\/santapola.es\/ca\/wp-json\/wp\/v2\/posts\/48146\/revisions"}],"predecessor-version":[{"id":48149,"href":"https:\/\/santapola.es\/ca\/wp-json\/wp\/v2\/posts\/48146\/revisions\/48149"}],"wp:featuredmedia":[{"embeddable":true,"href":"https:\/\/santapola.es\/ca\/wp-json\/wp\/v2\/media\/48147"}],"wp:attachment":[{"href":"https:\/\/santapola.es\/ca\/wp-json\/wp\/v2\/media?parent=48146"}],"wp:term":[{"taxonomy":"category","embeddable":true,"href":"https:\/\/santapola.es\/ca\/wp-json\/wp\/v2\/categories?post=48146"},{"taxonomy":"post_tag","embeddable":true,"href":"https:\/\/santapola.es\/ca\/wp-json\/wp\/v2\/tags?post=48146"}],"curies":[{"name":"wp","href":"https:\/\/api.w.org\/{rel}","templated":true}]}}