{"id":48126,"date":"2026-03-18T13:54:00","date_gmt":"2026-03-18T12:54:00","guid":{"rendered":"https:\/\/santapola.es\/?p=48126"},"modified":"2026-03-18T13:54:00","modified_gmt":"2026-03-18T12:54:00","slug":"santa-pola-busca-solucions-per-a-millorar-les-seues-connexions-amb-la-carretera-nacional-332","status":"publish","type":"post","link":"https:\/\/santapola.es\/ca\/santa-pola-busca-solucions-per-a-millorar-les-seues-connexions-amb-la-carretera-nacional-332\/","title":{"rendered":"Santa Pola busca solucions per a millorar les seues connexions amb la carretera nacional 332"},"content":{"rendered":"<p><strong>L&#8217;alcaldessa ha visitat la Unitat de Carreteres a Alacant reivindicant que es reprenga el projecte d&#8217;enlla\u00e7 al costat de l&#8217;hotel Roques Blanques, la incorporaci\u00f3 des de Gran Alacant, la connexi\u00f3 amb Platja Llisa i el desdoblament d&#8217;un dels punts negres amb m\u00e9s accidents de la prov\u00edncia.\u00a0<\/strong><\/p>\n<p>L&#8217;alcaldessa Loreto Serrano, acompanyada per la regidora de Tr\u00e0nsit Ana Blasco i el lletrat d&#8217;urbanisme municipal Emilio Jord\u00e1n, ha mantingut una reuni\u00f3 amb responsables de la Unitat de Carreteres de l&#8217;Estat en la Subdelegaci\u00f3 del Govern a Alacant per a tractar assumptes relacionats amb les connexions de la carretera nacional 332 Alacant-Cartagena al seu pas per Santa Pola.<\/p>\n<p>El tema m\u00e9s important que l&#8217;Ajuntament intenta recuperar \u00e9s el projecte ara paralitzat pel Ministeri de Transports i Mobilitat Sostenible per a la millora de l&#8217;acc\u00e9s des de la N-332 a l&#8217;altura de l&#8217;hotel Roques Blanques, un dels punts m\u00e9s negres del tr\u00e0nsit a la nostra prov\u00edncia pel nombre d&#8217;accidents que registra.<\/p>\n<p>Tamb\u00e9 es van posar damunt de la taula el carril d&#8217;acceleraci\u00f3 des de l&#8217;eixida de Gran Alacant en direcci\u00f3 cap a Alacant i l&#8217;enlla\u00e7 de la carretera general a l&#8217;altura de Platja Llisa, aix\u00ed com l&#8217;esperat desdoblament d&#8217;esta via tan important que forma un coll de botella al seu pas pel nostre terme municipal.<\/p>\n<p>Segons ha explicat l&#8217;alcaldessa, \u201cen la Unitat de Carreteres d&#8217;Alacant han at\u00e9s les nostres peticions, per\u00f2 ens remeten per a poder desbloquejar tots estos assumptes directament a Madrid. No obstant aix\u00f2, despr\u00e9s d&#8217;esta reuni\u00f3 estem analitzant si des del mateix Ajuntament podem, amb el perm\u00eds del Ministeri, redactar el projecte i executar pel nostre compte les connexions de Gran Alacant i Platja Llisa. La nostra voluntat \u00e9s donar soluci\u00f3 com m\u00e9s prompte millor a estos problemes que per a Santa Pola \u00e9s molt important resoldre\u201d.<\/p>\n","protected":false},"excerpt":{"rendered":"<p>L&#8217;alcaldessa ha visitat la Unitat de Carreteres a Alacant reivindicant que es reprenga el projecte d&#8217;enlla\u00e7 al costat de l&#8217;hotel Roques Blanques, la incorporaci\u00f3 des de Gran Alacant, la connexi\u00f3 amb Platja Llisa i el desdoblament d&#8217;un dels punts negres amb m\u00e9s accidents de la prov\u00edncia.\u00a0 L&#8217;alcaldessa Loreto Serrano, acompanyada per la regidora de Tr\u00e0nsit [&hellip;]<\/p>\n","protected":false},"author":96,"featured_media":48128,"comment_status":"closed","ping_status":"closed","sticky":false,"template":"","format":"standard","meta":{"_et_pb_use_builder":"","_et_pb_old_content":"","_et_gb_content_width":"","footnotes":""},"categories":[440],"tags":[479,1746,487],"class_list":["post-48126","post","type-post","status-publish","format-standard","has-post-thumbnail","hentry","category-transit","tag-ana-blasco-ca","tag-carretera-n-332-ca","tag-loreto-serrano-ca"],"yoast_head":"<!-- This site is optimized with the Yoast SEO plugin v27.4 - https:\/\/yoast.com\/product\/yoast-seo-wordpress\/ -->\n<title>Santa Pola busca solucions per a millorar les seues connexions amb la carretera nacional 332 - Ajuntament de Santa Pola<\/title>\n<meta name=\"robots\" content=\"index, follow, max-snippet:-1, max-image-preview:large, max-video-preview:-1\" \/>\n<link rel=\"canonical\" href=\"https:\/\/santapola.es\/ca\/santa-pola-busca-solucions-per-a-millorar-les-seues-connexions-amb-la-carretera-nacional-332\/\" \/>\n<meta property=\"og:locale\" content=\"ca_ES\" \/>\n<meta property=\"og:type\" content=\"article\" \/>\n<meta property=\"og:title\" content=\"Santa Pola busca solucions per a millorar les seues connexions amb la carretera nacional 332 - Ajuntament de Santa Pola\" \/>\n<meta property=\"og:description\" content=\"L&#8217;alcaldessa ha visitat la Unitat de Carreteres a Alacant reivindicant que es reprenga el projecte d&#8217;enlla\u00e7 al costat de l&#8217;hotel Roques Blanques, la incorporaci\u00f3 des de Gran Alacant, la connexi\u00f3 amb Platja Llisa i el desdoblament d&#8217;un dels punts negres amb m\u00e9s accidents de la prov\u00edncia.\u00a0 L&#8217;alcaldessa Loreto Serrano, acompanyada per la regidora de Tr\u00e0nsit [&hellip;]\" \/>\n<meta property=\"og:url\" content=\"https:\/\/santapola.es\/ca\/santa-pola-busca-solucions-per-a-millorar-les-seues-connexions-amb-la-carretera-nacional-332\/\" \/>\n<meta property=\"og:site_name\" content=\"Ajuntament de Santa Pola\" \/>\n<meta property=\"article:publisher\" content=\"https:\/\/www.facebook.com\/AyuntamientoSantaPola\/\" \/>\n<meta property=\"article:published_time\" content=\"2026-03-18T12:54:00+00:00\" \/>\n<meta property=\"og:image\" content=\"https:\/\/santapola.es\/wp-content\/uploads\/2026\/03\/Carreteras.jpeg\" \/>\n\t<meta property=\"og:image:width\" content=\"1600\" \/>\n\t<meta property=\"og:image:height\" content=\"1200\" \/>\n\t<meta property=\"og:image:type\" content=\"image\/jpeg\" \/>\n<meta name=\"author\" content=\"Jos\u00e9 Juan L\u00f3pez Lafuente\" \/>\n<meta name=\"twitter:card\" content=\"summary_large_image\" \/>\n<meta name=\"twitter:creator\" content=\"@SantaPolaAyunt\" \/>\n<meta name=\"twitter:site\" content=\"@SantaPolaAyunt\" \/>\n<script type=\"application\/ld+json\" class=\"yoast-schema-graph\">{\"@context\":\"https:\\\/\\\/schema.org\",\"@graph\":[{\"@type\":\"Article\",\"@id\":\"https:\\\/\\\/santapola.es\\\/ca\\\/santa-pola-busca-solucions-per-a-millorar-les-seues-connexions-amb-la-carretera-nacional-332\\\/#article\",\"isPartOf\":{\"@id\":\"https:\\\/\\\/santapola.es\\\/ca\\\/santa-pola-busca-solucions-per-a-millorar-les-seues-connexions-amb-la-carretera-nacional-332\\\/\"},\"author\":{\"name\":\"Jos\u00e9 Juan L\u00f3pez Lafuente\",\"@id\":\"https:\\\/\\\/santapola.es\\\/ca\\\/#\\\/schema\\\/person\\\/ad1d67403707b58350c7be5e8dbc442d\"},\"headline\":\"Santa Pola busca solucions per a millorar les seues connexions amb la carretera nacional 332\",\"datePublished\":\"2026-03-18T12:54:00+00:00\",\"mainEntityOfPage\":{\"@id\":\"https:\\\/\\\/santapola.es\\\/ca\\\/santa-pola-busca-solucions-per-a-millorar-les-seues-connexions-amb-la-carretera-nacional-332\\\/\"},\"wordCount\":342,\"image\":{\"@id\":\"https:\\\/\\\/santapola.es\\\/ca\\\/santa-pola-busca-solucions-per-a-millorar-les-seues-connexions-amb-la-carretera-nacional-332\\\/#primaryimage\"},\"thumbnailUrl\":\"https:\\\/\\\/santapola.es\\\/wp-content\\\/uploads\\\/2026\\\/03\\\/Carreteras.jpeg\",\"keywords\":[\"Ana Blasco\",\"carretera N-332\",\"Loreto Serrano\"],\"articleSection\":[\"Tr\u00e0nsit\"],\"inLanguage\":\"ca\"},{\"@type\":\"WebPage\",\"@id\":\"https:\\\/\\\/santapola.es\\\/ca\\\/santa-pola-busca-solucions-per-a-millorar-les-seues-connexions-amb-la-carretera-nacional-332\\\/\",\"url\":\"https:\\\/\\\/santapola.es\\\/ca\\\/santa-pola-busca-solucions-per-a-millorar-les-seues-connexions-amb-la-carretera-nacional-332\\\/\",\"name\":\"Santa Pola busca solucions per a millorar les seues connexions amb la carretera nacional 332 - Ajuntament de Santa Pola\",\"isPartOf\":{\"@id\":\"https:\\\/\\\/santapola.es\\\/ca\\\/#website\"},\"primaryImageOfPage\":{\"@id\":\"https:\\\/\\\/santapola.es\\\/ca\\\/santa-pola-busca-solucions-per-a-millorar-les-seues-connexions-amb-la-carretera-nacional-332\\\/#primaryimage\"},\"image\":{\"@id\":\"https:\\\/\\\/santapola.es\\\/ca\\\/santa-pola-busca-solucions-per-a-millorar-les-seues-connexions-amb-la-carretera-nacional-332\\\/#primaryimage\"},\"thumbnailUrl\":\"https:\\\/\\\/santapola.es\\\/wp-content\\\/uploads\\\/2026\\\/03\\\/Carreteras.jpeg\",\"datePublished\":\"2026-03-18T12:54:00+00:00\",\"author\":{\"@id\":\"https:\\\/\\\/santapola.es\\\/ca\\\/#\\\/schema\\\/person\\\/ad1d67403707b58350c7be5e8dbc442d\"},\"breadcrumb\":{\"@id\":\"https:\\\/\\\/santapola.es\\\/ca\\\/santa-pola-busca-solucions-per-a-millorar-les-seues-connexions-amb-la-carretera-nacional-332\\\/#breadcrumb\"},\"inLanguage\":\"ca\",\"potentialAction\":[{\"@type\":\"ReadAction\",\"target\":[\"https:\\\/\\\/santapola.es\\\/ca\\\/santa-pola-busca-solucions-per-a-millorar-les-seues-connexions-amb-la-carretera-nacional-332\\\/\"]}]},{\"@type\":\"ImageObject\",\"inLanguage\":\"ca\",\"@id\":\"https:\\\/\\\/santapola.es\\\/ca\\\/santa-pola-busca-solucions-per-a-millorar-les-seues-connexions-amb-la-carretera-nacional-332\\\/#primaryimage\",\"url\":\"https:\\\/\\\/santapola.es\\\/wp-content\\\/uploads\\\/2026\\\/03\\\/Carreteras.jpeg\",\"contentUrl\":\"https:\\\/\\\/santapola.es\\\/wp-content\\\/uploads\\\/2026\\\/03\\\/Carreteras.jpeg\",\"width\":1600,\"height\":1200},{\"@type\":\"BreadcrumbList\",\"@id\":\"https:\\\/\\\/santapola.es\\\/ca\\\/santa-pola-busca-solucions-per-a-millorar-les-seues-connexions-amb-la-carretera-nacional-332\\\/#breadcrumb\",\"itemListElement\":[{\"@type\":\"ListItem\",\"position\":1,\"name\":\"Inici\",\"item\":\"https:\\\/\\\/santapola.es\\\/ca\\\/\"},{\"@type\":\"ListItem\",\"position\":2,\"name\":\"Santa Pola busca solucions per a millorar les seues connexions amb la carretera nacional 332\"}]},{\"@type\":\"WebSite\",\"@id\":\"https:\\\/\\\/santapola.es\\\/ca\\\/#website\",\"url\":\"https:\\\/\\\/santapola.es\\\/ca\\\/\",\"name\":\"Ayuntamiento de Santa Pola\",\"description\":\"Web de l'Ajuntament de Santa Pola\",\"potentialAction\":[{\"@type\":\"SearchAction\",\"target\":{\"@type\":\"EntryPoint\",\"urlTemplate\":\"https:\\\/\\\/santapola.es\\\/ca\\\/?s={search_term_string}\"},\"query-input\":{\"@type\":\"PropertyValueSpecification\",\"valueRequired\":true,\"valueName\":\"search_term_string\"}}],\"inLanguage\":\"ca\"},{\"@type\":\"Person\",\"@id\":\"https:\\\/\\\/santapola.es\\\/ca\\\/#\\\/schema\\\/person\\\/ad1d67403707b58350c7be5e8dbc442d\",\"name\":\"Jos\u00e9 Juan L\u00f3pez Lafuente\"}]}<\/script>\n<!-- \/ Yoast SEO plugin. -->","yoast_head_json":{"title":"Santa Pola busca solucions per a millorar les seues connexions amb la carretera nacional 332 - Ajuntament de Santa Pola","robots":{"index":"index","follow":"follow","max-snippet":"max-snippet:-1","max-image-preview":"max-image-preview:large","max-video-preview":"max-video-preview:-1"},"canonical":"https:\/\/santapola.es\/ca\/santa-pola-busca-solucions-per-a-millorar-les-seues-connexions-amb-la-carretera-nacional-332\/","og_locale":"ca_ES","og_type":"article","og_title":"Santa Pola busca solucions per a millorar les seues connexions amb la carretera nacional 332 - Ajuntament de Santa Pola","og_description":"L&#8217;alcaldessa ha visitat la Unitat de Carreteres a Alacant reivindicant que es reprenga el projecte d&#8217;enlla\u00e7 al costat de l&#8217;hotel Roques Blanques, la incorporaci\u00f3 des de Gran Alacant, la connexi\u00f3 amb Platja Llisa i el desdoblament d&#8217;un dels punts negres amb m\u00e9s accidents de la prov\u00edncia.\u00a0 L&#8217;alcaldessa Loreto Serrano, acompanyada per la regidora de Tr\u00e0nsit [&hellip;]","og_url":"https:\/\/santapola.es\/ca\/santa-pola-busca-solucions-per-a-millorar-les-seues-connexions-amb-la-carretera-nacional-332\/","og_site_name":"Ajuntament de Santa Pola","article_publisher":"https:\/\/www.facebook.com\/AyuntamientoSantaPola\/","article_published_time":"2026-03-18T12:54:00+00:00","og_image":[{"width":1600,"height":1200,"url":"https:\/\/santapola.es\/wp-content\/uploads\/2026\/03\/Carreteras.jpeg","type":"image\/jpeg"}],"author":"Jos\u00e9 Juan L\u00f3pez Lafuente","twitter_card":"summary_large_image","twitter_creator":"@SantaPolaAyunt","twitter_site":"@SantaPolaAyunt","schema":{"@context":"https:\/\/schema.org","@graph":[{"@type":"Article","@id":"https:\/\/santapola.es\/ca\/santa-pola-busca-solucions-per-a-millorar-les-seues-connexions-amb-la-carretera-nacional-332\/#article","isPartOf":{"@id":"https:\/\/santapola.es\/ca\/santa-pola-busca-solucions-per-a-millorar-les-seues-connexions-amb-la-carretera-nacional-332\/"},"author":{"name":"Jos\u00e9 Juan L\u00f3pez Lafuente","@id":"https:\/\/santapola.es\/ca\/#\/schema\/person\/ad1d67403707b58350c7be5e8dbc442d"},"headline":"Santa Pola busca solucions per a millorar les seues connexions amb la carretera nacional 332","datePublished":"2026-03-18T12:54:00+00:00","mainEntityOfPage":{"@id":"https:\/\/santapola.es\/ca\/santa-pola-busca-solucions-per-a-millorar-les-seues-connexions-amb-la-carretera-nacional-332\/"},"wordCount":342,"image":{"@id":"https:\/\/santapola.es\/ca\/santa-pola-busca-solucions-per-a-millorar-les-seues-connexions-amb-la-carretera-nacional-332\/#primaryimage"},"thumbnailUrl":"https:\/\/santapola.es\/wp-content\/uploads\/2026\/03\/Carreteras.jpeg","keywords":["Ana Blasco","carretera N-332","Loreto Serrano"],"articleSection":["Tr\u00e0nsit"],"inLanguage":"ca"},{"@type":"WebPage","@id":"https:\/\/santapola.es\/ca\/santa-pola-busca-solucions-per-a-millorar-les-seues-connexions-amb-la-carretera-nacional-332\/","url":"https:\/\/santapola.es\/ca\/santa-pola-busca-solucions-per-a-millorar-les-seues-connexions-amb-la-carretera-nacional-332\/","name":"Santa Pola busca solucions per a millorar les seues connexions amb la carretera nacional 332 - Ajuntament de Santa Pola","isPartOf":{"@id":"https:\/\/santapola.es\/ca\/#website"},"primaryImageOfPage":{"@id":"https:\/\/santapola.es\/ca\/santa-pola-busca-solucions-per-a-millorar-les-seues-connexions-amb-la-carretera-nacional-332\/#primaryimage"},"image":{"@id":"https:\/\/santapola.es\/ca\/santa-pola-busca-solucions-per-a-millorar-les-seues-connexions-amb-la-carretera-nacional-332\/#primaryimage"},"thumbnailUrl":"https:\/\/santapola.es\/wp-content\/uploads\/2026\/03\/Carreteras.jpeg","datePublished":"2026-03-18T12:54:00+00:00","author":{"@id":"https:\/\/santapola.es\/ca\/#\/schema\/person\/ad1d67403707b58350c7be5e8dbc442d"},"breadcrumb":{"@id":"https:\/\/santapola.es\/ca\/santa-pola-busca-solucions-per-a-millorar-les-seues-connexions-amb-la-carretera-nacional-332\/#breadcrumb"},"inLanguage":"ca","potentialAction":[{"@type":"ReadAction","target":["https:\/\/santapola.es\/ca\/santa-pola-busca-solucions-per-a-millorar-les-seues-connexions-amb-la-carretera-nacional-332\/"]}]},{"@type":"ImageObject","inLanguage":"ca","@id":"https:\/\/santapola.es\/ca\/santa-pola-busca-solucions-per-a-millorar-les-seues-connexions-amb-la-carretera-nacional-332\/#primaryimage","url":"https:\/\/santapola.es\/wp-content\/uploads\/2026\/03\/Carreteras.jpeg","contentUrl":"https:\/\/santapola.es\/wp-content\/uploads\/2026\/03\/Carreteras.jpeg","width":1600,"height":1200},{"@type":"BreadcrumbList","@id":"https:\/\/santapola.es\/ca\/santa-pola-busca-solucions-per-a-millorar-les-seues-connexions-amb-la-carretera-nacional-332\/#breadcrumb","itemListElement":[{"@type":"ListItem","position":1,"name":"Inici","item":"https:\/\/santapola.es\/ca\/"},{"@type":"ListItem","position":2,"name":"Santa Pola busca solucions per a millorar les seues connexions amb la carretera nacional 332"}]},{"@type":"WebSite","@id":"https:\/\/santapola.es\/ca\/#website","url":"https:\/\/santapola.es\/ca\/","name":"Ayuntamiento de Santa Pola","description":"Web de l'Ajuntament de Santa Pola","potentialAction":[{"@type":"SearchAction","target":{"@type":"EntryPoint","urlTemplate":"https:\/\/santapola.es\/ca\/?s={search_term_string}"},"query-input":{"@type":"PropertyValueSpecification","valueRequired":true,"valueName":"search_term_string"}}],"inLanguage":"ca"},{"@type":"Person","@id":"https:\/\/santapola.es\/ca\/#\/schema\/person\/ad1d67403707b58350c7be5e8dbc442d","name":"Jos\u00e9 Juan L\u00f3pez Lafuente"}]}},"_links":{"self":[{"href":"https:\/\/santapola.es\/ca\/wp-json\/wp\/v2\/posts\/48126","targetHints":{"allow":["GET"]}}],"collection":[{"href":"https:\/\/santapola.es\/ca\/wp-json\/wp\/v2\/posts"}],"about":[{"href":"https:\/\/santapola.es\/ca\/wp-json\/wp\/v2\/types\/post"}],"author":[{"embeddable":true,"href":"https:\/\/santapola.es\/ca\/wp-json\/wp\/v2\/users\/96"}],"replies":[{"embeddable":true,"href":"https:\/\/santapola.es\/ca\/wp-json\/wp\/v2\/comments?post=48126"}],"version-history":[{"count":1,"href":"https:\/\/santapola.es\/ca\/wp-json\/wp\/v2\/posts\/48126\/revisions"}],"predecessor-version":[{"id":48130,"href":"https:\/\/santapola.es\/ca\/wp-json\/wp\/v2\/posts\/48126\/revisions\/48130"}],"wp:featuredmedia":[{"embeddable":true,"href":"https:\/\/santapola.es\/ca\/wp-json\/wp\/v2\/media\/48128"}],"wp:attachment":[{"href":"https:\/\/santapola.es\/ca\/wp-json\/wp\/v2\/media?parent=48126"}],"wp:term":[{"taxonomy":"category","embeddable":true,"href":"https:\/\/santapola.es\/ca\/wp-json\/wp\/v2\/categories?post=48126"},{"taxonomy":"post_tag","embeddable":true,"href":"https:\/\/santapola.es\/ca\/wp-json\/wp\/v2\/tags?post=48126"}],"curies":[{"name":"wp","href":"https:\/\/api.w.org\/{rel}","templated":true}]}}