{"id":48125,"date":"2026-03-18T13:53:35","date_gmt":"2026-03-18T12:53:35","guid":{"rendered":"https:\/\/santapola.es\/?p=48125"},"modified":"2026-03-18T13:53:35","modified_gmt":"2026-03-18T12:53:35","slug":"santa-pola-busca-soluciones-para-mejorar-sus-conexiones-con-la-carretera-nacional-332","status":"publish","type":"post","link":"https:\/\/santapola.es\/ca\/santa-pola-busca-soluciones-para-mejorar-sus-conexiones-con-la-carretera-nacional-332\/","title":{"rendered":"Santa Pola busca soluciones para mejorar sus conexiones con la carretera nacional 332"},"content":{"rendered":"<p><b>La alcaldesa ha visitado la Unidad de Carreteras en Alicante reivindicando que se retome el proyecto de enlace junto al hotel Rocas Blancas, la incorporaci\u00f3n desde Gran Alacant, la conexi\u00f3n con Playa Lisa y el desdoblamiento de uno de los puntos negros con m\u00e1s accidentes de la provincia.\u00a0<\/b><\/p>\n<p><span style=\"font-weight: 400;\">La alcaldesa Loreto Serrano, acompa\u00f1ada por la concejal de Tr\u00e1fico Ana Blasco y el letrado de urbanismo municipal Emilio Jord\u00e1n, ha mantenido una reuni\u00f3n con responsables de la Unidad de Carreteras del Estado en la Subdelegaci\u00f3n del Gobierno en Alicante para tratar asuntos relacionados con las conexiones de la carretera nacional 332 Alicante-Cartagena a su paso por Santa Pola.<\/span><\/p>\n<p><span style=\"font-weight: 400;\">El tema m\u00e1s importante que el Ayuntamiento intenta recuperar es el proyecto ahora paralizado por el Ministerio de Transportes y Movilidad Sostenible para la mejora del acceso desde la N-332 a la altura del hotel Rocas Blancas, uno de los puntos m\u00e1s negros del tr\u00e1fico en nuestra provincia por el n\u00famero de accidentes que registra.<\/span><\/p>\n<p><span style=\"font-weight: 400;\">Tambi\u00e9n se pusieron encima de la mesa el carril de aceleraci\u00f3n desde la salida de Gran Alacant en direcci\u00f3n hacia Alicante y el enlace de la carretera general a la altura de Playa Lisa, as\u00ed como el esperado desdoblamiento de esta v\u00eda tan importante que forma un cuello de botella a su paso por nuestro t\u00e9rmino municipal.<\/span><\/p>\n<p><span style=\"font-weight: 400;\">Seg\u00fan ha explicado la alcaldesa, \u201cen la Unidad de Carreteras de Alicante han atendido nuestras peticiones, pero nos remiten para poder desbloquear todos estos asuntos directamente a Madrid. No obstante, tras esta reuni\u00f3n estamos analizando si desde el mismo Ayuntamiento podemos, con el permiso del Ministerio, redactar el proyecto y ejecutar por nuestra cuenta las conexiones de Gran Alacant y Playa Lisa. Nuestra voluntad es dar soluci\u00f3n cuanto antes a estos problemas que para Santa Pola es muy importante resolver\u201d.<\/span><\/p>\n","protected":false},"excerpt":{"rendered":"<p>La alcaldesa ha visitado la Unidad de Carreteras en Alicante reivindicando que se retome el proyecto de enlace junto al hotel Rocas Blancas, la incorporaci\u00f3n desde Gran Alacant, la conexi\u00f3n con Playa Lisa y el desdoblamiento de uno de los puntos negros con m\u00e1s accidentes de la provincia.\u00a0 La alcaldesa Loreto Serrano, acompa\u00f1ada por la [&hellip;]<\/p>\n","protected":false},"author":96,"featured_media":48127,"comment_status":"closed","ping_status":"closed","sticky":false,"template":"","format":"standard","meta":{"_et_pb_use_builder":"","_et_pb_old_content":"","_et_gb_content_width":"","footnotes":""},"categories":[109],"tags":[110,1745,141],"class_list":["post-48125","post","type-post","status-publish","format-standard","has-post-thumbnail","hentry","category-trafico","tag-ana-blasco","tag-carretera-n-332","tag-loreto-serrano"],"yoast_head":"<!-- This site is optimized with the Yoast SEO plugin v27.4 - https:\/\/yoast.com\/product\/yoast-seo-wordpress\/ -->\n<title>Santa Pola busca soluciones para mejorar sus conexiones con la carretera nacional 332 - Ajuntament de Santa Pola<\/title>\n<meta name=\"robots\" content=\"index, follow, max-snippet:-1, max-image-preview:large, max-video-preview:-1\" \/>\n<link rel=\"canonical\" href=\"https:\/\/santapola.es\/ca\/santa-pola-busca-soluciones-para-mejorar-sus-conexiones-con-la-carretera-nacional-332\/\" \/>\n<meta property=\"og:locale\" content=\"ca_ES\" \/>\n<meta property=\"og:type\" content=\"article\" \/>\n<meta property=\"og:title\" content=\"Santa Pola busca soluciones para mejorar sus conexiones con la carretera nacional 332 - Ajuntament de Santa Pola\" \/>\n<meta property=\"og:description\" content=\"La alcaldesa ha visitado la Unidad de Carreteras en Alicante reivindicando que se retome el proyecto de enlace junto al hotel Rocas Blancas, la incorporaci\u00f3n desde Gran Alacant, la conexi\u00f3n con Playa Lisa y el desdoblamiento de uno de los puntos negros con m\u00e1s accidentes de la provincia.\u00a0 La alcaldesa Loreto Serrano, acompa\u00f1ada por la [&hellip;]\" \/>\n<meta property=\"og:url\" content=\"https:\/\/santapola.es\/ca\/santa-pola-busca-soluciones-para-mejorar-sus-conexiones-con-la-carretera-nacional-332\/\" \/>\n<meta property=\"og:site_name\" content=\"Ajuntament de Santa Pola\" \/>\n<meta property=\"article:publisher\" content=\"https:\/\/www.facebook.com\/AyuntamientoSantaPola\/\" \/>\n<meta property=\"article:published_time\" content=\"2026-03-18T12:53:35+00:00\" \/>\n<meta property=\"og:image\" content=\"https:\/\/santapola.es\/wp-content\/uploads\/2026\/03\/Carreteras.jpeg\" \/>\n\t<meta property=\"og:image:width\" content=\"1600\" \/>\n\t<meta property=\"og:image:height\" content=\"1200\" \/>\n\t<meta property=\"og:image:type\" content=\"image\/jpeg\" \/>\n<meta name=\"author\" content=\"Jos\u00e9 Juan L\u00f3pez Lafuente\" \/>\n<meta name=\"twitter:card\" content=\"summary_large_image\" \/>\n<meta name=\"twitter:creator\" content=\"@SantaPolaAyunt\" \/>\n<meta name=\"twitter:site\" content=\"@SantaPolaAyunt\" \/>\n<script type=\"application\/ld+json\" class=\"yoast-schema-graph\">{\"@context\":\"https:\\\/\\\/schema.org\",\"@graph\":[{\"@type\":\"Article\",\"@id\":\"https:\\\/\\\/santapola.es\\\/ca\\\/santa-pola-busca-soluciones-para-mejorar-sus-conexiones-con-la-carretera-nacional-332\\\/#article\",\"isPartOf\":{\"@id\":\"https:\\\/\\\/santapola.es\\\/ca\\\/santa-pola-busca-soluciones-para-mejorar-sus-conexiones-con-la-carretera-nacional-332\\\/\"},\"author\":{\"name\":\"Jos\u00e9 Juan L\u00f3pez Lafuente\",\"@id\":\"https:\\\/\\\/santapola.es\\\/ca\\\/#\\\/schema\\\/person\\\/ad1d67403707b58350c7be5e8dbc442d\"},\"headline\":\"Santa Pola busca soluciones para mejorar sus conexiones con la carretera nacional 332\",\"datePublished\":\"2026-03-18T12:53:35+00:00\",\"mainEntityOfPage\":{\"@id\":\"https:\\\/\\\/santapola.es\\\/ca\\\/santa-pola-busca-soluciones-para-mejorar-sus-conexiones-con-la-carretera-nacional-332\\\/\"},\"wordCount\":330,\"image\":{\"@id\":\"https:\\\/\\\/santapola.es\\\/ca\\\/santa-pola-busca-soluciones-para-mejorar-sus-conexiones-con-la-carretera-nacional-332\\\/#primaryimage\"},\"thumbnailUrl\":\"https:\\\/\\\/santapola.es\\\/wp-content\\\/uploads\\\/2026\\\/03\\\/Carreteras.jpeg\",\"keywords\":[\"Ana Blasco\",\"carretera N-332\",\"Loreto Serrano\"],\"articleSection\":[\"Tr\u00e1fico\"],\"inLanguage\":\"ca\"},{\"@type\":\"WebPage\",\"@id\":\"https:\\\/\\\/santapola.es\\\/ca\\\/santa-pola-busca-soluciones-para-mejorar-sus-conexiones-con-la-carretera-nacional-332\\\/\",\"url\":\"https:\\\/\\\/santapola.es\\\/ca\\\/santa-pola-busca-soluciones-para-mejorar-sus-conexiones-con-la-carretera-nacional-332\\\/\",\"name\":\"Santa Pola busca soluciones para mejorar sus conexiones con la carretera nacional 332 - Ajuntament de Santa Pola\",\"isPartOf\":{\"@id\":\"https:\\\/\\\/santapola.es\\\/ca\\\/#website\"},\"primaryImageOfPage\":{\"@id\":\"https:\\\/\\\/santapola.es\\\/ca\\\/santa-pola-busca-soluciones-para-mejorar-sus-conexiones-con-la-carretera-nacional-332\\\/#primaryimage\"},\"image\":{\"@id\":\"https:\\\/\\\/santapola.es\\\/ca\\\/santa-pola-busca-soluciones-para-mejorar-sus-conexiones-con-la-carretera-nacional-332\\\/#primaryimage\"},\"thumbnailUrl\":\"https:\\\/\\\/santapola.es\\\/wp-content\\\/uploads\\\/2026\\\/03\\\/Carreteras.jpeg\",\"datePublished\":\"2026-03-18T12:53:35+00:00\",\"author\":{\"@id\":\"https:\\\/\\\/santapola.es\\\/ca\\\/#\\\/schema\\\/person\\\/ad1d67403707b58350c7be5e8dbc442d\"},\"breadcrumb\":{\"@id\":\"https:\\\/\\\/santapola.es\\\/ca\\\/santa-pola-busca-soluciones-para-mejorar-sus-conexiones-con-la-carretera-nacional-332\\\/#breadcrumb\"},\"inLanguage\":\"ca\",\"potentialAction\":[{\"@type\":\"ReadAction\",\"target\":[\"https:\\\/\\\/santapola.es\\\/ca\\\/santa-pola-busca-soluciones-para-mejorar-sus-conexiones-con-la-carretera-nacional-332\\\/\"]}]},{\"@type\":\"ImageObject\",\"inLanguage\":\"ca\",\"@id\":\"https:\\\/\\\/santapola.es\\\/ca\\\/santa-pola-busca-soluciones-para-mejorar-sus-conexiones-con-la-carretera-nacional-332\\\/#primaryimage\",\"url\":\"https:\\\/\\\/santapola.es\\\/wp-content\\\/uploads\\\/2026\\\/03\\\/Carreteras.jpeg\",\"contentUrl\":\"https:\\\/\\\/santapola.es\\\/wp-content\\\/uploads\\\/2026\\\/03\\\/Carreteras.jpeg\",\"width\":1600,\"height\":1200},{\"@type\":\"BreadcrumbList\",\"@id\":\"https:\\\/\\\/santapola.es\\\/ca\\\/santa-pola-busca-soluciones-para-mejorar-sus-conexiones-con-la-carretera-nacional-332\\\/#breadcrumb\",\"itemListElement\":[{\"@type\":\"ListItem\",\"position\":1,\"name\":\"Inici\",\"item\":\"https:\\\/\\\/santapola.es\\\/ca\\\/\"},{\"@type\":\"ListItem\",\"position\":2,\"name\":\"Santa Pola busca soluciones para mejorar sus conexiones con la carretera nacional 332\"}]},{\"@type\":\"WebSite\",\"@id\":\"https:\\\/\\\/santapola.es\\\/ca\\\/#website\",\"url\":\"https:\\\/\\\/santapola.es\\\/ca\\\/\",\"name\":\"Ayuntamiento de Santa Pola\",\"description\":\"Web de l'Ajuntament de Santa Pola\",\"potentialAction\":[{\"@type\":\"SearchAction\",\"target\":{\"@type\":\"EntryPoint\",\"urlTemplate\":\"https:\\\/\\\/santapola.es\\\/ca\\\/?s={search_term_string}\"},\"query-input\":{\"@type\":\"PropertyValueSpecification\",\"valueRequired\":true,\"valueName\":\"search_term_string\"}}],\"inLanguage\":\"ca\"},{\"@type\":\"Person\",\"@id\":\"https:\\\/\\\/santapola.es\\\/ca\\\/#\\\/schema\\\/person\\\/ad1d67403707b58350c7be5e8dbc442d\",\"name\":\"Jos\u00e9 Juan L\u00f3pez Lafuente\"}]}<\/script>\n<!-- \/ Yoast SEO plugin. -->","yoast_head_json":{"title":"Santa Pola busca soluciones para mejorar sus conexiones con la carretera nacional 332 - Ajuntament de Santa Pola","robots":{"index":"index","follow":"follow","max-snippet":"max-snippet:-1","max-image-preview":"max-image-preview:large","max-video-preview":"max-video-preview:-1"},"canonical":"https:\/\/santapola.es\/ca\/santa-pola-busca-soluciones-para-mejorar-sus-conexiones-con-la-carretera-nacional-332\/","og_locale":"ca_ES","og_type":"article","og_title":"Santa Pola busca soluciones para mejorar sus conexiones con la carretera nacional 332 - Ajuntament de Santa Pola","og_description":"La alcaldesa ha visitado la Unidad de Carreteras en Alicante reivindicando que se retome el proyecto de enlace junto al hotel Rocas Blancas, la incorporaci\u00f3n desde Gran Alacant, la conexi\u00f3n con Playa Lisa y el desdoblamiento de uno de los puntos negros con m\u00e1s accidentes de la provincia.\u00a0 La alcaldesa Loreto Serrano, acompa\u00f1ada por la [&hellip;]","og_url":"https:\/\/santapola.es\/ca\/santa-pola-busca-soluciones-para-mejorar-sus-conexiones-con-la-carretera-nacional-332\/","og_site_name":"Ajuntament de Santa Pola","article_publisher":"https:\/\/www.facebook.com\/AyuntamientoSantaPola\/","article_published_time":"2026-03-18T12:53:35+00:00","og_image":[{"width":1600,"height":1200,"url":"https:\/\/santapola.es\/wp-content\/uploads\/2026\/03\/Carreteras.jpeg","type":"image\/jpeg"}],"author":"Jos\u00e9 Juan L\u00f3pez Lafuente","twitter_card":"summary_large_image","twitter_creator":"@SantaPolaAyunt","twitter_site":"@SantaPolaAyunt","schema":{"@context":"https:\/\/schema.org","@graph":[{"@type":"Article","@id":"https:\/\/santapola.es\/ca\/santa-pola-busca-soluciones-para-mejorar-sus-conexiones-con-la-carretera-nacional-332\/#article","isPartOf":{"@id":"https:\/\/santapola.es\/ca\/santa-pola-busca-soluciones-para-mejorar-sus-conexiones-con-la-carretera-nacional-332\/"},"author":{"name":"Jos\u00e9 Juan L\u00f3pez Lafuente","@id":"https:\/\/santapola.es\/ca\/#\/schema\/person\/ad1d67403707b58350c7be5e8dbc442d"},"headline":"Santa Pola busca soluciones para mejorar sus conexiones con la carretera nacional 332","datePublished":"2026-03-18T12:53:35+00:00","mainEntityOfPage":{"@id":"https:\/\/santapola.es\/ca\/santa-pola-busca-soluciones-para-mejorar-sus-conexiones-con-la-carretera-nacional-332\/"},"wordCount":330,"image":{"@id":"https:\/\/santapola.es\/ca\/santa-pola-busca-soluciones-para-mejorar-sus-conexiones-con-la-carretera-nacional-332\/#primaryimage"},"thumbnailUrl":"https:\/\/santapola.es\/wp-content\/uploads\/2026\/03\/Carreteras.jpeg","keywords":["Ana Blasco","carretera N-332","Loreto Serrano"],"articleSection":["Tr\u00e1fico"],"inLanguage":"ca"},{"@type":"WebPage","@id":"https:\/\/santapola.es\/ca\/santa-pola-busca-soluciones-para-mejorar-sus-conexiones-con-la-carretera-nacional-332\/","url":"https:\/\/santapola.es\/ca\/santa-pola-busca-soluciones-para-mejorar-sus-conexiones-con-la-carretera-nacional-332\/","name":"Santa Pola busca soluciones para mejorar sus conexiones con la carretera nacional 332 - Ajuntament de Santa Pola","isPartOf":{"@id":"https:\/\/santapola.es\/ca\/#website"},"primaryImageOfPage":{"@id":"https:\/\/santapola.es\/ca\/santa-pola-busca-soluciones-para-mejorar-sus-conexiones-con-la-carretera-nacional-332\/#primaryimage"},"image":{"@id":"https:\/\/santapola.es\/ca\/santa-pola-busca-soluciones-para-mejorar-sus-conexiones-con-la-carretera-nacional-332\/#primaryimage"},"thumbnailUrl":"https:\/\/santapola.es\/wp-content\/uploads\/2026\/03\/Carreteras.jpeg","datePublished":"2026-03-18T12:53:35+00:00","author":{"@id":"https:\/\/santapola.es\/ca\/#\/schema\/person\/ad1d67403707b58350c7be5e8dbc442d"},"breadcrumb":{"@id":"https:\/\/santapola.es\/ca\/santa-pola-busca-soluciones-para-mejorar-sus-conexiones-con-la-carretera-nacional-332\/#breadcrumb"},"inLanguage":"ca","potentialAction":[{"@type":"ReadAction","target":["https:\/\/santapola.es\/ca\/santa-pola-busca-soluciones-para-mejorar-sus-conexiones-con-la-carretera-nacional-332\/"]}]},{"@type":"ImageObject","inLanguage":"ca","@id":"https:\/\/santapola.es\/ca\/santa-pola-busca-soluciones-para-mejorar-sus-conexiones-con-la-carretera-nacional-332\/#primaryimage","url":"https:\/\/santapola.es\/wp-content\/uploads\/2026\/03\/Carreteras.jpeg","contentUrl":"https:\/\/santapola.es\/wp-content\/uploads\/2026\/03\/Carreteras.jpeg","width":1600,"height":1200},{"@type":"BreadcrumbList","@id":"https:\/\/santapola.es\/ca\/santa-pola-busca-soluciones-para-mejorar-sus-conexiones-con-la-carretera-nacional-332\/#breadcrumb","itemListElement":[{"@type":"ListItem","position":1,"name":"Inici","item":"https:\/\/santapola.es\/ca\/"},{"@type":"ListItem","position":2,"name":"Santa Pola busca soluciones para mejorar sus conexiones con la carretera nacional 332"}]},{"@type":"WebSite","@id":"https:\/\/santapola.es\/ca\/#website","url":"https:\/\/santapola.es\/ca\/","name":"Ayuntamiento de Santa Pola","description":"Web de l'Ajuntament de Santa Pola","potentialAction":[{"@type":"SearchAction","target":{"@type":"EntryPoint","urlTemplate":"https:\/\/santapola.es\/ca\/?s={search_term_string}"},"query-input":{"@type":"PropertyValueSpecification","valueRequired":true,"valueName":"search_term_string"}}],"inLanguage":"ca"},{"@type":"Person","@id":"https:\/\/santapola.es\/ca\/#\/schema\/person\/ad1d67403707b58350c7be5e8dbc442d","name":"Jos\u00e9 Juan L\u00f3pez Lafuente"}]}},"_links":{"self":[{"href":"https:\/\/santapola.es\/ca\/wp-json\/wp\/v2\/posts\/48125","targetHints":{"allow":["GET"]}}],"collection":[{"href":"https:\/\/santapola.es\/ca\/wp-json\/wp\/v2\/posts"}],"about":[{"href":"https:\/\/santapola.es\/ca\/wp-json\/wp\/v2\/types\/post"}],"author":[{"embeddable":true,"href":"https:\/\/santapola.es\/ca\/wp-json\/wp\/v2\/users\/96"}],"replies":[{"embeddable":true,"href":"https:\/\/santapola.es\/ca\/wp-json\/wp\/v2\/comments?post=48125"}],"version-history":[{"count":1,"href":"https:\/\/santapola.es\/ca\/wp-json\/wp\/v2\/posts\/48125\/revisions"}],"predecessor-version":[{"id":48129,"href":"https:\/\/santapola.es\/ca\/wp-json\/wp\/v2\/posts\/48125\/revisions\/48129"}],"wp:featuredmedia":[{"embeddable":true,"href":"https:\/\/santapola.es\/ca\/wp-json\/wp\/v2\/media\/48127"}],"wp:attachment":[{"href":"https:\/\/santapola.es\/ca\/wp-json\/wp\/v2\/media?parent=48125"}],"wp:term":[{"taxonomy":"category","embeddable":true,"href":"https:\/\/santapola.es\/ca\/wp-json\/wp\/v2\/categories?post=48125"},{"taxonomy":"post_tag","embeddable":true,"href":"https:\/\/santapola.es\/ca\/wp-json\/wp\/v2\/tags?post=48125"}],"curies":[{"name":"wp","href":"https:\/\/api.w.org\/{rel}","templated":true}]}}