{"id":48120,"date":"2026-03-18T13:01:40","date_gmt":"2026-03-18T12:01:40","guid":{"rendered":"https:\/\/santapola.es\/?p=48120"},"modified":"2026-03-18T13:01:40","modified_gmt":"2026-03-18T12:01:40","slug":"picasso-warhol-mariscal-tapies-chillida-o-barcelo-entre-altres-grans-artistes-desembarquen-en-el-museu-de-la-mar-de-santa-pola","status":"publish","type":"post","link":"https:\/\/santapola.es\/ca\/picasso-warhol-mariscal-tapies-chillida-o-barcelo-entre-altres-grans-artistes-desembarquen-en-el-museu-de-la-mar-de-santa-pola\/","title":{"rendered":"Picasso, Warhol, Mariscal, T\u00e0pies, Chillida o Barcel\u00f3, entre altres grans artistes, desembarquen en el Museu de la Mar de Santa Pola"},"content":{"rendered":"<p><strong>El Museu de la Mar de Santa Pola acull, a partir del 27 de mar\u00e7, l&#8217;exposici\u00f3 \u201c[Iter spirituale]. Dos col\u00b7leccions\u201d, un projecte que proposa un viatge per l&#8217;espiritualitat en l&#8217;art contemporani a trav\u00e9s d&#8217;una cuidada selecci\u00f3 d&#8217;obres procedents del Museu d\u2019Art Contemporani Vicent Aguilera i Cerni de Vilafam\u00e9s (MACVAC) i de la Col\u00b7lecci\u00f3 Mariano Poyatos Mora i Filomena De Lorenzo (Galeria Espai Nivi).\u00a0<\/strong><\/p>\n<p>La mostra, comissariada per Alejandro Ma\u00f1as Garc\u00eda i Laura Silvestre Garc\u00eda, professors i investigadors de la Universitat Polit\u00e8cnica de Val\u00e8ncia, s&#8217;inaugurar\u00e0 dijous que ve 27 de mar\u00e7 a les 19.00 hores en el Museu de la Mar de Santa Pola. \u200b<\/p>\n<p>Reunix per primera vegada a Santa Pola un conjunt significatiu d&#8217;artistes nacionals i internacionals com Nan Goldin, Picasso, Alberto Garc\u00eda-Alix, Inma Li\u00f1ana, Dar\u00edo Villalba, Takashi Murakami, Antonio Saura, Natividad Naval\u00f3n, Andy Warhol, Menchu Gal, Javier Mariscal, Jos\u00e9 Guerrero, Esteban Vicente, Elena Asins, Antoni T\u00e0pies, Juan Ort\u00ed, Marc Chagall, Laura Silleras, Giorgio Morandi, Jorge Us\u00e1n, Equip Cr\u00f2nica, Fernado Zobel, Jorge Oteiza, Ana Roussel, Eduardo Chillida, Mart\u00edn Chirino, Eva Lootz, Inma Femen\u00eda, Silvestre Moros, Isabel Trist\u00e1n o Miquel Barcel\u00f3, entre altres.<\/p>\n<p>Des de llenguatges i generacions molt diverses, aborden l&#8217;espiritualitat com una dimensi\u00f3 \u00edntima i, al mateix temps, profundament vinculada a l&#8217;experi\u00e8ncia col\u00b7lectiva. Moltes de les peces que es presenten s\u00f3n obres in\u00e8dites i recents incorporacions als fons del MACVAC i de la col\u00b7lecci\u00f3 Espai Nivi, la qual cosa convertix el projecte en una oportunitat \u00fanica per a con\u00e9ixer-les.<\/p>\n<p><strong>Un proc\u00e9s de busca<\/strong><\/p>\n<p>Articulada en quatre \u00e0mbits \u2014Cos, Rituals, Paisatges de l&#8217;\u00e0nima i Transcend\u00e8ncia\u2014, \u201c[Iter spirituale]. Dos col\u00b7leccions\u201d convida a rec\u00f3rrer un itinerari que va de l&#8217;experi\u00e8ncia m\u00e9s corporal i biogr\u00e0fica als territoris de l&#8217;abstracci\u00f3 i el signe. Com assenyalen els comissaris Alejandro Ma\u00f1as Garc\u00eda i Laura Silvestre Garc\u00eda, l&#8217;exposici\u00f3 \u201cno proposa un discurs tancat, sin\u00f3 un proc\u00e9s de busca, un viatge cap a dins en el qual cada obra es convertix en llindar i cada sala en un estatge que el visitant habita al seu propi ritme\u201d.<\/p>\n<p>El di\u00e0leg entre el MACVAC i la col\u00b7lecci\u00f3 Espai Nivi \u2014dos projectes que han constru\u00eft, des de la perif\u00e8ria i al llarg de d\u00e8cades des de la prov\u00edncia de Castell\u00f3, relats complementaris sobre la contemporane\u00eftat\u2014 \u00e9s un dels eixos centrals de la mostra. \u201cPer a nosaltres era fonamental \u2014apunten els comissaris\u2014 mostrar com dos col\u00b7leccions nascudes fora dels grans centres hegem\u00f2nics poden custodiar un patrimoni interior compartit, fet de riscos, afinitats i mem\u00f2ries que parlen del nostre temps des d&#8217;altres llocs\u201d. \u200b<\/p>\n<p><strong>Vocaci\u00f3 pedag\u00f2gica divulgadora<\/strong><\/p>\n<p>A la dimensi\u00f3 expositiva se suma tamb\u00e9 una clara vocaci\u00f3 pedag\u00f2gica divulgadora i de mediaci\u00f3 cultural, que convertix \u201c[Iter spirituale]. Dos col\u00b7leccions\u201d en una proposta especialment significativa per al p\u00fablic general, la comunitat educativa i el teixit cultural de la comarca.<\/p>\n<p>El projecte refor\u00e7a el paper del Museu de la Mar de Santa Pola com a espai de trobada entre territori i contemporane\u00eftat, i consolida ponts entre institucions, col\u00b7leccionistes i artistes que, com confirmen Ma\u00f1as i Silvestre, entenen l&#8217;art com un lloc privilegiat per a pensar qui som i quin horitz\u00f3 com\u00fa desitgem construir. \u200b<\/p>\n<p>En un context marcat per l&#8217;acceleraci\u00f3, l&#8217;hiperconectividad i la sensaci\u00f3 de fragilitat, \u201c[Iter spirituale]. Dos col\u00b7leccions\u201d planteja l&#8217;espiritualitat no com a refugi evasiu, sin\u00f3 com una forma d&#8217;atenci\u00f3 i d&#8217;escolta, un mode de repensar la relaci\u00f3 entre cos, comunitat i paisatge interior. Tal com subratllen Ma\u00f1as i Silvestre, \u201cl&#8217;exposici\u00f3 apel\u00b7la a la capacitat de commoure&#8217;s i de fer de l&#8217;art una pr\u00e0ctica d&#8217;autoconeixement compartit\u201d. \u200b<\/p>\n<p>La mostra podr\u00e0 visitar-se en el Museu de la Mar de Santa Pola a partir del 27 de mar\u00e7, en l&#8217;horari habitual del centre de dimarts a dissabte (10.00 \u2013 13:00h | 16.00 \u2013 19:00h) i diumenges (11:00h \u2013 13:30h), romanent exposada fins al 18 de maig.<\/p>\n","protected":false},"excerpt":{"rendered":"<p>El Museu de la Mar de Santa Pola acull, a partir del 27 de mar\u00e7, l&#8217;exposici\u00f3 \u201c[Iter spirituale]. Dos col\u00b7leccions\u201d, un projecte que proposa un viatge per l&#8217;espiritualitat en l&#8217;art contemporani a trav\u00e9s d&#8217;una cuidada selecci\u00f3 d&#8217;obres procedents del Museu d\u2019Art Contemporani Vicent Aguilera i Cerni de Vilafam\u00e9s (MACVAC) i de la Col\u00b7lecci\u00f3 Mariano Poyatos [&hellip;]<\/p>\n","protected":false},"author":96,"featured_media":48118,"comment_status":"closed","ping_status":"closed","sticky":false,"template":"","format":"standard","meta":{"_et_pb_use_builder":"","_et_pb_old_content":"","_et_gb_content_width":"","footnotes":""},"categories":[433],"tags":[1813,517],"class_list":["post-48120","post","type-post","status-publish","format-standard","has-post-thumbnail","hentry","category-cultura-ca","tag-exposicions","tag-museu-de-la-mar"],"yoast_head":"<!-- This site is optimized with the Yoast SEO plugin v27.4 - https:\/\/yoast.com\/product\/yoast-seo-wordpress\/ -->\n<title>Picasso, Warhol, Mariscal, T\u00e0pies, Chillida o Barcel\u00f3, entre altres grans artistes, desembarquen en el Museu de la Mar de Santa Pola - Ajuntament de Santa Pola<\/title>\n<meta name=\"robots\" content=\"index, follow, max-snippet:-1, max-image-preview:large, max-video-preview:-1\" \/>\n<link rel=\"canonical\" href=\"https:\/\/santapola.es\/ca\/picasso-warhol-mariscal-tapies-chillida-o-barcelo-entre-altres-grans-artistes-desembarquen-en-el-museu-de-la-mar-de-santa-pola\/\" \/>\n<meta property=\"og:locale\" content=\"ca_ES\" \/>\n<meta property=\"og:type\" content=\"article\" \/>\n<meta property=\"og:title\" content=\"Picasso, Warhol, Mariscal, T\u00e0pies, Chillida o Barcel\u00f3, entre altres grans artistes, desembarquen en el Museu de la Mar de Santa Pola - Ajuntament de Santa Pola\" \/>\n<meta property=\"og:description\" content=\"El Museu de la Mar de Santa Pola acull, a partir del 27 de mar\u00e7, l&#8217;exposici\u00f3 \u201c[Iter spirituale]. Dos col\u00b7leccions\u201d, un projecte que proposa un viatge per l&#8217;espiritualitat en l&#8217;art contemporani a trav\u00e9s d&#8217;una cuidada selecci\u00f3 d&#8217;obres procedents del Museu d\u2019Art Contemporani Vicent Aguilera i Cerni de Vilafam\u00e9s (MACVAC) i de la Col\u00b7lecci\u00f3 Mariano Poyatos [&hellip;]\" \/>\n<meta property=\"og:url\" content=\"https:\/\/santapola.es\/ca\/picasso-warhol-mariscal-tapies-chillida-o-barcelo-entre-altres-grans-artistes-desembarquen-en-el-museu-de-la-mar-de-santa-pola\/\" \/>\n<meta property=\"og:site_name\" content=\"Ajuntament de Santa Pola\" \/>\n<meta property=\"article:publisher\" content=\"https:\/\/www.facebook.com\/AyuntamientoSantaPola\/\" \/>\n<meta property=\"article:published_time\" content=\"2026-03-18T12:01:40+00:00\" \/>\n<meta property=\"og:image\" content=\"https:\/\/santapola.es\/wp-content\/uploads\/2026\/03\/Mariscal_1.jpg\" \/>\n\t<meta property=\"og:image:width\" content=\"1920\" \/>\n\t<meta property=\"og:image:height\" content=\"1306\" \/>\n\t<meta property=\"og:image:type\" content=\"image\/jpeg\" \/>\n<meta name=\"author\" content=\"Jos\u00e9 Juan L\u00f3pez Lafuente\" \/>\n<meta name=\"twitter:card\" content=\"summary_large_image\" \/>\n<meta name=\"twitter:creator\" content=\"@SantaPolaAyunt\" \/>\n<meta name=\"twitter:site\" content=\"@SantaPolaAyunt\" \/>\n<script type=\"application\/ld+json\" class=\"yoast-schema-graph\">{\"@context\":\"https:\\\/\\\/schema.org\",\"@graph\":[{\"@type\":\"Article\",\"@id\":\"https:\\\/\\\/santapola.es\\\/ca\\\/picasso-warhol-mariscal-tapies-chillida-o-barcelo-entre-altres-grans-artistes-desembarquen-en-el-museu-de-la-mar-de-santa-pola\\\/#article\",\"isPartOf\":{\"@id\":\"https:\\\/\\\/santapola.es\\\/ca\\\/picasso-warhol-mariscal-tapies-chillida-o-barcelo-entre-altres-grans-artistes-desembarquen-en-el-museu-de-la-mar-de-santa-pola\\\/\"},\"author\":{\"name\":\"Jos\u00e9 Juan L\u00f3pez Lafuente\",\"@id\":\"https:\\\/\\\/santapola.es\\\/ca\\\/#\\\/schema\\\/person\\\/ad1d67403707b58350c7be5e8dbc442d\"},\"headline\":\"Picasso, Warhol, Mariscal, T\u00e0pies, Chillida o Barcel\u00f3, entre altres grans artistes, desembarquen en el Museu de la Mar de Santa Pola\",\"datePublished\":\"2026-03-18T12:01:40+00:00\",\"mainEntityOfPage\":{\"@id\":\"https:\\\/\\\/santapola.es\\\/ca\\\/picasso-warhol-mariscal-tapies-chillida-o-barcelo-entre-altres-grans-artistes-desembarquen-en-el-museu-de-la-mar-de-santa-pola\\\/\"},\"wordCount\":713,\"image\":{\"@id\":\"https:\\\/\\\/santapola.es\\\/ca\\\/picasso-warhol-mariscal-tapies-chillida-o-barcelo-entre-altres-grans-artistes-desembarquen-en-el-museu-de-la-mar-de-santa-pola\\\/#primaryimage\"},\"thumbnailUrl\":\"https:\\\/\\\/santapola.es\\\/wp-content\\\/uploads\\\/2026\\\/03\\\/Mariscal_1.jpg\",\"keywords\":[\"exposicions\",\"Museu de la Mar\"],\"articleSection\":[\"Cultura\"],\"inLanguage\":\"ca\"},{\"@type\":\"WebPage\",\"@id\":\"https:\\\/\\\/santapola.es\\\/ca\\\/picasso-warhol-mariscal-tapies-chillida-o-barcelo-entre-altres-grans-artistes-desembarquen-en-el-museu-de-la-mar-de-santa-pola\\\/\",\"url\":\"https:\\\/\\\/santapola.es\\\/ca\\\/picasso-warhol-mariscal-tapies-chillida-o-barcelo-entre-altres-grans-artistes-desembarquen-en-el-museu-de-la-mar-de-santa-pola\\\/\",\"name\":\"Picasso, Warhol, Mariscal, T\u00e0pies, Chillida o Barcel\u00f3, entre altres grans artistes, desembarquen en el Museu de la Mar de Santa Pola - Ajuntament de Santa Pola\",\"isPartOf\":{\"@id\":\"https:\\\/\\\/santapola.es\\\/ca\\\/#website\"},\"primaryImageOfPage\":{\"@id\":\"https:\\\/\\\/santapola.es\\\/ca\\\/picasso-warhol-mariscal-tapies-chillida-o-barcelo-entre-altres-grans-artistes-desembarquen-en-el-museu-de-la-mar-de-santa-pola\\\/#primaryimage\"},\"image\":{\"@id\":\"https:\\\/\\\/santapola.es\\\/ca\\\/picasso-warhol-mariscal-tapies-chillida-o-barcelo-entre-altres-grans-artistes-desembarquen-en-el-museu-de-la-mar-de-santa-pola\\\/#primaryimage\"},\"thumbnailUrl\":\"https:\\\/\\\/santapola.es\\\/wp-content\\\/uploads\\\/2026\\\/03\\\/Mariscal_1.jpg\",\"datePublished\":\"2026-03-18T12:01:40+00:00\",\"author\":{\"@id\":\"https:\\\/\\\/santapola.es\\\/ca\\\/#\\\/schema\\\/person\\\/ad1d67403707b58350c7be5e8dbc442d\"},\"breadcrumb\":{\"@id\":\"https:\\\/\\\/santapola.es\\\/ca\\\/picasso-warhol-mariscal-tapies-chillida-o-barcelo-entre-altres-grans-artistes-desembarquen-en-el-museu-de-la-mar-de-santa-pola\\\/#breadcrumb\"},\"inLanguage\":\"ca\",\"potentialAction\":[{\"@type\":\"ReadAction\",\"target\":[\"https:\\\/\\\/santapola.es\\\/ca\\\/picasso-warhol-mariscal-tapies-chillida-o-barcelo-entre-altres-grans-artistes-desembarquen-en-el-museu-de-la-mar-de-santa-pola\\\/\"]}]},{\"@type\":\"ImageObject\",\"inLanguage\":\"ca\",\"@id\":\"https:\\\/\\\/santapola.es\\\/ca\\\/picasso-warhol-mariscal-tapies-chillida-o-barcelo-entre-altres-grans-artistes-desembarquen-en-el-museu-de-la-mar-de-santa-pola\\\/#primaryimage\",\"url\":\"https:\\\/\\\/santapola.es\\\/wp-content\\\/uploads\\\/2026\\\/03\\\/Mariscal_1.jpg\",\"contentUrl\":\"https:\\\/\\\/santapola.es\\\/wp-content\\\/uploads\\\/2026\\\/03\\\/Mariscal_1.jpg\",\"width\":1920,\"height\":1306},{\"@type\":\"BreadcrumbList\",\"@id\":\"https:\\\/\\\/santapola.es\\\/ca\\\/picasso-warhol-mariscal-tapies-chillida-o-barcelo-entre-altres-grans-artistes-desembarquen-en-el-museu-de-la-mar-de-santa-pola\\\/#breadcrumb\",\"itemListElement\":[{\"@type\":\"ListItem\",\"position\":1,\"name\":\"Inici\",\"item\":\"https:\\\/\\\/santapola.es\\\/ca\\\/\"},{\"@type\":\"ListItem\",\"position\":2,\"name\":\"Picasso, Warhol, Mariscal, T\u00e0pies, Chillida o Barcel\u00f3, entre altres grans artistes, desembarquen en el Museu de la Mar de Santa Pola\"}]},{\"@type\":\"WebSite\",\"@id\":\"https:\\\/\\\/santapola.es\\\/ca\\\/#website\",\"url\":\"https:\\\/\\\/santapola.es\\\/ca\\\/\",\"name\":\"Ayuntamiento de Santa Pola\",\"description\":\"Web de l'Ajuntament de Santa Pola\",\"potentialAction\":[{\"@type\":\"SearchAction\",\"target\":{\"@type\":\"EntryPoint\",\"urlTemplate\":\"https:\\\/\\\/santapola.es\\\/ca\\\/?s={search_term_string}\"},\"query-input\":{\"@type\":\"PropertyValueSpecification\",\"valueRequired\":true,\"valueName\":\"search_term_string\"}}],\"inLanguage\":\"ca\"},{\"@type\":\"Person\",\"@id\":\"https:\\\/\\\/santapola.es\\\/ca\\\/#\\\/schema\\\/person\\\/ad1d67403707b58350c7be5e8dbc442d\",\"name\":\"Jos\u00e9 Juan L\u00f3pez Lafuente\"}]}<\/script>\n<!-- \/ Yoast SEO plugin. -->","yoast_head_json":{"title":"Picasso, Warhol, Mariscal, T\u00e0pies, Chillida o Barcel\u00f3, entre altres grans artistes, desembarquen en el Museu de la Mar de Santa Pola - Ajuntament de Santa Pola","robots":{"index":"index","follow":"follow","max-snippet":"max-snippet:-1","max-image-preview":"max-image-preview:large","max-video-preview":"max-video-preview:-1"},"canonical":"https:\/\/santapola.es\/ca\/picasso-warhol-mariscal-tapies-chillida-o-barcelo-entre-altres-grans-artistes-desembarquen-en-el-museu-de-la-mar-de-santa-pola\/","og_locale":"ca_ES","og_type":"article","og_title":"Picasso, Warhol, Mariscal, T\u00e0pies, Chillida o Barcel\u00f3, entre altres grans artistes, desembarquen en el Museu de la Mar de Santa Pola - Ajuntament de Santa Pola","og_description":"El Museu de la Mar de Santa Pola acull, a partir del 27 de mar\u00e7, l&#8217;exposici\u00f3 \u201c[Iter spirituale]. Dos col\u00b7leccions\u201d, un projecte que proposa un viatge per l&#8217;espiritualitat en l&#8217;art contemporani a trav\u00e9s d&#8217;una cuidada selecci\u00f3 d&#8217;obres procedents del Museu d\u2019Art Contemporani Vicent Aguilera i Cerni de Vilafam\u00e9s (MACVAC) i de la Col\u00b7lecci\u00f3 Mariano Poyatos [&hellip;]","og_url":"https:\/\/santapola.es\/ca\/picasso-warhol-mariscal-tapies-chillida-o-barcelo-entre-altres-grans-artistes-desembarquen-en-el-museu-de-la-mar-de-santa-pola\/","og_site_name":"Ajuntament de Santa Pola","article_publisher":"https:\/\/www.facebook.com\/AyuntamientoSantaPola\/","article_published_time":"2026-03-18T12:01:40+00:00","og_image":[{"width":1920,"height":1306,"url":"https:\/\/santapola.es\/wp-content\/uploads\/2026\/03\/Mariscal_1.jpg","type":"image\/jpeg"}],"author":"Jos\u00e9 Juan L\u00f3pez Lafuente","twitter_card":"summary_large_image","twitter_creator":"@SantaPolaAyunt","twitter_site":"@SantaPolaAyunt","schema":{"@context":"https:\/\/schema.org","@graph":[{"@type":"Article","@id":"https:\/\/santapola.es\/ca\/picasso-warhol-mariscal-tapies-chillida-o-barcelo-entre-altres-grans-artistes-desembarquen-en-el-museu-de-la-mar-de-santa-pola\/#article","isPartOf":{"@id":"https:\/\/santapola.es\/ca\/picasso-warhol-mariscal-tapies-chillida-o-barcelo-entre-altres-grans-artistes-desembarquen-en-el-museu-de-la-mar-de-santa-pola\/"},"author":{"name":"Jos\u00e9 Juan L\u00f3pez Lafuente","@id":"https:\/\/santapola.es\/ca\/#\/schema\/person\/ad1d67403707b58350c7be5e8dbc442d"},"headline":"Picasso, Warhol, Mariscal, T\u00e0pies, Chillida o Barcel\u00f3, entre altres grans artistes, desembarquen en el Museu de la Mar de Santa Pola","datePublished":"2026-03-18T12:01:40+00:00","mainEntityOfPage":{"@id":"https:\/\/santapola.es\/ca\/picasso-warhol-mariscal-tapies-chillida-o-barcelo-entre-altres-grans-artistes-desembarquen-en-el-museu-de-la-mar-de-santa-pola\/"},"wordCount":713,"image":{"@id":"https:\/\/santapola.es\/ca\/picasso-warhol-mariscal-tapies-chillida-o-barcelo-entre-altres-grans-artistes-desembarquen-en-el-museu-de-la-mar-de-santa-pola\/#primaryimage"},"thumbnailUrl":"https:\/\/santapola.es\/wp-content\/uploads\/2026\/03\/Mariscal_1.jpg","keywords":["exposicions","Museu de la Mar"],"articleSection":["Cultura"],"inLanguage":"ca"},{"@type":"WebPage","@id":"https:\/\/santapola.es\/ca\/picasso-warhol-mariscal-tapies-chillida-o-barcelo-entre-altres-grans-artistes-desembarquen-en-el-museu-de-la-mar-de-santa-pola\/","url":"https:\/\/santapola.es\/ca\/picasso-warhol-mariscal-tapies-chillida-o-barcelo-entre-altres-grans-artistes-desembarquen-en-el-museu-de-la-mar-de-santa-pola\/","name":"Picasso, Warhol, Mariscal, T\u00e0pies, Chillida o Barcel\u00f3, entre altres grans artistes, desembarquen en el Museu de la Mar de Santa Pola - Ajuntament de Santa Pola","isPartOf":{"@id":"https:\/\/santapola.es\/ca\/#website"},"primaryImageOfPage":{"@id":"https:\/\/santapola.es\/ca\/picasso-warhol-mariscal-tapies-chillida-o-barcelo-entre-altres-grans-artistes-desembarquen-en-el-museu-de-la-mar-de-santa-pola\/#primaryimage"},"image":{"@id":"https:\/\/santapola.es\/ca\/picasso-warhol-mariscal-tapies-chillida-o-barcelo-entre-altres-grans-artistes-desembarquen-en-el-museu-de-la-mar-de-santa-pola\/#primaryimage"},"thumbnailUrl":"https:\/\/santapola.es\/wp-content\/uploads\/2026\/03\/Mariscal_1.jpg","datePublished":"2026-03-18T12:01:40+00:00","author":{"@id":"https:\/\/santapola.es\/ca\/#\/schema\/person\/ad1d67403707b58350c7be5e8dbc442d"},"breadcrumb":{"@id":"https:\/\/santapola.es\/ca\/picasso-warhol-mariscal-tapies-chillida-o-barcelo-entre-altres-grans-artistes-desembarquen-en-el-museu-de-la-mar-de-santa-pola\/#breadcrumb"},"inLanguage":"ca","potentialAction":[{"@type":"ReadAction","target":["https:\/\/santapola.es\/ca\/picasso-warhol-mariscal-tapies-chillida-o-barcelo-entre-altres-grans-artistes-desembarquen-en-el-museu-de-la-mar-de-santa-pola\/"]}]},{"@type":"ImageObject","inLanguage":"ca","@id":"https:\/\/santapola.es\/ca\/picasso-warhol-mariscal-tapies-chillida-o-barcelo-entre-altres-grans-artistes-desembarquen-en-el-museu-de-la-mar-de-santa-pola\/#primaryimage","url":"https:\/\/santapola.es\/wp-content\/uploads\/2026\/03\/Mariscal_1.jpg","contentUrl":"https:\/\/santapola.es\/wp-content\/uploads\/2026\/03\/Mariscal_1.jpg","width":1920,"height":1306},{"@type":"BreadcrumbList","@id":"https:\/\/santapola.es\/ca\/picasso-warhol-mariscal-tapies-chillida-o-barcelo-entre-altres-grans-artistes-desembarquen-en-el-museu-de-la-mar-de-santa-pola\/#breadcrumb","itemListElement":[{"@type":"ListItem","position":1,"name":"Inici","item":"https:\/\/santapola.es\/ca\/"},{"@type":"ListItem","position":2,"name":"Picasso, Warhol, Mariscal, T\u00e0pies, Chillida o Barcel\u00f3, entre altres grans artistes, desembarquen en el Museu de la Mar de Santa Pola"}]},{"@type":"WebSite","@id":"https:\/\/santapola.es\/ca\/#website","url":"https:\/\/santapola.es\/ca\/","name":"Ayuntamiento de Santa Pola","description":"Web de l'Ajuntament de Santa Pola","potentialAction":[{"@type":"SearchAction","target":{"@type":"EntryPoint","urlTemplate":"https:\/\/santapola.es\/ca\/?s={search_term_string}"},"query-input":{"@type":"PropertyValueSpecification","valueRequired":true,"valueName":"search_term_string"}}],"inLanguage":"ca"},{"@type":"Person","@id":"https:\/\/santapola.es\/ca\/#\/schema\/person\/ad1d67403707b58350c7be5e8dbc442d","name":"Jos\u00e9 Juan L\u00f3pez Lafuente"}]}},"_links":{"self":[{"href":"https:\/\/santapola.es\/ca\/wp-json\/wp\/v2\/posts\/48120","targetHints":{"allow":["GET"]}}],"collection":[{"href":"https:\/\/santapola.es\/ca\/wp-json\/wp\/v2\/posts"}],"about":[{"href":"https:\/\/santapola.es\/ca\/wp-json\/wp\/v2\/types\/post"}],"author":[{"embeddable":true,"href":"https:\/\/santapola.es\/ca\/wp-json\/wp\/v2\/users\/96"}],"replies":[{"embeddable":true,"href":"https:\/\/santapola.es\/ca\/wp-json\/wp\/v2\/comments?post=48120"}],"version-history":[{"count":1,"href":"https:\/\/santapola.es\/ca\/wp-json\/wp\/v2\/posts\/48120\/revisions"}],"predecessor-version":[{"id":48121,"href":"https:\/\/santapola.es\/ca\/wp-json\/wp\/v2\/posts\/48120\/revisions\/48121"}],"wp:featuredmedia":[{"embeddable":true,"href":"https:\/\/santapola.es\/ca\/wp-json\/wp\/v2\/media\/48118"}],"wp:attachment":[{"href":"https:\/\/santapola.es\/ca\/wp-json\/wp\/v2\/media?parent=48120"}],"wp:term":[{"taxonomy":"category","embeddable":true,"href":"https:\/\/santapola.es\/ca\/wp-json\/wp\/v2\/categories?post=48120"},{"taxonomy":"post_tag","embeddable":true,"href":"https:\/\/santapola.es\/ca\/wp-json\/wp\/v2\/tags?post=48120"}],"curies":[{"name":"wp","href":"https:\/\/api.w.org\/{rel}","templated":true}]}}