{"id":48054,"date":"2026-03-17T12:21:07","date_gmt":"2026-03-17T11:21:07","guid":{"rendered":"https:\/\/santapola.es\/?p=48054"},"modified":"2026-03-17T12:21:07","modified_gmt":"2026-03-17T11:21:07","slug":"ajuntament-i-confraria-de-pescadors-demanden-a-valencia-actuacions-urgents-en-el-port-de-santa-pola","status":"publish","type":"post","link":"https:\/\/santapola.es\/ca\/ajuntament-i-confraria-de-pescadors-demanden-a-valencia-actuacions-urgents-en-el-port-de-santa-pola\/","title":{"rendered":"Ajuntament i Confraria de Pescadors demanden a Val\u00e8ncia actuacions urgents en el port de Santa Pola"},"content":{"rendered":"<p><strong>L&#8217;alcaldessa, el regidor de Pesca i membres de la Confraria de Pescadors es reunixen a Val\u00e8ncia amb la direcci\u00f3 General de Ports i la subdirecci\u00f3 general de Pesca, en demanda de millores urgents en les infraestructures del port de Santa Pola.\u00a0<\/strong><\/p>\n<p>L&#8217;alcaldessa Loreto Serrano, acompanyada pel regidor de Pesca \u00c1ngel Piedecausa i com a representants de la Confraria de Pescadors el seu patr\u00f3 major, Jos\u00e9 L\u00f3pez, i el seu secretari, Jos\u00e9 Antonio D\u00edez, s&#8217;han reunit a Val\u00e8ncia amb el director general de Ports, Marc Garc\u00eda Manzana, i el subdirector general de Pesca, Francisco Beltr\u00e1n.<\/p>\n<p>En l&#8217;orde del dia de la trobada figuraven diverses reivindicacions per part de la Confraria de Pescadors de Santa Pola relacionades amb la millora del port i de les condicions de treball dels mariners.<\/p>\n<p>Entre les m\u00e9s importants cal destacar, segons expressa el patr\u00f3 major, \u201cla seguretat en el port, que est\u00e0 obert a tot transe\u00fcnt tot el dia i, especialment a l&#8217;estiu, es convertix en lloc social dels j\u00f3vens i altres persones que realitzen actes de vandalisme. Ens han trencat arts de pesca, s&#8217;han pujat als vaixells, ens han robat, han trencat llunes de cotxes, etc\u201d. Des de la mateixa Confraria s&#8217;ha presentat un projecte de tancat del recinte portuari que est\u00e0 sent estudiat per Ports.<\/p>\n<p>Tamb\u00e9 han sol\u00b7licitat l&#8217;optimitzaci\u00f3 d&#8217;alguns recursos. Per exemple, la proximitat entre la gasolinera i la f\u00e0brica de gel provoca que quan un vaixell est\u00e0 repostant combustible no pot fer gel al mateix temps, per la qual cosa s&#8217;ha proposat una modificaci\u00f3 perqu\u00e8 es puguen compaginar els dos subministraments. A la direcci\u00f3 general de Ports s&#8217;ha sol\u00b7licitat a m\u00e9s la instal\u00b7laci\u00f3 de m\u00e9s punts de presa de llum de terra, sent insuficients els actualment existents, la renovaci\u00f3 del generador del port, la substituci\u00f3 de *norays en mal estat, la reparaci\u00f3 del formig\u00f3 en el cantil del moll i de les portes d&#8217;algunes casetes de pertrets trencades pel vandalisme.<\/p>\n<p>Per part seua, la subdirecci\u00f3 general de Pesca s&#8217;encarregar\u00e0 de millorar les zones d&#8217;ombra on treballen els xarxers i la possibilitat d&#8217;instal\u00b7lar un punt net.<\/p>\n<p>Altres temes plantejats i que s&#8217;estudiaran s\u00f3n el mal estat del pantal\u00e0 d&#8217;arts menors, la falta de personal de neteja i recollida de residus i els contenidors d&#8217;escombraries de l&#8217;Illa de Tabarca.<\/p>\n<p>Segons ha comentat l&#8217;alcaldessa, \u201cel resultat de la reuni\u00f3 \u00e9s positiu perqu\u00e8 tenim el comprom\u00eds que es duran a terme de manera r\u00e0pida algunes accions, per exemple l&#8217;adequaci\u00f3 de l&#8217;amarrament a la f\u00e0brica de gel, i des de Ports i Pesca es prendran les mesures necess\u00e0ries per a donar soluci\u00f3 als problemes plantejats per la Confraria de Pescadors\u201d.<\/p>\n<p><strong>Estaci\u00f3 N\u00e0utica i Vatasa<\/strong><\/p>\n<p>Altres assumptes tractats en la reuni\u00f3 van ser la situaci\u00f3 de les obres de l&#8217;Estaci\u00f3 N\u00e0utica de les tabarqueres, que van quedar paralitzades per la suspensi\u00f3 de pagaments de l&#8217;empresa adjudicat\u00e0ria. Loreto Serrano va explicar que \u201cels tr\u00e0mits per a suspendre el contracte i reprendre les obres estan sent molt complicats encara que sembla que ja es veu el final del cam\u00ed. S&#8217;ha proposat que les obres siguen finalitzades per l&#8217;empresa p\u00fablica Tragsa, ja es compta amb l&#8217;informe favorable del Consell Jur\u00eddic Consultiu de la Comunitat Valenciana i continuen avan\u00e7ant els tr\u00e0mits per a la resoluci\u00f3 d&#8217;este problema\u201d.<\/p>\n<p>Finalment, l&#8217;Ajuntament de Santa Pola es va interessar per l&#8217;estat de la sol\u00b7licitud que la Generalitat Valenciana ha fet al Govern d&#8217;Espanya perqu\u00e8 li transferisca les compet\u00e8ncies en mat\u00e8ria de Costas per a gestionar el seu litoral, la qual cosa permetria a Santa Pola tindre un interlocutor m\u00e9s obert a consensuar futures actuacions en la zona de l&#8217;antic varador Vatasa, immersa ara en un desenrotllament de futur al costat de la pedrera gr\u00e0cies a un projecte europeu de j\u00f3vens arquitectes premiat en el concurs Europan 18.<\/p>\n","protected":false},"excerpt":{"rendered":"<p>L&#8217;alcaldessa, el regidor de Pesca i membres de la Confraria de Pescadors es reunixen a Val\u00e8ncia amb la direcci\u00f3 General de Ports i la subdirecci\u00f3 general de Pesca, en demanda de millores urgents en les infraestructures del port de Santa Pola.\u00a0 L&#8217;alcaldessa Loreto Serrano, acompanyada pel regidor de Pesca \u00c1ngel Piedecausa i com a representants [&hellip;]<\/p>\n","protected":false},"author":96,"featured_media":48055,"comment_status":"closed","ping_status":"closed","sticky":false,"template":"","format":"standard","meta":{"_et_pb_use_builder":"","_et_pb_old_content":"","_et_gb_content_width":"","footnotes":""},"categories":[882],"tags":[581,1560,487],"class_list":["post-48054","post","type-post","status-publish","format-standard","has-post-thumbnail","hentry","category-pesca-2","tag-angel-piedecausa-ca","tag-confraria-de-pescadors","tag-loreto-serrano-ca"],"yoast_head":"<!-- This site is optimized with the Yoast SEO plugin v27.4 - https:\/\/yoast.com\/product\/yoast-seo-wordpress\/ -->\n<title>Ajuntament i Confraria de Pescadors demanden a Val\u00e8ncia actuacions urgents en el port de Santa Pola - Ajuntament de Santa Pola<\/title>\n<meta name=\"robots\" content=\"index, follow, max-snippet:-1, max-image-preview:large, max-video-preview:-1\" \/>\n<link rel=\"canonical\" href=\"https:\/\/santapola.es\/ca\/ajuntament-i-confraria-de-pescadors-demanden-a-valencia-actuacions-urgents-en-el-port-de-santa-pola\/\" \/>\n<meta property=\"og:locale\" content=\"ca_ES\" \/>\n<meta property=\"og:type\" content=\"article\" \/>\n<meta property=\"og:title\" content=\"Ajuntament i Confraria de Pescadors demanden a Val\u00e8ncia actuacions urgents en el port de Santa Pola - Ajuntament de Santa Pola\" \/>\n<meta property=\"og:description\" content=\"L&#8217;alcaldessa, el regidor de Pesca i membres de la Confraria de Pescadors es reunixen a Val\u00e8ncia amb la direcci\u00f3 General de Ports i la subdirecci\u00f3 general de Pesca, en demanda de millores urgents en les infraestructures del port de Santa Pola.\u00a0 L&#8217;alcaldessa Loreto Serrano, acompanyada pel regidor de Pesca \u00c1ngel Piedecausa i com a representants [&hellip;]\" \/>\n<meta property=\"og:url\" content=\"https:\/\/santapola.es\/ca\/ajuntament-i-confraria-de-pescadors-demanden-a-valencia-actuacions-urgents-en-el-port-de-santa-pola\/\" \/>\n<meta property=\"og:site_name\" content=\"Ajuntament de Santa Pola\" \/>\n<meta property=\"article:publisher\" content=\"https:\/\/www.facebook.com\/AyuntamientoSantaPola\/\" \/>\n<meta property=\"article:published_time\" content=\"2026-03-17T11:21:07+00:00\" \/>\n<meta property=\"og:image\" content=\"https:\/\/santapola.es\/wp-content\/uploads\/2026\/03\/2026-03-17-reunion-puerto.jpeg\" \/>\n\t<meta property=\"og:image:width\" content=\"2040\" \/>\n\t<meta property=\"og:image:height\" content=\"1530\" \/>\n\t<meta property=\"og:image:type\" content=\"image\/jpeg\" \/>\n<meta name=\"author\" content=\"Jos\u00e9 Juan L\u00f3pez Lafuente\" \/>\n<meta name=\"twitter:card\" content=\"summary_large_image\" \/>\n<meta name=\"twitter:creator\" content=\"@SantaPolaAyunt\" \/>\n<meta name=\"twitter:site\" content=\"@SantaPolaAyunt\" \/>\n<script type=\"application\/ld+json\" class=\"yoast-schema-graph\">{\"@context\":\"https:\\\/\\\/schema.org\",\"@graph\":[{\"@type\":\"Article\",\"@id\":\"https:\\\/\\\/santapola.es\\\/ca\\\/ajuntament-i-confraria-de-pescadors-demanden-a-valencia-actuacions-urgents-en-el-port-de-santa-pola\\\/#article\",\"isPartOf\":{\"@id\":\"https:\\\/\\\/santapola.es\\\/ca\\\/ajuntament-i-confraria-de-pescadors-demanden-a-valencia-actuacions-urgents-en-el-port-de-santa-pola\\\/\"},\"author\":{\"name\":\"Jos\u00e9 Juan L\u00f3pez Lafuente\",\"@id\":\"https:\\\/\\\/santapola.es\\\/ca\\\/#\\\/schema\\\/person\\\/ad1d67403707b58350c7be5e8dbc442d\"},\"headline\":\"Ajuntament i Confraria de Pescadors demanden a Val\u00e8ncia actuacions urgents en el port de Santa Pola\",\"datePublished\":\"2026-03-17T11:21:07+00:00\",\"mainEntityOfPage\":{\"@id\":\"https:\\\/\\\/santapola.es\\\/ca\\\/ajuntament-i-confraria-de-pescadors-demanden-a-valencia-actuacions-urgents-en-el-port-de-santa-pola\\\/\"},\"wordCount\":704,\"image\":{\"@id\":\"https:\\\/\\\/santapola.es\\\/ca\\\/ajuntament-i-confraria-de-pescadors-demanden-a-valencia-actuacions-urgents-en-el-port-de-santa-pola\\\/#primaryimage\"},\"thumbnailUrl\":\"https:\\\/\\\/santapola.es\\\/wp-content\\\/uploads\\\/2026\\\/03\\\/2026-03-17-reunion-puerto.jpeg\",\"keywords\":[\"\u00c1ngel Piedecausa\",\"Confraria de Pescadors\",\"Loreto Serrano\"],\"articleSection\":[\"Pesca\"],\"inLanguage\":\"ca\"},{\"@type\":\"WebPage\",\"@id\":\"https:\\\/\\\/santapola.es\\\/ca\\\/ajuntament-i-confraria-de-pescadors-demanden-a-valencia-actuacions-urgents-en-el-port-de-santa-pola\\\/\",\"url\":\"https:\\\/\\\/santapola.es\\\/ca\\\/ajuntament-i-confraria-de-pescadors-demanden-a-valencia-actuacions-urgents-en-el-port-de-santa-pola\\\/\",\"name\":\"Ajuntament i Confraria de Pescadors demanden a Val\u00e8ncia actuacions urgents en el port de Santa Pola - Ajuntament de Santa Pola\",\"isPartOf\":{\"@id\":\"https:\\\/\\\/santapola.es\\\/ca\\\/#website\"},\"primaryImageOfPage\":{\"@id\":\"https:\\\/\\\/santapola.es\\\/ca\\\/ajuntament-i-confraria-de-pescadors-demanden-a-valencia-actuacions-urgents-en-el-port-de-santa-pola\\\/#primaryimage\"},\"image\":{\"@id\":\"https:\\\/\\\/santapola.es\\\/ca\\\/ajuntament-i-confraria-de-pescadors-demanden-a-valencia-actuacions-urgents-en-el-port-de-santa-pola\\\/#primaryimage\"},\"thumbnailUrl\":\"https:\\\/\\\/santapola.es\\\/wp-content\\\/uploads\\\/2026\\\/03\\\/2026-03-17-reunion-puerto.jpeg\",\"datePublished\":\"2026-03-17T11:21:07+00:00\",\"author\":{\"@id\":\"https:\\\/\\\/santapola.es\\\/ca\\\/#\\\/schema\\\/person\\\/ad1d67403707b58350c7be5e8dbc442d\"},\"breadcrumb\":{\"@id\":\"https:\\\/\\\/santapola.es\\\/ca\\\/ajuntament-i-confraria-de-pescadors-demanden-a-valencia-actuacions-urgents-en-el-port-de-santa-pola\\\/#breadcrumb\"},\"inLanguage\":\"ca\",\"potentialAction\":[{\"@type\":\"ReadAction\",\"target\":[\"https:\\\/\\\/santapola.es\\\/ca\\\/ajuntament-i-confraria-de-pescadors-demanden-a-valencia-actuacions-urgents-en-el-port-de-santa-pola\\\/\"]}]},{\"@type\":\"ImageObject\",\"inLanguage\":\"ca\",\"@id\":\"https:\\\/\\\/santapola.es\\\/ca\\\/ajuntament-i-confraria-de-pescadors-demanden-a-valencia-actuacions-urgents-en-el-port-de-santa-pola\\\/#primaryimage\",\"url\":\"https:\\\/\\\/santapola.es\\\/wp-content\\\/uploads\\\/2026\\\/03\\\/2026-03-17-reunion-puerto.jpeg\",\"contentUrl\":\"https:\\\/\\\/santapola.es\\\/wp-content\\\/uploads\\\/2026\\\/03\\\/2026-03-17-reunion-puerto.jpeg\",\"width\":2040,\"height\":1530},{\"@type\":\"BreadcrumbList\",\"@id\":\"https:\\\/\\\/santapola.es\\\/ca\\\/ajuntament-i-confraria-de-pescadors-demanden-a-valencia-actuacions-urgents-en-el-port-de-santa-pola\\\/#breadcrumb\",\"itemListElement\":[{\"@type\":\"ListItem\",\"position\":1,\"name\":\"Inici\",\"item\":\"https:\\\/\\\/santapola.es\\\/ca\\\/\"},{\"@type\":\"ListItem\",\"position\":2,\"name\":\"Ajuntament i Confraria de Pescadors demanden a Val\u00e8ncia actuacions urgents en el port de Santa Pola\"}]},{\"@type\":\"WebSite\",\"@id\":\"https:\\\/\\\/santapola.es\\\/ca\\\/#website\",\"url\":\"https:\\\/\\\/santapola.es\\\/ca\\\/\",\"name\":\"Ayuntamiento de Santa Pola\",\"description\":\"Web de l'Ajuntament de Santa Pola\",\"potentialAction\":[{\"@type\":\"SearchAction\",\"target\":{\"@type\":\"EntryPoint\",\"urlTemplate\":\"https:\\\/\\\/santapola.es\\\/ca\\\/?s={search_term_string}\"},\"query-input\":{\"@type\":\"PropertyValueSpecification\",\"valueRequired\":true,\"valueName\":\"search_term_string\"}}],\"inLanguage\":\"ca\"},{\"@type\":\"Person\",\"@id\":\"https:\\\/\\\/santapola.es\\\/ca\\\/#\\\/schema\\\/person\\\/ad1d67403707b58350c7be5e8dbc442d\",\"name\":\"Jos\u00e9 Juan L\u00f3pez Lafuente\"}]}<\/script>\n<!-- \/ Yoast SEO plugin. -->","yoast_head_json":{"title":"Ajuntament i Confraria de Pescadors demanden a Val\u00e8ncia actuacions urgents en el port de Santa Pola - Ajuntament de Santa Pola","robots":{"index":"index","follow":"follow","max-snippet":"max-snippet:-1","max-image-preview":"max-image-preview:large","max-video-preview":"max-video-preview:-1"},"canonical":"https:\/\/santapola.es\/ca\/ajuntament-i-confraria-de-pescadors-demanden-a-valencia-actuacions-urgents-en-el-port-de-santa-pola\/","og_locale":"ca_ES","og_type":"article","og_title":"Ajuntament i Confraria de Pescadors demanden a Val\u00e8ncia actuacions urgents en el port de Santa Pola - Ajuntament de Santa Pola","og_description":"L&#8217;alcaldessa, el regidor de Pesca i membres de la Confraria de Pescadors es reunixen a Val\u00e8ncia amb la direcci\u00f3 General de Ports i la subdirecci\u00f3 general de Pesca, en demanda de millores urgents en les infraestructures del port de Santa Pola.\u00a0 L&#8217;alcaldessa Loreto Serrano, acompanyada pel regidor de Pesca \u00c1ngel Piedecausa i com a representants [&hellip;]","og_url":"https:\/\/santapola.es\/ca\/ajuntament-i-confraria-de-pescadors-demanden-a-valencia-actuacions-urgents-en-el-port-de-santa-pola\/","og_site_name":"Ajuntament de Santa Pola","article_publisher":"https:\/\/www.facebook.com\/AyuntamientoSantaPola\/","article_published_time":"2026-03-17T11:21:07+00:00","og_image":[{"width":2040,"height":1530,"url":"https:\/\/santapola.es\/wp-content\/uploads\/2026\/03\/2026-03-17-reunion-puerto.jpeg","type":"image\/jpeg"}],"author":"Jos\u00e9 Juan L\u00f3pez Lafuente","twitter_card":"summary_large_image","twitter_creator":"@SantaPolaAyunt","twitter_site":"@SantaPolaAyunt","schema":{"@context":"https:\/\/schema.org","@graph":[{"@type":"Article","@id":"https:\/\/santapola.es\/ca\/ajuntament-i-confraria-de-pescadors-demanden-a-valencia-actuacions-urgents-en-el-port-de-santa-pola\/#article","isPartOf":{"@id":"https:\/\/santapola.es\/ca\/ajuntament-i-confraria-de-pescadors-demanden-a-valencia-actuacions-urgents-en-el-port-de-santa-pola\/"},"author":{"name":"Jos\u00e9 Juan L\u00f3pez Lafuente","@id":"https:\/\/santapola.es\/ca\/#\/schema\/person\/ad1d67403707b58350c7be5e8dbc442d"},"headline":"Ajuntament i Confraria de Pescadors demanden a Val\u00e8ncia actuacions urgents en el port de Santa Pola","datePublished":"2026-03-17T11:21:07+00:00","mainEntityOfPage":{"@id":"https:\/\/santapola.es\/ca\/ajuntament-i-confraria-de-pescadors-demanden-a-valencia-actuacions-urgents-en-el-port-de-santa-pola\/"},"wordCount":704,"image":{"@id":"https:\/\/santapola.es\/ca\/ajuntament-i-confraria-de-pescadors-demanden-a-valencia-actuacions-urgents-en-el-port-de-santa-pola\/#primaryimage"},"thumbnailUrl":"https:\/\/santapola.es\/wp-content\/uploads\/2026\/03\/2026-03-17-reunion-puerto.jpeg","keywords":["\u00c1ngel Piedecausa","Confraria de Pescadors","Loreto Serrano"],"articleSection":["Pesca"],"inLanguage":"ca"},{"@type":"WebPage","@id":"https:\/\/santapola.es\/ca\/ajuntament-i-confraria-de-pescadors-demanden-a-valencia-actuacions-urgents-en-el-port-de-santa-pola\/","url":"https:\/\/santapola.es\/ca\/ajuntament-i-confraria-de-pescadors-demanden-a-valencia-actuacions-urgents-en-el-port-de-santa-pola\/","name":"Ajuntament i Confraria de Pescadors demanden a Val\u00e8ncia actuacions urgents en el port de Santa Pola - Ajuntament de Santa Pola","isPartOf":{"@id":"https:\/\/santapola.es\/ca\/#website"},"primaryImageOfPage":{"@id":"https:\/\/santapola.es\/ca\/ajuntament-i-confraria-de-pescadors-demanden-a-valencia-actuacions-urgents-en-el-port-de-santa-pola\/#primaryimage"},"image":{"@id":"https:\/\/santapola.es\/ca\/ajuntament-i-confraria-de-pescadors-demanden-a-valencia-actuacions-urgents-en-el-port-de-santa-pola\/#primaryimage"},"thumbnailUrl":"https:\/\/santapola.es\/wp-content\/uploads\/2026\/03\/2026-03-17-reunion-puerto.jpeg","datePublished":"2026-03-17T11:21:07+00:00","author":{"@id":"https:\/\/santapola.es\/ca\/#\/schema\/person\/ad1d67403707b58350c7be5e8dbc442d"},"breadcrumb":{"@id":"https:\/\/santapola.es\/ca\/ajuntament-i-confraria-de-pescadors-demanden-a-valencia-actuacions-urgents-en-el-port-de-santa-pola\/#breadcrumb"},"inLanguage":"ca","potentialAction":[{"@type":"ReadAction","target":["https:\/\/santapola.es\/ca\/ajuntament-i-confraria-de-pescadors-demanden-a-valencia-actuacions-urgents-en-el-port-de-santa-pola\/"]}]},{"@type":"ImageObject","inLanguage":"ca","@id":"https:\/\/santapola.es\/ca\/ajuntament-i-confraria-de-pescadors-demanden-a-valencia-actuacions-urgents-en-el-port-de-santa-pola\/#primaryimage","url":"https:\/\/santapola.es\/wp-content\/uploads\/2026\/03\/2026-03-17-reunion-puerto.jpeg","contentUrl":"https:\/\/santapola.es\/wp-content\/uploads\/2026\/03\/2026-03-17-reunion-puerto.jpeg","width":2040,"height":1530},{"@type":"BreadcrumbList","@id":"https:\/\/santapola.es\/ca\/ajuntament-i-confraria-de-pescadors-demanden-a-valencia-actuacions-urgents-en-el-port-de-santa-pola\/#breadcrumb","itemListElement":[{"@type":"ListItem","position":1,"name":"Inici","item":"https:\/\/santapola.es\/ca\/"},{"@type":"ListItem","position":2,"name":"Ajuntament i Confraria de Pescadors demanden a Val\u00e8ncia actuacions urgents en el port de Santa Pola"}]},{"@type":"WebSite","@id":"https:\/\/santapola.es\/ca\/#website","url":"https:\/\/santapola.es\/ca\/","name":"Ayuntamiento de Santa Pola","description":"Web de l'Ajuntament de Santa Pola","potentialAction":[{"@type":"SearchAction","target":{"@type":"EntryPoint","urlTemplate":"https:\/\/santapola.es\/ca\/?s={search_term_string}"},"query-input":{"@type":"PropertyValueSpecification","valueRequired":true,"valueName":"search_term_string"}}],"inLanguage":"ca"},{"@type":"Person","@id":"https:\/\/santapola.es\/ca\/#\/schema\/person\/ad1d67403707b58350c7be5e8dbc442d","name":"Jos\u00e9 Juan L\u00f3pez Lafuente"}]}},"_links":{"self":[{"href":"https:\/\/santapola.es\/ca\/wp-json\/wp\/v2\/posts\/48054","targetHints":{"allow":["GET"]}}],"collection":[{"href":"https:\/\/santapola.es\/ca\/wp-json\/wp\/v2\/posts"}],"about":[{"href":"https:\/\/santapola.es\/ca\/wp-json\/wp\/v2\/types\/post"}],"author":[{"embeddable":true,"href":"https:\/\/santapola.es\/ca\/wp-json\/wp\/v2\/users\/96"}],"replies":[{"embeddable":true,"href":"https:\/\/santapola.es\/ca\/wp-json\/wp\/v2\/comments?post=48054"}],"version-history":[{"count":1,"href":"https:\/\/santapola.es\/ca\/wp-json\/wp\/v2\/posts\/48054\/revisions"}],"predecessor-version":[{"id":48058,"href":"https:\/\/santapola.es\/ca\/wp-json\/wp\/v2\/posts\/48054\/revisions\/48058"}],"wp:featuredmedia":[{"embeddable":true,"href":"https:\/\/santapola.es\/ca\/wp-json\/wp\/v2\/media\/48055"}],"wp:attachment":[{"href":"https:\/\/santapola.es\/ca\/wp-json\/wp\/v2\/media?parent=48054"}],"wp:term":[{"taxonomy":"category","embeddable":true,"href":"https:\/\/santapola.es\/ca\/wp-json\/wp\/v2\/categories?post=48054"},{"taxonomy":"post_tag","embeddable":true,"href":"https:\/\/santapola.es\/ca\/wp-json\/wp\/v2\/tags?post=48054"}],"curies":[{"name":"wp","href":"https:\/\/api.w.org\/{rel}","templated":true}]}}