{"id":47353,"date":"2026-01-29T12:39:39","date_gmt":"2026-01-29T11:39:39","guid":{"rendered":"https:\/\/santapola.es\/?p=47353"},"modified":"2026-01-29T12:39:53","modified_gmt":"2026-01-29T11:39:53","slug":"santa-pola-esta-implantant-nous-parquings-intel%c2%b7ligents-financats-al-100-amb-fons-europeus-pstd","status":"publish","type":"post","link":"https:\/\/santapola.es\/ca\/santa-pola-esta-implantant-nous-parquings-intel%c2%b7ligents-financats-al-100-amb-fons-europeus-pstd\/","title":{"rendered":"Santa Pola est\u00e0 implantant nous p\u00e0rquings intel\u00b7ligents finan\u00e7ats al 100% amb fons europeus PSTD"},"content":{"rendered":"<p><strong>Mitjan\u00e7ant sensors i c\u00e0meres de comptatge, els visitants rebuts a Santa Pola poden con\u00e9ixer la disponibilitat de places lliures en els diferents p\u00e0rquings p\u00fablics. Els tres aparcaments en els quals s&#8217;est\u00e0 implantant este sistema continuaran sent totalment gratu\u00efts com fins ara, malgrat els dubtes sembrats en xarxes socials. El funcionament del mercat ambulant de Biguetes no es veur\u00e0 afectat i continuar\u00e0 funcionant exactament igual tots els dilluns i dissabtes.<\/strong><\/p>\n<p>L&#8217;Ajuntament de Santa Pola est\u00e0 implantant un sistema de p\u00e0rquings intel\u00b7ligents en diferents zones del municipi, una actuaci\u00f3 que no suposa cap cost per a l&#8217;Ajuntament ni per a la ciutadania, ja que \u00e9s finan\u00e7ada al 100% a trav\u00e9s del Pla de Sostenibilitat Tur\u00edstica en Dest\u00ed (PSTD).<\/p>\n<p>L&#8217;import de l&#8217;adjudicaci\u00f3 ascendix a 96.800 \u20ac euros i est\u00e0 permetent la implantaci\u00f3 d&#8217;esta soluci\u00f3 tecnol\u00f2gica en tres zones clau: el p\u00e0rquing Mercat ambulant Biguetes (en la zona del mercat ambulant, entre la carretera Elx-Santa Pola i l&#8217;Avinguda d&#8217;Albacete), el p\u00e0rquing del carrer Sevilla amb Juan Sebasti\u00e1n Elcano i el p\u00e0rquing entre els instituts. Segons la valoraci\u00f3 dels t\u00e8cnics especialitzats, este tipus de sistemes est\u00e0 concebut per a la seua instal\u00b7laci\u00f3 en espais de circuit tancat, no resultant adequat per al seu \u00fas en vies o carrers oberts al tr\u00e0nsit.<\/p>\n<p><strong>Un projecte estrat\u00e8gic alineat amb la sostenibilitat i la innovaci\u00f3<\/strong><\/p>\n<p>Les actuacions finan\u00e7ades a trav\u00e9s del PSTD no es trien de manera discrecional, sin\u00f3 que venen definides per etiquetes i requisits espec\u00edfics, especialment en mat\u00e8ria d&#8217;efici\u00e8ncia energ\u00e8tica, sostenibilitat, digitalitzaci\u00f3 i accessibilitat.<\/p>\n<p>Este projecte forma part d&#8217;una l\u00ednia estrat\u00e8gica que es treballa des de fa m\u00e9s de sis anys, alineada amb la planificaci\u00f3 estatal i auton\u00f2mica i amb iniciatives similars que s&#8217;estan desenrotllant en altres destinacions tur\u00edstiques.<\/p>\n<p><strong>Millora de la senyalitzaci\u00f3 i gesti\u00f3 intel\u00b7ligent de l&#8217;estacionament<\/strong><\/p>\n<p>Mitjan\u00e7ant la sensoritzaci\u00f3, els visitants rebuts a Santa Pola poden con\u00e9ixer la disponibilitat de places lliures en els diferents p\u00e0rquings p\u00fablics del dest\u00ed, afavorint la satisfacci\u00f3 de l&#8217;usuari, reduint la pressi\u00f3 mediambiental i emissions que s&#8217;exercix a causa del temps emprat en la busca d&#8217;aparcament i millorant la imatge del dest\u00ed. L&#8217;actuaci\u00f3 tamb\u00e9 inclou la millora de la senyalitzaci\u00f3 de les zones d&#8217;aparcament, que fins ara no es trobaven correctament ordenades.<\/p>\n<p>La instal\u00b7laci\u00f3 de nodes d&#8217;aparcament intel\u00b7ligents (que inclouen sensors en places PMR i cambres de comptatge per a places est\u00e0ndard) permet con\u00e9ixer en temps real els nivells d&#8217;ocupaci\u00f3 de cada p\u00e0rquing intervingut, els moments de major aflu\u00e8ncia depenent de la zona o l&#8217;\u00e8poca, entre altres aspectes que repercutixen directament en una gesti\u00f3 m\u00e9s optimitzada i eficient del dest\u00ed.<\/p>\n<p>En este sentit, amb les dades obtingudes es pot dirigir el tr\u00e0nsit rodat cap a altres punts del municipi amb menor pressi\u00f3, aix\u00ed com aplicar altres mesures de seguretat i planificaci\u00f3.<\/p>\n<p>Aix\u00ed mateix, la implantaci\u00f3 del p\u00e0rquing intel\u00b7ligent en Biguetes no afecta en cap cas al desenrotllament dels mercats ambulants, que se celebren amb total normalitat i en les mateixes condicions habituals tots els dilluns i dissabtes, sense modificacions en la seua ubicaci\u00f3 ni en el seu funcionament.<\/p>\n<p><strong>Una actuaci\u00f3 sense cost per a la ciutadania<\/strong><\/p>\n<p>El futur de les ciutats ve marcat per esta mena d&#8217;actuacions i innovacions, que milloren la imatge del municipi a cost zero per al ciutad\u00e0, fomenten una gesti\u00f3 m\u00e9s eficient dels recursos i reforcen la posici\u00f3 de Santa Pola com un referent en innovaci\u00f3 i Destinaci\u00f3 Tur\u00edstica Intel\u00b7ligent.<\/p>\n<p>Des de l&#8217;Ajuntament es recorda que tota la informaci\u00f3 relativa als projectes finan\u00e7ats amb fons PSTD \u00e9s p\u00fablica i pot consultar-se en la plataforma de contractaci\u00f3 de l&#8217;Estat.<\/p>\n<p>Esta informaci\u00f3 \u00e9s accessible tamb\u00e9 per a tots els grups pol\u00edtics municipals que vulguen preocupar-se a consultar-la, garantint la transpar\u00e8ncia del proc\u00e9s i evitant alarmar innecess\u00e0riament a la poblaci\u00f3 com est\u00e0 fent a trav\u00e9s de les xarxes socials.<\/p>\n","protected":false},"excerpt":{"rendered":"<p>Mitjan\u00e7ant sensors i c\u00e0meres de comptatge, els visitants rebuts a Santa Pola poden con\u00e9ixer la disponibilitat de places lliures en els diferents p\u00e0rquings p\u00fablics. Els tres aparcaments en els quals s&#8217;est\u00e0 implantant este sistema continuaran sent totalment gratu\u00efts com fins ara, malgrat els dubtes sembrats en xarxes socials. El funcionament del mercat ambulant de Biguetes [&hellip;]<\/p>\n","protected":false},"author":96,"featured_media":47356,"comment_status":"closed","ping_status":"closed","sticky":false,"template":"","format":"standard","meta":{"_et_pb_use_builder":"","_et_pb_old_content":"","_et_gb_content_width":"","footnotes":""},"categories":[1590,1591,440,589],"tags":[1744,1148],"class_list":["post-47353","post","type-post","status-publish","format-standard","has-post-thumbnail","hentry","category-next-generation-eu-2","category-pla-de-recuperacio","category-transit","category-turisme","tag-parquings-intelligents","tag-pla-de-sostenibilitat-turistica-en-desti"],"yoast_head":"<!-- This site is optimized with the Yoast SEO plugin v27.4 - https:\/\/yoast.com\/product\/yoast-seo-wordpress\/ -->\n<title>Santa Pola est\u00e0 implantant nous p\u00e0rquings intel\u00b7ligents finan\u00e7ats al 100% amb fons europeus PSTD - Ajuntament de Santa Pola<\/title>\n<meta name=\"robots\" content=\"index, follow, max-snippet:-1, max-image-preview:large, max-video-preview:-1\" \/>\n<link rel=\"canonical\" href=\"https:\/\/santapola.es\/ca\/santa-pola-esta-implantant-nous-parquings-intel%c2%b7ligents-financats-al-100-amb-fons-europeus-pstd\/\" \/>\n<meta property=\"og:locale\" content=\"ca_ES\" \/>\n<meta property=\"og:type\" content=\"article\" \/>\n<meta property=\"og:title\" content=\"Santa Pola est\u00e0 implantant nous p\u00e0rquings intel\u00b7ligents finan\u00e7ats al 100% amb fons europeus PSTD - Ajuntament de Santa Pola\" \/>\n<meta property=\"og:description\" content=\"Mitjan\u00e7ant sensors i c\u00e0meres de comptatge, els visitants rebuts a Santa Pola poden con\u00e9ixer la disponibilitat de places lliures en els diferents p\u00e0rquings p\u00fablics. Els tres aparcaments en els quals s&#8217;est\u00e0 implantant este sistema continuaran sent totalment gratu\u00efts com fins ara, malgrat els dubtes sembrats en xarxes socials. El funcionament del mercat ambulant de Biguetes [&hellip;]\" \/>\n<meta property=\"og:url\" content=\"https:\/\/santapola.es\/ca\/santa-pola-esta-implantant-nous-parquings-intel%c2%b7ligents-financats-al-100-amb-fons-europeus-pstd\/\" \/>\n<meta property=\"og:site_name\" content=\"Ajuntament de Santa Pola\" \/>\n<meta property=\"article:publisher\" content=\"https:\/\/www.facebook.com\/AyuntamientoSantaPola\/\" \/>\n<meta property=\"article:published_time\" content=\"2026-01-29T11:39:39+00:00\" \/>\n<meta property=\"article:modified_time\" content=\"2026-01-29T11:39:53+00:00\" \/>\n<meta property=\"og:image\" content=\"https:\/\/santapola.es\/wp-content\/uploads\/2026\/01\/parking-Viguetas.jpeg\" \/>\n\t<meta property=\"og:image:width\" content=\"1262\" \/>\n\t<meta property=\"og:image:height\" content=\"946\" \/>\n\t<meta property=\"og:image:type\" content=\"image\/jpeg\" \/>\n<meta name=\"author\" content=\"Jos\u00e9 Juan L\u00f3pez Lafuente\" \/>\n<meta name=\"twitter:card\" content=\"summary_large_image\" \/>\n<meta name=\"twitter:creator\" content=\"@SantaPolaAyunt\" \/>\n<meta name=\"twitter:site\" content=\"@SantaPolaAyunt\" \/>\n<script type=\"application\/ld+json\" class=\"yoast-schema-graph\">{\"@context\":\"https:\\\/\\\/schema.org\",\"@graph\":[{\"@type\":\"Article\",\"@id\":\"https:\\\/\\\/santapola.es\\\/ca\\\/santa-pola-esta-implantant-nous-parquings-intel%c2%b7ligents-financats-al-100-amb-fons-europeus-pstd\\\/#article\",\"isPartOf\":{\"@id\":\"https:\\\/\\\/santapola.es\\\/ca\\\/santa-pola-esta-implantant-nous-parquings-intel%c2%b7ligents-financats-al-100-amb-fons-europeus-pstd\\\/\"},\"author\":{\"name\":\"Jos\u00e9 Juan L\u00f3pez Lafuente\",\"@id\":\"https:\\\/\\\/santapola.es\\\/ca\\\/#\\\/schema\\\/person\\\/ad1d67403707b58350c7be5e8dbc442d\"},\"headline\":\"Santa Pola est\u00e0 implantant nous p\u00e0rquings intel\u00b7ligents finan\u00e7ats al 100% amb fons europeus PSTD\",\"datePublished\":\"2026-01-29T11:39:39+00:00\",\"dateModified\":\"2026-01-29T11:39:53+00:00\",\"mainEntityOfPage\":{\"@id\":\"https:\\\/\\\/santapola.es\\\/ca\\\/santa-pola-esta-implantant-nous-parquings-intel%c2%b7ligents-financats-al-100-amb-fons-europeus-pstd\\\/\"},\"wordCount\":712,\"image\":{\"@id\":\"https:\\\/\\\/santapola.es\\\/ca\\\/santa-pola-esta-implantant-nous-parquings-intel%c2%b7ligents-financats-al-100-amb-fons-europeus-pstd\\\/#primaryimage\"},\"thumbnailUrl\":\"https:\\\/\\\/santapola.es\\\/wp-content\\\/uploads\\\/2026\\\/01\\\/parking-Viguetas.jpeg\",\"keywords\":[\"p\u00e0rquings intel\u00b7ligents\",\"Pla de Sostenibilitat Tur\u00edstica en Dest\u00ed\"],\"articleSection\":[\"Next Generation EU\",\"Pla de Recuperaci\u00f3\",\"Tr\u00e0nsit\",\"Turisme\"],\"inLanguage\":\"ca\"},{\"@type\":\"WebPage\",\"@id\":\"https:\\\/\\\/santapola.es\\\/ca\\\/santa-pola-esta-implantant-nous-parquings-intel%c2%b7ligents-financats-al-100-amb-fons-europeus-pstd\\\/\",\"url\":\"https:\\\/\\\/santapola.es\\\/ca\\\/santa-pola-esta-implantant-nous-parquings-intel%c2%b7ligents-financats-al-100-amb-fons-europeus-pstd\\\/\",\"name\":\"Santa Pola est\u00e0 implantant nous p\u00e0rquings intel\u00b7ligents finan\u00e7ats al 100% amb fons europeus PSTD - Ajuntament de Santa Pola\",\"isPartOf\":{\"@id\":\"https:\\\/\\\/santapola.es\\\/ca\\\/#website\"},\"primaryImageOfPage\":{\"@id\":\"https:\\\/\\\/santapola.es\\\/ca\\\/santa-pola-esta-implantant-nous-parquings-intel%c2%b7ligents-financats-al-100-amb-fons-europeus-pstd\\\/#primaryimage\"},\"image\":{\"@id\":\"https:\\\/\\\/santapola.es\\\/ca\\\/santa-pola-esta-implantant-nous-parquings-intel%c2%b7ligents-financats-al-100-amb-fons-europeus-pstd\\\/#primaryimage\"},\"thumbnailUrl\":\"https:\\\/\\\/santapola.es\\\/wp-content\\\/uploads\\\/2026\\\/01\\\/parking-Viguetas.jpeg\",\"datePublished\":\"2026-01-29T11:39:39+00:00\",\"dateModified\":\"2026-01-29T11:39:53+00:00\",\"author\":{\"@id\":\"https:\\\/\\\/santapola.es\\\/ca\\\/#\\\/schema\\\/person\\\/ad1d67403707b58350c7be5e8dbc442d\"},\"breadcrumb\":{\"@id\":\"https:\\\/\\\/santapola.es\\\/ca\\\/santa-pola-esta-implantant-nous-parquings-intel%c2%b7ligents-financats-al-100-amb-fons-europeus-pstd\\\/#breadcrumb\"},\"inLanguage\":\"ca\",\"potentialAction\":[{\"@type\":\"ReadAction\",\"target\":[\"https:\\\/\\\/santapola.es\\\/ca\\\/santa-pola-esta-implantant-nous-parquings-intel%c2%b7ligents-financats-al-100-amb-fons-europeus-pstd\\\/\"]}]},{\"@type\":\"ImageObject\",\"inLanguage\":\"ca\",\"@id\":\"https:\\\/\\\/santapola.es\\\/ca\\\/santa-pola-esta-implantant-nous-parquings-intel%c2%b7ligents-financats-al-100-amb-fons-europeus-pstd\\\/#primaryimage\",\"url\":\"https:\\\/\\\/santapola.es\\\/wp-content\\\/uploads\\\/2026\\\/01\\\/parking-Viguetas.jpeg\",\"contentUrl\":\"https:\\\/\\\/santapola.es\\\/wp-content\\\/uploads\\\/2026\\\/01\\\/parking-Viguetas.jpeg\",\"width\":1262,\"height\":946},{\"@type\":\"BreadcrumbList\",\"@id\":\"https:\\\/\\\/santapola.es\\\/ca\\\/santa-pola-esta-implantant-nous-parquings-intel%c2%b7ligents-financats-al-100-amb-fons-europeus-pstd\\\/#breadcrumb\",\"itemListElement\":[{\"@type\":\"ListItem\",\"position\":1,\"name\":\"Inici\",\"item\":\"https:\\\/\\\/santapola.es\\\/ca\\\/\"},{\"@type\":\"ListItem\",\"position\":2,\"name\":\"Santa Pola est\u00e0 implantant nous p\u00e0rquings intel\u00b7ligents finan\u00e7ats al 100% amb fons europeus PSTD\"}]},{\"@type\":\"WebSite\",\"@id\":\"https:\\\/\\\/santapola.es\\\/ca\\\/#website\",\"url\":\"https:\\\/\\\/santapola.es\\\/ca\\\/\",\"name\":\"Ayuntamiento de Santa Pola\",\"description\":\"Web de l'Ajuntament de Santa Pola\",\"potentialAction\":[{\"@type\":\"SearchAction\",\"target\":{\"@type\":\"EntryPoint\",\"urlTemplate\":\"https:\\\/\\\/santapola.es\\\/ca\\\/?s={search_term_string}\"},\"query-input\":{\"@type\":\"PropertyValueSpecification\",\"valueRequired\":true,\"valueName\":\"search_term_string\"}}],\"inLanguage\":\"ca\"},{\"@type\":\"Person\",\"@id\":\"https:\\\/\\\/santapola.es\\\/ca\\\/#\\\/schema\\\/person\\\/ad1d67403707b58350c7be5e8dbc442d\",\"name\":\"Jos\u00e9 Juan L\u00f3pez Lafuente\"}]}<\/script>\n<!-- \/ Yoast SEO plugin. -->","yoast_head_json":{"title":"Santa Pola est\u00e0 implantant nous p\u00e0rquings intel\u00b7ligents finan\u00e7ats al 100% amb fons europeus PSTD - Ajuntament de Santa Pola","robots":{"index":"index","follow":"follow","max-snippet":"max-snippet:-1","max-image-preview":"max-image-preview:large","max-video-preview":"max-video-preview:-1"},"canonical":"https:\/\/santapola.es\/ca\/santa-pola-esta-implantant-nous-parquings-intel%c2%b7ligents-financats-al-100-amb-fons-europeus-pstd\/","og_locale":"ca_ES","og_type":"article","og_title":"Santa Pola est\u00e0 implantant nous p\u00e0rquings intel\u00b7ligents finan\u00e7ats al 100% amb fons europeus PSTD - Ajuntament de Santa Pola","og_description":"Mitjan\u00e7ant sensors i c\u00e0meres de comptatge, els visitants rebuts a Santa Pola poden con\u00e9ixer la disponibilitat de places lliures en els diferents p\u00e0rquings p\u00fablics. Els tres aparcaments en els quals s&#8217;est\u00e0 implantant este sistema continuaran sent totalment gratu\u00efts com fins ara, malgrat els dubtes sembrats en xarxes socials. El funcionament del mercat ambulant de Biguetes [&hellip;]","og_url":"https:\/\/santapola.es\/ca\/santa-pola-esta-implantant-nous-parquings-intel%c2%b7ligents-financats-al-100-amb-fons-europeus-pstd\/","og_site_name":"Ajuntament de Santa Pola","article_publisher":"https:\/\/www.facebook.com\/AyuntamientoSantaPola\/","article_published_time":"2026-01-29T11:39:39+00:00","article_modified_time":"2026-01-29T11:39:53+00:00","og_image":[{"width":1262,"height":946,"url":"https:\/\/santapola.es\/wp-content\/uploads\/2026\/01\/parking-Viguetas.jpeg","type":"image\/jpeg"}],"author":"Jos\u00e9 Juan L\u00f3pez Lafuente","twitter_card":"summary_large_image","twitter_creator":"@SantaPolaAyunt","twitter_site":"@SantaPolaAyunt","schema":{"@context":"https:\/\/schema.org","@graph":[{"@type":"Article","@id":"https:\/\/santapola.es\/ca\/santa-pola-esta-implantant-nous-parquings-intel%c2%b7ligents-financats-al-100-amb-fons-europeus-pstd\/#article","isPartOf":{"@id":"https:\/\/santapola.es\/ca\/santa-pola-esta-implantant-nous-parquings-intel%c2%b7ligents-financats-al-100-amb-fons-europeus-pstd\/"},"author":{"name":"Jos\u00e9 Juan L\u00f3pez Lafuente","@id":"https:\/\/santapola.es\/ca\/#\/schema\/person\/ad1d67403707b58350c7be5e8dbc442d"},"headline":"Santa Pola est\u00e0 implantant nous p\u00e0rquings intel\u00b7ligents finan\u00e7ats al 100% amb fons europeus PSTD","datePublished":"2026-01-29T11:39:39+00:00","dateModified":"2026-01-29T11:39:53+00:00","mainEntityOfPage":{"@id":"https:\/\/santapola.es\/ca\/santa-pola-esta-implantant-nous-parquings-intel%c2%b7ligents-financats-al-100-amb-fons-europeus-pstd\/"},"wordCount":712,"image":{"@id":"https:\/\/santapola.es\/ca\/santa-pola-esta-implantant-nous-parquings-intel%c2%b7ligents-financats-al-100-amb-fons-europeus-pstd\/#primaryimage"},"thumbnailUrl":"https:\/\/santapola.es\/wp-content\/uploads\/2026\/01\/parking-Viguetas.jpeg","keywords":["p\u00e0rquings intel\u00b7ligents","Pla de Sostenibilitat Tur\u00edstica en Dest\u00ed"],"articleSection":["Next Generation EU","Pla de Recuperaci\u00f3","Tr\u00e0nsit","Turisme"],"inLanguage":"ca"},{"@type":"WebPage","@id":"https:\/\/santapola.es\/ca\/santa-pola-esta-implantant-nous-parquings-intel%c2%b7ligents-financats-al-100-amb-fons-europeus-pstd\/","url":"https:\/\/santapola.es\/ca\/santa-pola-esta-implantant-nous-parquings-intel%c2%b7ligents-financats-al-100-amb-fons-europeus-pstd\/","name":"Santa Pola est\u00e0 implantant nous p\u00e0rquings intel\u00b7ligents finan\u00e7ats al 100% amb fons europeus PSTD - Ajuntament de Santa Pola","isPartOf":{"@id":"https:\/\/santapola.es\/ca\/#website"},"primaryImageOfPage":{"@id":"https:\/\/santapola.es\/ca\/santa-pola-esta-implantant-nous-parquings-intel%c2%b7ligents-financats-al-100-amb-fons-europeus-pstd\/#primaryimage"},"image":{"@id":"https:\/\/santapola.es\/ca\/santa-pola-esta-implantant-nous-parquings-intel%c2%b7ligents-financats-al-100-amb-fons-europeus-pstd\/#primaryimage"},"thumbnailUrl":"https:\/\/santapola.es\/wp-content\/uploads\/2026\/01\/parking-Viguetas.jpeg","datePublished":"2026-01-29T11:39:39+00:00","dateModified":"2026-01-29T11:39:53+00:00","author":{"@id":"https:\/\/santapola.es\/ca\/#\/schema\/person\/ad1d67403707b58350c7be5e8dbc442d"},"breadcrumb":{"@id":"https:\/\/santapola.es\/ca\/santa-pola-esta-implantant-nous-parquings-intel%c2%b7ligents-financats-al-100-amb-fons-europeus-pstd\/#breadcrumb"},"inLanguage":"ca","potentialAction":[{"@type":"ReadAction","target":["https:\/\/santapola.es\/ca\/santa-pola-esta-implantant-nous-parquings-intel%c2%b7ligents-financats-al-100-amb-fons-europeus-pstd\/"]}]},{"@type":"ImageObject","inLanguage":"ca","@id":"https:\/\/santapola.es\/ca\/santa-pola-esta-implantant-nous-parquings-intel%c2%b7ligents-financats-al-100-amb-fons-europeus-pstd\/#primaryimage","url":"https:\/\/santapola.es\/wp-content\/uploads\/2026\/01\/parking-Viguetas.jpeg","contentUrl":"https:\/\/santapola.es\/wp-content\/uploads\/2026\/01\/parking-Viguetas.jpeg","width":1262,"height":946},{"@type":"BreadcrumbList","@id":"https:\/\/santapola.es\/ca\/santa-pola-esta-implantant-nous-parquings-intel%c2%b7ligents-financats-al-100-amb-fons-europeus-pstd\/#breadcrumb","itemListElement":[{"@type":"ListItem","position":1,"name":"Inici","item":"https:\/\/santapola.es\/ca\/"},{"@type":"ListItem","position":2,"name":"Santa Pola est\u00e0 implantant nous p\u00e0rquings intel\u00b7ligents finan\u00e7ats al 100% amb fons europeus PSTD"}]},{"@type":"WebSite","@id":"https:\/\/santapola.es\/ca\/#website","url":"https:\/\/santapola.es\/ca\/","name":"Ayuntamiento de Santa Pola","description":"Web de l'Ajuntament de Santa Pola","potentialAction":[{"@type":"SearchAction","target":{"@type":"EntryPoint","urlTemplate":"https:\/\/santapola.es\/ca\/?s={search_term_string}"},"query-input":{"@type":"PropertyValueSpecification","valueRequired":true,"valueName":"search_term_string"}}],"inLanguage":"ca"},{"@type":"Person","@id":"https:\/\/santapola.es\/ca\/#\/schema\/person\/ad1d67403707b58350c7be5e8dbc442d","name":"Jos\u00e9 Juan L\u00f3pez Lafuente"}]}},"_links":{"self":[{"href":"https:\/\/santapola.es\/ca\/wp-json\/wp\/v2\/posts\/47353","targetHints":{"allow":["GET"]}}],"collection":[{"href":"https:\/\/santapola.es\/ca\/wp-json\/wp\/v2\/posts"}],"about":[{"href":"https:\/\/santapola.es\/ca\/wp-json\/wp\/v2\/types\/post"}],"author":[{"embeddable":true,"href":"https:\/\/santapola.es\/ca\/wp-json\/wp\/v2\/users\/96"}],"replies":[{"embeddable":true,"href":"https:\/\/santapola.es\/ca\/wp-json\/wp\/v2\/comments?post=47353"}],"version-history":[{"count":0,"href":"https:\/\/santapola.es\/ca\/wp-json\/wp\/v2\/posts\/47353\/revisions"}],"wp:featuredmedia":[{"embeddable":true,"href":"https:\/\/santapola.es\/ca\/wp-json\/wp\/v2\/media\/47356"}],"wp:attachment":[{"href":"https:\/\/santapola.es\/ca\/wp-json\/wp\/v2\/media?parent=47353"}],"wp:term":[{"taxonomy":"category","embeddable":true,"href":"https:\/\/santapola.es\/ca\/wp-json\/wp\/v2\/categories?post=47353"},{"taxonomy":"post_tag","embeddable":true,"href":"https:\/\/santapola.es\/ca\/wp-json\/wp\/v2\/tags?post=47353"}],"curies":[{"name":"wp","href":"https:\/\/api.w.org\/{rel}","templated":true}]}}