{"id":47313,"date":"2026-01-23T19:26:18","date_gmt":"2026-01-23T18:26:18","guid":{"rendered":"https:\/\/santapola.es\/?p=47313"},"modified":"2026-01-23T19:32:32","modified_gmt":"2026-01-23T18:32:32","slug":"el-tartar-de-quisquilla-de-santa-pola-de-marufina-conquesta-madrid","status":"publish","type":"post","link":"https:\/\/santapola.es\/ca\/el-tartar-de-quisquilla-de-santa-pola-de-marufina-conquesta-madrid\/","title":{"rendered":"El t\u00e0rtar de quisquilla de Santa Pola de Marufina conquesta Madrid"},"content":{"rendered":"<p><strong>Santa Pola tanca les seues activitats en Fitur 2026 amb un \u00faltim showcooking: el t\u00e0rtar de quisquilla de Marufina, un delici\u00f3s mos gurmet que apadrina el mateix Mart\u00edn Berasategui.<\/strong><\/p>\n<p>Santa Pola ha tancat la seua participaci\u00f3 oficial en Fitur 2026 amb una volta de rosca a la seua m\u00e9s que reconeguda gastronomia a la sala de showcookings del pavell\u00f3 de la Comunitat Valenciana.<\/p>\n<p>I ho ha fet de la m\u00e0 de La Marufina, empresa familiar santapolera que, a trav\u00e9s de la seua flota de pesquers, no sols comercialitza els seus propis peixos i mariscos, sin\u00f3 que elabora nous i exquisits productes destinats al sector hostaler, un projecte apadrinat pel xef Mart\u00edn Berasategui i que est\u00e0 tenint una gran acceptaci\u00f3 en la cuina d&#8217;avantguarda.<\/p>\n<p>Un dels productes estrela \u00e9s el carpaccio de gamba blanca que va utilitzar en la seua showcooking el restaurant Oce\u00e0nic de Santa Pola dimecres passat ac\u00ed en la fira tur\u00edstica madrilenya. En esta ocasi\u00f3, Marufina ha estat representada per Sandra Candela i ha presentat el seu exquisit t\u00e0rtar de quisquilla de Santa Pola.<\/p>\n<p>Ha estat acompanyada per l&#8217;alcaldessa Loreto Serrano, el regidor de Turisme Borja Merino i el tinent d&#8217;alcalde Jos\u00e9 Pedro Mart\u00ednez, els qui han enaltit la labor d&#8217;esta empresa santapolera amb m\u00e9s de 40 anys d&#8217;experi\u00e8ncia en les faenes de la mar i ara creant nous productes per a l&#8217;hostaleria i els client particulars.<\/p>\n","protected":false},"excerpt":{"rendered":"<p>Santa Pola tanca les seues activitats en Fitur 2026 amb un \u00faltim showcooking: el t\u00e0rtar de quisquilla de Marufina, un delici\u00f3s mos gurmet que apadrina el mateix Mart\u00edn Berasategui. Santa Pola ha tancat la seua participaci\u00f3 oficial en Fitur 2026 amb una volta de rosca a la seua m\u00e9s que reconeguda gastronomia a la sala [&hellip;]<\/p>\n","protected":false},"author":96,"featured_media":47311,"comment_status":"closed","ping_status":"closed","sticky":false,"template":"","format":"standard","meta":{"_et_pb_use_builder":"","_et_pb_old_content":"","_et_gb_content_width":"","footnotes":""},"categories":[589],"tags":[582,809,1277,487,1257],"class_list":["post-47313","post","type-post","status-publish","format-standard","has-post-thumbnail","hentry","category-turisme","tag-borja-merino-ca","tag-fitur-ca","tag-la-marufina-ca","tag-loreto-serrano-ca","tag-showcooking-ca"],"yoast_head":"<!-- This site is optimized with the Yoast SEO plugin v27.4 - https:\/\/yoast.com\/product\/yoast-seo-wordpress\/ -->\n<title>El t\u00e0rtar de quisquilla de Santa Pola de Marufina conquesta Madrid - Ajuntament de Santa Pola<\/title>\n<meta name=\"robots\" content=\"index, follow, max-snippet:-1, max-image-preview:large, max-video-preview:-1\" \/>\n<link rel=\"canonical\" href=\"https:\/\/santapola.es\/ca\/el-tartar-de-quisquilla-de-santa-pola-de-marufina-conquesta-madrid\/\" \/>\n<meta property=\"og:locale\" content=\"ca_ES\" \/>\n<meta property=\"og:type\" content=\"article\" \/>\n<meta property=\"og:title\" content=\"El t\u00e0rtar de quisquilla de Santa Pola de Marufina conquesta Madrid - Ajuntament de Santa Pola\" \/>\n<meta property=\"og:description\" content=\"Santa Pola tanca les seues activitats en Fitur 2026 amb un \u00faltim showcooking: el t\u00e0rtar de quisquilla de Marufina, un delici\u00f3s mos gurmet que apadrina el mateix Mart\u00edn Berasategui. Santa Pola ha tancat la seua participaci\u00f3 oficial en Fitur 2026 amb una volta de rosca a la seua m\u00e9s que reconeguda gastronomia a la sala [&hellip;]\" \/>\n<meta property=\"og:url\" content=\"https:\/\/santapola.es\/ca\/el-tartar-de-quisquilla-de-santa-pola-de-marufina-conquesta-madrid\/\" \/>\n<meta property=\"og:site_name\" content=\"Ajuntament de Santa Pola\" \/>\n<meta property=\"article:publisher\" content=\"https:\/\/www.facebook.com\/AyuntamientoSantaPola\/\" \/>\n<meta property=\"article:published_time\" content=\"2026-01-23T18:26:18+00:00\" \/>\n<meta property=\"article:modified_time\" content=\"2026-01-23T18:32:32+00:00\" \/>\n<meta property=\"og:image\" content=\"https:\/\/santapola.es\/wp-content\/uploads\/2026\/01\/IMG_9875.jpg\" \/>\n\t<meta property=\"og:image:width\" content=\"1920\" \/>\n\t<meta property=\"og:image:height\" content=\"1440\" \/>\n\t<meta property=\"og:image:type\" content=\"image\/jpeg\" \/>\n<meta name=\"author\" content=\"Jos\u00e9 Juan L\u00f3pez Lafuente\" \/>\n<meta name=\"twitter:card\" content=\"summary_large_image\" \/>\n<meta name=\"twitter:creator\" content=\"@SantaPolaAyunt\" \/>\n<meta name=\"twitter:site\" content=\"@SantaPolaAyunt\" \/>\n<script type=\"application\/ld+json\" class=\"yoast-schema-graph\">{\"@context\":\"https:\\\/\\\/schema.org\",\"@graph\":[{\"@type\":\"Article\",\"@id\":\"https:\\\/\\\/santapola.es\\\/ca\\\/el-tartar-de-quisquilla-de-santa-pola-de-marufina-conquesta-madrid\\\/#article\",\"isPartOf\":{\"@id\":\"https:\\\/\\\/santapola.es\\\/ca\\\/el-tartar-de-quisquilla-de-santa-pola-de-marufina-conquesta-madrid\\\/\"},\"author\":{\"name\":\"Jos\u00e9 Juan L\u00f3pez Lafuente\",\"@id\":\"https:\\\/\\\/santapola.es\\\/ca\\\/#\\\/schema\\\/person\\\/ad1d67403707b58350c7be5e8dbc442d\"},\"headline\":\"El t\u00e0rtar de quisquilla de Santa Pola de Marufina conquesta Madrid\",\"datePublished\":\"2026-01-23T18:26:18+00:00\",\"dateModified\":\"2026-01-23T18:32:32+00:00\",\"mainEntityOfPage\":{\"@id\":\"https:\\\/\\\/santapola.es\\\/ca\\\/el-tartar-de-quisquilla-de-santa-pola-de-marufina-conquesta-madrid\\\/\"},\"wordCount\":256,\"image\":{\"@id\":\"https:\\\/\\\/santapola.es\\\/ca\\\/el-tartar-de-quisquilla-de-santa-pola-de-marufina-conquesta-madrid\\\/#primaryimage\"},\"thumbnailUrl\":\"https:\\\/\\\/santapola.es\\\/wp-content\\\/uploads\\\/2026\\\/01\\\/IMG_9875.jpg\",\"keywords\":[\"Borja Merino\",\"FITUR\",\"La Marufina\",\"Loreto Serrano\",\"showcooking\"],\"articleSection\":[\"Turisme\"],\"inLanguage\":\"ca\"},{\"@type\":\"WebPage\",\"@id\":\"https:\\\/\\\/santapola.es\\\/ca\\\/el-tartar-de-quisquilla-de-santa-pola-de-marufina-conquesta-madrid\\\/\",\"url\":\"https:\\\/\\\/santapola.es\\\/ca\\\/el-tartar-de-quisquilla-de-santa-pola-de-marufina-conquesta-madrid\\\/\",\"name\":\"El t\u00e0rtar de quisquilla de Santa Pola de Marufina conquesta Madrid - Ajuntament de Santa Pola\",\"isPartOf\":{\"@id\":\"https:\\\/\\\/santapola.es\\\/ca\\\/#website\"},\"primaryImageOfPage\":{\"@id\":\"https:\\\/\\\/santapola.es\\\/ca\\\/el-tartar-de-quisquilla-de-santa-pola-de-marufina-conquesta-madrid\\\/#primaryimage\"},\"image\":{\"@id\":\"https:\\\/\\\/santapola.es\\\/ca\\\/el-tartar-de-quisquilla-de-santa-pola-de-marufina-conquesta-madrid\\\/#primaryimage\"},\"thumbnailUrl\":\"https:\\\/\\\/santapola.es\\\/wp-content\\\/uploads\\\/2026\\\/01\\\/IMG_9875.jpg\",\"datePublished\":\"2026-01-23T18:26:18+00:00\",\"dateModified\":\"2026-01-23T18:32:32+00:00\",\"author\":{\"@id\":\"https:\\\/\\\/santapola.es\\\/ca\\\/#\\\/schema\\\/person\\\/ad1d67403707b58350c7be5e8dbc442d\"},\"breadcrumb\":{\"@id\":\"https:\\\/\\\/santapola.es\\\/ca\\\/el-tartar-de-quisquilla-de-santa-pola-de-marufina-conquesta-madrid\\\/#breadcrumb\"},\"inLanguage\":\"ca\",\"potentialAction\":[{\"@type\":\"ReadAction\",\"target\":[\"https:\\\/\\\/santapola.es\\\/ca\\\/el-tartar-de-quisquilla-de-santa-pola-de-marufina-conquesta-madrid\\\/\"]}]},{\"@type\":\"ImageObject\",\"inLanguage\":\"ca\",\"@id\":\"https:\\\/\\\/santapola.es\\\/ca\\\/el-tartar-de-quisquilla-de-santa-pola-de-marufina-conquesta-madrid\\\/#primaryimage\",\"url\":\"https:\\\/\\\/santapola.es\\\/wp-content\\\/uploads\\\/2026\\\/01\\\/IMG_9875.jpg\",\"contentUrl\":\"https:\\\/\\\/santapola.es\\\/wp-content\\\/uploads\\\/2026\\\/01\\\/IMG_9875.jpg\",\"width\":1920,\"height\":1440},{\"@type\":\"BreadcrumbList\",\"@id\":\"https:\\\/\\\/santapola.es\\\/ca\\\/el-tartar-de-quisquilla-de-santa-pola-de-marufina-conquesta-madrid\\\/#breadcrumb\",\"itemListElement\":[{\"@type\":\"ListItem\",\"position\":1,\"name\":\"Inici\",\"item\":\"https:\\\/\\\/santapola.es\\\/ca\\\/\"},{\"@type\":\"ListItem\",\"position\":2,\"name\":\"El t\u00e0rtar de quisquilla de Santa Pola de Marufina conquesta Madrid\"}]},{\"@type\":\"WebSite\",\"@id\":\"https:\\\/\\\/santapola.es\\\/ca\\\/#website\",\"url\":\"https:\\\/\\\/santapola.es\\\/ca\\\/\",\"name\":\"Ayuntamiento de Santa Pola\",\"description\":\"Web de l'Ajuntament de Santa Pola\",\"potentialAction\":[{\"@type\":\"SearchAction\",\"target\":{\"@type\":\"EntryPoint\",\"urlTemplate\":\"https:\\\/\\\/santapola.es\\\/ca\\\/?s={search_term_string}\"},\"query-input\":{\"@type\":\"PropertyValueSpecification\",\"valueRequired\":true,\"valueName\":\"search_term_string\"}}],\"inLanguage\":\"ca\"},{\"@type\":\"Person\",\"@id\":\"https:\\\/\\\/santapola.es\\\/ca\\\/#\\\/schema\\\/person\\\/ad1d67403707b58350c7be5e8dbc442d\",\"name\":\"Jos\u00e9 Juan L\u00f3pez Lafuente\"}]}<\/script>\n<!-- \/ Yoast SEO plugin. -->","yoast_head_json":{"title":"El t\u00e0rtar de quisquilla de Santa Pola de Marufina conquesta Madrid - Ajuntament de Santa Pola","robots":{"index":"index","follow":"follow","max-snippet":"max-snippet:-1","max-image-preview":"max-image-preview:large","max-video-preview":"max-video-preview:-1"},"canonical":"https:\/\/santapola.es\/ca\/el-tartar-de-quisquilla-de-santa-pola-de-marufina-conquesta-madrid\/","og_locale":"ca_ES","og_type":"article","og_title":"El t\u00e0rtar de quisquilla de Santa Pola de Marufina conquesta Madrid - Ajuntament de Santa Pola","og_description":"Santa Pola tanca les seues activitats en Fitur 2026 amb un \u00faltim showcooking: el t\u00e0rtar de quisquilla de Marufina, un delici\u00f3s mos gurmet que apadrina el mateix Mart\u00edn Berasategui. Santa Pola ha tancat la seua participaci\u00f3 oficial en Fitur 2026 amb una volta de rosca a la seua m\u00e9s que reconeguda gastronomia a la sala [&hellip;]","og_url":"https:\/\/santapola.es\/ca\/el-tartar-de-quisquilla-de-santa-pola-de-marufina-conquesta-madrid\/","og_site_name":"Ajuntament de Santa Pola","article_publisher":"https:\/\/www.facebook.com\/AyuntamientoSantaPola\/","article_published_time":"2026-01-23T18:26:18+00:00","article_modified_time":"2026-01-23T18:32:32+00:00","og_image":[{"width":1920,"height":1440,"url":"https:\/\/santapola.es\/wp-content\/uploads\/2026\/01\/IMG_9875.jpg","type":"image\/jpeg"}],"author":"Jos\u00e9 Juan L\u00f3pez Lafuente","twitter_card":"summary_large_image","twitter_creator":"@SantaPolaAyunt","twitter_site":"@SantaPolaAyunt","schema":{"@context":"https:\/\/schema.org","@graph":[{"@type":"Article","@id":"https:\/\/santapola.es\/ca\/el-tartar-de-quisquilla-de-santa-pola-de-marufina-conquesta-madrid\/#article","isPartOf":{"@id":"https:\/\/santapola.es\/ca\/el-tartar-de-quisquilla-de-santa-pola-de-marufina-conquesta-madrid\/"},"author":{"name":"Jos\u00e9 Juan L\u00f3pez Lafuente","@id":"https:\/\/santapola.es\/ca\/#\/schema\/person\/ad1d67403707b58350c7be5e8dbc442d"},"headline":"El t\u00e0rtar de quisquilla de Santa Pola de Marufina conquesta Madrid","datePublished":"2026-01-23T18:26:18+00:00","dateModified":"2026-01-23T18:32:32+00:00","mainEntityOfPage":{"@id":"https:\/\/santapola.es\/ca\/el-tartar-de-quisquilla-de-santa-pola-de-marufina-conquesta-madrid\/"},"wordCount":256,"image":{"@id":"https:\/\/santapola.es\/ca\/el-tartar-de-quisquilla-de-santa-pola-de-marufina-conquesta-madrid\/#primaryimage"},"thumbnailUrl":"https:\/\/santapola.es\/wp-content\/uploads\/2026\/01\/IMG_9875.jpg","keywords":["Borja Merino","FITUR","La Marufina","Loreto Serrano","showcooking"],"articleSection":["Turisme"],"inLanguage":"ca"},{"@type":"WebPage","@id":"https:\/\/santapola.es\/ca\/el-tartar-de-quisquilla-de-santa-pola-de-marufina-conquesta-madrid\/","url":"https:\/\/santapola.es\/ca\/el-tartar-de-quisquilla-de-santa-pola-de-marufina-conquesta-madrid\/","name":"El t\u00e0rtar de quisquilla de Santa Pola de Marufina conquesta Madrid - Ajuntament de Santa Pola","isPartOf":{"@id":"https:\/\/santapola.es\/ca\/#website"},"primaryImageOfPage":{"@id":"https:\/\/santapola.es\/ca\/el-tartar-de-quisquilla-de-santa-pola-de-marufina-conquesta-madrid\/#primaryimage"},"image":{"@id":"https:\/\/santapola.es\/ca\/el-tartar-de-quisquilla-de-santa-pola-de-marufina-conquesta-madrid\/#primaryimage"},"thumbnailUrl":"https:\/\/santapola.es\/wp-content\/uploads\/2026\/01\/IMG_9875.jpg","datePublished":"2026-01-23T18:26:18+00:00","dateModified":"2026-01-23T18:32:32+00:00","author":{"@id":"https:\/\/santapola.es\/ca\/#\/schema\/person\/ad1d67403707b58350c7be5e8dbc442d"},"breadcrumb":{"@id":"https:\/\/santapola.es\/ca\/el-tartar-de-quisquilla-de-santa-pola-de-marufina-conquesta-madrid\/#breadcrumb"},"inLanguage":"ca","potentialAction":[{"@type":"ReadAction","target":["https:\/\/santapola.es\/ca\/el-tartar-de-quisquilla-de-santa-pola-de-marufina-conquesta-madrid\/"]}]},{"@type":"ImageObject","inLanguage":"ca","@id":"https:\/\/santapola.es\/ca\/el-tartar-de-quisquilla-de-santa-pola-de-marufina-conquesta-madrid\/#primaryimage","url":"https:\/\/santapola.es\/wp-content\/uploads\/2026\/01\/IMG_9875.jpg","contentUrl":"https:\/\/santapola.es\/wp-content\/uploads\/2026\/01\/IMG_9875.jpg","width":1920,"height":1440},{"@type":"BreadcrumbList","@id":"https:\/\/santapola.es\/ca\/el-tartar-de-quisquilla-de-santa-pola-de-marufina-conquesta-madrid\/#breadcrumb","itemListElement":[{"@type":"ListItem","position":1,"name":"Inici","item":"https:\/\/santapola.es\/ca\/"},{"@type":"ListItem","position":2,"name":"El t\u00e0rtar de quisquilla de Santa Pola de Marufina conquesta Madrid"}]},{"@type":"WebSite","@id":"https:\/\/santapola.es\/ca\/#website","url":"https:\/\/santapola.es\/ca\/","name":"Ayuntamiento de Santa Pola","description":"Web de l'Ajuntament de Santa Pola","potentialAction":[{"@type":"SearchAction","target":{"@type":"EntryPoint","urlTemplate":"https:\/\/santapola.es\/ca\/?s={search_term_string}"},"query-input":{"@type":"PropertyValueSpecification","valueRequired":true,"valueName":"search_term_string"}}],"inLanguage":"ca"},{"@type":"Person","@id":"https:\/\/santapola.es\/ca\/#\/schema\/person\/ad1d67403707b58350c7be5e8dbc442d","name":"Jos\u00e9 Juan L\u00f3pez Lafuente"}]}},"_links":{"self":[{"href":"https:\/\/santapola.es\/ca\/wp-json\/wp\/v2\/posts\/47313","targetHints":{"allow":["GET"]}}],"collection":[{"href":"https:\/\/santapola.es\/ca\/wp-json\/wp\/v2\/posts"}],"about":[{"href":"https:\/\/santapola.es\/ca\/wp-json\/wp\/v2\/types\/post"}],"author":[{"embeddable":true,"href":"https:\/\/santapola.es\/ca\/wp-json\/wp\/v2\/users\/96"}],"replies":[{"embeddable":true,"href":"https:\/\/santapola.es\/ca\/wp-json\/wp\/v2\/comments?post=47313"}],"version-history":[{"count":0,"href":"https:\/\/santapola.es\/ca\/wp-json\/wp\/v2\/posts\/47313\/revisions"}],"wp:featuredmedia":[{"embeddable":true,"href":"https:\/\/santapola.es\/ca\/wp-json\/wp\/v2\/media\/47311"}],"wp:attachment":[{"href":"https:\/\/santapola.es\/ca\/wp-json\/wp\/v2\/media?parent=47313"}],"wp:term":[{"taxonomy":"category","embeddable":true,"href":"https:\/\/santapola.es\/ca\/wp-json\/wp\/v2\/categories?post=47313"},{"taxonomy":"post_tag","embeddable":true,"href":"https:\/\/santapola.es\/ca\/wp-json\/wp\/v2\/tags?post=47313"}],"curies":[{"name":"wp","href":"https:\/\/api.w.org\/{rel}","templated":true}]}}