{"id":47201,"date":"2026-01-19T13:52:55","date_gmt":"2026-01-19T12:52:55","guid":{"rendered":"https:\/\/santapola.es\/?p=47201"},"modified":"2026-01-19T14:12:09","modified_gmt":"2026-01-19T13:12:09","slug":"els-pescadors-de-santa-pola-es-manifesten-en-el-port-en-una-jornada-de-vaga-contra-les-mesures-de-la-ue","status":"publish","type":"post","link":"https:\/\/santapola.es\/ca\/els-pescadors-de-santa-pola-es-manifesten-en-el-port-en-una-jornada-de-vaga-contra-les-mesures-de-la-ue\/","title":{"rendered":"Els pescadors de Santa Pola es manifesten en el port en una jornada de vaga contra les mesures de la UE"},"content":{"rendered":"<p><strong>L&#8217;alcaldessa Loreto Serrano afirma que \u201cals pescadors se&#8217;ls est\u00e0 tractant com a delinq\u00fcents\u201d i anuncia la pr\u00f2xima presentaci\u00f3 d&#8217;un informe de la UA, encarregat per la Diputaci\u00f3, en el qual es demostra que la captura de les esp\u00e8cies m\u00e9s habituals ha augmentat i no estan en regressi\u00f3.<\/strong><\/p>\n<p>Els pescadors de Santa Pola no han eixit a pescar hui, la flota pesquera roman amarrada a port i la llotja tancada. Al migdia de hui s&#8217;han concentrat en el port desenes de mariners i familiars amb pancartes amb lemes com \u201cEuropa vol afonar la flota espanyola, \u00e9s impossible complir les seues mesures\u201d, \u201cInspectors de pesca saben que \u00e9s impossible complir esta normativa. Ajuden-nos!\u201d o \u201cSr. Planas, fa\u00e7a costat al sector pesquer i no ens done l&#8217;esquena. Est\u00e0 tot a les seues mans\u201d.<\/p>\n<p>Tamb\u00e9 s&#8217;han vist unes altres demanant la dimissi\u00f3 de Basilio Otero, president de la Federaci\u00f3 Nacional de Confraries de Pescadors, de qui diuen que els ha abandonat.<\/p>\n<p>L&#8217;alcaldessa Loreto Serrano s&#8217;ha unit als manifestants dirigint les seues paraules de suport al sector pesquer local, i la regidora de Vox Mireia Moya ha llegit un manifest en el seu defensa i demanant l&#8217;anul\u00b7laci\u00f3 de les mesures de la UE que tant estan ofegant al sector.<\/p>\n<p><iframe loading=\"lazy\" title=\"LOS PESCADORES SE MANIFIESTAN EN EL PUERTO EN UNA JORNADA DE HUELGA CONTRA LAS MEDIDAS DE LA UE\" width=\"1080\" height=\"608\" src=\"https:\/\/www.youtube.com\/embed\/XdmCS7Zo2EU?feature=oembed\"  allow=\"accelerometer; autoplay; clipboard-write; encrypted-media; gyroscope; picture-in-picture; web-share\" referrerpolicy=\"strict-origin-when-cross-origin\" allowfullscreen><\/iframe><\/p>\n<p>Loreto Serrano ha explicat que \u201cals pescadors se&#8217;ls est\u00e0 tractant com a delinq\u00fcents, se&#8217;ls estan posant unes mesures summament dr\u00e0stiques i exigents que s\u00f3n inviables. Per exemple, haver de comunicar m\u00e9s de dos hores abans d&#8217;arribar a port quin tipus d&#8217;esp\u00e8cies han capturat i el pes de cada una, la qual cosa interferix en el proc\u00e9s d&#8217;ordenar i preparar les caixes. A m\u00e9s, \u00e9s impossible pesar amb fiabilitat en un vaixell en moviment, tenint en compte que si es desvien un 10%\u00a0 de la xifra real estan exposats a multes de 3.000 euros o a perdre les subvencions\u201d.<\/p>\n<p>\u201cAix\u00f2 \u00e9s inviable i no es pot permetre en cap concepte. A Brussel\u00b7les no coneixen el Mediterrani, no coneixen la forma artesanal de pesca que tenim, estan transformant la realitat amb estudis irreals. Des de la Diputaci\u00f3 Provincial hem encarregat un estudi a la Universitat d&#8217;Alacant per a esbrinar si les esp\u00e8cies estan en regressi\u00f3 o no, i la realitat \u00e9s que els pescadors estan capturant m\u00e9s i les esp\u00e8cies que Europa intenta protegir no es veuen minorades en absolut. Este estudi el presentarem a principis de febrer i pretenem que arribe a Brussel\u00b7les\u201d, va indicar Serrano.<\/p>\n<p>L&#8217;alcaldessa de Santa Pola estima que \u201cestes mesures afecten m\u00e9s de 400 fam\u00edlies del nostre poble, per\u00f2 tamb\u00e9 al sector de la restauraci\u00f3 i al turisme, perqu\u00e8 la pesca \u00e9s una activitat transversal a Santa Pola. Per favor, escolten la gent que sap, que s\u00f3n els pescadors, i no podem permetre que altres pa\u00efsos introdu\u00efsquen les mateixes esp\u00e8cies que nosaltres pesquem per\u00f2 sense complir la normativa europea\u201d.<\/p>\n<p>El patr\u00f3 major i el secretari de la Confraria de Pescadors de Santa Pola, juntament amb la presidenta dels armadors locals, s&#8217;han despla\u00e7at este mat\u00ed a la protesta davant el Ministeri a Madrid i s&#8217;espera not\u00edcies per a decidir si el sector pesquer seguix amb la vaga o es creen millors expectatives.<\/p>\n","protected":false},"excerpt":{"rendered":"<p>L&#8217;alcaldessa Loreto Serrano afirma que \u201cals pescadors se&#8217;ls est\u00e0 tractant com a delinq\u00fcents\u201d i anuncia la pr\u00f2xima presentaci\u00f3 d&#8217;un informe de la UA, encarregat per la Diputaci\u00f3, en el qual es demostra que la captura de les esp\u00e8cies m\u00e9s habituals ha augmentat i no estan en regressi\u00f3. Els pescadors de Santa Pola no han eixit [&hellip;]<\/p>\n","protected":false},"author":96,"featured_media":47199,"comment_status":"closed","ping_status":"closed","sticky":false,"template":"","format":"standard","meta":{"_et_pb_use_builder":"","_et_pb_old_content":"","_et_gb_content_width":"","footnotes":""},"categories":[882],"tags":[746,1560,487,1722],"class_list":["post-47201","post","type-post","status-publish","format-standard","has-post-thumbnail","hentry","category-pesca-2","tag-cofradia-de-pescadores-ca","tag-confraria-de-pescadors","tag-loreto-serrano-ca","tag-sector-pesquer"],"yoast_head":"<!-- This site is optimized with the Yoast SEO plugin v27.4 - https:\/\/yoast.com\/product\/yoast-seo-wordpress\/ -->\n<title>Els pescadors de Santa Pola es manifesten en el port en una jornada de vaga contra les mesures de la UE - Ajuntament de Santa Pola<\/title>\n<meta name=\"robots\" content=\"index, follow, max-snippet:-1, max-image-preview:large, max-video-preview:-1\" \/>\n<link rel=\"canonical\" href=\"https:\/\/santapola.es\/ca\/els-pescadors-de-santa-pola-es-manifesten-en-el-port-en-una-jornada-de-vaga-contra-les-mesures-de-la-ue\/\" \/>\n<meta property=\"og:locale\" content=\"ca_ES\" \/>\n<meta property=\"og:type\" content=\"article\" \/>\n<meta property=\"og:title\" content=\"Els pescadors de Santa Pola es manifesten en el port en una jornada de vaga contra les mesures de la UE - Ajuntament de Santa Pola\" \/>\n<meta property=\"og:description\" content=\"L&#8217;alcaldessa Loreto Serrano afirma que \u201cals pescadors se&#8217;ls est\u00e0 tractant com a delinq\u00fcents\u201d i anuncia la pr\u00f2xima presentaci\u00f3 d&#8217;un informe de la UA, encarregat per la Diputaci\u00f3, en el qual es demostra que la captura de les esp\u00e8cies m\u00e9s habituals ha augmentat i no estan en regressi\u00f3. Els pescadors de Santa Pola no han eixit [&hellip;]\" \/>\n<meta property=\"og:url\" content=\"https:\/\/santapola.es\/ca\/els-pescadors-de-santa-pola-es-manifesten-en-el-port-en-una-jornada-de-vaga-contra-les-mesures-de-la-ue\/\" \/>\n<meta property=\"og:site_name\" content=\"Ajuntament de Santa Pola\" \/>\n<meta property=\"article:publisher\" content=\"https:\/\/www.facebook.com\/AyuntamientoSantaPola\/\" \/>\n<meta property=\"article:published_time\" content=\"2026-01-19T12:52:55+00:00\" \/>\n<meta property=\"article:modified_time\" content=\"2026-01-19T13:12:09+00:00\" \/>\n<meta property=\"og:image\" content=\"https:\/\/santapola.es\/wp-content\/uploads\/2026\/01\/IMG_9024.jpg\" \/>\n\t<meta property=\"og:image:width\" content=\"1920\" \/>\n\t<meta property=\"og:image:height\" content=\"1440\" \/>\n\t<meta property=\"og:image:type\" content=\"image\/jpeg\" \/>\n<meta name=\"author\" content=\"Jos\u00e9 Juan L\u00f3pez Lafuente\" \/>\n<meta name=\"twitter:card\" content=\"summary_large_image\" \/>\n<meta name=\"twitter:creator\" content=\"@SantaPolaAyunt\" \/>\n<meta name=\"twitter:site\" content=\"@SantaPolaAyunt\" \/>\n<script type=\"application\/ld+json\" class=\"yoast-schema-graph\">{\"@context\":\"https:\\\/\\\/schema.org\",\"@graph\":[{\"@type\":\"Article\",\"@id\":\"https:\\\/\\\/santapola.es\\\/ca\\\/els-pescadors-de-santa-pola-es-manifesten-en-el-port-en-una-jornada-de-vaga-contra-les-mesures-de-la-ue\\\/#article\",\"isPartOf\":{\"@id\":\"https:\\\/\\\/santapola.es\\\/ca\\\/els-pescadors-de-santa-pola-es-manifesten-en-el-port-en-una-jornada-de-vaga-contra-les-mesures-de-la-ue\\\/\"},\"author\":{\"name\":\"Jos\u00e9 Juan L\u00f3pez Lafuente\",\"@id\":\"https:\\\/\\\/santapola.es\\\/ca\\\/#\\\/schema\\\/person\\\/ad1d67403707b58350c7be5e8dbc442d\"},\"headline\":\"Els pescadors de Santa Pola es manifesten en el port en una jornada de vaga contra les mesures de la UE\",\"datePublished\":\"2026-01-19T12:52:55+00:00\",\"dateModified\":\"2026-01-19T13:12:09+00:00\",\"mainEntityOfPage\":{\"@id\":\"https:\\\/\\\/santapola.es\\\/ca\\\/els-pescadors-de-santa-pola-es-manifesten-en-el-port-en-una-jornada-de-vaga-contra-les-mesures-de-la-ue\\\/\"},\"wordCount\":589,\"image\":{\"@id\":\"https:\\\/\\\/santapola.es\\\/ca\\\/els-pescadors-de-santa-pola-es-manifesten-en-el-port-en-una-jornada-de-vaga-contra-les-mesures-de-la-ue\\\/#primaryimage\"},\"thumbnailUrl\":\"https:\\\/\\\/santapola.es\\\/wp-content\\\/uploads\\\/2026\\\/01\\\/IMG_9024.jpg\",\"keywords\":[\"Cofrad\u00eda de Pescadores\",\"Confraria de Pescadors\",\"Loreto Serrano\",\"sector pesquer\"],\"articleSection\":[\"Pesca\"],\"inLanguage\":\"ca\"},{\"@type\":\"WebPage\",\"@id\":\"https:\\\/\\\/santapola.es\\\/ca\\\/els-pescadors-de-santa-pola-es-manifesten-en-el-port-en-una-jornada-de-vaga-contra-les-mesures-de-la-ue\\\/\",\"url\":\"https:\\\/\\\/santapola.es\\\/ca\\\/els-pescadors-de-santa-pola-es-manifesten-en-el-port-en-una-jornada-de-vaga-contra-les-mesures-de-la-ue\\\/\",\"name\":\"Els pescadors de Santa Pola es manifesten en el port en una jornada de vaga contra les mesures de la UE - Ajuntament de Santa Pola\",\"isPartOf\":{\"@id\":\"https:\\\/\\\/santapola.es\\\/ca\\\/#website\"},\"primaryImageOfPage\":{\"@id\":\"https:\\\/\\\/santapola.es\\\/ca\\\/els-pescadors-de-santa-pola-es-manifesten-en-el-port-en-una-jornada-de-vaga-contra-les-mesures-de-la-ue\\\/#primaryimage\"},\"image\":{\"@id\":\"https:\\\/\\\/santapola.es\\\/ca\\\/els-pescadors-de-santa-pola-es-manifesten-en-el-port-en-una-jornada-de-vaga-contra-les-mesures-de-la-ue\\\/#primaryimage\"},\"thumbnailUrl\":\"https:\\\/\\\/santapola.es\\\/wp-content\\\/uploads\\\/2026\\\/01\\\/IMG_9024.jpg\",\"datePublished\":\"2026-01-19T12:52:55+00:00\",\"dateModified\":\"2026-01-19T13:12:09+00:00\",\"author\":{\"@id\":\"https:\\\/\\\/santapola.es\\\/ca\\\/#\\\/schema\\\/person\\\/ad1d67403707b58350c7be5e8dbc442d\"},\"breadcrumb\":{\"@id\":\"https:\\\/\\\/santapola.es\\\/ca\\\/els-pescadors-de-santa-pola-es-manifesten-en-el-port-en-una-jornada-de-vaga-contra-les-mesures-de-la-ue\\\/#breadcrumb\"},\"inLanguage\":\"ca\",\"potentialAction\":[{\"@type\":\"ReadAction\",\"target\":[\"https:\\\/\\\/santapola.es\\\/ca\\\/els-pescadors-de-santa-pola-es-manifesten-en-el-port-en-una-jornada-de-vaga-contra-les-mesures-de-la-ue\\\/\"]}]},{\"@type\":\"ImageObject\",\"inLanguage\":\"ca\",\"@id\":\"https:\\\/\\\/santapola.es\\\/ca\\\/els-pescadors-de-santa-pola-es-manifesten-en-el-port-en-una-jornada-de-vaga-contra-les-mesures-de-la-ue\\\/#primaryimage\",\"url\":\"https:\\\/\\\/santapola.es\\\/wp-content\\\/uploads\\\/2026\\\/01\\\/IMG_9024.jpg\",\"contentUrl\":\"https:\\\/\\\/santapola.es\\\/wp-content\\\/uploads\\\/2026\\\/01\\\/IMG_9024.jpg\",\"width\":1920,\"height\":1440},{\"@type\":\"BreadcrumbList\",\"@id\":\"https:\\\/\\\/santapola.es\\\/ca\\\/els-pescadors-de-santa-pola-es-manifesten-en-el-port-en-una-jornada-de-vaga-contra-les-mesures-de-la-ue\\\/#breadcrumb\",\"itemListElement\":[{\"@type\":\"ListItem\",\"position\":1,\"name\":\"Inici\",\"item\":\"https:\\\/\\\/santapola.es\\\/ca\\\/\"},{\"@type\":\"ListItem\",\"position\":2,\"name\":\"Els pescadors de Santa Pola es manifesten en el port en una jornada de vaga contra les mesures de la UE\"}]},{\"@type\":\"WebSite\",\"@id\":\"https:\\\/\\\/santapola.es\\\/ca\\\/#website\",\"url\":\"https:\\\/\\\/santapola.es\\\/ca\\\/\",\"name\":\"Ayuntamiento de Santa Pola\",\"description\":\"Web de l'Ajuntament de Santa Pola\",\"potentialAction\":[{\"@type\":\"SearchAction\",\"target\":{\"@type\":\"EntryPoint\",\"urlTemplate\":\"https:\\\/\\\/santapola.es\\\/ca\\\/?s={search_term_string}\"},\"query-input\":{\"@type\":\"PropertyValueSpecification\",\"valueRequired\":true,\"valueName\":\"search_term_string\"}}],\"inLanguage\":\"ca\"},{\"@type\":\"Person\",\"@id\":\"https:\\\/\\\/santapola.es\\\/ca\\\/#\\\/schema\\\/person\\\/ad1d67403707b58350c7be5e8dbc442d\",\"name\":\"Jos\u00e9 Juan L\u00f3pez Lafuente\"}]}<\/script>\n<!-- \/ Yoast SEO plugin. -->","yoast_head_json":{"title":"Els pescadors de Santa Pola es manifesten en el port en una jornada de vaga contra les mesures de la UE - Ajuntament de Santa Pola","robots":{"index":"index","follow":"follow","max-snippet":"max-snippet:-1","max-image-preview":"max-image-preview:large","max-video-preview":"max-video-preview:-1"},"canonical":"https:\/\/santapola.es\/ca\/els-pescadors-de-santa-pola-es-manifesten-en-el-port-en-una-jornada-de-vaga-contra-les-mesures-de-la-ue\/","og_locale":"ca_ES","og_type":"article","og_title":"Els pescadors de Santa Pola es manifesten en el port en una jornada de vaga contra les mesures de la UE - Ajuntament de Santa Pola","og_description":"L&#8217;alcaldessa Loreto Serrano afirma que \u201cals pescadors se&#8217;ls est\u00e0 tractant com a delinq\u00fcents\u201d i anuncia la pr\u00f2xima presentaci\u00f3 d&#8217;un informe de la UA, encarregat per la Diputaci\u00f3, en el qual es demostra que la captura de les esp\u00e8cies m\u00e9s habituals ha augmentat i no estan en regressi\u00f3. Els pescadors de Santa Pola no han eixit [&hellip;]","og_url":"https:\/\/santapola.es\/ca\/els-pescadors-de-santa-pola-es-manifesten-en-el-port-en-una-jornada-de-vaga-contra-les-mesures-de-la-ue\/","og_site_name":"Ajuntament de Santa Pola","article_publisher":"https:\/\/www.facebook.com\/AyuntamientoSantaPola\/","article_published_time":"2026-01-19T12:52:55+00:00","article_modified_time":"2026-01-19T13:12:09+00:00","og_image":[{"width":1920,"height":1440,"url":"https:\/\/santapola.es\/wp-content\/uploads\/2026\/01\/IMG_9024.jpg","type":"image\/jpeg"}],"author":"Jos\u00e9 Juan L\u00f3pez Lafuente","twitter_card":"summary_large_image","twitter_creator":"@SantaPolaAyunt","twitter_site":"@SantaPolaAyunt","schema":{"@context":"https:\/\/schema.org","@graph":[{"@type":"Article","@id":"https:\/\/santapola.es\/ca\/els-pescadors-de-santa-pola-es-manifesten-en-el-port-en-una-jornada-de-vaga-contra-les-mesures-de-la-ue\/#article","isPartOf":{"@id":"https:\/\/santapola.es\/ca\/els-pescadors-de-santa-pola-es-manifesten-en-el-port-en-una-jornada-de-vaga-contra-les-mesures-de-la-ue\/"},"author":{"name":"Jos\u00e9 Juan L\u00f3pez Lafuente","@id":"https:\/\/santapola.es\/ca\/#\/schema\/person\/ad1d67403707b58350c7be5e8dbc442d"},"headline":"Els pescadors de Santa Pola es manifesten en el port en una jornada de vaga contra les mesures de la UE","datePublished":"2026-01-19T12:52:55+00:00","dateModified":"2026-01-19T13:12:09+00:00","mainEntityOfPage":{"@id":"https:\/\/santapola.es\/ca\/els-pescadors-de-santa-pola-es-manifesten-en-el-port-en-una-jornada-de-vaga-contra-les-mesures-de-la-ue\/"},"wordCount":589,"image":{"@id":"https:\/\/santapola.es\/ca\/els-pescadors-de-santa-pola-es-manifesten-en-el-port-en-una-jornada-de-vaga-contra-les-mesures-de-la-ue\/#primaryimage"},"thumbnailUrl":"https:\/\/santapola.es\/wp-content\/uploads\/2026\/01\/IMG_9024.jpg","keywords":["Cofrad\u00eda de Pescadores","Confraria de Pescadors","Loreto Serrano","sector pesquer"],"articleSection":["Pesca"],"inLanguage":"ca"},{"@type":"WebPage","@id":"https:\/\/santapola.es\/ca\/els-pescadors-de-santa-pola-es-manifesten-en-el-port-en-una-jornada-de-vaga-contra-les-mesures-de-la-ue\/","url":"https:\/\/santapola.es\/ca\/els-pescadors-de-santa-pola-es-manifesten-en-el-port-en-una-jornada-de-vaga-contra-les-mesures-de-la-ue\/","name":"Els pescadors de Santa Pola es manifesten en el port en una jornada de vaga contra les mesures de la UE - Ajuntament de Santa Pola","isPartOf":{"@id":"https:\/\/santapola.es\/ca\/#website"},"primaryImageOfPage":{"@id":"https:\/\/santapola.es\/ca\/els-pescadors-de-santa-pola-es-manifesten-en-el-port-en-una-jornada-de-vaga-contra-les-mesures-de-la-ue\/#primaryimage"},"image":{"@id":"https:\/\/santapola.es\/ca\/els-pescadors-de-santa-pola-es-manifesten-en-el-port-en-una-jornada-de-vaga-contra-les-mesures-de-la-ue\/#primaryimage"},"thumbnailUrl":"https:\/\/santapola.es\/wp-content\/uploads\/2026\/01\/IMG_9024.jpg","datePublished":"2026-01-19T12:52:55+00:00","dateModified":"2026-01-19T13:12:09+00:00","author":{"@id":"https:\/\/santapola.es\/ca\/#\/schema\/person\/ad1d67403707b58350c7be5e8dbc442d"},"breadcrumb":{"@id":"https:\/\/santapola.es\/ca\/els-pescadors-de-santa-pola-es-manifesten-en-el-port-en-una-jornada-de-vaga-contra-les-mesures-de-la-ue\/#breadcrumb"},"inLanguage":"ca","potentialAction":[{"@type":"ReadAction","target":["https:\/\/santapola.es\/ca\/els-pescadors-de-santa-pola-es-manifesten-en-el-port-en-una-jornada-de-vaga-contra-les-mesures-de-la-ue\/"]}]},{"@type":"ImageObject","inLanguage":"ca","@id":"https:\/\/santapola.es\/ca\/els-pescadors-de-santa-pola-es-manifesten-en-el-port-en-una-jornada-de-vaga-contra-les-mesures-de-la-ue\/#primaryimage","url":"https:\/\/santapola.es\/wp-content\/uploads\/2026\/01\/IMG_9024.jpg","contentUrl":"https:\/\/santapola.es\/wp-content\/uploads\/2026\/01\/IMG_9024.jpg","width":1920,"height":1440},{"@type":"BreadcrumbList","@id":"https:\/\/santapola.es\/ca\/els-pescadors-de-santa-pola-es-manifesten-en-el-port-en-una-jornada-de-vaga-contra-les-mesures-de-la-ue\/#breadcrumb","itemListElement":[{"@type":"ListItem","position":1,"name":"Inici","item":"https:\/\/santapola.es\/ca\/"},{"@type":"ListItem","position":2,"name":"Els pescadors de Santa Pola es manifesten en el port en una jornada de vaga contra les mesures de la UE"}]},{"@type":"WebSite","@id":"https:\/\/santapola.es\/ca\/#website","url":"https:\/\/santapola.es\/ca\/","name":"Ayuntamiento de Santa Pola","description":"Web de l'Ajuntament de Santa Pola","potentialAction":[{"@type":"SearchAction","target":{"@type":"EntryPoint","urlTemplate":"https:\/\/santapola.es\/ca\/?s={search_term_string}"},"query-input":{"@type":"PropertyValueSpecification","valueRequired":true,"valueName":"search_term_string"}}],"inLanguage":"ca"},{"@type":"Person","@id":"https:\/\/santapola.es\/ca\/#\/schema\/person\/ad1d67403707b58350c7be5e8dbc442d","name":"Jos\u00e9 Juan L\u00f3pez Lafuente"}]}},"_links":{"self":[{"href":"https:\/\/santapola.es\/ca\/wp-json\/wp\/v2\/posts\/47201","targetHints":{"allow":["GET"]}}],"collection":[{"href":"https:\/\/santapola.es\/ca\/wp-json\/wp\/v2\/posts"}],"about":[{"href":"https:\/\/santapola.es\/ca\/wp-json\/wp\/v2\/types\/post"}],"author":[{"embeddable":true,"href":"https:\/\/santapola.es\/ca\/wp-json\/wp\/v2\/users\/96"}],"replies":[{"embeddable":true,"href":"https:\/\/santapola.es\/ca\/wp-json\/wp\/v2\/comments?post=47201"}],"version-history":[{"count":0,"href":"https:\/\/santapola.es\/ca\/wp-json\/wp\/v2\/posts\/47201\/revisions"}],"wp:featuredmedia":[{"embeddable":true,"href":"https:\/\/santapola.es\/ca\/wp-json\/wp\/v2\/media\/47199"}],"wp:attachment":[{"href":"https:\/\/santapola.es\/ca\/wp-json\/wp\/v2\/media?parent=47201"}],"wp:term":[{"taxonomy":"category","embeddable":true,"href":"https:\/\/santapola.es\/ca\/wp-json\/wp\/v2\/categories?post=47201"},{"taxonomy":"post_tag","embeddable":true,"href":"https:\/\/santapola.es\/ca\/wp-json\/wp\/v2\/tags?post=47201"}],"curies":[{"name":"wp","href":"https:\/\/api.w.org\/{rel}","templated":true}]}}