{"id":47168,"date":"2026-01-16T12:30:53","date_gmt":"2026-01-16T11:30:53","guid":{"rendered":"https:\/\/santapola.es\/?p=47168"},"modified":"2026-01-16T12:33:08","modified_gmt":"2026-01-16T11:33:08","slug":"la-xarxa-de-biblioteques-de-santa-pola-consolida-el-seu-creixement-en-2025-i-se-situa-molt-per-damunt-de-les-mitjanes-estatal-i-autonomica","status":"publish","type":"post","link":"https:\/\/santapola.es\/ca\/la-xarxa-de-biblioteques-de-santa-pola-consolida-el-seu-creixement-en-2025-i-se-situa-molt-per-damunt-de-les-mitjanes-estatal-i-autonomica\/","title":{"rendered":"La Xarxa de Biblioteques de Santa Pola consolida el seu creixement en 2025 i se situa molt per damunt de les mitjanes estatal i auton\u00f2mica"},"content":{"rendered":"<p><strong>Les visites a les biblioteques han augmentat durant l&#8217;\u00faltim any, passant de 81.938 en 2024 a 83.010 en 2025. Els pr\u00e9stecs de llibres pugen un 3,39% i les activitats s&#8217;incrementen un 29% amb 33.421 assistents.<\/strong><\/p>\n<p>La Xarxa de Biblioteques de Santa Pola ha tancat l&#8217;any 2025 amb uns resultats molt positius que confirmen el creixent inter\u00e9s de la ciutadania pels servicis bibliotecaris i culturals del municipi, situant a m\u00e9s a Santa Pola molt per damunt de les mitjanes estatal i auton\u00f2mica de la Comunitat Valenciana en els principals indicadors bibliotecaris.<\/p>\n<p>Durant l&#8217;\u00faltim any, les visites a les biblioteques han augmentat, passant de 81.938 en 2024 a 83.010 en 2025, la qual cosa reflectix una tend\u00e8ncia a l&#8217;al\u00e7a en l&#8217;\u00fas d&#8217;estos espais com a llocs d&#8217;estudi, lectura i trobada cultural, amb r\u00e0tios d&#8217;\u00fas superiors a les mitjanes registrades tant a\u00a0 nivell auton\u00f2mic com estatal.<\/p>\n<p>Tamb\u00e9 s&#8217;ha registrat un increment en el pr\u00e9stec de llibres, que ha passat de 36.256 en 2024 a 37.488 pr\u00e9stecs en 2025. En total, la xarxa ha realitzat 41.804 pr\u00e9stecs, distribu\u00efts en 20.772 servicis de pr\u00e9stec, aconseguint un pr\u00e9stec per habitant de 1,08, una dada que se situa clarament per damunt de la mitjana de la Comunitat Valenciana i del conjunt de l&#8217;Estat.<\/p>\n<p><strong>Notable augment de les activitats<\/strong><\/p>\n<p>El dinamisme cultural de les biblioteques es reflectix especialment en el notable augment d&#8217;activitats, que han passat de 270 en 2024 a 348 activitats en 2025. Estes iniciatives han comptat amb un excel\u00b7lent acolliment, amb 33.421 assistents durant l&#8217;\u00faltim any, enfront dels 27.657 de l&#8217;exercici anterior, xifres que superen \u00e0mpliament els valors mitjans auton\u00f2mics i estatals en participaci\u00f3 cultural.<\/p>\n<p>Quant a la comunitat usu\u00e0ria, en 2025 s&#8217;han inscrit 955 nous socis, aconseguint un total de 25.769 persones associades a la Xarxa de Biblioteques de Santa Pola. Esta xifra representa ja el 66% de la poblaci\u00f3 del municipi, dos punts percentuals m\u00e9s que l&#8217;any anterior, un percentatge de poblaci\u00f3 usu\u00e0ria molt superior a la mitjana de biblioteques p\u00fabliques tant en la Comunitat\u00a0 Valenciana com en el conjunt del pa\u00eds.<\/p>\n<p>Finalment, cal destacar que la xarxa bibliotec\u00e0ria compta actualment amb un fons de 109.198 documents, la qual cosa suposa 2,77 documents per habitant. Estes dades confirmen l&#8217;excel\u00b7lent estat de salut de la Xarxa de Biblioteques de Santa Pola i el seu\u00a0 paper fonamental com a servici p\u00fablic de refer\u00e8ncia en la promoci\u00f3 de la lectura, la cultura i la\u00a0 participaci\u00f3 ciutadana.<\/p>\n<p><strong>Suport als ciutadans en tr\u00e0mits telem\u00e0tics<\/strong><\/p>\n<p>A m\u00e9s de la seua labor cultural i de foment de la lectura, la Xarxa de Biblioteques de Santa Pola ha refor\u00e7at durant 2025 el seu paper com a servici de suport a la ciutadania en l&#8217;acc\u00e9s a l&#8217;administraci\u00f3 electr\u00f2nica. Al llarg de l&#8217;any, les biblioteques han ajudat a 2.028 santapolers i santapoleres a realitzar diferents tr\u00e0mits digitals, com l&#8217;acc\u00e9s a organismes oficials, l&#8217;emplenament de formularis, la desc\u00e0rrega de documentaci\u00f3 o la gesti\u00f3 de procediments administratius en l\u00ednia. Este servici resulta especialment rellevant per a reduir la bretxa\u00a0 digital i facilitar la relaci\u00f3 de la poblaci\u00f3 amb les administracions p\u00fabliques.<\/p>\n<p>Aix\u00ed mateix, la Xarxa de Biblioteques de Santa Pola continua consolidant-se com un recurs fonamental per a l&#8217;\u00e0mbit educatiu. Durant l&#8217;any 2025, un total de 9.352 estudiants han fet \u00fas de la sala d&#8217;estudi de Santa Pola, confirmant la import\u00e0ncia d&#8217;estos espais com a\u00a0 suport a l&#8217;estudi, la formaci\u00f3 i la preparaci\u00f3 acad\u00e8mica, especialment en \u00e8poques d&#8217;ex\u00e0mens.<\/p>\n","protected":false},"excerpt":{"rendered":"<p>Les visites a les biblioteques han augmentat durant l&#8217;\u00faltim any, passant de 81.938 en 2024 a 83.010 en 2025. Els pr\u00e9stecs de llibres pugen un 3,39% i les activitats s&#8217;incrementen un 29% amb 33.421 assistents. La Xarxa de Biblioteques de Santa Pola ha tancat l&#8217;any 2025 amb uns resultats molt positius que confirmen el creixent [&hellip;]<\/p>\n","protected":false},"author":96,"featured_media":47166,"comment_status":"closed","ping_status":"closed","sticky":false,"template":"","format":"standard","meta":{"_et_pb_use_builder":"","_et_pb_old_content":"","_et_gb_content_width":"","footnotes":""},"categories":[433],"tags":[1732],"class_list":["post-47168","post","type-post","status-publish","format-standard","has-post-thumbnail","hentry","category-cultura-ca","tag-xarxa-de-biblioteques-de-santa-pola"],"yoast_head":"<!-- This site is optimized with the Yoast SEO plugin v27.4 - https:\/\/yoast.com\/product\/yoast-seo-wordpress\/ -->\n<title>La Xarxa de Biblioteques de Santa Pola consolida el seu creixement en 2025 i se situa molt per damunt de les mitjanes estatal i auton\u00f2mica - Ajuntament de Santa Pola<\/title>\n<meta name=\"robots\" content=\"index, follow, max-snippet:-1, max-image-preview:large, max-video-preview:-1\" \/>\n<link rel=\"canonical\" href=\"https:\/\/santapola.es\/ca\/la-xarxa-de-biblioteques-de-santa-pola-consolida-el-seu-creixement-en-2025-i-se-situa-molt-per-damunt-de-les-mitjanes-estatal-i-autonomica\/\" \/>\n<meta property=\"og:locale\" content=\"ca_ES\" \/>\n<meta property=\"og:type\" content=\"article\" \/>\n<meta property=\"og:title\" content=\"La Xarxa de Biblioteques de Santa Pola consolida el seu creixement en 2025 i se situa molt per damunt de les mitjanes estatal i auton\u00f2mica - Ajuntament de Santa Pola\" \/>\n<meta property=\"og:description\" content=\"Les visites a les biblioteques han augmentat durant l&#8217;\u00faltim any, passant de 81.938 en 2024 a 83.010 en 2025. Els pr\u00e9stecs de llibres pugen un 3,39% i les activitats s&#8217;incrementen un 29% amb 33.421 assistents. La Xarxa de Biblioteques de Santa Pola ha tancat l&#8217;any 2025 amb uns resultats molt positius que confirmen el creixent [&hellip;]\" \/>\n<meta property=\"og:url\" content=\"https:\/\/santapola.es\/ca\/la-xarxa-de-biblioteques-de-santa-pola-consolida-el-seu-creixement-en-2025-i-se-situa-molt-per-damunt-de-les-mitjanes-estatal-i-autonomica\/\" \/>\n<meta property=\"og:site_name\" content=\"Ajuntament de Santa Pola\" \/>\n<meta property=\"article:publisher\" content=\"https:\/\/www.facebook.com\/AyuntamientoSantaPola\/\" \/>\n<meta property=\"article:published_time\" content=\"2026-01-16T11:30:53+00:00\" \/>\n<meta property=\"article:modified_time\" content=\"2026-01-16T11:33:08+00:00\" \/>\n<meta property=\"og:image\" content=\"https:\/\/santapola.es\/wp-content\/uploads\/2026\/01\/biblio.jpeg\" \/>\n\t<meta property=\"og:image:width\" content=\"4928\" \/>\n\t<meta property=\"og:image:height\" content=\"3264\" \/>\n\t<meta property=\"og:image:type\" content=\"image\/jpeg\" \/>\n<meta name=\"author\" content=\"Jos\u00e9 Juan L\u00f3pez Lafuente\" \/>\n<meta name=\"twitter:card\" content=\"summary_large_image\" \/>\n<meta name=\"twitter:creator\" content=\"@SantaPolaAyunt\" \/>\n<meta name=\"twitter:site\" content=\"@SantaPolaAyunt\" \/>\n<script type=\"application\/ld+json\" class=\"yoast-schema-graph\">{\"@context\":\"https:\\\/\\\/schema.org\",\"@graph\":[{\"@type\":\"Article\",\"@id\":\"https:\\\/\\\/santapola.es\\\/ca\\\/la-xarxa-de-biblioteques-de-santa-pola-consolida-el-seu-creixement-en-2025-i-se-situa-molt-per-damunt-de-les-mitjanes-estatal-i-autonomica\\\/#article\",\"isPartOf\":{\"@id\":\"https:\\\/\\\/santapola.es\\\/ca\\\/la-xarxa-de-biblioteques-de-santa-pola-consolida-el-seu-creixement-en-2025-i-se-situa-molt-per-damunt-de-les-mitjanes-estatal-i-autonomica\\\/\"},\"author\":{\"name\":\"Jos\u00e9 Juan L\u00f3pez Lafuente\",\"@id\":\"https:\\\/\\\/santapola.es\\\/ca\\\/#\\\/schema\\\/person\\\/ad1d67403707b58350c7be5e8dbc442d\"},\"headline\":\"La Xarxa de Biblioteques de Santa Pola consolida el seu creixement en 2025 i se situa molt per damunt de les mitjanes estatal i auton\u00f2mica\",\"datePublished\":\"2026-01-16T11:30:53+00:00\",\"dateModified\":\"2026-01-16T11:33:08+00:00\",\"mainEntityOfPage\":{\"@id\":\"https:\\\/\\\/santapola.es\\\/ca\\\/la-xarxa-de-biblioteques-de-santa-pola-consolida-el-seu-creixement-en-2025-i-se-situa-molt-per-damunt-de-les-mitjanes-estatal-i-autonomica\\\/\"},\"wordCount\":620,\"image\":{\"@id\":\"https:\\\/\\\/santapola.es\\\/ca\\\/la-xarxa-de-biblioteques-de-santa-pola-consolida-el-seu-creixement-en-2025-i-se-situa-molt-per-damunt-de-les-mitjanes-estatal-i-autonomica\\\/#primaryimage\"},\"thumbnailUrl\":\"https:\\\/\\\/santapola.es\\\/wp-content\\\/uploads\\\/2026\\\/01\\\/biblio.jpeg\",\"keywords\":[\"Xarxa de Biblioteques de Santa Pola\"],\"articleSection\":[\"Cultura\"],\"inLanguage\":\"ca\"},{\"@type\":\"WebPage\",\"@id\":\"https:\\\/\\\/santapola.es\\\/ca\\\/la-xarxa-de-biblioteques-de-santa-pola-consolida-el-seu-creixement-en-2025-i-se-situa-molt-per-damunt-de-les-mitjanes-estatal-i-autonomica\\\/\",\"url\":\"https:\\\/\\\/santapola.es\\\/ca\\\/la-xarxa-de-biblioteques-de-santa-pola-consolida-el-seu-creixement-en-2025-i-se-situa-molt-per-damunt-de-les-mitjanes-estatal-i-autonomica\\\/\",\"name\":\"La Xarxa de Biblioteques de Santa Pola consolida el seu creixement en 2025 i se situa molt per damunt de les mitjanes estatal i auton\u00f2mica - Ajuntament de Santa Pola\",\"isPartOf\":{\"@id\":\"https:\\\/\\\/santapola.es\\\/ca\\\/#website\"},\"primaryImageOfPage\":{\"@id\":\"https:\\\/\\\/santapola.es\\\/ca\\\/la-xarxa-de-biblioteques-de-santa-pola-consolida-el-seu-creixement-en-2025-i-se-situa-molt-per-damunt-de-les-mitjanes-estatal-i-autonomica\\\/#primaryimage\"},\"image\":{\"@id\":\"https:\\\/\\\/santapola.es\\\/ca\\\/la-xarxa-de-biblioteques-de-santa-pola-consolida-el-seu-creixement-en-2025-i-se-situa-molt-per-damunt-de-les-mitjanes-estatal-i-autonomica\\\/#primaryimage\"},\"thumbnailUrl\":\"https:\\\/\\\/santapola.es\\\/wp-content\\\/uploads\\\/2026\\\/01\\\/biblio.jpeg\",\"datePublished\":\"2026-01-16T11:30:53+00:00\",\"dateModified\":\"2026-01-16T11:33:08+00:00\",\"author\":{\"@id\":\"https:\\\/\\\/santapola.es\\\/ca\\\/#\\\/schema\\\/person\\\/ad1d67403707b58350c7be5e8dbc442d\"},\"breadcrumb\":{\"@id\":\"https:\\\/\\\/santapola.es\\\/ca\\\/la-xarxa-de-biblioteques-de-santa-pola-consolida-el-seu-creixement-en-2025-i-se-situa-molt-per-damunt-de-les-mitjanes-estatal-i-autonomica\\\/#breadcrumb\"},\"inLanguage\":\"ca\",\"potentialAction\":[{\"@type\":\"ReadAction\",\"target\":[\"https:\\\/\\\/santapola.es\\\/ca\\\/la-xarxa-de-biblioteques-de-santa-pola-consolida-el-seu-creixement-en-2025-i-se-situa-molt-per-damunt-de-les-mitjanes-estatal-i-autonomica\\\/\"]}]},{\"@type\":\"ImageObject\",\"inLanguage\":\"ca\",\"@id\":\"https:\\\/\\\/santapola.es\\\/ca\\\/la-xarxa-de-biblioteques-de-santa-pola-consolida-el-seu-creixement-en-2025-i-se-situa-molt-per-damunt-de-les-mitjanes-estatal-i-autonomica\\\/#primaryimage\",\"url\":\"https:\\\/\\\/santapola.es\\\/wp-content\\\/uploads\\\/2026\\\/01\\\/biblio.jpeg\",\"contentUrl\":\"https:\\\/\\\/santapola.es\\\/wp-content\\\/uploads\\\/2026\\\/01\\\/biblio.jpeg\",\"width\":4928,\"height\":3264,\"caption\":\"ARSP TELEVISION\"},{\"@type\":\"BreadcrumbList\",\"@id\":\"https:\\\/\\\/santapola.es\\\/ca\\\/la-xarxa-de-biblioteques-de-santa-pola-consolida-el-seu-creixement-en-2025-i-se-situa-molt-per-damunt-de-les-mitjanes-estatal-i-autonomica\\\/#breadcrumb\",\"itemListElement\":[{\"@type\":\"ListItem\",\"position\":1,\"name\":\"Inici\",\"item\":\"https:\\\/\\\/santapola.es\\\/ca\\\/\"},{\"@type\":\"ListItem\",\"position\":2,\"name\":\"La Xarxa de Biblioteques de Santa Pola consolida el seu creixement en 2025 i se situa molt per damunt de les mitjanes estatal i auton\u00f2mica\"}]},{\"@type\":\"WebSite\",\"@id\":\"https:\\\/\\\/santapola.es\\\/ca\\\/#website\",\"url\":\"https:\\\/\\\/santapola.es\\\/ca\\\/\",\"name\":\"Ayuntamiento de Santa Pola\",\"description\":\"Web de l'Ajuntament de Santa Pola\",\"potentialAction\":[{\"@type\":\"SearchAction\",\"target\":{\"@type\":\"EntryPoint\",\"urlTemplate\":\"https:\\\/\\\/santapola.es\\\/ca\\\/?s={search_term_string}\"},\"query-input\":{\"@type\":\"PropertyValueSpecification\",\"valueRequired\":true,\"valueName\":\"search_term_string\"}}],\"inLanguage\":\"ca\"},{\"@type\":\"Person\",\"@id\":\"https:\\\/\\\/santapola.es\\\/ca\\\/#\\\/schema\\\/person\\\/ad1d67403707b58350c7be5e8dbc442d\",\"name\":\"Jos\u00e9 Juan L\u00f3pez Lafuente\"}]}<\/script>\n<!-- \/ Yoast SEO plugin. -->","yoast_head_json":{"title":"La Xarxa de Biblioteques de Santa Pola consolida el seu creixement en 2025 i se situa molt per damunt de les mitjanes estatal i auton\u00f2mica - Ajuntament de Santa Pola","robots":{"index":"index","follow":"follow","max-snippet":"max-snippet:-1","max-image-preview":"max-image-preview:large","max-video-preview":"max-video-preview:-1"},"canonical":"https:\/\/santapola.es\/ca\/la-xarxa-de-biblioteques-de-santa-pola-consolida-el-seu-creixement-en-2025-i-se-situa-molt-per-damunt-de-les-mitjanes-estatal-i-autonomica\/","og_locale":"ca_ES","og_type":"article","og_title":"La Xarxa de Biblioteques de Santa Pola consolida el seu creixement en 2025 i se situa molt per damunt de les mitjanes estatal i auton\u00f2mica - Ajuntament de Santa Pola","og_description":"Les visites a les biblioteques han augmentat durant l&#8217;\u00faltim any, passant de 81.938 en 2024 a 83.010 en 2025. Els pr\u00e9stecs de llibres pugen un 3,39% i les activitats s&#8217;incrementen un 29% amb 33.421 assistents. La Xarxa de Biblioteques de Santa Pola ha tancat l&#8217;any 2025 amb uns resultats molt positius que confirmen el creixent [&hellip;]","og_url":"https:\/\/santapola.es\/ca\/la-xarxa-de-biblioteques-de-santa-pola-consolida-el-seu-creixement-en-2025-i-se-situa-molt-per-damunt-de-les-mitjanes-estatal-i-autonomica\/","og_site_name":"Ajuntament de Santa Pola","article_publisher":"https:\/\/www.facebook.com\/AyuntamientoSantaPola\/","article_published_time":"2026-01-16T11:30:53+00:00","article_modified_time":"2026-01-16T11:33:08+00:00","og_image":[{"width":4928,"height":3264,"url":"https:\/\/santapola.es\/wp-content\/uploads\/2026\/01\/biblio.jpeg","type":"image\/jpeg"}],"author":"Jos\u00e9 Juan L\u00f3pez Lafuente","twitter_card":"summary_large_image","twitter_creator":"@SantaPolaAyunt","twitter_site":"@SantaPolaAyunt","schema":{"@context":"https:\/\/schema.org","@graph":[{"@type":"Article","@id":"https:\/\/santapola.es\/ca\/la-xarxa-de-biblioteques-de-santa-pola-consolida-el-seu-creixement-en-2025-i-se-situa-molt-per-damunt-de-les-mitjanes-estatal-i-autonomica\/#article","isPartOf":{"@id":"https:\/\/santapola.es\/ca\/la-xarxa-de-biblioteques-de-santa-pola-consolida-el-seu-creixement-en-2025-i-se-situa-molt-per-damunt-de-les-mitjanes-estatal-i-autonomica\/"},"author":{"name":"Jos\u00e9 Juan L\u00f3pez Lafuente","@id":"https:\/\/santapola.es\/ca\/#\/schema\/person\/ad1d67403707b58350c7be5e8dbc442d"},"headline":"La Xarxa de Biblioteques de Santa Pola consolida el seu creixement en 2025 i se situa molt per damunt de les mitjanes estatal i auton\u00f2mica","datePublished":"2026-01-16T11:30:53+00:00","dateModified":"2026-01-16T11:33:08+00:00","mainEntityOfPage":{"@id":"https:\/\/santapola.es\/ca\/la-xarxa-de-biblioteques-de-santa-pola-consolida-el-seu-creixement-en-2025-i-se-situa-molt-per-damunt-de-les-mitjanes-estatal-i-autonomica\/"},"wordCount":620,"image":{"@id":"https:\/\/santapola.es\/ca\/la-xarxa-de-biblioteques-de-santa-pola-consolida-el-seu-creixement-en-2025-i-se-situa-molt-per-damunt-de-les-mitjanes-estatal-i-autonomica\/#primaryimage"},"thumbnailUrl":"https:\/\/santapola.es\/wp-content\/uploads\/2026\/01\/biblio.jpeg","keywords":["Xarxa de Biblioteques de Santa Pola"],"articleSection":["Cultura"],"inLanguage":"ca"},{"@type":"WebPage","@id":"https:\/\/santapola.es\/ca\/la-xarxa-de-biblioteques-de-santa-pola-consolida-el-seu-creixement-en-2025-i-se-situa-molt-per-damunt-de-les-mitjanes-estatal-i-autonomica\/","url":"https:\/\/santapola.es\/ca\/la-xarxa-de-biblioteques-de-santa-pola-consolida-el-seu-creixement-en-2025-i-se-situa-molt-per-damunt-de-les-mitjanes-estatal-i-autonomica\/","name":"La Xarxa de Biblioteques de Santa Pola consolida el seu creixement en 2025 i se situa molt per damunt de les mitjanes estatal i auton\u00f2mica - Ajuntament de Santa Pola","isPartOf":{"@id":"https:\/\/santapola.es\/ca\/#website"},"primaryImageOfPage":{"@id":"https:\/\/santapola.es\/ca\/la-xarxa-de-biblioteques-de-santa-pola-consolida-el-seu-creixement-en-2025-i-se-situa-molt-per-damunt-de-les-mitjanes-estatal-i-autonomica\/#primaryimage"},"image":{"@id":"https:\/\/santapola.es\/ca\/la-xarxa-de-biblioteques-de-santa-pola-consolida-el-seu-creixement-en-2025-i-se-situa-molt-per-damunt-de-les-mitjanes-estatal-i-autonomica\/#primaryimage"},"thumbnailUrl":"https:\/\/santapola.es\/wp-content\/uploads\/2026\/01\/biblio.jpeg","datePublished":"2026-01-16T11:30:53+00:00","dateModified":"2026-01-16T11:33:08+00:00","author":{"@id":"https:\/\/santapola.es\/ca\/#\/schema\/person\/ad1d67403707b58350c7be5e8dbc442d"},"breadcrumb":{"@id":"https:\/\/santapola.es\/ca\/la-xarxa-de-biblioteques-de-santa-pola-consolida-el-seu-creixement-en-2025-i-se-situa-molt-per-damunt-de-les-mitjanes-estatal-i-autonomica\/#breadcrumb"},"inLanguage":"ca","potentialAction":[{"@type":"ReadAction","target":["https:\/\/santapola.es\/ca\/la-xarxa-de-biblioteques-de-santa-pola-consolida-el-seu-creixement-en-2025-i-se-situa-molt-per-damunt-de-les-mitjanes-estatal-i-autonomica\/"]}]},{"@type":"ImageObject","inLanguage":"ca","@id":"https:\/\/santapola.es\/ca\/la-xarxa-de-biblioteques-de-santa-pola-consolida-el-seu-creixement-en-2025-i-se-situa-molt-per-damunt-de-les-mitjanes-estatal-i-autonomica\/#primaryimage","url":"https:\/\/santapola.es\/wp-content\/uploads\/2026\/01\/biblio.jpeg","contentUrl":"https:\/\/santapola.es\/wp-content\/uploads\/2026\/01\/biblio.jpeg","width":4928,"height":3264,"caption":"ARSP TELEVISION"},{"@type":"BreadcrumbList","@id":"https:\/\/santapola.es\/ca\/la-xarxa-de-biblioteques-de-santa-pola-consolida-el-seu-creixement-en-2025-i-se-situa-molt-per-damunt-de-les-mitjanes-estatal-i-autonomica\/#breadcrumb","itemListElement":[{"@type":"ListItem","position":1,"name":"Inici","item":"https:\/\/santapola.es\/ca\/"},{"@type":"ListItem","position":2,"name":"La Xarxa de Biblioteques de Santa Pola consolida el seu creixement en 2025 i se situa molt per damunt de les mitjanes estatal i auton\u00f2mica"}]},{"@type":"WebSite","@id":"https:\/\/santapola.es\/ca\/#website","url":"https:\/\/santapola.es\/ca\/","name":"Ayuntamiento de Santa Pola","description":"Web de l'Ajuntament de Santa Pola","potentialAction":[{"@type":"SearchAction","target":{"@type":"EntryPoint","urlTemplate":"https:\/\/santapola.es\/ca\/?s={search_term_string}"},"query-input":{"@type":"PropertyValueSpecification","valueRequired":true,"valueName":"search_term_string"}}],"inLanguage":"ca"},{"@type":"Person","@id":"https:\/\/santapola.es\/ca\/#\/schema\/person\/ad1d67403707b58350c7be5e8dbc442d","name":"Jos\u00e9 Juan L\u00f3pez Lafuente"}]}},"_links":{"self":[{"href":"https:\/\/santapola.es\/ca\/wp-json\/wp\/v2\/posts\/47168","targetHints":{"allow":["GET"]}}],"collection":[{"href":"https:\/\/santapola.es\/ca\/wp-json\/wp\/v2\/posts"}],"about":[{"href":"https:\/\/santapola.es\/ca\/wp-json\/wp\/v2\/types\/post"}],"author":[{"embeddable":true,"href":"https:\/\/santapola.es\/ca\/wp-json\/wp\/v2\/users\/96"}],"replies":[{"embeddable":true,"href":"https:\/\/santapola.es\/ca\/wp-json\/wp\/v2\/comments?post=47168"}],"version-history":[{"count":0,"href":"https:\/\/santapola.es\/ca\/wp-json\/wp\/v2\/posts\/47168\/revisions"}],"wp:featuredmedia":[{"embeddable":true,"href":"https:\/\/santapola.es\/ca\/wp-json\/wp\/v2\/media\/47166"}],"wp:attachment":[{"href":"https:\/\/santapola.es\/ca\/wp-json\/wp\/v2\/media?parent=47168"}],"wp:term":[{"taxonomy":"category","embeddable":true,"href":"https:\/\/santapola.es\/ca\/wp-json\/wp\/v2\/categories?post=47168"},{"taxonomy":"post_tag","embeddable":true,"href":"https:\/\/santapola.es\/ca\/wp-json\/wp\/v2\/tags?post=47168"}],"curies":[{"name":"wp","href":"https:\/\/api.w.org\/{rel}","templated":true}]}}