{"id":47160,"date":"2026-01-16T10:44:06","date_gmt":"2026-01-16T09:44:06","guid":{"rendered":"https:\/\/santapola.es\/?p=47160"},"modified":"2026-01-16T10:49:40","modified_gmt":"2026-01-16T09:49:40","slug":"un-pas-mes-per-a-la-construccio-de-la-piscina-el-ple-aprova-lestudi-de-detall-de-la-parcel%c2%b7la","status":"publish","type":"post","link":"https:\/\/santapola.es\/ca\/un-pas-mes-per-a-la-construccio-de-la-piscina-el-ple-aprova-lestudi-de-detall-de-la-parcel%c2%b7la\/","title":{"rendered":"Un pas m\u00e9s per a la construcci\u00f3 de la piscina: el ple aprova l&#8217;estudi de detall de la parcel\u00b7la"},"content":{"rendered":"<p><strong>La corporaci\u00f3 municipal ha aprovat definitivament en ple l&#8217;estudi de detall sobre la parcel\u00b7la de la piscina municipal que permetr\u00e0 dos plantes m\u00e9s mantenint el mateix volum d&#8217;edificabilitat. El seg\u00fcent pas ser\u00e0 l&#8217;exposici\u00f3 p\u00fablica de l&#8217;estudi de viabilitat presentat per l&#8217;empresa, per a posteriorment licitar la construcci\u00f3.<\/strong><\/p>\n<p>Ja est\u00e0 aprovat definitivament i per unanimitat l&#8217;estudi de detall sobre la parcel\u00b7la d&#8217;equipament esportiu en l&#8217;Avinguda d&#8217;Albacete n\u00fam. 6, que alberga la piscina municipal, i que no ha rebut cap al\u00b7legaci\u00f3. B\u00e0sicament el que canvia en les particularitats d&#8217;esta parcel\u00b7la \u00e9s que l&#8217;edifici passa de les tres plantes que permetia el PGOU de 2008 a cinc altures ara, amb el mateix volum d&#8217;edificabilitat, per a la construcci\u00f3 de la futura resid\u00e8ncia per a esportistes.<\/p>\n<p>El tinent d&#8217;alcalde Jos\u00e9 Pedro Mart\u00ednez va explicar que \u201cara el que procedix \u00e9s l&#8217;exposici\u00f3 p\u00fablica durant 30 dies de l&#8217;estudi de viabilitat i el projecte presentat per l&#8217;empresa, que ha complit escrupolosament tot el que li hem demanat. Ja hem comen\u00e7at a treballar en el plec de condicions amb el suport d&#8217;una empresa consultora per a tindre ben lligat un expedient tan complex\u201d.<\/p>\n<p>Per part seua, l&#8217;alcaldessa Loreto Serrano va afirmar que \u201cels requisits per a l&#8217;\u00fas de la piscina vindran reflectits en el plec de condicions de la licitaci\u00f3 de les obres, som nosaltres els primers que volem que l&#8217;\u00fas de la piscina siga p\u00fablic, \u00e9s un requisit imprescindible\u201d.<\/p>\n<p>La licitaci\u00f3 per a la construcci\u00f3 estar\u00e0 basada en el projecte presentat per l&#8217;empresa interessada, que proposa un complex format per resid\u00e8ncia d&#8217;esportistes amb piscina, gimn\u00e0s, sauna, restaurant i altres instal\u00b7lacions, i al proc\u00e9s es podran presentar totes les companyies interessades a assumir esta obra, a m\u00e9s de la futura gesti\u00f3 del complex amb les normes que plantege l&#8217;ajuntament.<\/p>\n<p><iframe loading=\"lazy\" title=\"PLENO EXTRAORDINARIO AYTO SANTA POLA | 15 ENERO 2026\" width=\"1080\" height=\"608\" src=\"https:\/\/www.youtube.com\/embed\/f4y-M2VzYnA?feature=oembed\"  allow=\"accelerometer; autoplay; clipboard-write; encrypted-media; gyroscope; picture-in-picture; web-share\" referrerpolicy=\"strict-origin-when-cross-origin\" allowfullscreen><\/iframe><\/p>\n","protected":false},"excerpt":{"rendered":"<p>La corporaci\u00f3 municipal ha aprovat definitivament en ple l&#8217;estudi de detall sobre la parcel\u00b7la de la piscina municipal que permetr\u00e0 dos plantes m\u00e9s mantenint el mateix volum d&#8217;edificabilitat. El seg\u00fcent pas ser\u00e0 l&#8217;exposici\u00f3 p\u00fablica de l&#8217;estudi de viabilitat presentat per l&#8217;empresa, per a posteriorment licitar la construcci\u00f3. Ja est\u00e0 aprovat definitivament i per unanimitat l&#8217;estudi [&hellip;]<\/p>\n","protected":false},"author":96,"featured_media":47158,"comment_status":"closed","ping_status":"closed","sticky":false,"template":"","format":"standard","meta":{"_et_pb_use_builder":"","_et_pb_old_content":"","_et_gb_content_width":"","footnotes":""},"categories":[473],"tags":[784],"class_list":["post-47160","post","type-post","status-publish","format-standard","has-post-thumbnail","hentry","category-plens","tag-piscina-municipal-ca"],"yoast_head":"<!-- This site is optimized with the Yoast SEO plugin v27.4 - https:\/\/yoast.com\/product\/yoast-seo-wordpress\/ -->\n<title>Un pas m\u00e9s per a la construcci\u00f3 de la piscina: el ple aprova l&#039;estudi de detall de la parcel\u00b7la - Ajuntament de Santa Pola<\/title>\n<meta name=\"robots\" content=\"index, follow, max-snippet:-1, max-image-preview:large, max-video-preview:-1\" \/>\n<link rel=\"canonical\" href=\"https:\/\/santapola.es\/ca\/un-pas-mes-per-a-la-construccio-de-la-piscina-el-ple-aprova-lestudi-de-detall-de-la-parcel%c2%b7la\/\" \/>\n<meta property=\"og:locale\" content=\"ca_ES\" \/>\n<meta property=\"og:type\" content=\"article\" \/>\n<meta property=\"og:title\" content=\"Un pas m\u00e9s per a la construcci\u00f3 de la piscina: el ple aprova l&#039;estudi de detall de la parcel\u00b7la - Ajuntament de Santa Pola\" \/>\n<meta property=\"og:description\" content=\"La corporaci\u00f3 municipal ha aprovat definitivament en ple l&#8217;estudi de detall sobre la parcel\u00b7la de la piscina municipal que permetr\u00e0 dos plantes m\u00e9s mantenint el mateix volum d&#8217;edificabilitat. El seg\u00fcent pas ser\u00e0 l&#8217;exposici\u00f3 p\u00fablica de l&#8217;estudi de viabilitat presentat per l&#8217;empresa, per a posteriorment licitar la construcci\u00f3. Ja est\u00e0 aprovat definitivament i per unanimitat l&#8217;estudi [&hellip;]\" \/>\n<meta property=\"og:url\" content=\"https:\/\/santapola.es\/ca\/un-pas-mes-per-a-la-construccio-de-la-piscina-el-ple-aprova-lestudi-de-detall-de-la-parcel%c2%b7la\/\" \/>\n<meta property=\"og:site_name\" content=\"Ajuntament de Santa Pola\" \/>\n<meta property=\"article:publisher\" content=\"https:\/\/www.facebook.com\/AyuntamientoSantaPola\/\" \/>\n<meta property=\"article:published_time\" content=\"2026-01-16T09:44:06+00:00\" \/>\n<meta property=\"article:modified_time\" content=\"2026-01-16T09:49:40+00:00\" \/>\n<meta property=\"og:image\" content=\"https:\/\/santapola.es\/wp-content\/uploads\/2026\/01\/IMG_8315.jpg\" \/>\n\t<meta property=\"og:image:width\" content=\"1920\" \/>\n\t<meta property=\"og:image:height\" content=\"1440\" \/>\n\t<meta property=\"og:image:type\" content=\"image\/jpeg\" \/>\n<meta name=\"author\" content=\"Jos\u00e9 Juan L\u00f3pez Lafuente\" \/>\n<meta name=\"twitter:card\" content=\"summary_large_image\" \/>\n<meta name=\"twitter:creator\" content=\"@SantaPolaAyunt\" \/>\n<meta name=\"twitter:site\" content=\"@SantaPolaAyunt\" \/>\n<script type=\"application\/ld+json\" class=\"yoast-schema-graph\">{\"@context\":\"https:\\\/\\\/schema.org\",\"@graph\":[{\"@type\":\"Article\",\"@id\":\"https:\\\/\\\/santapola.es\\\/ca\\\/un-pas-mes-per-a-la-construccio-de-la-piscina-el-ple-aprova-lestudi-de-detall-de-la-parcel%c2%b7la\\\/#article\",\"isPartOf\":{\"@id\":\"https:\\\/\\\/santapola.es\\\/ca\\\/un-pas-mes-per-a-la-construccio-de-la-piscina-el-ple-aprova-lestudi-de-detall-de-la-parcel%c2%b7la\\\/\"},\"author\":{\"name\":\"Jos\u00e9 Juan L\u00f3pez Lafuente\",\"@id\":\"https:\\\/\\\/santapola.es\\\/ca\\\/#\\\/schema\\\/person\\\/ad1d67403707b58350c7be5e8dbc442d\"},\"headline\":\"Un pas m\u00e9s per a la construcci\u00f3 de la piscina: el ple aprova l&#8217;estudi de detall de la parcel\u00b7la\",\"datePublished\":\"2026-01-16T09:44:06+00:00\",\"dateModified\":\"2026-01-16T09:49:40+00:00\",\"mainEntityOfPage\":{\"@id\":\"https:\\\/\\\/santapola.es\\\/ca\\\/un-pas-mes-per-a-la-construccio-de-la-piscina-el-ple-aprova-lestudi-de-detall-de-la-parcel%c2%b7la\\\/\"},\"wordCount\":362,\"image\":{\"@id\":\"https:\\\/\\\/santapola.es\\\/ca\\\/un-pas-mes-per-a-la-construccio-de-la-piscina-el-ple-aprova-lestudi-de-detall-de-la-parcel%c2%b7la\\\/#primaryimage\"},\"thumbnailUrl\":\"https:\\\/\\\/santapola.es\\\/wp-content\\\/uploads\\\/2026\\\/01\\\/IMG_8315.jpg\",\"keywords\":[\"Piscina municipal\"],\"articleSection\":[\"Plens\"],\"inLanguage\":\"ca\"},{\"@type\":\"WebPage\",\"@id\":\"https:\\\/\\\/santapola.es\\\/ca\\\/un-pas-mes-per-a-la-construccio-de-la-piscina-el-ple-aprova-lestudi-de-detall-de-la-parcel%c2%b7la\\\/\",\"url\":\"https:\\\/\\\/santapola.es\\\/ca\\\/un-pas-mes-per-a-la-construccio-de-la-piscina-el-ple-aprova-lestudi-de-detall-de-la-parcel%c2%b7la\\\/\",\"name\":\"Un pas m\u00e9s per a la construcci\u00f3 de la piscina: el ple aprova l'estudi de detall de la parcel\u00b7la - Ajuntament de Santa Pola\",\"isPartOf\":{\"@id\":\"https:\\\/\\\/santapola.es\\\/ca\\\/#website\"},\"primaryImageOfPage\":{\"@id\":\"https:\\\/\\\/santapola.es\\\/ca\\\/un-pas-mes-per-a-la-construccio-de-la-piscina-el-ple-aprova-lestudi-de-detall-de-la-parcel%c2%b7la\\\/#primaryimage\"},\"image\":{\"@id\":\"https:\\\/\\\/santapola.es\\\/ca\\\/un-pas-mes-per-a-la-construccio-de-la-piscina-el-ple-aprova-lestudi-de-detall-de-la-parcel%c2%b7la\\\/#primaryimage\"},\"thumbnailUrl\":\"https:\\\/\\\/santapola.es\\\/wp-content\\\/uploads\\\/2026\\\/01\\\/IMG_8315.jpg\",\"datePublished\":\"2026-01-16T09:44:06+00:00\",\"dateModified\":\"2026-01-16T09:49:40+00:00\",\"author\":{\"@id\":\"https:\\\/\\\/santapola.es\\\/ca\\\/#\\\/schema\\\/person\\\/ad1d67403707b58350c7be5e8dbc442d\"},\"breadcrumb\":{\"@id\":\"https:\\\/\\\/santapola.es\\\/ca\\\/un-pas-mes-per-a-la-construccio-de-la-piscina-el-ple-aprova-lestudi-de-detall-de-la-parcel%c2%b7la\\\/#breadcrumb\"},\"inLanguage\":\"ca\",\"potentialAction\":[{\"@type\":\"ReadAction\",\"target\":[\"https:\\\/\\\/santapola.es\\\/ca\\\/un-pas-mes-per-a-la-construccio-de-la-piscina-el-ple-aprova-lestudi-de-detall-de-la-parcel%c2%b7la\\\/\"]}]},{\"@type\":\"ImageObject\",\"inLanguage\":\"ca\",\"@id\":\"https:\\\/\\\/santapola.es\\\/ca\\\/un-pas-mes-per-a-la-construccio-de-la-piscina-el-ple-aprova-lestudi-de-detall-de-la-parcel%c2%b7la\\\/#primaryimage\",\"url\":\"https:\\\/\\\/santapola.es\\\/wp-content\\\/uploads\\\/2026\\\/01\\\/IMG_8315.jpg\",\"contentUrl\":\"https:\\\/\\\/santapola.es\\\/wp-content\\\/uploads\\\/2026\\\/01\\\/IMG_8315.jpg\",\"width\":1920,\"height\":1440},{\"@type\":\"BreadcrumbList\",\"@id\":\"https:\\\/\\\/santapola.es\\\/ca\\\/un-pas-mes-per-a-la-construccio-de-la-piscina-el-ple-aprova-lestudi-de-detall-de-la-parcel%c2%b7la\\\/#breadcrumb\",\"itemListElement\":[{\"@type\":\"ListItem\",\"position\":1,\"name\":\"Inici\",\"item\":\"https:\\\/\\\/santapola.es\\\/ca\\\/\"},{\"@type\":\"ListItem\",\"position\":2,\"name\":\"Un pas m\u00e9s per a la construcci\u00f3 de la piscina: el ple aprova l&#8217;estudi de detall de la parcel\u00b7la\"}]},{\"@type\":\"WebSite\",\"@id\":\"https:\\\/\\\/santapola.es\\\/ca\\\/#website\",\"url\":\"https:\\\/\\\/santapola.es\\\/ca\\\/\",\"name\":\"Ayuntamiento de Santa Pola\",\"description\":\"Web de l'Ajuntament de Santa Pola\",\"potentialAction\":[{\"@type\":\"SearchAction\",\"target\":{\"@type\":\"EntryPoint\",\"urlTemplate\":\"https:\\\/\\\/santapola.es\\\/ca\\\/?s={search_term_string}\"},\"query-input\":{\"@type\":\"PropertyValueSpecification\",\"valueRequired\":true,\"valueName\":\"search_term_string\"}}],\"inLanguage\":\"ca\"},{\"@type\":\"Person\",\"@id\":\"https:\\\/\\\/santapola.es\\\/ca\\\/#\\\/schema\\\/person\\\/ad1d67403707b58350c7be5e8dbc442d\",\"name\":\"Jos\u00e9 Juan L\u00f3pez Lafuente\"}]}<\/script>\n<!-- \/ Yoast SEO plugin. -->","yoast_head_json":{"title":"Un pas m\u00e9s per a la construcci\u00f3 de la piscina: el ple aprova l'estudi de detall de la parcel\u00b7la - Ajuntament de Santa Pola","robots":{"index":"index","follow":"follow","max-snippet":"max-snippet:-1","max-image-preview":"max-image-preview:large","max-video-preview":"max-video-preview:-1"},"canonical":"https:\/\/santapola.es\/ca\/un-pas-mes-per-a-la-construccio-de-la-piscina-el-ple-aprova-lestudi-de-detall-de-la-parcel%c2%b7la\/","og_locale":"ca_ES","og_type":"article","og_title":"Un pas m\u00e9s per a la construcci\u00f3 de la piscina: el ple aprova l'estudi de detall de la parcel\u00b7la - Ajuntament de Santa Pola","og_description":"La corporaci\u00f3 municipal ha aprovat definitivament en ple l&#8217;estudi de detall sobre la parcel\u00b7la de la piscina municipal que permetr\u00e0 dos plantes m\u00e9s mantenint el mateix volum d&#8217;edificabilitat. El seg\u00fcent pas ser\u00e0 l&#8217;exposici\u00f3 p\u00fablica de l&#8217;estudi de viabilitat presentat per l&#8217;empresa, per a posteriorment licitar la construcci\u00f3. Ja est\u00e0 aprovat definitivament i per unanimitat l&#8217;estudi [&hellip;]","og_url":"https:\/\/santapola.es\/ca\/un-pas-mes-per-a-la-construccio-de-la-piscina-el-ple-aprova-lestudi-de-detall-de-la-parcel%c2%b7la\/","og_site_name":"Ajuntament de Santa Pola","article_publisher":"https:\/\/www.facebook.com\/AyuntamientoSantaPola\/","article_published_time":"2026-01-16T09:44:06+00:00","article_modified_time":"2026-01-16T09:49:40+00:00","og_image":[{"width":1920,"height":1440,"url":"https:\/\/santapola.es\/wp-content\/uploads\/2026\/01\/IMG_8315.jpg","type":"image\/jpeg"}],"author":"Jos\u00e9 Juan L\u00f3pez Lafuente","twitter_card":"summary_large_image","twitter_creator":"@SantaPolaAyunt","twitter_site":"@SantaPolaAyunt","schema":{"@context":"https:\/\/schema.org","@graph":[{"@type":"Article","@id":"https:\/\/santapola.es\/ca\/un-pas-mes-per-a-la-construccio-de-la-piscina-el-ple-aprova-lestudi-de-detall-de-la-parcel%c2%b7la\/#article","isPartOf":{"@id":"https:\/\/santapola.es\/ca\/un-pas-mes-per-a-la-construccio-de-la-piscina-el-ple-aprova-lestudi-de-detall-de-la-parcel%c2%b7la\/"},"author":{"name":"Jos\u00e9 Juan L\u00f3pez Lafuente","@id":"https:\/\/santapola.es\/ca\/#\/schema\/person\/ad1d67403707b58350c7be5e8dbc442d"},"headline":"Un pas m\u00e9s per a la construcci\u00f3 de la piscina: el ple aprova l&#8217;estudi de detall de la parcel\u00b7la","datePublished":"2026-01-16T09:44:06+00:00","dateModified":"2026-01-16T09:49:40+00:00","mainEntityOfPage":{"@id":"https:\/\/santapola.es\/ca\/un-pas-mes-per-a-la-construccio-de-la-piscina-el-ple-aprova-lestudi-de-detall-de-la-parcel%c2%b7la\/"},"wordCount":362,"image":{"@id":"https:\/\/santapola.es\/ca\/un-pas-mes-per-a-la-construccio-de-la-piscina-el-ple-aprova-lestudi-de-detall-de-la-parcel%c2%b7la\/#primaryimage"},"thumbnailUrl":"https:\/\/santapola.es\/wp-content\/uploads\/2026\/01\/IMG_8315.jpg","keywords":["Piscina municipal"],"articleSection":["Plens"],"inLanguage":"ca"},{"@type":"WebPage","@id":"https:\/\/santapola.es\/ca\/un-pas-mes-per-a-la-construccio-de-la-piscina-el-ple-aprova-lestudi-de-detall-de-la-parcel%c2%b7la\/","url":"https:\/\/santapola.es\/ca\/un-pas-mes-per-a-la-construccio-de-la-piscina-el-ple-aprova-lestudi-de-detall-de-la-parcel%c2%b7la\/","name":"Un pas m\u00e9s per a la construcci\u00f3 de la piscina: el ple aprova l'estudi de detall de la parcel\u00b7la - Ajuntament de Santa Pola","isPartOf":{"@id":"https:\/\/santapola.es\/ca\/#website"},"primaryImageOfPage":{"@id":"https:\/\/santapola.es\/ca\/un-pas-mes-per-a-la-construccio-de-la-piscina-el-ple-aprova-lestudi-de-detall-de-la-parcel%c2%b7la\/#primaryimage"},"image":{"@id":"https:\/\/santapola.es\/ca\/un-pas-mes-per-a-la-construccio-de-la-piscina-el-ple-aprova-lestudi-de-detall-de-la-parcel%c2%b7la\/#primaryimage"},"thumbnailUrl":"https:\/\/santapola.es\/wp-content\/uploads\/2026\/01\/IMG_8315.jpg","datePublished":"2026-01-16T09:44:06+00:00","dateModified":"2026-01-16T09:49:40+00:00","author":{"@id":"https:\/\/santapola.es\/ca\/#\/schema\/person\/ad1d67403707b58350c7be5e8dbc442d"},"breadcrumb":{"@id":"https:\/\/santapola.es\/ca\/un-pas-mes-per-a-la-construccio-de-la-piscina-el-ple-aprova-lestudi-de-detall-de-la-parcel%c2%b7la\/#breadcrumb"},"inLanguage":"ca","potentialAction":[{"@type":"ReadAction","target":["https:\/\/santapola.es\/ca\/un-pas-mes-per-a-la-construccio-de-la-piscina-el-ple-aprova-lestudi-de-detall-de-la-parcel%c2%b7la\/"]}]},{"@type":"ImageObject","inLanguage":"ca","@id":"https:\/\/santapola.es\/ca\/un-pas-mes-per-a-la-construccio-de-la-piscina-el-ple-aprova-lestudi-de-detall-de-la-parcel%c2%b7la\/#primaryimage","url":"https:\/\/santapola.es\/wp-content\/uploads\/2026\/01\/IMG_8315.jpg","contentUrl":"https:\/\/santapola.es\/wp-content\/uploads\/2026\/01\/IMG_8315.jpg","width":1920,"height":1440},{"@type":"BreadcrumbList","@id":"https:\/\/santapola.es\/ca\/un-pas-mes-per-a-la-construccio-de-la-piscina-el-ple-aprova-lestudi-de-detall-de-la-parcel%c2%b7la\/#breadcrumb","itemListElement":[{"@type":"ListItem","position":1,"name":"Inici","item":"https:\/\/santapola.es\/ca\/"},{"@type":"ListItem","position":2,"name":"Un pas m\u00e9s per a la construcci\u00f3 de la piscina: el ple aprova l&#8217;estudi de detall de la parcel\u00b7la"}]},{"@type":"WebSite","@id":"https:\/\/santapola.es\/ca\/#website","url":"https:\/\/santapola.es\/ca\/","name":"Ayuntamiento de Santa Pola","description":"Web de l'Ajuntament de Santa Pola","potentialAction":[{"@type":"SearchAction","target":{"@type":"EntryPoint","urlTemplate":"https:\/\/santapola.es\/ca\/?s={search_term_string}"},"query-input":{"@type":"PropertyValueSpecification","valueRequired":true,"valueName":"search_term_string"}}],"inLanguage":"ca"},{"@type":"Person","@id":"https:\/\/santapola.es\/ca\/#\/schema\/person\/ad1d67403707b58350c7be5e8dbc442d","name":"Jos\u00e9 Juan L\u00f3pez Lafuente"}]}},"_links":{"self":[{"href":"https:\/\/santapola.es\/ca\/wp-json\/wp\/v2\/posts\/47160","targetHints":{"allow":["GET"]}}],"collection":[{"href":"https:\/\/santapola.es\/ca\/wp-json\/wp\/v2\/posts"}],"about":[{"href":"https:\/\/santapola.es\/ca\/wp-json\/wp\/v2\/types\/post"}],"author":[{"embeddable":true,"href":"https:\/\/santapola.es\/ca\/wp-json\/wp\/v2\/users\/96"}],"replies":[{"embeddable":true,"href":"https:\/\/santapola.es\/ca\/wp-json\/wp\/v2\/comments?post=47160"}],"version-history":[{"count":0,"href":"https:\/\/santapola.es\/ca\/wp-json\/wp\/v2\/posts\/47160\/revisions"}],"wp:featuredmedia":[{"embeddable":true,"href":"https:\/\/santapola.es\/ca\/wp-json\/wp\/v2\/media\/47158"}],"wp:attachment":[{"href":"https:\/\/santapola.es\/ca\/wp-json\/wp\/v2\/media?parent=47160"}],"wp:term":[{"taxonomy":"category","embeddable":true,"href":"https:\/\/santapola.es\/ca\/wp-json\/wp\/v2\/categories?post=47160"},{"taxonomy":"post_tag","embeddable":true,"href":"https:\/\/santapola.es\/ca\/wp-json\/wp\/v2\/tags?post=47160"}],"curies":[{"name":"wp","href":"https:\/\/api.w.org\/{rel}","templated":true}]}}