{"id":47110,"date":"2026-01-13T20:07:20","date_gmt":"2026-01-13T19:07:20","guid":{"rendered":"https:\/\/santapola.es\/?p=47110"},"modified":"2026-01-13T20:24:57","modified_gmt":"2026-01-13T19:24:57","slug":"santa-pola-rebra-8-000-atletes-en-la-34a-mitja-marato-internacional-de-santa-pola-i-la-nova-prova-de-10k","status":"publish","type":"post","link":"https:\/\/santapola.es\/ca\/santa-pola-rebra-8-000-atletes-en-la-34a-mitja-marato-internacional-de-santa-pola-i-la-nova-prova-de-10k\/","title":{"rendered":"Santa Pola rebr\u00e0 8.000 atletes en la 34a Mitja Marat\u00f3 Internacional i la nova prova de 10k"},"content":{"rendered":"<p><strong>43 pa\u00efsos estaran representats el diumenge en la gran carrera santapolera, que es torna a consolidar com la segona millor de la Comunitat Valenciana, en la seua edici\u00f3 m\u00e9s internacional amb un 11% de corredors estrangers. Estrena prova independent de 10k que s&#8217;iniciar\u00e0 a les 8.30 i que hi ha hagut que tancar amb 1.700 participants i llista d&#8217;espera i un 48% de dones.<\/strong><\/p>\n<p>El president del Club d&#8217;Atletisme, Roque Alema\u00f1, ha presentat hui els detalls d&#8217;esta nova edici\u00f3 de la mitja santapolera en la qual destaca la nova prova de 10k: \u201cdespr\u00e9s de l&#8217;experi\u00e8ncia de veure cr\u00e9ixer la mitjana hem decidit apostar perqu\u00e8 siga una prova de qualitat i referent. Santa Pola no t\u00e9 unes vies que suporten un volum de participaci\u00f3 molt elevada, per aix\u00f2 limitem a 7.000 corredors la participaci\u00f3 en la mitja marat\u00f3 perqu\u00e8 puguen gaudir al m\u00e0xim de la carrera sense saturaci\u00f3 de gent\u201d.<\/p>\n<p>\u201cPer aix\u00f2 hem plantejat una nova prova de 10k independent a la mitjanque eixir\u00e0 a les 8.30 hores i obrim aix\u00ed la possibilitat que molt\u00edssima m\u00e9s gent vinga a Santa Pola\u201d, va explicar Alema\u00f1.<\/p>\n<p>Les inscripcions en la mitja marat\u00f3 s\u00f3n similars a les de l&#8217;any passat, al voltant de 6.300, mentres que per a la 10k \u201climitem en principi als 1.500 per\u00f2 hem hagut d&#8217;ampliar fins a 1.700 i tancar en eixa xifra, aix\u00ed que el diumenge tindrem als nostres carrers huit mil corredors. Tornem a consolidar la mitja marat\u00f3 de Santa Pola com la segona prova m\u00e9s important de la Comunitat Valenciana nom\u00e9s per darrere de Val\u00e8ncia\u201d.<\/p>\n<p><strong>La prova m\u00e9s internacional<\/strong><\/p>\n<p>Enguany ser\u00e0 la mitjanmarat\u00f3 m\u00e9s internacional d&#8217;entre totes les que ha tingut Santa Pola amb 43 pa\u00efsos representats, els m\u00e9s nombrosos Regne Unit (186), Noruega (125), Fran\u00e7a (83), Su\u00e8cia (77), Pol\u00f2nia (56) i Alemanya (40). L&#8217;11% dels inscrits s\u00f3n estrangers.<\/p>\n<p>La internacionalitzaci\u00f3 de la prova santapolera tamb\u00e9 es reflectix en els atletes d&#8217;elit, \u201cja que la mitja t\u00e9 la prestigiosa etiqueta de la World Athletics i aix\u00f2 \u00e9s un aparador per als millors professionals: destaca a un atleta de Kenya amb una marca de 58 minuts que podria assaltar el r\u00e8cord de la prova de 59\u201909\u201d, i dos corredors m\u00e9s amb marques acreditades enguany per davall de l&#8217;hora\u201d.<\/p>\n<p>En la mitja marat\u00f3 hi ha corredors amb marques importants de 27 minuts que podrien establir una gran primera marca que reflectisca la qualitat del circuit santapoler.<\/p>\n<p>Les prov\u00edncies que m\u00e9s corredors aporten s\u00f3n Alacant (2980), Murcia (688), Val\u00e8ncia (535), Albacete (422) i Madrid (380), mentres que la xifra de participants locals seran de 608 en la mitja i 207 en la 10k.<\/p>\n<p>La mitja marat\u00f3 mant\u00e9 el percentatge de 75% h\u00f2mens i 25% dones, no obstant aix\u00f2 en la 10k les xifres sorprenen amb un 52% d&#8217;h\u00f2mens i un 48% de dones, pr\u00e0cticament a l&#8217;una.<\/p>\n<p><strong>Activitats paral\u00b7leles<\/strong><\/p>\n<p>La fira del corredor, situada en la carpa lateral del castell, s&#8217;inaugura el divendres a les cinc de la vesprada i continuar\u00e0 durant el dissabte de 10 a 20 hores. All\u00ed els runners podran arreplegar el seu dorsal i visitar els m\u00faltiples estands especialitzats en un esdeveniment que t\u00e9 molta demanda.<\/p>\n<p>La Mini Marat\u00f3 que se celebra el dissabte a partir de les cinc de la vesprada va reunir l&#8217;any passat m\u00e9s de mil xiquets i xiquetes, i en esta ocasi\u00f3 s&#8217;espera una aflu\u00e8ncia similar.<\/p>\n<p>Tamb\u00e9 es recupera enguany la pres\u00e8ncia de la brigada paracaigudista PAPEA, que realitzar\u00e0 una exhibici\u00f3 el diumenge a les 10 del mat\u00ed abans del tret d&#8217;eixida.<\/p>\n<p><strong>L&#8217;epicentre de l&#8217;esport a Espanya<\/strong><\/p>\n<p>L&#8217;alcaldessa Loreto Serrano va definir que \u201cla mitja marat\u00f3 \u00e9s vida, \u00e9s alegria, \u00e9s companyonia, \u00e9s turisme, \u00e9s esport, \u00e9s gastronomia, el que acudisquen eixos huit mil corredors i les seues fam\u00edlies ens enriquix en tots els sentits, a m\u00e9s de la gran repercussi\u00f3 econ\u00f2mica que genera\u201d.<\/p>\n<p>El Diputat Provincial de Cultura, Juan de Dios Navarro, va lloar que \u201cSanta Pola ser\u00e0 el centre de l&#8217;esport de tota Espanya, una mitja m\u00e9s internacional que mai, la segona de la Comunitat Valenciana, crec que \u00e9s un encert que h\u00e0geu afegit eixa 10k per a fer encara m\u00e9s gran si cap esta prova. La Diputaci\u00f3 d&#8217;Alacant est\u00e0 amb els esdeveniments de qualitat que ser\u00e0 l&#8217;epicentre just abans de la celebraci\u00f3 de Fitur\u201d.<\/p>\n<p>El regidor d&#8217;Esports, \u00c1ngel Piedecausa, va manifestar que \u201cpr\u00e0cticament tots els departaments de l&#8217;Ajuntament treballant perqu\u00e8 esta prova isca perfecta, i aix\u00f2 no seria possible sense el treball del Club d&#8217;Atletisme, els patrocinadors i els voluntaris, per a nosaltres \u00e9s la gran festa de l&#8217;esport durant tot el cap de setmana\u201d.<\/p>\n<p>Ram\u00f3n Alonso, representant de Coca-Cola, va avan\u00e7ar que \u201cfarem un desplegament important tant en producte com en mitjans personals, unes 60.000 consumicions, ja que la prova ho mereix, \u00e9s la primera de la nostra prov\u00edncia i la ciutat de Santa Pola mereix el nostre suport i comprom\u00eds\u201d.<\/p>\n","protected":false},"excerpt":{"rendered":"<p>43 pa\u00efsos estaran representats el diumenge en la gran carrera santapolera, que es torna a consolidar com la segona millor de la Comunitat Valenciana, en la seua edici\u00f3 m\u00e9s internacional amb un 11% de corredors estrangers. Estrena prova independent de 10k que s&#8217;iniciar\u00e0 a les 8.30 i que hi ha hagut que tancar amb 1.700 [&hellip;]<\/p>\n","protected":false},"author":96,"featured_media":47108,"comment_status":"closed","ping_status":"closed","sticky":false,"template":"","format":"standard","meta":{"_et_pb_use_builder":"","_et_pb_old_content":"","_et_gb_content_width":"","footnotes":""},"categories":[439],"tags":[581,828,1729,821,487,832],"class_list":["post-47110","post","type-post","status-publish","format-standard","has-post-thumbnail","hentry","category-esport","tag-angel-piedecausa-ca","tag-club-de-atletismo-santa-pola-ca","tag-diputacio-provincial-dalacant","tag-juan-de-dios-navarro-ca","tag-loreto-serrano-ca","tag-mitja-marato-internacional-vila-de-santa-pola-ca"],"yoast_head":"<!-- This site is optimized with the Yoast SEO plugin v27.4 - https:\/\/yoast.com\/product\/yoast-seo-wordpress\/ -->\n<title>Santa Pola rebr\u00e0 8.000 atletes en la 34a Mitja Marat\u00f3 Internacional i la nova prova de 10k - Ajuntament de Santa Pola<\/title>\n<meta name=\"robots\" content=\"index, follow, max-snippet:-1, max-image-preview:large, max-video-preview:-1\" \/>\n<link rel=\"canonical\" href=\"https:\/\/santapola.es\/ca\/santa-pola-rebra-8-000-atletes-en-la-34a-mitja-marato-internacional-de-santa-pola-i-la-nova-prova-de-10k\/\" \/>\n<meta property=\"og:locale\" content=\"ca_ES\" \/>\n<meta property=\"og:type\" content=\"article\" \/>\n<meta property=\"og:title\" content=\"Santa Pola rebr\u00e0 8.000 atletes en la 34a Mitja Marat\u00f3 Internacional i la nova prova de 10k - Ajuntament de Santa Pola\" \/>\n<meta property=\"og:description\" content=\"43 pa\u00efsos estaran representats el diumenge en la gran carrera santapolera, que es torna a consolidar com la segona millor de la Comunitat Valenciana, en la seua edici\u00f3 m\u00e9s internacional amb un 11% de corredors estrangers. Estrena prova independent de 10k que s&#8217;iniciar\u00e0 a les 8.30 i que hi ha hagut que tancar amb 1.700 [&hellip;]\" \/>\n<meta property=\"og:url\" content=\"https:\/\/santapola.es\/ca\/santa-pola-rebra-8-000-atletes-en-la-34a-mitja-marato-internacional-de-santa-pola-i-la-nova-prova-de-10k\/\" \/>\n<meta property=\"og:site_name\" content=\"Ajuntament de Santa Pola\" \/>\n<meta property=\"article:publisher\" content=\"https:\/\/www.facebook.com\/AyuntamientoSantaPola\/\" \/>\n<meta property=\"article:published_time\" content=\"2026-01-13T19:07:20+00:00\" \/>\n<meta property=\"article:modified_time\" content=\"2026-01-13T19:24:57+00:00\" \/>\n<meta property=\"og:image\" content=\"https:\/\/santapola.es\/wp-content\/uploads\/2026\/01\/IMG_8140.jpg\" \/>\n\t<meta property=\"og:image:width\" content=\"1646\" \/>\n\t<meta property=\"og:image:height\" content=\"985\" \/>\n\t<meta property=\"og:image:type\" content=\"image\/jpeg\" \/>\n<meta name=\"author\" content=\"Jos\u00e9 Juan L\u00f3pez Lafuente\" \/>\n<meta name=\"twitter:card\" content=\"summary_large_image\" \/>\n<meta name=\"twitter:creator\" content=\"@SantaPolaAyunt\" \/>\n<meta name=\"twitter:site\" content=\"@SantaPolaAyunt\" \/>\n<script type=\"application\/ld+json\" class=\"yoast-schema-graph\">{\"@context\":\"https:\\\/\\\/schema.org\",\"@graph\":[{\"@type\":\"Article\",\"@id\":\"https:\\\/\\\/santapola.es\\\/ca\\\/santa-pola-rebra-8-000-atletes-en-la-34a-mitja-marato-internacional-de-santa-pola-i-la-nova-prova-de-10k\\\/#article\",\"isPartOf\":{\"@id\":\"https:\\\/\\\/santapola.es\\\/ca\\\/santa-pola-rebra-8-000-atletes-en-la-34a-mitja-marato-internacional-de-santa-pola-i-la-nova-prova-de-10k\\\/\"},\"author\":{\"name\":\"Jos\u00e9 Juan L\u00f3pez Lafuente\",\"@id\":\"https:\\\/\\\/santapola.es\\\/ca\\\/#\\\/schema\\\/person\\\/ad1d67403707b58350c7be5e8dbc442d\"},\"headline\":\"Santa Pola rebr\u00e0 8.000 atletes en la 34a Mitja Marat\u00f3 Internacional i la nova prova de 10k\",\"datePublished\":\"2026-01-13T19:07:20+00:00\",\"dateModified\":\"2026-01-13T19:24:57+00:00\",\"mainEntityOfPage\":{\"@id\":\"https:\\\/\\\/santapola.es\\\/ca\\\/santa-pola-rebra-8-000-atletes-en-la-34a-mitja-marato-internacional-de-santa-pola-i-la-nova-prova-de-10k\\\/\"},\"wordCount\":854,\"image\":{\"@id\":\"https:\\\/\\\/santapola.es\\\/ca\\\/santa-pola-rebra-8-000-atletes-en-la-34a-mitja-marato-internacional-de-santa-pola-i-la-nova-prova-de-10k\\\/#primaryimage\"},\"thumbnailUrl\":\"https:\\\/\\\/santapola.es\\\/wp-content\\\/uploads\\\/2026\\\/01\\\/IMG_8140.jpg\",\"keywords\":[\"\u00c1ngel Piedecausa\",\"Club de Atletismo Santa Pola\",\"Diputaci\u00f3 Provincial d'Alacant\",\"Juan de Dios Navarro\",\"Loreto Serrano\",\"Mitja Marat\u00f3 Internacional Vila de Santa Pola\"],\"articleSection\":[\"Esport\"],\"inLanguage\":\"ca\"},{\"@type\":\"WebPage\",\"@id\":\"https:\\\/\\\/santapola.es\\\/ca\\\/santa-pola-rebra-8-000-atletes-en-la-34a-mitja-marato-internacional-de-santa-pola-i-la-nova-prova-de-10k\\\/\",\"url\":\"https:\\\/\\\/santapola.es\\\/ca\\\/santa-pola-rebra-8-000-atletes-en-la-34a-mitja-marato-internacional-de-santa-pola-i-la-nova-prova-de-10k\\\/\",\"name\":\"Santa Pola rebr\u00e0 8.000 atletes en la 34a Mitja Marat\u00f3 Internacional i la nova prova de 10k - Ajuntament de Santa Pola\",\"isPartOf\":{\"@id\":\"https:\\\/\\\/santapola.es\\\/ca\\\/#website\"},\"primaryImageOfPage\":{\"@id\":\"https:\\\/\\\/santapola.es\\\/ca\\\/santa-pola-rebra-8-000-atletes-en-la-34a-mitja-marato-internacional-de-santa-pola-i-la-nova-prova-de-10k\\\/#primaryimage\"},\"image\":{\"@id\":\"https:\\\/\\\/santapola.es\\\/ca\\\/santa-pola-rebra-8-000-atletes-en-la-34a-mitja-marato-internacional-de-santa-pola-i-la-nova-prova-de-10k\\\/#primaryimage\"},\"thumbnailUrl\":\"https:\\\/\\\/santapola.es\\\/wp-content\\\/uploads\\\/2026\\\/01\\\/IMG_8140.jpg\",\"datePublished\":\"2026-01-13T19:07:20+00:00\",\"dateModified\":\"2026-01-13T19:24:57+00:00\",\"author\":{\"@id\":\"https:\\\/\\\/santapola.es\\\/ca\\\/#\\\/schema\\\/person\\\/ad1d67403707b58350c7be5e8dbc442d\"},\"breadcrumb\":{\"@id\":\"https:\\\/\\\/santapola.es\\\/ca\\\/santa-pola-rebra-8-000-atletes-en-la-34a-mitja-marato-internacional-de-santa-pola-i-la-nova-prova-de-10k\\\/#breadcrumb\"},\"inLanguage\":\"ca\",\"potentialAction\":[{\"@type\":\"ReadAction\",\"target\":[\"https:\\\/\\\/santapola.es\\\/ca\\\/santa-pola-rebra-8-000-atletes-en-la-34a-mitja-marato-internacional-de-santa-pola-i-la-nova-prova-de-10k\\\/\"]}]},{\"@type\":\"ImageObject\",\"inLanguage\":\"ca\",\"@id\":\"https:\\\/\\\/santapola.es\\\/ca\\\/santa-pola-rebra-8-000-atletes-en-la-34a-mitja-marato-internacional-de-santa-pola-i-la-nova-prova-de-10k\\\/#primaryimage\",\"url\":\"https:\\\/\\\/santapola.es\\\/wp-content\\\/uploads\\\/2026\\\/01\\\/IMG_8140.jpg\",\"contentUrl\":\"https:\\\/\\\/santapola.es\\\/wp-content\\\/uploads\\\/2026\\\/01\\\/IMG_8140.jpg\",\"width\":1646,\"height\":985},{\"@type\":\"BreadcrumbList\",\"@id\":\"https:\\\/\\\/santapola.es\\\/ca\\\/santa-pola-rebra-8-000-atletes-en-la-34a-mitja-marato-internacional-de-santa-pola-i-la-nova-prova-de-10k\\\/#breadcrumb\",\"itemListElement\":[{\"@type\":\"ListItem\",\"position\":1,\"name\":\"Inici\",\"item\":\"https:\\\/\\\/santapola.es\\\/ca\\\/\"},{\"@type\":\"ListItem\",\"position\":2,\"name\":\"Santa Pola rebr\u00e0 8.000 atletes en la 34a Mitja Marat\u00f3 Internacional i la nova prova de 10k\"}]},{\"@type\":\"WebSite\",\"@id\":\"https:\\\/\\\/santapola.es\\\/ca\\\/#website\",\"url\":\"https:\\\/\\\/santapola.es\\\/ca\\\/\",\"name\":\"Ayuntamiento de Santa Pola\",\"description\":\"Web de l'Ajuntament de Santa Pola\",\"potentialAction\":[{\"@type\":\"SearchAction\",\"target\":{\"@type\":\"EntryPoint\",\"urlTemplate\":\"https:\\\/\\\/santapola.es\\\/ca\\\/?s={search_term_string}\"},\"query-input\":{\"@type\":\"PropertyValueSpecification\",\"valueRequired\":true,\"valueName\":\"search_term_string\"}}],\"inLanguage\":\"ca\"},{\"@type\":\"Person\",\"@id\":\"https:\\\/\\\/santapola.es\\\/ca\\\/#\\\/schema\\\/person\\\/ad1d67403707b58350c7be5e8dbc442d\",\"name\":\"Jos\u00e9 Juan L\u00f3pez Lafuente\"}]}<\/script>\n<!-- \/ Yoast SEO plugin. -->","yoast_head_json":{"title":"Santa Pola rebr\u00e0 8.000 atletes en la 34a Mitja Marat\u00f3 Internacional i la nova prova de 10k - Ajuntament de Santa Pola","robots":{"index":"index","follow":"follow","max-snippet":"max-snippet:-1","max-image-preview":"max-image-preview:large","max-video-preview":"max-video-preview:-1"},"canonical":"https:\/\/santapola.es\/ca\/santa-pola-rebra-8-000-atletes-en-la-34a-mitja-marato-internacional-de-santa-pola-i-la-nova-prova-de-10k\/","og_locale":"ca_ES","og_type":"article","og_title":"Santa Pola rebr\u00e0 8.000 atletes en la 34a Mitja Marat\u00f3 Internacional i la nova prova de 10k - Ajuntament de Santa Pola","og_description":"43 pa\u00efsos estaran representats el diumenge en la gran carrera santapolera, que es torna a consolidar com la segona millor de la Comunitat Valenciana, en la seua edici\u00f3 m\u00e9s internacional amb un 11% de corredors estrangers. Estrena prova independent de 10k que s&#8217;iniciar\u00e0 a les 8.30 i que hi ha hagut que tancar amb 1.700 [&hellip;]","og_url":"https:\/\/santapola.es\/ca\/santa-pola-rebra-8-000-atletes-en-la-34a-mitja-marato-internacional-de-santa-pola-i-la-nova-prova-de-10k\/","og_site_name":"Ajuntament de Santa Pola","article_publisher":"https:\/\/www.facebook.com\/AyuntamientoSantaPola\/","article_published_time":"2026-01-13T19:07:20+00:00","article_modified_time":"2026-01-13T19:24:57+00:00","og_image":[{"width":1646,"height":985,"url":"https:\/\/santapola.es\/wp-content\/uploads\/2026\/01\/IMG_8140.jpg","type":"image\/jpeg"}],"author":"Jos\u00e9 Juan L\u00f3pez Lafuente","twitter_card":"summary_large_image","twitter_creator":"@SantaPolaAyunt","twitter_site":"@SantaPolaAyunt","schema":{"@context":"https:\/\/schema.org","@graph":[{"@type":"Article","@id":"https:\/\/santapola.es\/ca\/santa-pola-rebra-8-000-atletes-en-la-34a-mitja-marato-internacional-de-santa-pola-i-la-nova-prova-de-10k\/#article","isPartOf":{"@id":"https:\/\/santapola.es\/ca\/santa-pola-rebra-8-000-atletes-en-la-34a-mitja-marato-internacional-de-santa-pola-i-la-nova-prova-de-10k\/"},"author":{"name":"Jos\u00e9 Juan L\u00f3pez Lafuente","@id":"https:\/\/santapola.es\/ca\/#\/schema\/person\/ad1d67403707b58350c7be5e8dbc442d"},"headline":"Santa Pola rebr\u00e0 8.000 atletes en la 34a Mitja Marat\u00f3 Internacional i la nova prova de 10k","datePublished":"2026-01-13T19:07:20+00:00","dateModified":"2026-01-13T19:24:57+00:00","mainEntityOfPage":{"@id":"https:\/\/santapola.es\/ca\/santa-pola-rebra-8-000-atletes-en-la-34a-mitja-marato-internacional-de-santa-pola-i-la-nova-prova-de-10k\/"},"wordCount":854,"image":{"@id":"https:\/\/santapola.es\/ca\/santa-pola-rebra-8-000-atletes-en-la-34a-mitja-marato-internacional-de-santa-pola-i-la-nova-prova-de-10k\/#primaryimage"},"thumbnailUrl":"https:\/\/santapola.es\/wp-content\/uploads\/2026\/01\/IMG_8140.jpg","keywords":["\u00c1ngel Piedecausa","Club de Atletismo Santa Pola","Diputaci\u00f3 Provincial d'Alacant","Juan de Dios Navarro","Loreto Serrano","Mitja Marat\u00f3 Internacional Vila de Santa Pola"],"articleSection":["Esport"],"inLanguage":"ca"},{"@type":"WebPage","@id":"https:\/\/santapola.es\/ca\/santa-pola-rebra-8-000-atletes-en-la-34a-mitja-marato-internacional-de-santa-pola-i-la-nova-prova-de-10k\/","url":"https:\/\/santapola.es\/ca\/santa-pola-rebra-8-000-atletes-en-la-34a-mitja-marato-internacional-de-santa-pola-i-la-nova-prova-de-10k\/","name":"Santa Pola rebr\u00e0 8.000 atletes en la 34a Mitja Marat\u00f3 Internacional i la nova prova de 10k - Ajuntament de Santa Pola","isPartOf":{"@id":"https:\/\/santapola.es\/ca\/#website"},"primaryImageOfPage":{"@id":"https:\/\/santapola.es\/ca\/santa-pola-rebra-8-000-atletes-en-la-34a-mitja-marato-internacional-de-santa-pola-i-la-nova-prova-de-10k\/#primaryimage"},"image":{"@id":"https:\/\/santapola.es\/ca\/santa-pola-rebra-8-000-atletes-en-la-34a-mitja-marato-internacional-de-santa-pola-i-la-nova-prova-de-10k\/#primaryimage"},"thumbnailUrl":"https:\/\/santapola.es\/wp-content\/uploads\/2026\/01\/IMG_8140.jpg","datePublished":"2026-01-13T19:07:20+00:00","dateModified":"2026-01-13T19:24:57+00:00","author":{"@id":"https:\/\/santapola.es\/ca\/#\/schema\/person\/ad1d67403707b58350c7be5e8dbc442d"},"breadcrumb":{"@id":"https:\/\/santapola.es\/ca\/santa-pola-rebra-8-000-atletes-en-la-34a-mitja-marato-internacional-de-santa-pola-i-la-nova-prova-de-10k\/#breadcrumb"},"inLanguage":"ca","potentialAction":[{"@type":"ReadAction","target":["https:\/\/santapola.es\/ca\/santa-pola-rebra-8-000-atletes-en-la-34a-mitja-marato-internacional-de-santa-pola-i-la-nova-prova-de-10k\/"]}]},{"@type":"ImageObject","inLanguage":"ca","@id":"https:\/\/santapola.es\/ca\/santa-pola-rebra-8-000-atletes-en-la-34a-mitja-marato-internacional-de-santa-pola-i-la-nova-prova-de-10k\/#primaryimage","url":"https:\/\/santapola.es\/wp-content\/uploads\/2026\/01\/IMG_8140.jpg","contentUrl":"https:\/\/santapola.es\/wp-content\/uploads\/2026\/01\/IMG_8140.jpg","width":1646,"height":985},{"@type":"BreadcrumbList","@id":"https:\/\/santapola.es\/ca\/santa-pola-rebra-8-000-atletes-en-la-34a-mitja-marato-internacional-de-santa-pola-i-la-nova-prova-de-10k\/#breadcrumb","itemListElement":[{"@type":"ListItem","position":1,"name":"Inici","item":"https:\/\/santapola.es\/ca\/"},{"@type":"ListItem","position":2,"name":"Santa Pola rebr\u00e0 8.000 atletes en la 34a Mitja Marat\u00f3 Internacional i la nova prova de 10k"}]},{"@type":"WebSite","@id":"https:\/\/santapola.es\/ca\/#website","url":"https:\/\/santapola.es\/ca\/","name":"Ayuntamiento de Santa Pola","description":"Web de l'Ajuntament de Santa Pola","potentialAction":[{"@type":"SearchAction","target":{"@type":"EntryPoint","urlTemplate":"https:\/\/santapola.es\/ca\/?s={search_term_string}"},"query-input":{"@type":"PropertyValueSpecification","valueRequired":true,"valueName":"search_term_string"}}],"inLanguage":"ca"},{"@type":"Person","@id":"https:\/\/santapola.es\/ca\/#\/schema\/person\/ad1d67403707b58350c7be5e8dbc442d","name":"Jos\u00e9 Juan L\u00f3pez Lafuente"}]}},"_links":{"self":[{"href":"https:\/\/santapola.es\/ca\/wp-json\/wp\/v2\/posts\/47110","targetHints":{"allow":["GET"]}}],"collection":[{"href":"https:\/\/santapola.es\/ca\/wp-json\/wp\/v2\/posts"}],"about":[{"href":"https:\/\/santapola.es\/ca\/wp-json\/wp\/v2\/types\/post"}],"author":[{"embeddable":true,"href":"https:\/\/santapola.es\/ca\/wp-json\/wp\/v2\/users\/96"}],"replies":[{"embeddable":true,"href":"https:\/\/santapola.es\/ca\/wp-json\/wp\/v2\/comments?post=47110"}],"version-history":[{"count":0,"href":"https:\/\/santapola.es\/ca\/wp-json\/wp\/v2\/posts\/47110\/revisions"}],"wp:featuredmedia":[{"embeddable":true,"href":"https:\/\/santapola.es\/ca\/wp-json\/wp\/v2\/media\/47108"}],"wp:attachment":[{"href":"https:\/\/santapola.es\/ca\/wp-json\/wp\/v2\/media?parent=47110"}],"wp:term":[{"taxonomy":"category","embeddable":true,"href":"https:\/\/santapola.es\/ca\/wp-json\/wp\/v2\/categories?post=47110"},{"taxonomy":"post_tag","embeddable":true,"href":"https:\/\/santapola.es\/ca\/wp-json\/wp\/v2\/tags?post=47110"}],"curies":[{"name":"wp","href":"https:\/\/api.w.org\/{rel}","templated":true}]}}