{"id":47084,"date":"2026-01-07T13:03:47","date_gmt":"2026-01-07T12:03:47","guid":{"rendered":"https:\/\/santapola.es\/?p=47084"},"modified":"2026-01-07T13:05:26","modified_gmt":"2026-01-07T12:05:26","slug":"la-campana-del-castell-fortalesa-deixa-de-sonar-provisionalment-despres-de-detectar-se-clivelles-a-la-torre-del-rellotge","status":"publish","type":"post","link":"https:\/\/santapola.es\/ca\/la-campana-del-castell-fortalesa-deixa-de-sonar-provisionalment-despres-de-detectar-se-clivelles-a-la-torre-del-rellotge\/","title":{"rendered":"La campana del Castell Fortalesa deixa de sonar provisionalment despr\u00e9s de detectar-se clivelles a la Torre del Rellotge"},"content":{"rendered":"<p><strong>Apareixen fissures al costat del suport de la campana que requerixen d&#8217;una actuaci\u00f3 urgent per a evitar possibles danys majors. S&#8217;ha desconnectat el mecanisme que fa sonar la campana mentres es duen a terme els treballs de diagn\u00f2stic i reparaci\u00f3 de la torre a c\u00e0rrec d&#8217;especialistes en patrimoni.<\/strong><\/p>\n<p>Despr\u00e9s que els t\u00e8cnics del Museu de la Mar hagen detectat despreniments i danys estructurals aparents a la Torre del Rellotge i la campana del Castell Fortalesa, els arquitectes municipals han em\u00e9s un informe amb l&#8217;objectiu de garantir la integritat del monument i la seguretat dels usuaris.<\/p>\n<p>Despr\u00e9s de la inspecci\u00f3 visual, s&#8217;han identificat fissures de gran gross\u00e0ria localitzades en els punts d&#8217;encast del suport de la campana principal i del mecanisme del martell percutor. Apareixen despreniments del revestiment, ja que el morter de cal\u00e7 exterior presenta clivelles, fractures i p\u00e8rdues de cohesi\u00f3 amb el suport.<\/p>\n<p>Si b\u00e9 el mal \u00e9s visible en el revestiment, es desconeix si la profunditat de les fissures aconseguix el mur de ma\u00e7oneria original de la torre, la qual cosa podria comprometre l&#8217;estabilitat del conjunt davant c\u00e0rregues din\u00e0miques.<\/p>\n<p><strong>Mesures cautelars d&#8217;urg\u00e8ncia<\/strong><\/p>\n<p>Les accions immediates que s&#8217;estan duent a terme s\u00f3n el cessament immediat de l&#8217;\u00fas de la campana, anul\u00b7lant el funcionament del mecanisme de percussi\u00f3 per a evitar vibracions que agreugen les fissures. A primera hora de dem\u00e0 s&#8217;instal\u00b7laran xarxes per a evitar una eventual caiguda de rebles.<\/p>\n<p>Durant el temps en qu\u00e8 es desenrotllen els treballs de reparaci\u00f3, els santapolers deixaran d&#8217;escoltar les t\u00edpiques campanades de quarts i hores que s\u00f3n part de l&#8217;ambient en el centre del poble.<\/p>\n<p>El Castell Fortalesa de Santa Pola, constru\u00eft en el segle XVI, est\u00e0 declarat com a B\u00e9 d&#8217;Inter\u00e9s Cultural (BIC), amb categoria de Monument, i compta amb un nivell de protecci\u00f3 integral.<\/p>\n<p>Per aix\u00f2 ja hi ha hagut una primera comunicaci\u00f3 amb la Conselleria de Patrimoni, a la qual es continuar\u00e0 donant compte de tots els passos que es donen, i s&#8217;encarregar\u00e0 a un t\u00e8cnic especialista en intervenci\u00f3 sobre patrimoni un estudi de diagnosi t\u00e8cnica per a l&#8217;execuci\u00f3 de sondatges arqueol\u00f2gics i constructives amb la finalitat de determinar l&#8217;abast real de les lesions en el nucli del mur de ma\u00e7oneria.<\/p>\n<p>Sobre la base d&#8217;este estudi es redactar\u00e0 la documentaci\u00f3 t\u00e8cnica per a la restauraci\u00f3 del morter i la consolidaci\u00f3 estructural, i es dur\u00e0 a terme la supervisi\u00f3 t\u00e8cnica dels treballs de restauraci\u00f3 conforme als criteris de conservaci\u00f3 del BIC.<\/p>\n","protected":false},"excerpt":{"rendered":"<p>Apareixen fissures al costat del suport de la campana que requerixen d&#8217;una actuaci\u00f3 urgent per a evitar possibles danys majors. S&#8217;ha desconnectat el mecanisme que fa sonar la campana mentres es duen a terme els treballs de diagn\u00f2stic i reparaci\u00f3 de la torre a c\u00e0rrec d&#8217;especialistes en patrimoni. Despr\u00e9s que els t\u00e8cnics del Museu de [&hellip;]<\/p>\n","protected":false},"author":96,"featured_media":47082,"comment_status":"closed","ping_status":"closed","sticky":false,"template":"","format":"standard","meta":{"_et_pb_use_builder":"","_et_pb_old_content":"","_et_gb_content_width":"","footnotes":""},"categories":[1183],"tags":[518,517],"class_list":["post-47084","post","type-post","status-publish","format-standard","has-post-thumbnail","hentry","category-patrimoni","tag-castell-fortalesa","tag-museu-de-la-mar"],"yoast_head":"<!-- This site is optimized with the Yoast SEO plugin v27.4 - https:\/\/yoast.com\/product\/yoast-seo-wordpress\/ -->\n<title>La campana del Castell Fortalesa deixa de sonar provisionalment despr\u00e9s de detectar-se clivelles a la Torre del Rellotge - Ajuntament de Santa Pola<\/title>\n<meta name=\"robots\" content=\"index, follow, max-snippet:-1, max-image-preview:large, max-video-preview:-1\" \/>\n<link rel=\"canonical\" href=\"https:\/\/santapola.es\/ca\/la-campana-del-castell-fortalesa-deixa-de-sonar-provisionalment-despres-de-detectar-se-clivelles-a-la-torre-del-rellotge\/\" \/>\n<meta property=\"og:locale\" content=\"ca_ES\" \/>\n<meta property=\"og:type\" content=\"article\" \/>\n<meta property=\"og:title\" content=\"La campana del Castell Fortalesa deixa de sonar provisionalment despr\u00e9s de detectar-se clivelles a la Torre del Rellotge - Ajuntament de Santa Pola\" \/>\n<meta property=\"og:description\" content=\"Apareixen fissures al costat del suport de la campana que requerixen d&#8217;una actuaci\u00f3 urgent per a evitar possibles danys majors. S&#8217;ha desconnectat el mecanisme que fa sonar la campana mentres es duen a terme els treballs de diagn\u00f2stic i reparaci\u00f3 de la torre a c\u00e0rrec d&#8217;especialistes en patrimoni. Despr\u00e9s que els t\u00e8cnics del Museu de [&hellip;]\" \/>\n<meta property=\"og:url\" content=\"https:\/\/santapola.es\/ca\/la-campana-del-castell-fortalesa-deixa-de-sonar-provisionalment-despres-de-detectar-se-clivelles-a-la-torre-del-rellotge\/\" \/>\n<meta property=\"og:site_name\" content=\"Ajuntament de Santa Pola\" \/>\n<meta property=\"article:publisher\" content=\"https:\/\/www.facebook.com\/AyuntamientoSantaPola\/\" \/>\n<meta property=\"article:published_time\" content=\"2026-01-07T12:03:47+00:00\" \/>\n<meta property=\"article:modified_time\" content=\"2026-01-07T12:05:26+00:00\" \/>\n<meta property=\"og:image\" content=\"https:\/\/santapola.es\/wp-content\/uploads\/2026\/01\/IMG_7783-1.jpg\" \/>\n\t<meta property=\"og:image:width\" content=\"1919\" \/>\n\t<meta property=\"og:image:height\" content=\"1440\" \/>\n\t<meta property=\"og:image:type\" content=\"image\/jpeg\" \/>\n<meta name=\"author\" content=\"Jos\u00e9 Juan L\u00f3pez Lafuente\" \/>\n<meta name=\"twitter:card\" content=\"summary_large_image\" \/>\n<meta name=\"twitter:creator\" content=\"@SantaPolaAyunt\" \/>\n<meta name=\"twitter:site\" content=\"@SantaPolaAyunt\" \/>\n<script type=\"application\/ld+json\" class=\"yoast-schema-graph\">{\"@context\":\"https:\\\/\\\/schema.org\",\"@graph\":[{\"@type\":\"Article\",\"@id\":\"https:\\\/\\\/santapola.es\\\/ca\\\/la-campana-del-castell-fortalesa-deixa-de-sonar-provisionalment-despres-de-detectar-se-clivelles-a-la-torre-del-rellotge\\\/#article\",\"isPartOf\":{\"@id\":\"https:\\\/\\\/santapola.es\\\/ca\\\/la-campana-del-castell-fortalesa-deixa-de-sonar-provisionalment-despres-de-detectar-se-clivelles-a-la-torre-del-rellotge\\\/\"},\"author\":{\"name\":\"Jos\u00e9 Juan L\u00f3pez Lafuente\",\"@id\":\"https:\\\/\\\/santapola.es\\\/ca\\\/#\\\/schema\\\/person\\\/ad1d67403707b58350c7be5e8dbc442d\"},\"headline\":\"La campana del Castell Fortalesa deixa de sonar provisionalment despr\u00e9s de detectar-se clivelles a la Torre del Rellotge\",\"datePublished\":\"2026-01-07T12:03:47+00:00\",\"dateModified\":\"2026-01-07T12:05:26+00:00\",\"mainEntityOfPage\":{\"@id\":\"https:\\\/\\\/santapola.es\\\/ca\\\/la-campana-del-castell-fortalesa-deixa-de-sonar-provisionalment-despres-de-detectar-se-clivelles-a-la-torre-del-rellotge\\\/\"},\"wordCount\":463,\"image\":{\"@id\":\"https:\\\/\\\/santapola.es\\\/ca\\\/la-campana-del-castell-fortalesa-deixa-de-sonar-provisionalment-despres-de-detectar-se-clivelles-a-la-torre-del-rellotge\\\/#primaryimage\"},\"thumbnailUrl\":\"https:\\\/\\\/santapola.es\\\/wp-content\\\/uploads\\\/2026\\\/01\\\/IMG_7783-1.jpg\",\"keywords\":[\"Castell-Fortalesa\",\"Museu de la Mar\"],\"articleSection\":[\"Patrimoni\"],\"inLanguage\":\"ca\"},{\"@type\":\"WebPage\",\"@id\":\"https:\\\/\\\/santapola.es\\\/ca\\\/la-campana-del-castell-fortalesa-deixa-de-sonar-provisionalment-despres-de-detectar-se-clivelles-a-la-torre-del-rellotge\\\/\",\"url\":\"https:\\\/\\\/santapola.es\\\/ca\\\/la-campana-del-castell-fortalesa-deixa-de-sonar-provisionalment-despres-de-detectar-se-clivelles-a-la-torre-del-rellotge\\\/\",\"name\":\"La campana del Castell Fortalesa deixa de sonar provisionalment despr\u00e9s de detectar-se clivelles a la Torre del Rellotge - Ajuntament de Santa Pola\",\"isPartOf\":{\"@id\":\"https:\\\/\\\/santapola.es\\\/ca\\\/#website\"},\"primaryImageOfPage\":{\"@id\":\"https:\\\/\\\/santapola.es\\\/ca\\\/la-campana-del-castell-fortalesa-deixa-de-sonar-provisionalment-despres-de-detectar-se-clivelles-a-la-torre-del-rellotge\\\/#primaryimage\"},\"image\":{\"@id\":\"https:\\\/\\\/santapola.es\\\/ca\\\/la-campana-del-castell-fortalesa-deixa-de-sonar-provisionalment-despres-de-detectar-se-clivelles-a-la-torre-del-rellotge\\\/#primaryimage\"},\"thumbnailUrl\":\"https:\\\/\\\/santapola.es\\\/wp-content\\\/uploads\\\/2026\\\/01\\\/IMG_7783-1.jpg\",\"datePublished\":\"2026-01-07T12:03:47+00:00\",\"dateModified\":\"2026-01-07T12:05:26+00:00\",\"author\":{\"@id\":\"https:\\\/\\\/santapola.es\\\/ca\\\/#\\\/schema\\\/person\\\/ad1d67403707b58350c7be5e8dbc442d\"},\"breadcrumb\":{\"@id\":\"https:\\\/\\\/santapola.es\\\/ca\\\/la-campana-del-castell-fortalesa-deixa-de-sonar-provisionalment-despres-de-detectar-se-clivelles-a-la-torre-del-rellotge\\\/#breadcrumb\"},\"inLanguage\":\"ca\",\"potentialAction\":[{\"@type\":\"ReadAction\",\"target\":[\"https:\\\/\\\/santapola.es\\\/ca\\\/la-campana-del-castell-fortalesa-deixa-de-sonar-provisionalment-despres-de-detectar-se-clivelles-a-la-torre-del-rellotge\\\/\"]}]},{\"@type\":\"ImageObject\",\"inLanguage\":\"ca\",\"@id\":\"https:\\\/\\\/santapola.es\\\/ca\\\/la-campana-del-castell-fortalesa-deixa-de-sonar-provisionalment-despres-de-detectar-se-clivelles-a-la-torre-del-rellotge\\\/#primaryimage\",\"url\":\"https:\\\/\\\/santapola.es\\\/wp-content\\\/uploads\\\/2026\\\/01\\\/IMG_7783-1.jpg\",\"contentUrl\":\"https:\\\/\\\/santapola.es\\\/wp-content\\\/uploads\\\/2026\\\/01\\\/IMG_7783-1.jpg\",\"width\":1919,\"height\":1440},{\"@type\":\"BreadcrumbList\",\"@id\":\"https:\\\/\\\/santapola.es\\\/ca\\\/la-campana-del-castell-fortalesa-deixa-de-sonar-provisionalment-despres-de-detectar-se-clivelles-a-la-torre-del-rellotge\\\/#breadcrumb\",\"itemListElement\":[{\"@type\":\"ListItem\",\"position\":1,\"name\":\"Inici\",\"item\":\"https:\\\/\\\/santapola.es\\\/ca\\\/\"},{\"@type\":\"ListItem\",\"position\":2,\"name\":\"La campana del Castell Fortalesa deixa de sonar provisionalment despr\u00e9s de detectar-se clivelles a la Torre del Rellotge\"}]},{\"@type\":\"WebSite\",\"@id\":\"https:\\\/\\\/santapola.es\\\/ca\\\/#website\",\"url\":\"https:\\\/\\\/santapola.es\\\/ca\\\/\",\"name\":\"Ayuntamiento de Santa Pola\",\"description\":\"Web de l'Ajuntament de Santa Pola\",\"potentialAction\":[{\"@type\":\"SearchAction\",\"target\":{\"@type\":\"EntryPoint\",\"urlTemplate\":\"https:\\\/\\\/santapola.es\\\/ca\\\/?s={search_term_string}\"},\"query-input\":{\"@type\":\"PropertyValueSpecification\",\"valueRequired\":true,\"valueName\":\"search_term_string\"}}],\"inLanguage\":\"ca\"},{\"@type\":\"Person\",\"@id\":\"https:\\\/\\\/santapola.es\\\/ca\\\/#\\\/schema\\\/person\\\/ad1d67403707b58350c7be5e8dbc442d\",\"name\":\"Jos\u00e9 Juan L\u00f3pez Lafuente\"}]}<\/script>\n<!-- \/ Yoast SEO plugin. -->","yoast_head_json":{"title":"La campana del Castell Fortalesa deixa de sonar provisionalment despr\u00e9s de detectar-se clivelles a la Torre del Rellotge - Ajuntament de Santa Pola","robots":{"index":"index","follow":"follow","max-snippet":"max-snippet:-1","max-image-preview":"max-image-preview:large","max-video-preview":"max-video-preview:-1"},"canonical":"https:\/\/santapola.es\/ca\/la-campana-del-castell-fortalesa-deixa-de-sonar-provisionalment-despres-de-detectar-se-clivelles-a-la-torre-del-rellotge\/","og_locale":"ca_ES","og_type":"article","og_title":"La campana del Castell Fortalesa deixa de sonar provisionalment despr\u00e9s de detectar-se clivelles a la Torre del Rellotge - Ajuntament de Santa Pola","og_description":"Apareixen fissures al costat del suport de la campana que requerixen d&#8217;una actuaci\u00f3 urgent per a evitar possibles danys majors. S&#8217;ha desconnectat el mecanisme que fa sonar la campana mentres es duen a terme els treballs de diagn\u00f2stic i reparaci\u00f3 de la torre a c\u00e0rrec d&#8217;especialistes en patrimoni. Despr\u00e9s que els t\u00e8cnics del Museu de [&hellip;]","og_url":"https:\/\/santapola.es\/ca\/la-campana-del-castell-fortalesa-deixa-de-sonar-provisionalment-despres-de-detectar-se-clivelles-a-la-torre-del-rellotge\/","og_site_name":"Ajuntament de Santa Pola","article_publisher":"https:\/\/www.facebook.com\/AyuntamientoSantaPola\/","article_published_time":"2026-01-07T12:03:47+00:00","article_modified_time":"2026-01-07T12:05:26+00:00","og_image":[{"width":1919,"height":1440,"url":"https:\/\/santapola.es\/wp-content\/uploads\/2026\/01\/IMG_7783-1.jpg","type":"image\/jpeg"}],"author":"Jos\u00e9 Juan L\u00f3pez Lafuente","twitter_card":"summary_large_image","twitter_creator":"@SantaPolaAyunt","twitter_site":"@SantaPolaAyunt","schema":{"@context":"https:\/\/schema.org","@graph":[{"@type":"Article","@id":"https:\/\/santapola.es\/ca\/la-campana-del-castell-fortalesa-deixa-de-sonar-provisionalment-despres-de-detectar-se-clivelles-a-la-torre-del-rellotge\/#article","isPartOf":{"@id":"https:\/\/santapola.es\/ca\/la-campana-del-castell-fortalesa-deixa-de-sonar-provisionalment-despres-de-detectar-se-clivelles-a-la-torre-del-rellotge\/"},"author":{"name":"Jos\u00e9 Juan L\u00f3pez Lafuente","@id":"https:\/\/santapola.es\/ca\/#\/schema\/person\/ad1d67403707b58350c7be5e8dbc442d"},"headline":"La campana del Castell Fortalesa deixa de sonar provisionalment despr\u00e9s de detectar-se clivelles a la Torre del Rellotge","datePublished":"2026-01-07T12:03:47+00:00","dateModified":"2026-01-07T12:05:26+00:00","mainEntityOfPage":{"@id":"https:\/\/santapola.es\/ca\/la-campana-del-castell-fortalesa-deixa-de-sonar-provisionalment-despres-de-detectar-se-clivelles-a-la-torre-del-rellotge\/"},"wordCount":463,"image":{"@id":"https:\/\/santapola.es\/ca\/la-campana-del-castell-fortalesa-deixa-de-sonar-provisionalment-despres-de-detectar-se-clivelles-a-la-torre-del-rellotge\/#primaryimage"},"thumbnailUrl":"https:\/\/santapola.es\/wp-content\/uploads\/2026\/01\/IMG_7783-1.jpg","keywords":["Castell-Fortalesa","Museu de la Mar"],"articleSection":["Patrimoni"],"inLanguage":"ca"},{"@type":"WebPage","@id":"https:\/\/santapola.es\/ca\/la-campana-del-castell-fortalesa-deixa-de-sonar-provisionalment-despres-de-detectar-se-clivelles-a-la-torre-del-rellotge\/","url":"https:\/\/santapola.es\/ca\/la-campana-del-castell-fortalesa-deixa-de-sonar-provisionalment-despres-de-detectar-se-clivelles-a-la-torre-del-rellotge\/","name":"La campana del Castell Fortalesa deixa de sonar provisionalment despr\u00e9s de detectar-se clivelles a la Torre del Rellotge - Ajuntament de Santa Pola","isPartOf":{"@id":"https:\/\/santapola.es\/ca\/#website"},"primaryImageOfPage":{"@id":"https:\/\/santapola.es\/ca\/la-campana-del-castell-fortalesa-deixa-de-sonar-provisionalment-despres-de-detectar-se-clivelles-a-la-torre-del-rellotge\/#primaryimage"},"image":{"@id":"https:\/\/santapola.es\/ca\/la-campana-del-castell-fortalesa-deixa-de-sonar-provisionalment-despres-de-detectar-se-clivelles-a-la-torre-del-rellotge\/#primaryimage"},"thumbnailUrl":"https:\/\/santapola.es\/wp-content\/uploads\/2026\/01\/IMG_7783-1.jpg","datePublished":"2026-01-07T12:03:47+00:00","dateModified":"2026-01-07T12:05:26+00:00","author":{"@id":"https:\/\/santapola.es\/ca\/#\/schema\/person\/ad1d67403707b58350c7be5e8dbc442d"},"breadcrumb":{"@id":"https:\/\/santapola.es\/ca\/la-campana-del-castell-fortalesa-deixa-de-sonar-provisionalment-despres-de-detectar-se-clivelles-a-la-torre-del-rellotge\/#breadcrumb"},"inLanguage":"ca","potentialAction":[{"@type":"ReadAction","target":["https:\/\/santapola.es\/ca\/la-campana-del-castell-fortalesa-deixa-de-sonar-provisionalment-despres-de-detectar-se-clivelles-a-la-torre-del-rellotge\/"]}]},{"@type":"ImageObject","inLanguage":"ca","@id":"https:\/\/santapola.es\/ca\/la-campana-del-castell-fortalesa-deixa-de-sonar-provisionalment-despres-de-detectar-se-clivelles-a-la-torre-del-rellotge\/#primaryimage","url":"https:\/\/santapola.es\/wp-content\/uploads\/2026\/01\/IMG_7783-1.jpg","contentUrl":"https:\/\/santapola.es\/wp-content\/uploads\/2026\/01\/IMG_7783-1.jpg","width":1919,"height":1440},{"@type":"BreadcrumbList","@id":"https:\/\/santapola.es\/ca\/la-campana-del-castell-fortalesa-deixa-de-sonar-provisionalment-despres-de-detectar-se-clivelles-a-la-torre-del-rellotge\/#breadcrumb","itemListElement":[{"@type":"ListItem","position":1,"name":"Inici","item":"https:\/\/santapola.es\/ca\/"},{"@type":"ListItem","position":2,"name":"La campana del Castell Fortalesa deixa de sonar provisionalment despr\u00e9s de detectar-se clivelles a la Torre del Rellotge"}]},{"@type":"WebSite","@id":"https:\/\/santapola.es\/ca\/#website","url":"https:\/\/santapola.es\/ca\/","name":"Ayuntamiento de Santa Pola","description":"Web de l'Ajuntament de Santa Pola","potentialAction":[{"@type":"SearchAction","target":{"@type":"EntryPoint","urlTemplate":"https:\/\/santapola.es\/ca\/?s={search_term_string}"},"query-input":{"@type":"PropertyValueSpecification","valueRequired":true,"valueName":"search_term_string"}}],"inLanguage":"ca"},{"@type":"Person","@id":"https:\/\/santapola.es\/ca\/#\/schema\/person\/ad1d67403707b58350c7be5e8dbc442d","name":"Jos\u00e9 Juan L\u00f3pez Lafuente"}]}},"_links":{"self":[{"href":"https:\/\/santapola.es\/ca\/wp-json\/wp\/v2\/posts\/47084","targetHints":{"allow":["GET"]}}],"collection":[{"href":"https:\/\/santapola.es\/ca\/wp-json\/wp\/v2\/posts"}],"about":[{"href":"https:\/\/santapola.es\/ca\/wp-json\/wp\/v2\/types\/post"}],"author":[{"embeddable":true,"href":"https:\/\/santapola.es\/ca\/wp-json\/wp\/v2\/users\/96"}],"replies":[{"embeddable":true,"href":"https:\/\/santapola.es\/ca\/wp-json\/wp\/v2\/comments?post=47084"}],"version-history":[{"count":0,"href":"https:\/\/santapola.es\/ca\/wp-json\/wp\/v2\/posts\/47084\/revisions"}],"wp:featuredmedia":[{"embeddable":true,"href":"https:\/\/santapola.es\/ca\/wp-json\/wp\/v2\/media\/47082"}],"wp:attachment":[{"href":"https:\/\/santapola.es\/ca\/wp-json\/wp\/v2\/media?parent=47084"}],"wp:term":[{"taxonomy":"category","embeddable":true,"href":"https:\/\/santapola.es\/ca\/wp-json\/wp\/v2\/categories?post=47084"},{"taxonomy":"post_tag","embeddable":true,"href":"https:\/\/santapola.es\/ca\/wp-json\/wp\/v2\/tags?post=47084"}],"curies":[{"name":"wp","href":"https:\/\/api.w.org\/{rel}","templated":true}]}}