{"id":47008,"date":"2025-12-19T17:48:18","date_gmt":"2025-12-19T16:48:18","guid":{"rendered":"https:\/\/santapola.es\/?p=47008"},"modified":"2025-12-19T17:52:39","modified_gmt":"2025-12-19T16:52:39","slug":"santa-pola-impulsa-el-seu-futur-amb-una-inversio-de-107-milions-deuros-per-a-una-transformacio-verda-inclusiva-i-prospera","status":"publish","type":"post","link":"https:\/\/santapola.es\/ca\/santa-pola-impulsa-el-seu-futur-amb-una-inversio-de-107-milions-deuros-per-a-una-transformacio-verda-inclusiva-i-prospera\/","title":{"rendered":"Santa Pola impulsa el seu futur amb una inversi\u00f3 de 10,7 milions d&#8217;euros per a una transformaci\u00f3 verda, inclusiva i pr\u00f2spera"},"content":{"rendered":"<p><strong>El Pla d&#8217;Actuaci\u00f3 Integrat (PAI), cofinan\u00e7at amb fons europeus FEDER, revitalitzar\u00e0 el nucli urb\u00e0 i millorar\u00e0 la qualitat de vida de la ciutadania amb 12 projectes estrat\u00e8gics clau.<\/strong><\/p>\n<p>Santa Pola fa un pas de gegant en la seua modernitzaci\u00f3 amb la posada en marxa del seu Pla d&#8217;Actuaci\u00f3 Integrat (PAI), una ambiciosa estrat\u00e8gia de transformaci\u00f3 urbana dotada amb una inversi\u00f3 total de 10,7 milions d&#8217;euros. D&#8217;esta xifra, 6,4 milions procedixen de fons europeus FEDER, un suport clau per a accelerar l&#8217;evoluci\u00f3 del municipi cap a un model m\u00e9s sostenible, inclusiu i innovador.<\/p>\n<p>Amb un enfocament prioritari en la revitalitzaci\u00f3 del nucli urb\u00e0 i les seues \u00e0rees m\u00e9s vulnerables, el pla establix les bases per a una Santa Pola m\u00e9s pr\u00f2spera i amb major qualitat de vida per a tota la ciutadania.<\/p>\n<p>L&#8217;alcaldessa Loreto Serrano ha declarat que &#8220;este pla \u00e9s molt m\u00e9s que una inversi\u00f3; \u00e9s la materialitzaci\u00f3 de la Santa Pola que volem, una Santa Pola on els nostres j\u00f3vens vulguen quedar-se i els nostres majors puguen viure amb plenitud. Cada projecte est\u00e0 pensat per a millorar directament la qualitat de vida dels nostres ve\u00efns i ve\u00efnes: des de crear espais m\u00e9s humans i verds on passejar, fins a generar noves oportunitats per al nostre talent. Estem construint una ciutat m\u00e9s sostenible, m\u00e9s inclusiva i plena de vida, un lloc del qual tots puguem sentir-nos profundament orgullosos.&#8221;<\/p>\n<p>Serrano ha afegit que \u201cla capacitat per a captar fons europeus d&#8217;esta magnitud demostra no sols la solv\u00e8ncia t\u00e8cnica dels nostres equips, sin\u00f3 la nostra capacitat per a atraure i gestionar efica\u00e7ment cada euro d&#8217;inversi\u00f3 europea en benefici de Santa Pola. Cada una de les 12 actuacions ha sigut seleccionada pel seu alt impacte transformador, garantint la seua contribuci\u00f3 a una Santa Pola m\u00e9s resilient i innovadora&#8221;.<\/p>\n<p>De les 31 ciutats interm\u00e8dies presentades a la Comunitat Valenciana, \u00fanicament 10 municipis han resultat seleccionats, la qual cosa suposa una taxa d&#8217;\u00e8xit del 32%, quedant Santa Pola entre els set municipis amb major finan\u00e7ament aconseguit i consolidant el seu paper com a referent en planificaci\u00f3 estrat\u00e8gica i desenrotllament urb\u00e0 sostenible.<\/p>\n<p><strong>El cor del pla: tres grans reptes transformadors<\/strong><\/p>\n<p>Este Pla d&#8217;Actuaci\u00f3 Integrat no \u00e9s una simple suma d&#8217;obres, sin\u00f3 una estrat\u00e8gia coherent i meditada que materialitza la visi\u00f3 de l&#8217;Agenda Urbana 2030 de Santa Pola. Articulat en tres grans projectes, el PAI aborda de manera integral els reptes del municipi, garantint que cada acci\u00f3 contribu\u00efsca a un objectiu com\u00fa: construir una ciutat m\u00e9s resilient, cohesionada i preparada per al futur.<\/p>\n<p><strong>P1: Regeneraci\u00f3 Urbana, Patrimoni i Cohesi\u00f3 Social<\/strong>. Este projecte busca dinamitzar l&#8217;economia i la vida comunit\u00e0ria a trav\u00e9s de la posada en valor del patrimoni. Entre les seues actuacions m\u00e9s destacades es troba la regeneraci\u00f3 estrat\u00e8gica dels principals carrers emblem\u00e0tics i comercials del nucli urb\u00e0, com el carrer d&#8217;Elx, Marqu\u00e9s de Molins, Santa Isabel, Almirall Antequera (part Castell-Fortalesa), Cervantes i Garc\u00eda Braceli, per a transformar-les en un espai m\u00e9s amable i accessible l&#8217;objectiu del qual \u00e9s dinamitzar el comer\u00e7, facilitar el passeig i potenciar la vida urbana en el centre, unes intervencions clau per a revitalitzar el cor d&#8217;una zona on la taxa d&#8217;atur aconseguix el 26%.<\/p>\n<p>S&#8217;impulsar\u00e0 la dinamitzaci\u00f3 del teixit comercial amb impuls per a la digitalitzaci\u00f3 i la capacitaci\u00f3 del xicotet comer\u00e7, una resposta estrat\u00e8gica a la &#8220;fugida de compra&#8221; provocada per la compet\u00e8ncia de grans ciutats i l&#8217;auge del comer\u00e7 electr\u00f2nic. Destaquem el projecte d&#8217;adequaci\u00f3 de les aules de formaci\u00f3 i m\u00fasica al Parc el Palmerar que donar\u00e0 resposta a les cont\u00ednues demandes d&#8217;associacions locals per a assaig musical de bandes locals, aix\u00ed com altres usos culturals.<\/p>\n<p>A m\u00e9s, es transformar\u00e0 Vila Adelaida en un centre de refer\u00e8ncia per al talent, una intervenci\u00f3 directa per a transformar l&#8217;edifici en un vibrant centre cultural i formatiu, es convertir\u00e0 en un viver de creativitat per a potenciar el talent jove en les arts, les ci\u00e8ncies i les lletres creant oportunitats perqu\u00e8 desenrotllen el seu futur a Santa Pola.<\/p>\n<p>En rehabilitar el nostre patrimoni cultural i modernitzar el nostre centre hist\u00f2ric, enfortirem l&#8217;orgull de pertinen\u00e7a, fomentarem la cohesi\u00f3 social creant un teixit comunitari m\u00e9s fort i din\u00e0mic.<\/p>\n<p><strong>P2: Promoci\u00f3 d&#8217;Entorns i Modes de Vida Saludables<\/strong>. Amb un enfocament en el benestar, este eix crea infraestructures que fomenten h\u00e0bits saludables. Les iniciatives inclouen la creaci\u00f3 d&#8217;un carril bici que recorrer\u00e0 tot el front litoral de ponent (Gran Platja, Platja Llisa i Tamarit), connectant de manera segura els principals punts d&#8217;inter\u00e9s.<\/p>\n<p>A m\u00e9s, es millorar\u00e0 l&#8217;acc\u00e9s per als vianants amb un enfocament did\u00e0ctic del Cap de Santa Pola,\u00a0 posant en valor el patrimoni natural i paisatg\u00edstic del municipi amb una plataforma elevada que permetr\u00e0 gaudir de la bellesa de la zona, parlem d&#8217;un \u201catol\u00b7l\u00f3 f\u00f2ssil\u201d, un tresor geol\u00f2gic, format fa 6 milions d&#8217;anys, un dels pocs exemples que existixen en el m\u00f3n.<\/p>\n<p>Amb tot aix\u00f2, promourem h\u00e0bits de vida saludables, potenciarem l&#8217;incalculable valor dels nostres recursos naturals per a gaudir d&#8217;una ciutat m\u00e9s activa i connectada.<\/p>\n<p><strong>P3: Resili\u00e8ncia, Sostenibilitat i Innovaci\u00f3<\/strong>. Este projecte prepara a Santa Pola per als desafiaments futurs, enfortint la seua capacitat d&#8217;adaptaci\u00f3. Entre les actuacions clau es troben la creaci\u00f3 de Comunitats Energ\u00e8tiques Locals (CEL) en edificis p\u00fablics com el CEIP Vicenta Ruso, Ram\u00f3n Cuesta i el camp de futbol Manolo Maci\u00e1 per a fomentar l&#8217;autoconsum renovable; la reordenaci\u00f3 del Boulevard de l&#8217;Avinguda Salamanca amb sistemes de drenatge sostenible per a previndre inundacions en una zona identificada com d&#8217;alt risc; i la renaturalitzaci\u00f3 dels jardins de Vila Adelaida per a recuperar un important espai verd degradat i potenciar el seu valor paisatg\u00edstic, combinant sostenibilitat i cultura.<\/p>\n<p>Estes mesures, al costat de la implantaci\u00f3 de sistemes de seguretat intel\u00b7ligents de videovigil\u00e0ncia, consoliden la visi\u00f3 SmartCity del municipi, integrant tecnologia per a una gesti\u00f3 m\u00e9s eficient i segura.<\/p>\n<p>Gr\u00e0cies a les comunitats energ\u00e8tiques i a la millora de la mobilitat sostenible, reduirem les emissions de gasos d&#8217;efecte d&#8217;hivernacle. A m\u00e9s, les noves infraestructures verdes ens ajudaran a adaptar-nos millor al canvi clim\u00e0tic.<\/p>\n<p>A trav\u00e9s d&#8217;estos tres projectes interconnectats, el PAI situa als residents en el centre de cada decisi\u00f3, assegurant que la renovaci\u00f3 urbana es tradu\u00efsca directament en progr\u00e9s social.<\/p>\n<p><strong>Un comprom\u00eds amb les persones: focus en les zones vulnerables<\/strong><\/p>\n<p>Una de les pedres angulars del Pla d&#8217;Actuaci\u00f3 Integrat \u00e9s el seu ferm comprom\u00eds amb la reducci\u00f3 de les desigualtats. Lluny de dispersar els recursos, l&#8217;estrat\u00e8gia concentra una part substancial de la inversi\u00f3 en aquelles \u00e0rees que presenten majors desafiaments socioecon\u00f2mics, assegurant que el progr\u00e9s arribe a tots els racons de Santa Pola.<\/p>\n<p>Les dades recolzen esta prioritzaci\u00f3 de manera contundent. El pla destina el 75,48% del seu pressupost total a intervencions directes en les zones identificades com m\u00e9s vulnerables del nucli urb\u00e0. Este enfocament respon a una realitat contrastada: la taxa d&#8217;atur en el nucli urb\u00e0 (26%) \u00e9s superior a la mitjana municipal, i la renda neta mitjana per persona (9.943\u20ac) \u00e9s significativament inferior. A m\u00e9s, un \u00edndex de depend\u00e8ncia global del 46% en esta zona, superior a la mitjana, evid\u00e8ncia una major concentraci\u00f3 de poblaci\u00f3 major, justificant la necessitat d&#8217;equipaments accessibles i inclusius.<\/p>\n<p><strong>Lideratge i visi\u00f3 estrat\u00e8gica<\/strong><\/p>\n<p>El Pla d&#8217;Actuaci\u00f3 Integrat \u00e9s la culminaci\u00f3 d&#8217;un comprom\u00eds sostingut i plurianual amb la governan\u00e7a estrat\u00e8gica. Este cam\u00ed, que va comen\u00e7ar en 2017 amb el pla de ciutat Santapolavant i es va consolidar amb l&#8217;Agenda Urbana 2030, demostra una visi\u00f3 de llarg recorregut i un model de gesti\u00f3 basat en el rigor t\u00e8cnic, la participaci\u00f3 i la busca activa d&#8217;oportunitats per al municipi.<\/p>\n<p>El PAI \u00e9s el resultat d&#8217;un rigor\u00f3s proc\u00e9s t\u00e8cnic alineat amb l&#8217;Agenda Urbana Espanyola i els Objectius de Desenrotllament Sostenible a trav\u00e9s d&#8217;una llarg proc\u00e9s de participaci\u00f3 ciutadana que garantix que l&#8217;accions proposades responguen a les necessitats reals i a les aspiracions dels santapolers, consolidant el PAI amb un projecte constru\u00eft en com\u00fa.<\/p>\n<p><strong>Cap al futur: un projecte transformador en marxa<\/strong><\/p>\n<p>El Pla d&#8217;Actuaci\u00f3 Integrat no \u00e9s un dest\u00ed final, sin\u00f3 un motor de canvi que redefinix el futur de Santa Pola. Amb la seua posada en marxa, el municipi es posiciona a l&#8217;avantguarda, construint una ciutat que no sols renova els seus carrers, sin\u00f3 que enfortix el seu teixit social, impulsa la seua economia i protegix el seu entorn. Este \u00e9s el llegat del PAI: establir les bases d&#8217;una Santa Pola m\u00e9s justa, resilient i plena d&#8217;oportunitats, una ciutat preparada per a les generacions esdevenidores.<\/p>\n","protected":false},"excerpt":{"rendered":"<p>El Pla d&#8217;Actuaci\u00f3 Integrat (PAI), cofinan\u00e7at amb fons europeus FEDER, revitalitzar\u00e0 el nucli urb\u00e0 i millorar\u00e0 la qualitat de vida de la ciutadania amb 12 projectes estrat\u00e8gics clau. Santa Pola fa un pas de gegant en la seua modernitzaci\u00f3 amb la posada en marxa del seu Pla d&#8217;Actuaci\u00f3 Integrat (PAI), una ambiciosa estrat\u00e8gia de transformaci\u00f3 [&hellip;]<\/p>\n","protected":false},"author":96,"featured_media":47006,"comment_status":"closed","ping_status":"closed","sticky":false,"template":"","format":"standard","meta":{"_et_pb_use_builder":"","_et_pb_old_content":"","_et_gb_content_width":"","footnotes":""},"categories":[1423],"tags":[1281,1344],"class_list":["post-47008","post","type-post","status-publish","format-standard","has-post-thumbnail","hentry","category-estrategia-de-desenrotllament-urba","tag-agenda-urbana-2030-ca","tag-pla-dactuacio-integrada"],"yoast_head":"<!-- This site is optimized with the Yoast SEO plugin v27.4 - https:\/\/yoast.com\/product\/yoast-seo-wordpress\/ -->\n<title>Santa Pola impulsa el seu futur amb una inversi\u00f3 de 10,7 milions d&#039;euros per a una transformaci\u00f3 verda, inclusiva i pr\u00f2spera - Ajuntament de Santa Pola<\/title>\n<meta name=\"robots\" content=\"index, follow, max-snippet:-1, max-image-preview:large, max-video-preview:-1\" \/>\n<link rel=\"canonical\" href=\"https:\/\/santapola.es\/ca\/santa-pola-impulsa-el-seu-futur-amb-una-inversio-de-107-milions-deuros-per-a-una-transformacio-verda-inclusiva-i-prospera\/\" \/>\n<meta property=\"og:locale\" content=\"ca_ES\" \/>\n<meta property=\"og:type\" content=\"article\" \/>\n<meta property=\"og:title\" content=\"Santa Pola impulsa el seu futur amb una inversi\u00f3 de 10,7 milions d&#039;euros per a una transformaci\u00f3 verda, inclusiva i pr\u00f2spera - Ajuntament de Santa Pola\" \/>\n<meta property=\"og:description\" content=\"El Pla d&#8217;Actuaci\u00f3 Integrat (PAI), cofinan\u00e7at amb fons europeus FEDER, revitalitzar\u00e0 el nucli urb\u00e0 i millorar\u00e0 la qualitat de vida de la ciutadania amb 12 projectes estrat\u00e8gics clau. Santa Pola fa un pas de gegant en la seua modernitzaci\u00f3 amb la posada en marxa del seu Pla d&#8217;Actuaci\u00f3 Integrat (PAI), una ambiciosa estrat\u00e8gia de transformaci\u00f3 [&hellip;]\" \/>\n<meta property=\"og:url\" content=\"https:\/\/santapola.es\/ca\/santa-pola-impulsa-el-seu-futur-amb-una-inversio-de-107-milions-deuros-per-a-una-transformacio-verda-inclusiva-i-prospera\/\" \/>\n<meta property=\"og:site_name\" content=\"Ajuntament de Santa Pola\" \/>\n<meta property=\"article:publisher\" content=\"https:\/\/www.facebook.com\/AyuntamientoSantaPola\/\" \/>\n<meta property=\"article:published_time\" content=\"2025-12-19T16:48:18+00:00\" \/>\n<meta property=\"article:modified_time\" content=\"2025-12-19T16:52:39+00:00\" \/>\n<meta property=\"og:image\" content=\"https:\/\/santapola.es\/wp-content\/uploads\/2025\/12\/Santa-Pola.jpg\" \/>\n\t<meta property=\"og:image:width\" content=\"1920\" \/>\n\t<meta property=\"og:image:height\" content=\"1084\" \/>\n\t<meta property=\"og:image:type\" content=\"image\/jpeg\" \/>\n<meta name=\"author\" content=\"Jos\u00e9 Juan L\u00f3pez Lafuente\" \/>\n<meta name=\"twitter:card\" content=\"summary_large_image\" \/>\n<meta name=\"twitter:creator\" content=\"@SantaPolaAyunt\" \/>\n<meta name=\"twitter:site\" content=\"@SantaPolaAyunt\" \/>\n<script type=\"application\/ld+json\" class=\"yoast-schema-graph\">{\"@context\":\"https:\\\/\\\/schema.org\",\"@graph\":[{\"@type\":\"Article\",\"@id\":\"https:\\\/\\\/santapola.es\\\/ca\\\/santa-pola-impulsa-el-seu-futur-amb-una-inversio-de-107-milions-deuros-per-a-una-transformacio-verda-inclusiva-i-prospera\\\/#article\",\"isPartOf\":{\"@id\":\"https:\\\/\\\/santapola.es\\\/ca\\\/santa-pola-impulsa-el-seu-futur-amb-una-inversio-de-107-milions-deuros-per-a-una-transformacio-verda-inclusiva-i-prospera\\\/\"},\"author\":{\"name\":\"Jos\u00e9 Juan L\u00f3pez Lafuente\",\"@id\":\"https:\\\/\\\/santapola.es\\\/ca\\\/#\\\/schema\\\/person\\\/ad1d67403707b58350c7be5e8dbc442d\"},\"headline\":\"Santa Pola impulsa el seu futur amb una inversi\u00f3 de 10,7 milions d&#8217;euros per a una transformaci\u00f3 verda, inclusiva i pr\u00f2spera\",\"datePublished\":\"2025-12-19T16:48:18+00:00\",\"dateModified\":\"2025-12-19T16:52:39+00:00\",\"mainEntityOfPage\":{\"@id\":\"https:\\\/\\\/santapola.es\\\/ca\\\/santa-pola-impulsa-el-seu-futur-amb-una-inversio-de-107-milions-deuros-per-a-una-transformacio-verda-inclusiva-i-prospera\\\/\"},\"wordCount\":1538,\"image\":{\"@id\":\"https:\\\/\\\/santapola.es\\\/ca\\\/santa-pola-impulsa-el-seu-futur-amb-una-inversio-de-107-milions-deuros-per-a-una-transformacio-verda-inclusiva-i-prospera\\\/#primaryimage\"},\"thumbnailUrl\":\"https:\\\/\\\/santapola.es\\\/wp-content\\\/uploads\\\/2025\\\/12\\\/Santa-Pola.jpg\",\"keywords\":[\"Agenda Urbana 2030\",\"Pla d'Actuaci\u00f3 Integrada\"],\"articleSection\":[\"Estrat\u00e8gia de Desenrotllament Urb\u00e0\"],\"inLanguage\":\"ca\"},{\"@type\":\"WebPage\",\"@id\":\"https:\\\/\\\/santapola.es\\\/ca\\\/santa-pola-impulsa-el-seu-futur-amb-una-inversio-de-107-milions-deuros-per-a-una-transformacio-verda-inclusiva-i-prospera\\\/\",\"url\":\"https:\\\/\\\/santapola.es\\\/ca\\\/santa-pola-impulsa-el-seu-futur-amb-una-inversio-de-107-milions-deuros-per-a-una-transformacio-verda-inclusiva-i-prospera\\\/\",\"name\":\"Santa Pola impulsa el seu futur amb una inversi\u00f3 de 10,7 milions d'euros per a una transformaci\u00f3 verda, inclusiva i pr\u00f2spera - Ajuntament de Santa Pola\",\"isPartOf\":{\"@id\":\"https:\\\/\\\/santapola.es\\\/ca\\\/#website\"},\"primaryImageOfPage\":{\"@id\":\"https:\\\/\\\/santapola.es\\\/ca\\\/santa-pola-impulsa-el-seu-futur-amb-una-inversio-de-107-milions-deuros-per-a-una-transformacio-verda-inclusiva-i-prospera\\\/#primaryimage\"},\"image\":{\"@id\":\"https:\\\/\\\/santapola.es\\\/ca\\\/santa-pola-impulsa-el-seu-futur-amb-una-inversio-de-107-milions-deuros-per-a-una-transformacio-verda-inclusiva-i-prospera\\\/#primaryimage\"},\"thumbnailUrl\":\"https:\\\/\\\/santapola.es\\\/wp-content\\\/uploads\\\/2025\\\/12\\\/Santa-Pola.jpg\",\"datePublished\":\"2025-12-19T16:48:18+00:00\",\"dateModified\":\"2025-12-19T16:52:39+00:00\",\"author\":{\"@id\":\"https:\\\/\\\/santapola.es\\\/ca\\\/#\\\/schema\\\/person\\\/ad1d67403707b58350c7be5e8dbc442d\"},\"breadcrumb\":{\"@id\":\"https:\\\/\\\/santapola.es\\\/ca\\\/santa-pola-impulsa-el-seu-futur-amb-una-inversio-de-107-milions-deuros-per-a-una-transformacio-verda-inclusiva-i-prospera\\\/#breadcrumb\"},\"inLanguage\":\"ca\",\"potentialAction\":[{\"@type\":\"ReadAction\",\"target\":[\"https:\\\/\\\/santapola.es\\\/ca\\\/santa-pola-impulsa-el-seu-futur-amb-una-inversio-de-107-milions-deuros-per-a-una-transformacio-verda-inclusiva-i-prospera\\\/\"]}]},{\"@type\":\"ImageObject\",\"inLanguage\":\"ca\",\"@id\":\"https:\\\/\\\/santapola.es\\\/ca\\\/santa-pola-impulsa-el-seu-futur-amb-una-inversio-de-107-milions-deuros-per-a-una-transformacio-verda-inclusiva-i-prospera\\\/#primaryimage\",\"url\":\"https:\\\/\\\/santapola.es\\\/wp-content\\\/uploads\\\/2025\\\/12\\\/Santa-Pola.jpg\",\"contentUrl\":\"https:\\\/\\\/santapola.es\\\/wp-content\\\/uploads\\\/2025\\\/12\\\/Santa-Pola.jpg\",\"width\":1920,\"height\":1084,\"caption\":\"Screenshot\"},{\"@type\":\"BreadcrumbList\",\"@id\":\"https:\\\/\\\/santapola.es\\\/ca\\\/santa-pola-impulsa-el-seu-futur-amb-una-inversio-de-107-milions-deuros-per-a-una-transformacio-verda-inclusiva-i-prospera\\\/#breadcrumb\",\"itemListElement\":[{\"@type\":\"ListItem\",\"position\":1,\"name\":\"Inici\",\"item\":\"https:\\\/\\\/santapola.es\\\/ca\\\/\"},{\"@type\":\"ListItem\",\"position\":2,\"name\":\"Santa Pola impulsa el seu futur amb una inversi\u00f3 de 10,7 milions d&#8217;euros per a una transformaci\u00f3 verda, inclusiva i pr\u00f2spera\"}]},{\"@type\":\"WebSite\",\"@id\":\"https:\\\/\\\/santapola.es\\\/ca\\\/#website\",\"url\":\"https:\\\/\\\/santapola.es\\\/ca\\\/\",\"name\":\"Ayuntamiento de Santa Pola\",\"description\":\"Web de l'Ajuntament de Santa Pola\",\"potentialAction\":[{\"@type\":\"SearchAction\",\"target\":{\"@type\":\"EntryPoint\",\"urlTemplate\":\"https:\\\/\\\/santapola.es\\\/ca\\\/?s={search_term_string}\"},\"query-input\":{\"@type\":\"PropertyValueSpecification\",\"valueRequired\":true,\"valueName\":\"search_term_string\"}}],\"inLanguage\":\"ca\"},{\"@type\":\"Person\",\"@id\":\"https:\\\/\\\/santapola.es\\\/ca\\\/#\\\/schema\\\/person\\\/ad1d67403707b58350c7be5e8dbc442d\",\"name\":\"Jos\u00e9 Juan L\u00f3pez Lafuente\"}]}<\/script>\n<!-- \/ Yoast SEO plugin. -->","yoast_head_json":{"title":"Santa Pola impulsa el seu futur amb una inversi\u00f3 de 10,7 milions d'euros per a una transformaci\u00f3 verda, inclusiva i pr\u00f2spera - Ajuntament de Santa Pola","robots":{"index":"index","follow":"follow","max-snippet":"max-snippet:-1","max-image-preview":"max-image-preview:large","max-video-preview":"max-video-preview:-1"},"canonical":"https:\/\/santapola.es\/ca\/santa-pola-impulsa-el-seu-futur-amb-una-inversio-de-107-milions-deuros-per-a-una-transformacio-verda-inclusiva-i-prospera\/","og_locale":"ca_ES","og_type":"article","og_title":"Santa Pola impulsa el seu futur amb una inversi\u00f3 de 10,7 milions d'euros per a una transformaci\u00f3 verda, inclusiva i pr\u00f2spera - Ajuntament de Santa Pola","og_description":"El Pla d&#8217;Actuaci\u00f3 Integrat (PAI), cofinan\u00e7at amb fons europeus FEDER, revitalitzar\u00e0 el nucli urb\u00e0 i millorar\u00e0 la qualitat de vida de la ciutadania amb 12 projectes estrat\u00e8gics clau. Santa Pola fa un pas de gegant en la seua modernitzaci\u00f3 amb la posada en marxa del seu Pla d&#8217;Actuaci\u00f3 Integrat (PAI), una ambiciosa estrat\u00e8gia de transformaci\u00f3 [&hellip;]","og_url":"https:\/\/santapola.es\/ca\/santa-pola-impulsa-el-seu-futur-amb-una-inversio-de-107-milions-deuros-per-a-una-transformacio-verda-inclusiva-i-prospera\/","og_site_name":"Ajuntament de Santa Pola","article_publisher":"https:\/\/www.facebook.com\/AyuntamientoSantaPola\/","article_published_time":"2025-12-19T16:48:18+00:00","article_modified_time":"2025-12-19T16:52:39+00:00","og_image":[{"width":1920,"height":1084,"url":"https:\/\/santapola.es\/wp-content\/uploads\/2025\/12\/Santa-Pola.jpg","type":"image\/jpeg"}],"author":"Jos\u00e9 Juan L\u00f3pez Lafuente","twitter_card":"summary_large_image","twitter_creator":"@SantaPolaAyunt","twitter_site":"@SantaPolaAyunt","schema":{"@context":"https:\/\/schema.org","@graph":[{"@type":"Article","@id":"https:\/\/santapola.es\/ca\/santa-pola-impulsa-el-seu-futur-amb-una-inversio-de-107-milions-deuros-per-a-una-transformacio-verda-inclusiva-i-prospera\/#article","isPartOf":{"@id":"https:\/\/santapola.es\/ca\/santa-pola-impulsa-el-seu-futur-amb-una-inversio-de-107-milions-deuros-per-a-una-transformacio-verda-inclusiva-i-prospera\/"},"author":{"name":"Jos\u00e9 Juan L\u00f3pez Lafuente","@id":"https:\/\/santapola.es\/ca\/#\/schema\/person\/ad1d67403707b58350c7be5e8dbc442d"},"headline":"Santa Pola impulsa el seu futur amb una inversi\u00f3 de 10,7 milions d&#8217;euros per a una transformaci\u00f3 verda, inclusiva i pr\u00f2spera","datePublished":"2025-12-19T16:48:18+00:00","dateModified":"2025-12-19T16:52:39+00:00","mainEntityOfPage":{"@id":"https:\/\/santapola.es\/ca\/santa-pola-impulsa-el-seu-futur-amb-una-inversio-de-107-milions-deuros-per-a-una-transformacio-verda-inclusiva-i-prospera\/"},"wordCount":1538,"image":{"@id":"https:\/\/santapola.es\/ca\/santa-pola-impulsa-el-seu-futur-amb-una-inversio-de-107-milions-deuros-per-a-una-transformacio-verda-inclusiva-i-prospera\/#primaryimage"},"thumbnailUrl":"https:\/\/santapola.es\/wp-content\/uploads\/2025\/12\/Santa-Pola.jpg","keywords":["Agenda Urbana 2030","Pla d'Actuaci\u00f3 Integrada"],"articleSection":["Estrat\u00e8gia de Desenrotllament Urb\u00e0"],"inLanguage":"ca"},{"@type":"WebPage","@id":"https:\/\/santapola.es\/ca\/santa-pola-impulsa-el-seu-futur-amb-una-inversio-de-107-milions-deuros-per-a-una-transformacio-verda-inclusiva-i-prospera\/","url":"https:\/\/santapola.es\/ca\/santa-pola-impulsa-el-seu-futur-amb-una-inversio-de-107-milions-deuros-per-a-una-transformacio-verda-inclusiva-i-prospera\/","name":"Santa Pola impulsa el seu futur amb una inversi\u00f3 de 10,7 milions d'euros per a una transformaci\u00f3 verda, inclusiva i pr\u00f2spera - Ajuntament de Santa Pola","isPartOf":{"@id":"https:\/\/santapola.es\/ca\/#website"},"primaryImageOfPage":{"@id":"https:\/\/santapola.es\/ca\/santa-pola-impulsa-el-seu-futur-amb-una-inversio-de-107-milions-deuros-per-a-una-transformacio-verda-inclusiva-i-prospera\/#primaryimage"},"image":{"@id":"https:\/\/santapola.es\/ca\/santa-pola-impulsa-el-seu-futur-amb-una-inversio-de-107-milions-deuros-per-a-una-transformacio-verda-inclusiva-i-prospera\/#primaryimage"},"thumbnailUrl":"https:\/\/santapola.es\/wp-content\/uploads\/2025\/12\/Santa-Pola.jpg","datePublished":"2025-12-19T16:48:18+00:00","dateModified":"2025-12-19T16:52:39+00:00","author":{"@id":"https:\/\/santapola.es\/ca\/#\/schema\/person\/ad1d67403707b58350c7be5e8dbc442d"},"breadcrumb":{"@id":"https:\/\/santapola.es\/ca\/santa-pola-impulsa-el-seu-futur-amb-una-inversio-de-107-milions-deuros-per-a-una-transformacio-verda-inclusiva-i-prospera\/#breadcrumb"},"inLanguage":"ca","potentialAction":[{"@type":"ReadAction","target":["https:\/\/santapola.es\/ca\/santa-pola-impulsa-el-seu-futur-amb-una-inversio-de-107-milions-deuros-per-a-una-transformacio-verda-inclusiva-i-prospera\/"]}]},{"@type":"ImageObject","inLanguage":"ca","@id":"https:\/\/santapola.es\/ca\/santa-pola-impulsa-el-seu-futur-amb-una-inversio-de-107-milions-deuros-per-a-una-transformacio-verda-inclusiva-i-prospera\/#primaryimage","url":"https:\/\/santapola.es\/wp-content\/uploads\/2025\/12\/Santa-Pola.jpg","contentUrl":"https:\/\/santapola.es\/wp-content\/uploads\/2025\/12\/Santa-Pola.jpg","width":1920,"height":1084,"caption":"Screenshot"},{"@type":"BreadcrumbList","@id":"https:\/\/santapola.es\/ca\/santa-pola-impulsa-el-seu-futur-amb-una-inversio-de-107-milions-deuros-per-a-una-transformacio-verda-inclusiva-i-prospera\/#breadcrumb","itemListElement":[{"@type":"ListItem","position":1,"name":"Inici","item":"https:\/\/santapola.es\/ca\/"},{"@type":"ListItem","position":2,"name":"Santa Pola impulsa el seu futur amb una inversi\u00f3 de 10,7 milions d&#8217;euros per a una transformaci\u00f3 verda, inclusiva i pr\u00f2spera"}]},{"@type":"WebSite","@id":"https:\/\/santapola.es\/ca\/#website","url":"https:\/\/santapola.es\/ca\/","name":"Ayuntamiento de Santa Pola","description":"Web de l'Ajuntament de Santa Pola","potentialAction":[{"@type":"SearchAction","target":{"@type":"EntryPoint","urlTemplate":"https:\/\/santapola.es\/ca\/?s={search_term_string}"},"query-input":{"@type":"PropertyValueSpecification","valueRequired":true,"valueName":"search_term_string"}}],"inLanguage":"ca"},{"@type":"Person","@id":"https:\/\/santapola.es\/ca\/#\/schema\/person\/ad1d67403707b58350c7be5e8dbc442d","name":"Jos\u00e9 Juan L\u00f3pez Lafuente"}]}},"_links":{"self":[{"href":"https:\/\/santapola.es\/ca\/wp-json\/wp\/v2\/posts\/47008","targetHints":{"allow":["GET"]}}],"collection":[{"href":"https:\/\/santapola.es\/ca\/wp-json\/wp\/v2\/posts"}],"about":[{"href":"https:\/\/santapola.es\/ca\/wp-json\/wp\/v2\/types\/post"}],"author":[{"embeddable":true,"href":"https:\/\/santapola.es\/ca\/wp-json\/wp\/v2\/users\/96"}],"replies":[{"embeddable":true,"href":"https:\/\/santapola.es\/ca\/wp-json\/wp\/v2\/comments?post=47008"}],"version-history":[{"count":0,"href":"https:\/\/santapola.es\/ca\/wp-json\/wp\/v2\/posts\/47008\/revisions"}],"wp:featuredmedia":[{"embeddable":true,"href":"https:\/\/santapola.es\/ca\/wp-json\/wp\/v2\/media\/47006"}],"wp:attachment":[{"href":"https:\/\/santapola.es\/ca\/wp-json\/wp\/v2\/media?parent=47008"}],"wp:term":[{"taxonomy":"category","embeddable":true,"href":"https:\/\/santapola.es\/ca\/wp-json\/wp\/v2\/categories?post=47008"},{"taxonomy":"post_tag","embeddable":true,"href":"https:\/\/santapola.es\/ca\/wp-json\/wp\/v2\/tags?post=47008"}],"curies":[{"name":"wp","href":"https:\/\/api.w.org\/{rel}","templated":true}]}}