{"id":46913,"date":"2025-12-12T13:10:42","date_gmt":"2025-12-12T12:10:42","guid":{"rendered":"https:\/\/santapola.es\/?p=46913"},"modified":"2025-12-12T13:12:28","modified_gmt":"2025-12-12T12:12:28","slug":"santa-pola-oferix-este-dissabte-un-espectacle-piromusical-a-la-platja-de-llevant-per-a-continuar-gaudint-de-nadal","status":"publish","type":"post","link":"https:\/\/santapola.es\/ca\/santa-pola-oferix-este-dissabte-un-espectacle-piromusical-a-la-platja-de-llevant-per-a-continuar-gaudint-de-nadal\/","title":{"rendered":"Santa Pola oferix este dissabte un espectacle piromusical a la platja de Llevant per a continuar gaudint de Nadal"},"content":{"rendered":"<p><strong>La platja de Llevant alberga el 13 de desembre a les 19.00 hores l&#8217;espectacle \u201cArriba Nadal a Santa Pola\u201d, que fusiona l&#8217;espectacularitat de la pirot\u00e8cnia al comp\u00e0s de la sonoritat de la m\u00fasica.<\/strong><\/p>\n<p>La tercera edici\u00f3 del festival piromusical \u201cArriba Nadal a Santa Pola\u201d reunir\u00e0 a la platja de Llevant a centenars de santapolers i visitants per a gaudir d&#8217;un espectacle de llum, color i so que durant 13 intensos minuts, i en coordinaci\u00f3 amb cinc peces musicals, il\u00b7luminar\u00e0 la nit de la vila marinera de la m\u00e0 de la Pirot\u00e8cnia Tur\u00eds.<\/p>\n<p>Enguany canvia la ubicaci\u00f3, que en les edicions anteriors se celebrava davant de l&#8217;Ajuntament, per\u00f2 que, a causa de les obres de remodelaci\u00f3 de l&#8217;edifici consistorial i el tancament del seu entorn, es trasllada uns dos-cents metres cap a l&#8217;est de la platja de Llevant, just enfront del restaurant Platja.<\/p>\n<p>El p\u00fablic podr\u00e0 presenciar l&#8217;espectacle des de diversos llocs de privilegi: des de l&#8217;alt de la pla\u00e7a de la Comunitat Valenciana (coneguda com a Parc Blau), al llarg del passeig mar\u00edtim de Llevant o, per als qui vulguen xafar arena, des dels extrems de l&#8217;\u00e0rea que estar\u00e0 delimitada a la platja.<\/p>\n<p>Finalitzat el piromusical, els assistents podran degustar un got de sabor\u00f3s xocolate calentet gr\u00e0cies a la col\u00b7laboraci\u00f3 de la Xocolateria Dal\u00faa.<\/p>\n","protected":false},"excerpt":{"rendered":"<p>La platja de Llevant alberga el 13 de desembre a les 19.00 hores l&#8217;espectacle \u201cArriba Nadal a Santa Pola\u201d, que fusiona l&#8217;espectacularitat de la pirot\u00e8cnia al comp\u00e0s de la sonoritat de la m\u00fasica. La tercera edici\u00f3 del festival piromusical \u201cArriba Nadal a Santa Pola\u201d reunir\u00e0 a la platja de Llevant a centenars de santapolers i [&hellip;]<\/p>\n","protected":false},"author":96,"featured_media":46911,"comment_status":"closed","ping_status":"closed","sticky":false,"template":"","format":"standard","meta":{"_et_pb_use_builder":"","_et_pb_old_content":"","_et_gb_content_width":"","footnotes":""},"categories":[434],"tags":[1177,1724],"class_list":["post-46913","post","type-post","status-publish","format-standard","has-post-thumbnail","hentry","category-festes","tag-nadal","tag-piromusical-ca"],"yoast_head":"<!-- This site is optimized with the Yoast SEO plugin v27.4 - https:\/\/yoast.com\/product\/yoast-seo-wordpress\/ -->\n<title>Santa Pola oferix este dissabte un espectacle piromusical a la platja de Llevant per a continuar gaudint de Nadal - Ajuntament de Santa Pola<\/title>\n<meta name=\"robots\" content=\"index, follow, max-snippet:-1, max-image-preview:large, max-video-preview:-1\" \/>\n<link rel=\"canonical\" href=\"https:\/\/santapola.es\/ca\/santa-pola-oferix-este-dissabte-un-espectacle-piromusical-a-la-platja-de-llevant-per-a-continuar-gaudint-de-nadal\/\" \/>\n<meta property=\"og:locale\" content=\"ca_ES\" \/>\n<meta property=\"og:type\" content=\"article\" \/>\n<meta property=\"og:title\" content=\"Santa Pola oferix este dissabte un espectacle piromusical a la platja de Llevant per a continuar gaudint de Nadal - Ajuntament de Santa Pola\" \/>\n<meta property=\"og:description\" content=\"La platja de Llevant alberga el 13 de desembre a les 19.00 hores l&#8217;espectacle \u201cArriba Nadal a Santa Pola\u201d, que fusiona l&#8217;espectacularitat de la pirot\u00e8cnia al comp\u00e0s de la sonoritat de la m\u00fasica. La tercera edici\u00f3 del festival piromusical \u201cArriba Nadal a Santa Pola\u201d reunir\u00e0 a la platja de Llevant a centenars de santapolers i [&hellip;]\" \/>\n<meta property=\"og:url\" content=\"https:\/\/santapola.es\/ca\/santa-pola-oferix-este-dissabte-un-espectacle-piromusical-a-la-platja-de-llevant-per-a-continuar-gaudint-de-nadal\/\" \/>\n<meta property=\"og:site_name\" content=\"Ajuntament de Santa Pola\" \/>\n<meta property=\"article:publisher\" content=\"https:\/\/www.facebook.com\/AyuntamientoSantaPola\/\" \/>\n<meta property=\"article:published_time\" content=\"2025-12-12T12:10:42+00:00\" \/>\n<meta property=\"article:modified_time\" content=\"2025-12-12T12:12:28+00:00\" \/>\n<meta property=\"og:image\" content=\"https:\/\/santapola.es\/wp-content\/uploads\/2025\/12\/IMG_0733.jpg\" \/>\n\t<meta property=\"og:image:width\" content=\"1920\" \/>\n\t<meta property=\"og:image:height\" content=\"1440\" \/>\n\t<meta property=\"og:image:type\" content=\"image\/jpeg\" \/>\n<meta name=\"author\" content=\"Jos\u00e9 Juan L\u00f3pez Lafuente\" \/>\n<meta name=\"twitter:card\" content=\"summary_large_image\" \/>\n<meta name=\"twitter:creator\" content=\"@SantaPolaAyunt\" \/>\n<meta name=\"twitter:site\" content=\"@SantaPolaAyunt\" \/>\n<script type=\"application\/ld+json\" class=\"yoast-schema-graph\">{\"@context\":\"https:\\\/\\\/schema.org\",\"@graph\":[{\"@type\":\"Article\",\"@id\":\"https:\\\/\\\/santapola.es\\\/ca\\\/santa-pola-oferix-este-dissabte-un-espectacle-piromusical-a-la-platja-de-llevant-per-a-continuar-gaudint-de-nadal\\\/#article\",\"isPartOf\":{\"@id\":\"https:\\\/\\\/santapola.es\\\/ca\\\/santa-pola-oferix-este-dissabte-un-espectacle-piromusical-a-la-platja-de-llevant-per-a-continuar-gaudint-de-nadal\\\/\"},\"author\":{\"name\":\"Jos\u00e9 Juan L\u00f3pez Lafuente\",\"@id\":\"https:\\\/\\\/santapola.es\\\/ca\\\/#\\\/schema\\\/person\\\/ad1d67403707b58350c7be5e8dbc442d\"},\"headline\":\"Santa Pola oferix este dissabte un espectacle piromusical a la platja de Llevant per a continuar gaudint de Nadal\",\"datePublished\":\"2025-12-12T12:10:42+00:00\",\"dateModified\":\"2025-12-12T12:12:28+00:00\",\"mainEntityOfPage\":{\"@id\":\"https:\\\/\\\/santapola.es\\\/ca\\\/santa-pola-oferix-este-dissabte-un-espectacle-piromusical-a-la-platja-de-llevant-per-a-continuar-gaudint-de-nadal\\\/\"},\"wordCount\":252,\"image\":{\"@id\":\"https:\\\/\\\/santapola.es\\\/ca\\\/santa-pola-oferix-este-dissabte-un-espectacle-piromusical-a-la-platja-de-llevant-per-a-continuar-gaudint-de-nadal\\\/#primaryimage\"},\"thumbnailUrl\":\"https:\\\/\\\/santapola.es\\\/wp-content\\\/uploads\\\/2025\\\/12\\\/IMG_0733.jpg\",\"keywords\":[\"Nadal\",\"piromusical\"],\"articleSection\":[\"Festes\"],\"inLanguage\":\"ca\"},{\"@type\":\"WebPage\",\"@id\":\"https:\\\/\\\/santapola.es\\\/ca\\\/santa-pola-oferix-este-dissabte-un-espectacle-piromusical-a-la-platja-de-llevant-per-a-continuar-gaudint-de-nadal\\\/\",\"url\":\"https:\\\/\\\/santapola.es\\\/ca\\\/santa-pola-oferix-este-dissabte-un-espectacle-piromusical-a-la-platja-de-llevant-per-a-continuar-gaudint-de-nadal\\\/\",\"name\":\"Santa Pola oferix este dissabte un espectacle piromusical a la platja de Llevant per a continuar gaudint de Nadal - Ajuntament de Santa Pola\",\"isPartOf\":{\"@id\":\"https:\\\/\\\/santapola.es\\\/ca\\\/#website\"},\"primaryImageOfPage\":{\"@id\":\"https:\\\/\\\/santapola.es\\\/ca\\\/santa-pola-oferix-este-dissabte-un-espectacle-piromusical-a-la-platja-de-llevant-per-a-continuar-gaudint-de-nadal\\\/#primaryimage\"},\"image\":{\"@id\":\"https:\\\/\\\/santapola.es\\\/ca\\\/santa-pola-oferix-este-dissabte-un-espectacle-piromusical-a-la-platja-de-llevant-per-a-continuar-gaudint-de-nadal\\\/#primaryimage\"},\"thumbnailUrl\":\"https:\\\/\\\/santapola.es\\\/wp-content\\\/uploads\\\/2025\\\/12\\\/IMG_0733.jpg\",\"datePublished\":\"2025-12-12T12:10:42+00:00\",\"dateModified\":\"2025-12-12T12:12:28+00:00\",\"author\":{\"@id\":\"https:\\\/\\\/santapola.es\\\/ca\\\/#\\\/schema\\\/person\\\/ad1d67403707b58350c7be5e8dbc442d\"},\"breadcrumb\":{\"@id\":\"https:\\\/\\\/santapola.es\\\/ca\\\/santa-pola-oferix-este-dissabte-un-espectacle-piromusical-a-la-platja-de-llevant-per-a-continuar-gaudint-de-nadal\\\/#breadcrumb\"},\"inLanguage\":\"ca\",\"potentialAction\":[{\"@type\":\"ReadAction\",\"target\":[\"https:\\\/\\\/santapola.es\\\/ca\\\/santa-pola-oferix-este-dissabte-un-espectacle-piromusical-a-la-platja-de-llevant-per-a-continuar-gaudint-de-nadal\\\/\"]}]},{\"@type\":\"ImageObject\",\"inLanguage\":\"ca\",\"@id\":\"https:\\\/\\\/santapola.es\\\/ca\\\/santa-pola-oferix-este-dissabte-un-espectacle-piromusical-a-la-platja-de-llevant-per-a-continuar-gaudint-de-nadal\\\/#primaryimage\",\"url\":\"https:\\\/\\\/santapola.es\\\/wp-content\\\/uploads\\\/2025\\\/12\\\/IMG_0733.jpg\",\"contentUrl\":\"https:\\\/\\\/santapola.es\\\/wp-content\\\/uploads\\\/2025\\\/12\\\/IMG_0733.jpg\",\"width\":1920,\"height\":1440},{\"@type\":\"BreadcrumbList\",\"@id\":\"https:\\\/\\\/santapola.es\\\/ca\\\/santa-pola-oferix-este-dissabte-un-espectacle-piromusical-a-la-platja-de-llevant-per-a-continuar-gaudint-de-nadal\\\/#breadcrumb\",\"itemListElement\":[{\"@type\":\"ListItem\",\"position\":1,\"name\":\"Inici\",\"item\":\"https:\\\/\\\/santapola.es\\\/ca\\\/\"},{\"@type\":\"ListItem\",\"position\":2,\"name\":\"Santa Pola oferix este dissabte un espectacle piromusical a la platja de Llevant per a continuar gaudint de Nadal\"}]},{\"@type\":\"WebSite\",\"@id\":\"https:\\\/\\\/santapola.es\\\/ca\\\/#website\",\"url\":\"https:\\\/\\\/santapola.es\\\/ca\\\/\",\"name\":\"Ayuntamiento de Santa Pola\",\"description\":\"Web de l'Ajuntament de Santa Pola\",\"potentialAction\":[{\"@type\":\"SearchAction\",\"target\":{\"@type\":\"EntryPoint\",\"urlTemplate\":\"https:\\\/\\\/santapola.es\\\/ca\\\/?s={search_term_string}\"},\"query-input\":{\"@type\":\"PropertyValueSpecification\",\"valueRequired\":true,\"valueName\":\"search_term_string\"}}],\"inLanguage\":\"ca\"},{\"@type\":\"Person\",\"@id\":\"https:\\\/\\\/santapola.es\\\/ca\\\/#\\\/schema\\\/person\\\/ad1d67403707b58350c7be5e8dbc442d\",\"name\":\"Jos\u00e9 Juan L\u00f3pez Lafuente\"}]}<\/script>\n<!-- \/ Yoast SEO plugin. -->","yoast_head_json":{"title":"Santa Pola oferix este dissabte un espectacle piromusical a la platja de Llevant per a continuar gaudint de Nadal - Ajuntament de Santa Pola","robots":{"index":"index","follow":"follow","max-snippet":"max-snippet:-1","max-image-preview":"max-image-preview:large","max-video-preview":"max-video-preview:-1"},"canonical":"https:\/\/santapola.es\/ca\/santa-pola-oferix-este-dissabte-un-espectacle-piromusical-a-la-platja-de-llevant-per-a-continuar-gaudint-de-nadal\/","og_locale":"ca_ES","og_type":"article","og_title":"Santa Pola oferix este dissabte un espectacle piromusical a la platja de Llevant per a continuar gaudint de Nadal - Ajuntament de Santa Pola","og_description":"La platja de Llevant alberga el 13 de desembre a les 19.00 hores l&#8217;espectacle \u201cArriba Nadal a Santa Pola\u201d, que fusiona l&#8217;espectacularitat de la pirot\u00e8cnia al comp\u00e0s de la sonoritat de la m\u00fasica. La tercera edici\u00f3 del festival piromusical \u201cArriba Nadal a Santa Pola\u201d reunir\u00e0 a la platja de Llevant a centenars de santapolers i [&hellip;]","og_url":"https:\/\/santapola.es\/ca\/santa-pola-oferix-este-dissabte-un-espectacle-piromusical-a-la-platja-de-llevant-per-a-continuar-gaudint-de-nadal\/","og_site_name":"Ajuntament de Santa Pola","article_publisher":"https:\/\/www.facebook.com\/AyuntamientoSantaPola\/","article_published_time":"2025-12-12T12:10:42+00:00","article_modified_time":"2025-12-12T12:12:28+00:00","og_image":[{"width":1920,"height":1440,"url":"https:\/\/santapola.es\/wp-content\/uploads\/2025\/12\/IMG_0733.jpg","type":"image\/jpeg"}],"author":"Jos\u00e9 Juan L\u00f3pez Lafuente","twitter_card":"summary_large_image","twitter_creator":"@SantaPolaAyunt","twitter_site":"@SantaPolaAyunt","schema":{"@context":"https:\/\/schema.org","@graph":[{"@type":"Article","@id":"https:\/\/santapola.es\/ca\/santa-pola-oferix-este-dissabte-un-espectacle-piromusical-a-la-platja-de-llevant-per-a-continuar-gaudint-de-nadal\/#article","isPartOf":{"@id":"https:\/\/santapola.es\/ca\/santa-pola-oferix-este-dissabte-un-espectacle-piromusical-a-la-platja-de-llevant-per-a-continuar-gaudint-de-nadal\/"},"author":{"name":"Jos\u00e9 Juan L\u00f3pez Lafuente","@id":"https:\/\/santapola.es\/ca\/#\/schema\/person\/ad1d67403707b58350c7be5e8dbc442d"},"headline":"Santa Pola oferix este dissabte un espectacle piromusical a la platja de Llevant per a continuar gaudint de Nadal","datePublished":"2025-12-12T12:10:42+00:00","dateModified":"2025-12-12T12:12:28+00:00","mainEntityOfPage":{"@id":"https:\/\/santapola.es\/ca\/santa-pola-oferix-este-dissabte-un-espectacle-piromusical-a-la-platja-de-llevant-per-a-continuar-gaudint-de-nadal\/"},"wordCount":252,"image":{"@id":"https:\/\/santapola.es\/ca\/santa-pola-oferix-este-dissabte-un-espectacle-piromusical-a-la-platja-de-llevant-per-a-continuar-gaudint-de-nadal\/#primaryimage"},"thumbnailUrl":"https:\/\/santapola.es\/wp-content\/uploads\/2025\/12\/IMG_0733.jpg","keywords":["Nadal","piromusical"],"articleSection":["Festes"],"inLanguage":"ca"},{"@type":"WebPage","@id":"https:\/\/santapola.es\/ca\/santa-pola-oferix-este-dissabte-un-espectacle-piromusical-a-la-platja-de-llevant-per-a-continuar-gaudint-de-nadal\/","url":"https:\/\/santapola.es\/ca\/santa-pola-oferix-este-dissabte-un-espectacle-piromusical-a-la-platja-de-llevant-per-a-continuar-gaudint-de-nadal\/","name":"Santa Pola oferix este dissabte un espectacle piromusical a la platja de Llevant per a continuar gaudint de Nadal - Ajuntament de Santa Pola","isPartOf":{"@id":"https:\/\/santapola.es\/ca\/#website"},"primaryImageOfPage":{"@id":"https:\/\/santapola.es\/ca\/santa-pola-oferix-este-dissabte-un-espectacle-piromusical-a-la-platja-de-llevant-per-a-continuar-gaudint-de-nadal\/#primaryimage"},"image":{"@id":"https:\/\/santapola.es\/ca\/santa-pola-oferix-este-dissabte-un-espectacle-piromusical-a-la-platja-de-llevant-per-a-continuar-gaudint-de-nadal\/#primaryimage"},"thumbnailUrl":"https:\/\/santapola.es\/wp-content\/uploads\/2025\/12\/IMG_0733.jpg","datePublished":"2025-12-12T12:10:42+00:00","dateModified":"2025-12-12T12:12:28+00:00","author":{"@id":"https:\/\/santapola.es\/ca\/#\/schema\/person\/ad1d67403707b58350c7be5e8dbc442d"},"breadcrumb":{"@id":"https:\/\/santapola.es\/ca\/santa-pola-oferix-este-dissabte-un-espectacle-piromusical-a-la-platja-de-llevant-per-a-continuar-gaudint-de-nadal\/#breadcrumb"},"inLanguage":"ca","potentialAction":[{"@type":"ReadAction","target":["https:\/\/santapola.es\/ca\/santa-pola-oferix-este-dissabte-un-espectacle-piromusical-a-la-platja-de-llevant-per-a-continuar-gaudint-de-nadal\/"]}]},{"@type":"ImageObject","inLanguage":"ca","@id":"https:\/\/santapola.es\/ca\/santa-pola-oferix-este-dissabte-un-espectacle-piromusical-a-la-platja-de-llevant-per-a-continuar-gaudint-de-nadal\/#primaryimage","url":"https:\/\/santapola.es\/wp-content\/uploads\/2025\/12\/IMG_0733.jpg","contentUrl":"https:\/\/santapola.es\/wp-content\/uploads\/2025\/12\/IMG_0733.jpg","width":1920,"height":1440},{"@type":"BreadcrumbList","@id":"https:\/\/santapola.es\/ca\/santa-pola-oferix-este-dissabte-un-espectacle-piromusical-a-la-platja-de-llevant-per-a-continuar-gaudint-de-nadal\/#breadcrumb","itemListElement":[{"@type":"ListItem","position":1,"name":"Inici","item":"https:\/\/santapola.es\/ca\/"},{"@type":"ListItem","position":2,"name":"Santa Pola oferix este dissabte un espectacle piromusical a la platja de Llevant per a continuar gaudint de Nadal"}]},{"@type":"WebSite","@id":"https:\/\/santapola.es\/ca\/#website","url":"https:\/\/santapola.es\/ca\/","name":"Ayuntamiento de Santa Pola","description":"Web de l'Ajuntament de Santa Pola","potentialAction":[{"@type":"SearchAction","target":{"@type":"EntryPoint","urlTemplate":"https:\/\/santapola.es\/ca\/?s={search_term_string}"},"query-input":{"@type":"PropertyValueSpecification","valueRequired":true,"valueName":"search_term_string"}}],"inLanguage":"ca"},{"@type":"Person","@id":"https:\/\/santapola.es\/ca\/#\/schema\/person\/ad1d67403707b58350c7be5e8dbc442d","name":"Jos\u00e9 Juan L\u00f3pez Lafuente"}]}},"_links":{"self":[{"href":"https:\/\/santapola.es\/ca\/wp-json\/wp\/v2\/posts\/46913","targetHints":{"allow":["GET"]}}],"collection":[{"href":"https:\/\/santapola.es\/ca\/wp-json\/wp\/v2\/posts"}],"about":[{"href":"https:\/\/santapola.es\/ca\/wp-json\/wp\/v2\/types\/post"}],"author":[{"embeddable":true,"href":"https:\/\/santapola.es\/ca\/wp-json\/wp\/v2\/users\/96"}],"replies":[{"embeddable":true,"href":"https:\/\/santapola.es\/ca\/wp-json\/wp\/v2\/comments?post=46913"}],"version-history":[{"count":0,"href":"https:\/\/santapola.es\/ca\/wp-json\/wp\/v2\/posts\/46913\/revisions"}],"wp:featuredmedia":[{"embeddable":true,"href":"https:\/\/santapola.es\/ca\/wp-json\/wp\/v2\/media\/46911"}],"wp:attachment":[{"href":"https:\/\/santapola.es\/ca\/wp-json\/wp\/v2\/media?parent=46913"}],"wp:term":[{"taxonomy":"category","embeddable":true,"href":"https:\/\/santapola.es\/ca\/wp-json\/wp\/v2\/categories?post=46913"},{"taxonomy":"post_tag","embeddable":true,"href":"https:\/\/santapola.es\/ca\/wp-json\/wp\/v2\/tags?post=46913"}],"curies":[{"name":"wp","href":"https:\/\/api.w.org\/{rel}","templated":true}]}}