{"id":46899,"date":"2025-12-11T13:23:04","date_gmt":"2025-12-11T12:23:04","guid":{"rendered":"https:\/\/santapola.es\/?p=46899"},"modified":"2025-12-11T13:24:07","modified_gmt":"2025-12-11T12:24:07","slug":"els-reis-mags-ens-porten-regals-en-valencia","status":"publish","type":"post","link":"https:\/\/santapola.es\/ca\/els-reis-mags-ens-porten-regals-en-valencia\/","title":{"rendered":"Els Reis Mags ens porten regals en valenci\u00e0"},"content":{"rendered":"<p><b>L&#8217;Oficina de Promoci\u00f3 del Valenci\u00e0 AVIVA Santa Pola torna un Nadal m\u00e9s amb la seua campanya per a donar a con\u00e9ixer l&#8217;\u00fas de la nostra llengua: cartes per als Reis Mags, banderoles per als balcons, l&#8217;agenda 2026 amb la Casa de Don Gabino com a protagonista i els tradicionals calendaris de sobretaula.<\/b><\/p>\n<p><span style=\"font-weight: 400;\">Un any m\u00e9s, L&#8217;Oficina de Promoci\u00f3 del Valenci\u00e0 participa en la campanya Ja venen els Reis que far\u00e0 arribar la m\u00e0gia dels Reis d\u2019Orient arreu de Santa Pola. Les cartes van acompanyades d\u2019uns adhesius acolorits per a facilitar la tasca d\u2019escriure la carta als m\u00e9s menuts o les persones amb dificultats amb la lectoescriptura.\u00a0<\/span><\/p>\n<p><span style=\"font-weight: 400;\">Es distribuiran m\u00e9s de dues mil de cartes que podreu trobar als col\u00b7legis, a m\u00e9s de diferents establiments comercials de la localitat.\u00a0<\/span><\/p>\n<p><span style=\"font-weight: 400;\">A m\u00e9s, s&#8217;han editat unes banderoles a tot color per a penjar en les finestres i balcons dels nostres carrers per a indicar als Reis que no obliden passar-se per all\u00ed a deixar els seus presents.<\/span><\/p>\n<p><span style=\"font-weight: 400;\">Es pot consultar la p\u00e0gina web &lt;<\/span><a href=\"http:\/\/www.javenenelsreis.com\/\"><span style=\"font-weight: 400;\">www.javenenelsreis.com<\/span><\/a><span style=\"font-weight: 400;\">&gt; on podrem trobar la carta als Reis d\u2019Orient en l\u00ednia com tamb\u00e9 un v\u00eddeo d\u2019animaci\u00f3 de la famosa can\u00e7\u00f3 del Tiror\u00ed, audiocontes, receptes tradicionals de Nadal per a fer en casa, jocs interactius, material descarregable per a fer activitats durant les festes i llistes de m\u00fasica nadalenca per a ambientar els moments amb la vostra fam\u00edlia.<\/span><\/p>\n<p><span style=\"font-weight: 400;\">Aquesta campanya est\u00e0 coordinada per l\u2019Ajuntament de Val\u00e8ncia i el de la Pobla de Vallbona, en qu\u00e8 participen m\u00e9s de 40 entitats municipals valencianes i que enguany ha impr\u00e9s m\u00e9s de 100.000 cartes amb un treball d&#8217;il\u00b7lustraci\u00f3 i disseny dels valencians Jaume Mora i Granissat Estudi Creatiu.\u00a0<\/span><\/p>\n<p><b>Agenda 2026. Una agenda personalitzada per a santapolers i santapoleres<\/b><\/p>\n<p><span style=\"font-weight: 400;\">L&#8217;agenda de l&#8217;Oficina de Promoci\u00f3 de Valenci\u00e0 de l&#8217;Ajuntament de Santa Pola d&#8217;aquest any apareix il\u00b7lustrada amb imatges de la casa de Don Gabino -el seu propietari fou un conegut metge de la localitat. Aquesta casa situada al n\u00fam. 9 del carrer d&#8217;Elx\u00a0 de Santa Pola, \u00e9s l&#8217;\u00fanica que queda del conjunt de tres cases que s&#8217;hi trobaven. El seu interior presenta una caracter\u00edstica decoraci\u00f3 amb trets que recorden l&#8217;art mud\u00e8jar.<\/span><\/p>\n<p><b>Calendaris de sobretaula 2026<\/b><\/p>\n<p><span style=\"font-weight: 400;\">&#8220;El valenci\u00e0, la llengua de la nostra terra&#8221; \u00e9s el fil tem\u00e0tic de les il\u00b7lustracions del calendari de sobretaula de l&#8217;any 2026. Hi trobarem vocabulari de les quatre estacions de l&#8217;any, a m\u00e9s de l\u00e8xic d&#8217;alguns establiments com el forn, la carnisseria, la fruiteria, etc.\u00a0<\/span><\/p>\n<p><span style=\"font-weight: 400;\">Un calendari visualment atractiu i funcional. Dissenyat per Ana Policarpo i coordinat pel Servei de Normalitzaci\u00f3 Ling\u00fc\u00edstica de Silla on participen m\u00e9s d&#8217;una vintena\u00a0 entitats municipals valencianes, a m\u00e9s de l&#8217;Oficina de Promoci\u00f3 del Valenci\u00e0 de l&#8217;Ajuntament de Santa Pola.<\/span><\/p>\n<p><span style=\"font-weight: 400;\">Aquelles persones que estiguen interessades en aquestes campanyes podran recollir el material a la nostra oficina, fins a finalitzar exist\u00e8ncies.<\/span><span style=\"font-weight: 400;\"><br \/>\n<\/span><span style=\"font-weight: 400;\"><br \/>\n<\/span><span style=\"font-weight: 400;\">Si voleu estar al cas de totes les novetats, seguiu el Facebook Aviva Santa Pola i l&#8217;Instagram Aviva Pola.\u00a0<\/span><\/p>\n","protected":false},"excerpt":{"rendered":"<p>L&#8217;Oficina de Promoci\u00f3 del Valenci\u00e0 AVIVA Santa Pola torna un Nadal m\u00e9s amb la seua campanya per a donar a con\u00e9ixer l&#8217;\u00fas de la nostra llengua: cartes per als Reis Mags, banderoles per als balcons, l&#8217;agenda 2026 amb la Casa de Don Gabino com a protagonista i els tradicionals calendaris de sobretaula. Un any m\u00e9s, [&hellip;]<\/p>\n","protected":false},"author":96,"featured_media":46897,"comment_status":"closed","ping_status":"closed","sticky":false,"template":"","format":"standard","meta":{"_et_pb_use_builder":"","_et_pb_old_content":"","_et_gb_content_width":"","footnotes":""},"categories":[594],"tags":[944,1233],"class_list":["post-46899","post","type-post","status-publish","format-standard","has-post-thumbnail","hentry","category-normalitzacio-linguistica","tag-aviva-santa-pola","tag-reis-mags"],"yoast_head":"<!-- This site is optimized with the Yoast SEO plugin v27.4 - https:\/\/yoast.com\/product\/yoast-seo-wordpress\/ -->\n<title>Els Reis Mags ens porten regals en valenci\u00e0 - Ajuntament de Santa Pola<\/title>\n<meta name=\"robots\" content=\"index, follow, max-snippet:-1, max-image-preview:large, max-video-preview:-1\" \/>\n<link rel=\"canonical\" href=\"https:\/\/santapola.es\/ca\/els-reis-mags-ens-porten-regals-en-valencia\/\" \/>\n<meta property=\"og:locale\" content=\"ca_ES\" \/>\n<meta property=\"og:type\" content=\"article\" \/>\n<meta property=\"og:title\" content=\"Els Reis Mags ens porten regals en valenci\u00e0 - Ajuntament de Santa Pola\" \/>\n<meta property=\"og:description\" content=\"L&#8217;Oficina de Promoci\u00f3 del Valenci\u00e0 AVIVA Santa Pola torna un Nadal m\u00e9s amb la seua campanya per a donar a con\u00e9ixer l&#8217;\u00fas de la nostra llengua: cartes per als Reis Mags, banderoles per als balcons, l&#8217;agenda 2026 amb la Casa de Don Gabino com a protagonista i els tradicionals calendaris de sobretaula. Un any m\u00e9s, [&hellip;]\" \/>\n<meta property=\"og:url\" content=\"https:\/\/santapola.es\/ca\/els-reis-mags-ens-porten-regals-en-valencia\/\" \/>\n<meta property=\"og:site_name\" content=\"Ajuntament de Santa Pola\" \/>\n<meta property=\"article:publisher\" content=\"https:\/\/www.facebook.com\/AyuntamientoSantaPola\/\" \/>\n<meta property=\"article:published_time\" content=\"2025-12-11T12:23:04+00:00\" \/>\n<meta property=\"article:modified_time\" content=\"2025-12-11T12:24:07+00:00\" \/>\n<meta property=\"og:image\" content=\"https:\/\/santapola.es\/wp-content\/uploads\/2025\/12\/val-2-rotated.jpg\" \/>\n\t<meta property=\"og:image:width\" content=\"1881\" \/>\n\t<meta property=\"og:image:height\" content=\"1342\" \/>\n\t<meta property=\"og:image:type\" content=\"image\/jpeg\" \/>\n<meta name=\"author\" content=\"Jos\u00e9 Juan L\u00f3pez Lafuente\" \/>\n<meta name=\"twitter:card\" content=\"summary_large_image\" \/>\n<meta name=\"twitter:creator\" content=\"@SantaPolaAyunt\" \/>\n<meta name=\"twitter:site\" content=\"@SantaPolaAyunt\" \/>\n<script type=\"application\/ld+json\" class=\"yoast-schema-graph\">{\"@context\":\"https:\\\/\\\/schema.org\",\"@graph\":[{\"@type\":\"Article\",\"@id\":\"https:\\\/\\\/santapola.es\\\/ca\\\/els-reis-mags-ens-porten-regals-en-valencia\\\/#article\",\"isPartOf\":{\"@id\":\"https:\\\/\\\/santapola.es\\\/ca\\\/els-reis-mags-ens-porten-regals-en-valencia\\\/\"},\"author\":{\"name\":\"Jos\u00e9 Juan L\u00f3pez Lafuente\",\"@id\":\"https:\\\/\\\/santapola.es\\\/ca\\\/#\\\/schema\\\/person\\\/ad1d67403707b58350c7be5e8dbc442d\"},\"headline\":\"Els Reis Mags ens porten regals en valenci\u00e0\",\"datePublished\":\"2025-12-11T12:23:04+00:00\",\"dateModified\":\"2025-12-11T12:24:07+00:00\",\"mainEntityOfPage\":{\"@id\":\"https:\\\/\\\/santapola.es\\\/ca\\\/els-reis-mags-ens-porten-regals-en-valencia\\\/\"},\"wordCount\":546,\"image\":{\"@id\":\"https:\\\/\\\/santapola.es\\\/ca\\\/els-reis-mags-ens-porten-regals-en-valencia\\\/#primaryimage\"},\"thumbnailUrl\":\"https:\\\/\\\/santapola.es\\\/wp-content\\\/uploads\\\/2025\\\/12\\\/val-2-rotated.jpg\",\"keywords\":[\"AVIVA Santa Pola\",\"Reis Mags\"],\"articleSection\":[\"Normalitzaci\u00f3 Ling\u00fc\u00edstica\"],\"inLanguage\":\"ca\"},{\"@type\":\"WebPage\",\"@id\":\"https:\\\/\\\/santapola.es\\\/ca\\\/els-reis-mags-ens-porten-regals-en-valencia\\\/\",\"url\":\"https:\\\/\\\/santapola.es\\\/ca\\\/els-reis-mags-ens-porten-regals-en-valencia\\\/\",\"name\":\"Els Reis Mags ens porten regals en valenci\u00e0 - Ajuntament de Santa Pola\",\"isPartOf\":{\"@id\":\"https:\\\/\\\/santapola.es\\\/ca\\\/#website\"},\"primaryImageOfPage\":{\"@id\":\"https:\\\/\\\/santapola.es\\\/ca\\\/els-reis-mags-ens-porten-regals-en-valencia\\\/#primaryimage\"},\"image\":{\"@id\":\"https:\\\/\\\/santapola.es\\\/ca\\\/els-reis-mags-ens-porten-regals-en-valencia\\\/#primaryimage\"},\"thumbnailUrl\":\"https:\\\/\\\/santapola.es\\\/wp-content\\\/uploads\\\/2025\\\/12\\\/val-2-rotated.jpg\",\"datePublished\":\"2025-12-11T12:23:04+00:00\",\"dateModified\":\"2025-12-11T12:24:07+00:00\",\"author\":{\"@id\":\"https:\\\/\\\/santapola.es\\\/ca\\\/#\\\/schema\\\/person\\\/ad1d67403707b58350c7be5e8dbc442d\"},\"breadcrumb\":{\"@id\":\"https:\\\/\\\/santapola.es\\\/ca\\\/els-reis-mags-ens-porten-regals-en-valencia\\\/#breadcrumb\"},\"inLanguage\":\"ca\",\"potentialAction\":[{\"@type\":\"ReadAction\",\"target\":[\"https:\\\/\\\/santapola.es\\\/ca\\\/els-reis-mags-ens-porten-regals-en-valencia\\\/\"]}]},{\"@type\":\"ImageObject\",\"inLanguage\":\"ca\",\"@id\":\"https:\\\/\\\/santapola.es\\\/ca\\\/els-reis-mags-ens-porten-regals-en-valencia\\\/#primaryimage\",\"url\":\"https:\\\/\\\/santapola.es\\\/wp-content\\\/uploads\\\/2025\\\/12\\\/val-2-rotated.jpg\",\"contentUrl\":\"https:\\\/\\\/santapola.es\\\/wp-content\\\/uploads\\\/2025\\\/12\\\/val-2-rotated.jpg\",\"width\":1881,\"height\":1342},{\"@type\":\"BreadcrumbList\",\"@id\":\"https:\\\/\\\/santapola.es\\\/ca\\\/els-reis-mags-ens-porten-regals-en-valencia\\\/#breadcrumb\",\"itemListElement\":[{\"@type\":\"ListItem\",\"position\":1,\"name\":\"Inici\",\"item\":\"https:\\\/\\\/santapola.es\\\/ca\\\/\"},{\"@type\":\"ListItem\",\"position\":2,\"name\":\"Els Reis Mags ens porten regals en valenci\u00e0\"}]},{\"@type\":\"WebSite\",\"@id\":\"https:\\\/\\\/santapola.es\\\/ca\\\/#website\",\"url\":\"https:\\\/\\\/santapola.es\\\/ca\\\/\",\"name\":\"Ayuntamiento de Santa Pola\",\"description\":\"Web de l'Ajuntament de Santa Pola\",\"potentialAction\":[{\"@type\":\"SearchAction\",\"target\":{\"@type\":\"EntryPoint\",\"urlTemplate\":\"https:\\\/\\\/santapola.es\\\/ca\\\/?s={search_term_string}\"},\"query-input\":{\"@type\":\"PropertyValueSpecification\",\"valueRequired\":true,\"valueName\":\"search_term_string\"}}],\"inLanguage\":\"ca\"},{\"@type\":\"Person\",\"@id\":\"https:\\\/\\\/santapola.es\\\/ca\\\/#\\\/schema\\\/person\\\/ad1d67403707b58350c7be5e8dbc442d\",\"name\":\"Jos\u00e9 Juan L\u00f3pez Lafuente\"}]}<\/script>\n<!-- \/ Yoast SEO plugin. -->","yoast_head_json":{"title":"Els Reis Mags ens porten regals en valenci\u00e0 - Ajuntament de Santa Pola","robots":{"index":"index","follow":"follow","max-snippet":"max-snippet:-1","max-image-preview":"max-image-preview:large","max-video-preview":"max-video-preview:-1"},"canonical":"https:\/\/santapola.es\/ca\/els-reis-mags-ens-porten-regals-en-valencia\/","og_locale":"ca_ES","og_type":"article","og_title":"Els Reis Mags ens porten regals en valenci\u00e0 - Ajuntament de Santa Pola","og_description":"L&#8217;Oficina de Promoci\u00f3 del Valenci\u00e0 AVIVA Santa Pola torna un Nadal m\u00e9s amb la seua campanya per a donar a con\u00e9ixer l&#8217;\u00fas de la nostra llengua: cartes per als Reis Mags, banderoles per als balcons, l&#8217;agenda 2026 amb la Casa de Don Gabino com a protagonista i els tradicionals calendaris de sobretaula. Un any m\u00e9s, [&hellip;]","og_url":"https:\/\/santapola.es\/ca\/els-reis-mags-ens-porten-regals-en-valencia\/","og_site_name":"Ajuntament de Santa Pola","article_publisher":"https:\/\/www.facebook.com\/AyuntamientoSantaPola\/","article_published_time":"2025-12-11T12:23:04+00:00","article_modified_time":"2025-12-11T12:24:07+00:00","og_image":[{"width":1881,"height":1342,"url":"https:\/\/santapola.es\/wp-content\/uploads\/2025\/12\/val-2-rotated.jpg","type":"image\/jpeg"}],"author":"Jos\u00e9 Juan L\u00f3pez Lafuente","twitter_card":"summary_large_image","twitter_creator":"@SantaPolaAyunt","twitter_site":"@SantaPolaAyunt","schema":{"@context":"https:\/\/schema.org","@graph":[{"@type":"Article","@id":"https:\/\/santapola.es\/ca\/els-reis-mags-ens-porten-regals-en-valencia\/#article","isPartOf":{"@id":"https:\/\/santapola.es\/ca\/els-reis-mags-ens-porten-regals-en-valencia\/"},"author":{"name":"Jos\u00e9 Juan L\u00f3pez Lafuente","@id":"https:\/\/santapola.es\/ca\/#\/schema\/person\/ad1d67403707b58350c7be5e8dbc442d"},"headline":"Els Reis Mags ens porten regals en valenci\u00e0","datePublished":"2025-12-11T12:23:04+00:00","dateModified":"2025-12-11T12:24:07+00:00","mainEntityOfPage":{"@id":"https:\/\/santapola.es\/ca\/els-reis-mags-ens-porten-regals-en-valencia\/"},"wordCount":546,"image":{"@id":"https:\/\/santapola.es\/ca\/els-reis-mags-ens-porten-regals-en-valencia\/#primaryimage"},"thumbnailUrl":"https:\/\/santapola.es\/wp-content\/uploads\/2025\/12\/val-2-rotated.jpg","keywords":["AVIVA Santa Pola","Reis Mags"],"articleSection":["Normalitzaci\u00f3 Ling\u00fc\u00edstica"],"inLanguage":"ca"},{"@type":"WebPage","@id":"https:\/\/santapola.es\/ca\/els-reis-mags-ens-porten-regals-en-valencia\/","url":"https:\/\/santapola.es\/ca\/els-reis-mags-ens-porten-regals-en-valencia\/","name":"Els Reis Mags ens porten regals en valenci\u00e0 - Ajuntament de Santa Pola","isPartOf":{"@id":"https:\/\/santapola.es\/ca\/#website"},"primaryImageOfPage":{"@id":"https:\/\/santapola.es\/ca\/els-reis-mags-ens-porten-regals-en-valencia\/#primaryimage"},"image":{"@id":"https:\/\/santapola.es\/ca\/els-reis-mags-ens-porten-regals-en-valencia\/#primaryimage"},"thumbnailUrl":"https:\/\/santapola.es\/wp-content\/uploads\/2025\/12\/val-2-rotated.jpg","datePublished":"2025-12-11T12:23:04+00:00","dateModified":"2025-12-11T12:24:07+00:00","author":{"@id":"https:\/\/santapola.es\/ca\/#\/schema\/person\/ad1d67403707b58350c7be5e8dbc442d"},"breadcrumb":{"@id":"https:\/\/santapola.es\/ca\/els-reis-mags-ens-porten-regals-en-valencia\/#breadcrumb"},"inLanguage":"ca","potentialAction":[{"@type":"ReadAction","target":["https:\/\/santapola.es\/ca\/els-reis-mags-ens-porten-regals-en-valencia\/"]}]},{"@type":"ImageObject","inLanguage":"ca","@id":"https:\/\/santapola.es\/ca\/els-reis-mags-ens-porten-regals-en-valencia\/#primaryimage","url":"https:\/\/santapola.es\/wp-content\/uploads\/2025\/12\/val-2-rotated.jpg","contentUrl":"https:\/\/santapola.es\/wp-content\/uploads\/2025\/12\/val-2-rotated.jpg","width":1881,"height":1342},{"@type":"BreadcrumbList","@id":"https:\/\/santapola.es\/ca\/els-reis-mags-ens-porten-regals-en-valencia\/#breadcrumb","itemListElement":[{"@type":"ListItem","position":1,"name":"Inici","item":"https:\/\/santapola.es\/ca\/"},{"@type":"ListItem","position":2,"name":"Els Reis Mags ens porten regals en valenci\u00e0"}]},{"@type":"WebSite","@id":"https:\/\/santapola.es\/ca\/#website","url":"https:\/\/santapola.es\/ca\/","name":"Ayuntamiento de Santa Pola","description":"Web de l'Ajuntament de Santa Pola","potentialAction":[{"@type":"SearchAction","target":{"@type":"EntryPoint","urlTemplate":"https:\/\/santapola.es\/ca\/?s={search_term_string}"},"query-input":{"@type":"PropertyValueSpecification","valueRequired":true,"valueName":"search_term_string"}}],"inLanguage":"ca"},{"@type":"Person","@id":"https:\/\/santapola.es\/ca\/#\/schema\/person\/ad1d67403707b58350c7be5e8dbc442d","name":"Jos\u00e9 Juan L\u00f3pez Lafuente"}]}},"_links":{"self":[{"href":"https:\/\/santapola.es\/ca\/wp-json\/wp\/v2\/posts\/46899","targetHints":{"allow":["GET"]}}],"collection":[{"href":"https:\/\/santapola.es\/ca\/wp-json\/wp\/v2\/posts"}],"about":[{"href":"https:\/\/santapola.es\/ca\/wp-json\/wp\/v2\/types\/post"}],"author":[{"embeddable":true,"href":"https:\/\/santapola.es\/ca\/wp-json\/wp\/v2\/users\/96"}],"replies":[{"embeddable":true,"href":"https:\/\/santapola.es\/ca\/wp-json\/wp\/v2\/comments?post=46899"}],"version-history":[{"count":0,"href":"https:\/\/santapola.es\/ca\/wp-json\/wp\/v2\/posts\/46899\/revisions"}],"wp:featuredmedia":[{"embeddable":true,"href":"https:\/\/santapola.es\/ca\/wp-json\/wp\/v2\/media\/46897"}],"wp:attachment":[{"href":"https:\/\/santapola.es\/ca\/wp-json\/wp\/v2\/media?parent=46899"}],"wp:term":[{"taxonomy":"category","embeddable":true,"href":"https:\/\/santapola.es\/ca\/wp-json\/wp\/v2\/categories?post=46899"},{"taxonomy":"post_tag","embeddable":true,"href":"https:\/\/santapola.es\/ca\/wp-json\/wp\/v2\/tags?post=46899"}],"curies":[{"name":"wp","href":"https:\/\/api.w.org\/{rel}","templated":true}]}}