{"id":46890,"date":"2025-12-11T09:26:31","date_gmt":"2025-12-11T08:26:31","guid":{"rendered":"https:\/\/santapola.es\/?p=46890"},"modified":"2025-12-11T09:32:09","modified_gmt":"2025-12-11T08:32:09","slug":"els-galp-espanyols-reclamen-al-ministeri-dagricultura-pesca-i-alimentacio-garanties-per-al-futur-desenrotllament-local-participatiu-en-les-zones-pesqueres","status":"publish","type":"post","link":"https:\/\/santapola.es\/ca\/els-galp-espanyols-reclamen-al-ministeri-dagricultura-pesca-i-alimentacio-garanties-per-al-futur-desenrotllament-local-participatiu-en-les-zones-pesqueres\/","title":{"rendered":"Els GALP espanyols reclamen al Ministeri d&#8217;Agricultura, Pesca i Alimentaci\u00f3 garanties per al futur desenrotllament local participatiu en les zones pesqueres"},"content":{"rendered":"<p><strong>Els Grups d&#8217;Acci\u00f3 Local Pesquera (GALP) d&#8217;Espanya, presents en 44 zones costaneres, i representants de m\u00e9s de 1.200 entitats vinculades al sector mar\u00edtim-pesquer, han fet p\u00fablic un Manifest en defensa del Desenrotllament Local Participatiu (DLP) i han sol\u00b7licitat una reuni\u00f3 urgent amb el ministre d&#8217;Agricultura, Pesca i Alimentaci\u00f3, Luis Planas, amb l&#8217;objectiu d&#8217;abordar el futur del model en el pr\u00f2xim marc financer europeu 2028\u20132034.<\/strong><\/p>\n<p>El document, firmat conjuntament pels GALP espanyols, recorda que el DLP \u00e9s una ferramenta efica\u00e7, participativa i essencial per a la cohesi\u00f3 territorial, amb resultats \u00e0mpliament contrastats: durant el per\u00edode FEMP 2014\u20132020, els GALP van impulsar 2.645 projectes, amb una inversi\u00f3 superior a 170 milions d&#8217;euros, aconseguint un 96% d&#8217;execuci\u00f3 dels fons previstos.<\/p>\n<p>El Manifest destaca que el DLP:<\/p>\n<p>-Refor\u00e7a la cohesi\u00f3 territorial i social de les comunitats costaneres.<\/p>\n<p>-Impulsa la sostenibilitat, la innovaci\u00f3 i la diversificaci\u00f3 de l&#8217;Economia Blava.<\/p>\n<p>-Facilita la governan\u00e7a compartida entre administracions, sector pesquer, empreses i entitats socials.<\/p>\n<p>-Permet finan\u00e7ar projectes que dif\u00edcilment accedirien a altres vies de suport.<\/p>\n<p>Aix\u00ed mateix, els GALP alerten que la possible integraci\u00f3 del DLP dins de l&#8217;enfocament LEADER suposaria un retroc\u00e9s, perqu\u00e8 els dos models responen a realitats territorials i socioecon\u00f2miques molt distintes.<\/p>\n<p>Per este motiu, els GALP han rem\u00e9s una carta al ministre Planas sol\u00b7licitant una reuni\u00f3 urgent per a traslladar de manera directa la posici\u00f3 comuna del sector i les seues propostes per a refor\u00e7ar el seu paper en el pr\u00f2xim FEMPA 2028\u20132034.<\/p>\n<p><strong>En joc la superviv\u00e8ncia del sector<\/strong><\/p>\n<p>Loreto Serrano, alcaldessa de Santa Pola i vicepresidenta del GALP Badia de Santa Pola, que reunix a m\u00e9s l&#8217;illa de Tabarca, Guardamar i Torrevieja, ha declarat que \u201cel Ministeri ha de ser conscient de la gran import\u00e0ncia que t\u00e9 el sector pesquer en municipis com el nostre, on \u00e9s una activitat hist\u00f2rica i artesanal de la qual depenen no sols els propis pescadors i la ind\u00fastria auxiliar, sin\u00f3 tamb\u00e9 l&#8217;hostaleria i el turisme. No podem continuar consentint el maltractament que reben els nostres pescadors per les pol\u00edtiques que es decidixen a Brussel\u00b7les, perqu\u00e8 est\u00e0 en joc la seua superviv\u00e8ncia i hem de continuar lluitant per unes condicions de treball m\u00e9s justes\u201d.<\/p>\n<p>Els GALP espanyols reiteren que les comunitats pesqueres \u201cno demanen privilegis, sin\u00f3 confian\u00e7a i mitjans per a continuar sent motor de desenrotllament, innovaci\u00f3 i sostenibilitat en el litoral espanyol i europeu\u201d.<\/p>\n","protected":false},"excerpt":{"rendered":"<p>Els Grups d&#8217;Acci\u00f3 Local Pesquera (GALP) d&#8217;Espanya, presents en 44 zones costaneres, i representants de m\u00e9s de 1.200 entitats vinculades al sector mar\u00edtim-pesquer, han fet p\u00fablic un Manifest en defensa del Desenrotllament Local Participatiu (DLP) i han sol\u00b7licitat una reuni\u00f3 urgent amb el ministre d&#8217;Agricultura, Pesca i Alimentaci\u00f3, Luis Planas, amb l&#8217;objectiu d&#8217;abordar el futur [&hellip;]<\/p>\n","protected":false},"author":96,"featured_media":46888,"comment_status":"closed","ping_status":"closed","sticky":false,"template":"","format":"standard","meta":{"_et_pb_use_builder":"","_et_pb_old_content":"","_et_gb_content_width":"","footnotes":""},"categories":[882],"tags":[898,1722],"class_list":["post-46890","post","type-post","status-publish","format-standard","has-post-thumbnail","hentry","category-pesca-2","tag-galp-badia-de-santa-pola","tag-sector-pesquer"],"yoast_head":"<!-- This site is optimized with the Yoast SEO plugin v27.4 - https:\/\/yoast.com\/product\/yoast-seo-wordpress\/ -->\n<title>Els GALP espanyols reclamen al Ministeri d&#039;Agricultura, Pesca i Alimentaci\u00f3 garanties per al futur desenrotllament local participatiu en les zones pesqueres - Ajuntament de Santa Pola<\/title>\n<meta name=\"robots\" content=\"index, follow, max-snippet:-1, max-image-preview:large, max-video-preview:-1\" \/>\n<link rel=\"canonical\" href=\"https:\/\/santapola.es\/ca\/els-galp-espanyols-reclamen-al-ministeri-dagricultura-pesca-i-alimentacio-garanties-per-al-futur-desenrotllament-local-participatiu-en-les-zones-pesqueres\/\" \/>\n<meta property=\"og:locale\" content=\"ca_ES\" \/>\n<meta property=\"og:type\" content=\"article\" \/>\n<meta property=\"og:title\" content=\"Els GALP espanyols reclamen al Ministeri d&#039;Agricultura, Pesca i Alimentaci\u00f3 garanties per al futur desenrotllament local participatiu en les zones pesqueres - Ajuntament de Santa Pola\" \/>\n<meta property=\"og:description\" content=\"Els Grups d&#8217;Acci\u00f3 Local Pesquera (GALP) d&#8217;Espanya, presents en 44 zones costaneres, i representants de m\u00e9s de 1.200 entitats vinculades al sector mar\u00edtim-pesquer, han fet p\u00fablic un Manifest en defensa del Desenrotllament Local Participatiu (DLP) i han sol\u00b7licitat una reuni\u00f3 urgent amb el ministre d&#8217;Agricultura, Pesca i Alimentaci\u00f3, Luis Planas, amb l&#8217;objectiu d&#8217;abordar el futur [&hellip;]\" \/>\n<meta property=\"og:url\" content=\"https:\/\/santapola.es\/ca\/els-galp-espanyols-reclamen-al-ministeri-dagricultura-pesca-i-alimentacio-garanties-per-al-futur-desenrotllament-local-participatiu-en-les-zones-pesqueres\/\" \/>\n<meta property=\"og:site_name\" content=\"Ajuntament de Santa Pola\" \/>\n<meta property=\"article:publisher\" content=\"https:\/\/www.facebook.com\/AyuntamientoSantaPola\/\" \/>\n<meta property=\"article:published_time\" content=\"2025-12-11T08:26:31+00:00\" \/>\n<meta property=\"article:modified_time\" content=\"2025-12-11T08:32:09+00:00\" \/>\n<meta property=\"og:image\" content=\"https:\/\/santapola.es\/wp-content\/uploads\/2025\/12\/Puerto-de-Santa-Pola.jpg\" \/>\n\t<meta property=\"og:image:width\" content=\"1920\" \/>\n\t<meta property=\"og:image:height\" content=\"1079\" \/>\n\t<meta property=\"og:image:type\" content=\"image\/jpeg\" \/>\n<meta name=\"author\" content=\"Jos\u00e9 Juan L\u00f3pez Lafuente\" \/>\n<meta name=\"twitter:card\" content=\"summary_large_image\" \/>\n<meta name=\"twitter:creator\" content=\"@SantaPolaAyunt\" \/>\n<meta name=\"twitter:site\" content=\"@SantaPolaAyunt\" \/>\n<script type=\"application\/ld+json\" class=\"yoast-schema-graph\">{\"@context\":\"https:\\\/\\\/schema.org\",\"@graph\":[{\"@type\":\"Article\",\"@id\":\"https:\\\/\\\/santapola.es\\\/ca\\\/els-galp-espanyols-reclamen-al-ministeri-dagricultura-pesca-i-alimentacio-garanties-per-al-futur-desenrotllament-local-participatiu-en-les-zones-pesqueres\\\/#article\",\"isPartOf\":{\"@id\":\"https:\\\/\\\/santapola.es\\\/ca\\\/els-galp-espanyols-reclamen-al-ministeri-dagricultura-pesca-i-alimentacio-garanties-per-al-futur-desenrotllament-local-participatiu-en-les-zones-pesqueres\\\/\"},\"author\":{\"name\":\"Jos\u00e9 Juan L\u00f3pez Lafuente\",\"@id\":\"https:\\\/\\\/santapola.es\\\/ca\\\/#\\\/schema\\\/person\\\/ad1d67403707b58350c7be5e8dbc442d\"},\"headline\":\"Els GALP espanyols reclamen al Ministeri d&#8217;Agricultura, Pesca i Alimentaci\u00f3 garanties per al futur desenrotllament local participatiu en les zones pesqueres\",\"datePublished\":\"2025-12-11T08:26:31+00:00\",\"dateModified\":\"2025-12-11T08:32:09+00:00\",\"mainEntityOfPage\":{\"@id\":\"https:\\\/\\\/santapola.es\\\/ca\\\/els-galp-espanyols-reclamen-al-ministeri-dagricultura-pesca-i-alimentacio-garanties-per-al-futur-desenrotllament-local-participatiu-en-les-zones-pesqueres\\\/\"},\"wordCount\":438,\"image\":{\"@id\":\"https:\\\/\\\/santapola.es\\\/ca\\\/els-galp-espanyols-reclamen-al-ministeri-dagricultura-pesca-i-alimentacio-garanties-per-al-futur-desenrotllament-local-participatiu-en-les-zones-pesqueres\\\/#primaryimage\"},\"thumbnailUrl\":\"https:\\\/\\\/santapola.es\\\/wp-content\\\/uploads\\\/2025\\\/12\\\/Puerto-de-Santa-Pola.jpg\",\"keywords\":[\"GALP Badia de Santa Pola\",\"sector pesquer\"],\"articleSection\":[\"Pesca\"],\"inLanguage\":\"ca\"},{\"@type\":\"WebPage\",\"@id\":\"https:\\\/\\\/santapola.es\\\/ca\\\/els-galp-espanyols-reclamen-al-ministeri-dagricultura-pesca-i-alimentacio-garanties-per-al-futur-desenrotllament-local-participatiu-en-les-zones-pesqueres\\\/\",\"url\":\"https:\\\/\\\/santapola.es\\\/ca\\\/els-galp-espanyols-reclamen-al-ministeri-dagricultura-pesca-i-alimentacio-garanties-per-al-futur-desenrotllament-local-participatiu-en-les-zones-pesqueres\\\/\",\"name\":\"Els GALP espanyols reclamen al Ministeri d'Agricultura, Pesca i Alimentaci\u00f3 garanties per al futur desenrotllament local participatiu en les zones pesqueres - Ajuntament de Santa Pola\",\"isPartOf\":{\"@id\":\"https:\\\/\\\/santapola.es\\\/ca\\\/#website\"},\"primaryImageOfPage\":{\"@id\":\"https:\\\/\\\/santapola.es\\\/ca\\\/els-galp-espanyols-reclamen-al-ministeri-dagricultura-pesca-i-alimentacio-garanties-per-al-futur-desenrotllament-local-participatiu-en-les-zones-pesqueres\\\/#primaryimage\"},\"image\":{\"@id\":\"https:\\\/\\\/santapola.es\\\/ca\\\/els-galp-espanyols-reclamen-al-ministeri-dagricultura-pesca-i-alimentacio-garanties-per-al-futur-desenrotllament-local-participatiu-en-les-zones-pesqueres\\\/#primaryimage\"},\"thumbnailUrl\":\"https:\\\/\\\/santapola.es\\\/wp-content\\\/uploads\\\/2025\\\/12\\\/Puerto-de-Santa-Pola.jpg\",\"datePublished\":\"2025-12-11T08:26:31+00:00\",\"dateModified\":\"2025-12-11T08:32:09+00:00\",\"author\":{\"@id\":\"https:\\\/\\\/santapola.es\\\/ca\\\/#\\\/schema\\\/person\\\/ad1d67403707b58350c7be5e8dbc442d\"},\"breadcrumb\":{\"@id\":\"https:\\\/\\\/santapola.es\\\/ca\\\/els-galp-espanyols-reclamen-al-ministeri-dagricultura-pesca-i-alimentacio-garanties-per-al-futur-desenrotllament-local-participatiu-en-les-zones-pesqueres\\\/#breadcrumb\"},\"inLanguage\":\"ca\",\"potentialAction\":[{\"@type\":\"ReadAction\",\"target\":[\"https:\\\/\\\/santapola.es\\\/ca\\\/els-galp-espanyols-reclamen-al-ministeri-dagricultura-pesca-i-alimentacio-garanties-per-al-futur-desenrotllament-local-participatiu-en-les-zones-pesqueres\\\/\"]}]},{\"@type\":\"ImageObject\",\"inLanguage\":\"ca\",\"@id\":\"https:\\\/\\\/santapola.es\\\/ca\\\/els-galp-espanyols-reclamen-al-ministeri-dagricultura-pesca-i-alimentacio-garanties-per-al-futur-desenrotllament-local-participatiu-en-les-zones-pesqueres\\\/#primaryimage\",\"url\":\"https:\\\/\\\/santapola.es\\\/wp-content\\\/uploads\\\/2025\\\/12\\\/Puerto-de-Santa-Pola.jpg\",\"contentUrl\":\"https:\\\/\\\/santapola.es\\\/wp-content\\\/uploads\\\/2025\\\/12\\\/Puerto-de-Santa-Pola.jpg\",\"width\":1920,\"height\":1079},{\"@type\":\"BreadcrumbList\",\"@id\":\"https:\\\/\\\/santapola.es\\\/ca\\\/els-galp-espanyols-reclamen-al-ministeri-dagricultura-pesca-i-alimentacio-garanties-per-al-futur-desenrotllament-local-participatiu-en-les-zones-pesqueres\\\/#breadcrumb\",\"itemListElement\":[{\"@type\":\"ListItem\",\"position\":1,\"name\":\"Inici\",\"item\":\"https:\\\/\\\/santapola.es\\\/ca\\\/\"},{\"@type\":\"ListItem\",\"position\":2,\"name\":\"Els GALP espanyols reclamen al Ministeri d&#8217;Agricultura, Pesca i Alimentaci\u00f3 garanties per al futur desenrotllament local participatiu en les zones pesqueres\"}]},{\"@type\":\"WebSite\",\"@id\":\"https:\\\/\\\/santapola.es\\\/ca\\\/#website\",\"url\":\"https:\\\/\\\/santapola.es\\\/ca\\\/\",\"name\":\"Ayuntamiento de Santa Pola\",\"description\":\"Web de l'Ajuntament de Santa Pola\",\"potentialAction\":[{\"@type\":\"SearchAction\",\"target\":{\"@type\":\"EntryPoint\",\"urlTemplate\":\"https:\\\/\\\/santapola.es\\\/ca\\\/?s={search_term_string}\"},\"query-input\":{\"@type\":\"PropertyValueSpecification\",\"valueRequired\":true,\"valueName\":\"search_term_string\"}}],\"inLanguage\":\"ca\"},{\"@type\":\"Person\",\"@id\":\"https:\\\/\\\/santapola.es\\\/ca\\\/#\\\/schema\\\/person\\\/ad1d67403707b58350c7be5e8dbc442d\",\"name\":\"Jos\u00e9 Juan L\u00f3pez Lafuente\"}]}<\/script>\n<!-- \/ Yoast SEO plugin. -->","yoast_head_json":{"title":"Els GALP espanyols reclamen al Ministeri d'Agricultura, Pesca i Alimentaci\u00f3 garanties per al futur desenrotllament local participatiu en les zones pesqueres - Ajuntament de Santa Pola","robots":{"index":"index","follow":"follow","max-snippet":"max-snippet:-1","max-image-preview":"max-image-preview:large","max-video-preview":"max-video-preview:-1"},"canonical":"https:\/\/santapola.es\/ca\/els-galp-espanyols-reclamen-al-ministeri-dagricultura-pesca-i-alimentacio-garanties-per-al-futur-desenrotllament-local-participatiu-en-les-zones-pesqueres\/","og_locale":"ca_ES","og_type":"article","og_title":"Els GALP espanyols reclamen al Ministeri d'Agricultura, Pesca i Alimentaci\u00f3 garanties per al futur desenrotllament local participatiu en les zones pesqueres - Ajuntament de Santa Pola","og_description":"Els Grups d&#8217;Acci\u00f3 Local Pesquera (GALP) d&#8217;Espanya, presents en 44 zones costaneres, i representants de m\u00e9s de 1.200 entitats vinculades al sector mar\u00edtim-pesquer, han fet p\u00fablic un Manifest en defensa del Desenrotllament Local Participatiu (DLP) i han sol\u00b7licitat una reuni\u00f3 urgent amb el ministre d&#8217;Agricultura, Pesca i Alimentaci\u00f3, Luis Planas, amb l&#8217;objectiu d&#8217;abordar el futur [&hellip;]","og_url":"https:\/\/santapola.es\/ca\/els-galp-espanyols-reclamen-al-ministeri-dagricultura-pesca-i-alimentacio-garanties-per-al-futur-desenrotllament-local-participatiu-en-les-zones-pesqueres\/","og_site_name":"Ajuntament de Santa Pola","article_publisher":"https:\/\/www.facebook.com\/AyuntamientoSantaPola\/","article_published_time":"2025-12-11T08:26:31+00:00","article_modified_time":"2025-12-11T08:32:09+00:00","og_image":[{"width":1920,"height":1079,"url":"https:\/\/santapola.es\/wp-content\/uploads\/2025\/12\/Puerto-de-Santa-Pola.jpg","type":"image\/jpeg"}],"author":"Jos\u00e9 Juan L\u00f3pez Lafuente","twitter_card":"summary_large_image","twitter_creator":"@SantaPolaAyunt","twitter_site":"@SantaPolaAyunt","schema":{"@context":"https:\/\/schema.org","@graph":[{"@type":"Article","@id":"https:\/\/santapola.es\/ca\/els-galp-espanyols-reclamen-al-ministeri-dagricultura-pesca-i-alimentacio-garanties-per-al-futur-desenrotllament-local-participatiu-en-les-zones-pesqueres\/#article","isPartOf":{"@id":"https:\/\/santapola.es\/ca\/els-galp-espanyols-reclamen-al-ministeri-dagricultura-pesca-i-alimentacio-garanties-per-al-futur-desenrotllament-local-participatiu-en-les-zones-pesqueres\/"},"author":{"name":"Jos\u00e9 Juan L\u00f3pez Lafuente","@id":"https:\/\/santapola.es\/ca\/#\/schema\/person\/ad1d67403707b58350c7be5e8dbc442d"},"headline":"Els GALP espanyols reclamen al Ministeri d&#8217;Agricultura, Pesca i Alimentaci\u00f3 garanties per al futur desenrotllament local participatiu en les zones pesqueres","datePublished":"2025-12-11T08:26:31+00:00","dateModified":"2025-12-11T08:32:09+00:00","mainEntityOfPage":{"@id":"https:\/\/santapola.es\/ca\/els-galp-espanyols-reclamen-al-ministeri-dagricultura-pesca-i-alimentacio-garanties-per-al-futur-desenrotllament-local-participatiu-en-les-zones-pesqueres\/"},"wordCount":438,"image":{"@id":"https:\/\/santapola.es\/ca\/els-galp-espanyols-reclamen-al-ministeri-dagricultura-pesca-i-alimentacio-garanties-per-al-futur-desenrotllament-local-participatiu-en-les-zones-pesqueres\/#primaryimage"},"thumbnailUrl":"https:\/\/santapola.es\/wp-content\/uploads\/2025\/12\/Puerto-de-Santa-Pola.jpg","keywords":["GALP Badia de Santa Pola","sector pesquer"],"articleSection":["Pesca"],"inLanguage":"ca"},{"@type":"WebPage","@id":"https:\/\/santapola.es\/ca\/els-galp-espanyols-reclamen-al-ministeri-dagricultura-pesca-i-alimentacio-garanties-per-al-futur-desenrotllament-local-participatiu-en-les-zones-pesqueres\/","url":"https:\/\/santapola.es\/ca\/els-galp-espanyols-reclamen-al-ministeri-dagricultura-pesca-i-alimentacio-garanties-per-al-futur-desenrotllament-local-participatiu-en-les-zones-pesqueres\/","name":"Els GALP espanyols reclamen al Ministeri d'Agricultura, Pesca i Alimentaci\u00f3 garanties per al futur desenrotllament local participatiu en les zones pesqueres - Ajuntament de Santa Pola","isPartOf":{"@id":"https:\/\/santapola.es\/ca\/#website"},"primaryImageOfPage":{"@id":"https:\/\/santapola.es\/ca\/els-galp-espanyols-reclamen-al-ministeri-dagricultura-pesca-i-alimentacio-garanties-per-al-futur-desenrotllament-local-participatiu-en-les-zones-pesqueres\/#primaryimage"},"image":{"@id":"https:\/\/santapola.es\/ca\/els-galp-espanyols-reclamen-al-ministeri-dagricultura-pesca-i-alimentacio-garanties-per-al-futur-desenrotllament-local-participatiu-en-les-zones-pesqueres\/#primaryimage"},"thumbnailUrl":"https:\/\/santapola.es\/wp-content\/uploads\/2025\/12\/Puerto-de-Santa-Pola.jpg","datePublished":"2025-12-11T08:26:31+00:00","dateModified":"2025-12-11T08:32:09+00:00","author":{"@id":"https:\/\/santapola.es\/ca\/#\/schema\/person\/ad1d67403707b58350c7be5e8dbc442d"},"breadcrumb":{"@id":"https:\/\/santapola.es\/ca\/els-galp-espanyols-reclamen-al-ministeri-dagricultura-pesca-i-alimentacio-garanties-per-al-futur-desenrotllament-local-participatiu-en-les-zones-pesqueres\/#breadcrumb"},"inLanguage":"ca","potentialAction":[{"@type":"ReadAction","target":["https:\/\/santapola.es\/ca\/els-galp-espanyols-reclamen-al-ministeri-dagricultura-pesca-i-alimentacio-garanties-per-al-futur-desenrotllament-local-participatiu-en-les-zones-pesqueres\/"]}]},{"@type":"ImageObject","inLanguage":"ca","@id":"https:\/\/santapola.es\/ca\/els-galp-espanyols-reclamen-al-ministeri-dagricultura-pesca-i-alimentacio-garanties-per-al-futur-desenrotllament-local-participatiu-en-les-zones-pesqueres\/#primaryimage","url":"https:\/\/santapola.es\/wp-content\/uploads\/2025\/12\/Puerto-de-Santa-Pola.jpg","contentUrl":"https:\/\/santapola.es\/wp-content\/uploads\/2025\/12\/Puerto-de-Santa-Pola.jpg","width":1920,"height":1079},{"@type":"BreadcrumbList","@id":"https:\/\/santapola.es\/ca\/els-galp-espanyols-reclamen-al-ministeri-dagricultura-pesca-i-alimentacio-garanties-per-al-futur-desenrotllament-local-participatiu-en-les-zones-pesqueres\/#breadcrumb","itemListElement":[{"@type":"ListItem","position":1,"name":"Inici","item":"https:\/\/santapola.es\/ca\/"},{"@type":"ListItem","position":2,"name":"Els GALP espanyols reclamen al Ministeri d&#8217;Agricultura, Pesca i Alimentaci\u00f3 garanties per al futur desenrotllament local participatiu en les zones pesqueres"}]},{"@type":"WebSite","@id":"https:\/\/santapola.es\/ca\/#website","url":"https:\/\/santapola.es\/ca\/","name":"Ayuntamiento de Santa Pola","description":"Web de l'Ajuntament de Santa Pola","potentialAction":[{"@type":"SearchAction","target":{"@type":"EntryPoint","urlTemplate":"https:\/\/santapola.es\/ca\/?s={search_term_string}"},"query-input":{"@type":"PropertyValueSpecification","valueRequired":true,"valueName":"search_term_string"}}],"inLanguage":"ca"},{"@type":"Person","@id":"https:\/\/santapola.es\/ca\/#\/schema\/person\/ad1d67403707b58350c7be5e8dbc442d","name":"Jos\u00e9 Juan L\u00f3pez Lafuente"}]}},"_links":{"self":[{"href":"https:\/\/santapola.es\/ca\/wp-json\/wp\/v2\/posts\/46890","targetHints":{"allow":["GET"]}}],"collection":[{"href":"https:\/\/santapola.es\/ca\/wp-json\/wp\/v2\/posts"}],"about":[{"href":"https:\/\/santapola.es\/ca\/wp-json\/wp\/v2\/types\/post"}],"author":[{"embeddable":true,"href":"https:\/\/santapola.es\/ca\/wp-json\/wp\/v2\/users\/96"}],"replies":[{"embeddable":true,"href":"https:\/\/santapola.es\/ca\/wp-json\/wp\/v2\/comments?post=46890"}],"version-history":[{"count":0,"href":"https:\/\/santapola.es\/ca\/wp-json\/wp\/v2\/posts\/46890\/revisions"}],"wp:featuredmedia":[{"embeddable":true,"href":"https:\/\/santapola.es\/ca\/wp-json\/wp\/v2\/media\/46888"}],"wp:attachment":[{"href":"https:\/\/santapola.es\/ca\/wp-json\/wp\/v2\/media?parent=46890"}],"wp:term":[{"taxonomy":"category","embeddable":true,"href":"https:\/\/santapola.es\/ca\/wp-json\/wp\/v2\/categories?post=46890"},{"taxonomy":"post_tag","embeddable":true,"href":"https:\/\/santapola.es\/ca\/wp-json\/wp\/v2\/tags?post=46890"}],"curies":[{"name":"wp","href":"https:\/\/api.w.org\/{rel}","templated":true}]}}