{"id":46881,"date":"2025-12-10T12:57:00","date_gmt":"2025-12-10T11:57:00","guid":{"rendered":"https:\/\/santapola.es\/?p=46881"},"modified":"2025-12-10T14:30:12","modified_gmt":"2025-12-10T13:30:12","slug":"santa-pola-creara-un-espai-blau-per-a-persones-neurodivergents-en-les-desfilades-de-papa-noel-i-reis-mags","status":"publish","type":"post","link":"https:\/\/santapola.es\/ca\/santa-pola-creara-un-espai-blau-per-a-persones-neurodivergents-en-les-desfilades-de-papa-noel-i-reis-mags\/","title":{"rendered":"Santa Pola crear\u00e0 un espai blau per a persones neurodivergents en les desfilades de Pap\u00e0 Noel i Reis Mags"},"content":{"rendered":"<p><strong>La Regidoria de Festes establir\u00e0 a l&#8217;inici de les desfilades de Pap\u00e0 Noel i Reis Mags un espai per a persones neurodivergents, que reduir\u00e0 la intensitat del so per a aconseguir un ambient m\u00e9s tranquil i segur per a elles. Les fam\u00edlies interessades poden fer la seua reserva gratu\u00efta d&#8217;espai a la Casa de Cultura.<\/strong><\/p>\n<p>Amb la finalitat de millorar l&#8217;experi\u00e8ncia de tots els ciutadans i que puguen gaudir al m\u00e0xim de les festes de Nadal, l&#8217;Ajuntament de Santa Pola t\u00e9 previst crear un espai blau per a persones neurodivergentes en el recorregut de les desfilades de Pap\u00e0 Noel, el 24 de desembre, i de Reis Mags, el 5 de gener.<\/p>\n<p>Esta zona se situar\u00e0 a l&#8217;altura de l&#8217;auditori El Palmerar, a l&#8217;inici del recorregut pel carrer Elx, on es reduir\u00e0 sensiblement la intensitat de la m\u00fasica perqu\u00e8 els usuaris d&#8217;este servici puguen gaudir de l&#8217;espectacle d&#8217;una manera m\u00e9s tranquil\u00b7la i segura per a ells.<\/p>\n<p><strong>Reserva gratu\u00efta a la Casa de Cultura<\/strong><\/p>\n<p>La Regidoria de Festes anima a les fam\u00edlies que es troben en estes circumst\u00e0ncies a realitzar la seua reserva d&#8217;espai, completament gratu\u00efta, a la Casa de Cultura, amb la finalitat de delimitar l&#8217;espai necessari perqu\u00e8 ning\u00fa es perda estos dos tradicionals actes de la programaci\u00f3 de Nadal a Santa Pola.<\/p>\n","protected":false},"excerpt":{"rendered":"<p>La Regidoria de Festes establir\u00e0 a l&#8217;inici de les desfilades de Pap\u00e0 Noel i Reis Mags un espai per a persones neurodivergents, que reduir\u00e0 la intensitat del so per a aconseguir un ambient m\u00e9s tranquil i segur per a elles. Les fam\u00edlies interessades poden fer la seua reserva gratu\u00efta d&#8217;espai a la Casa de Cultura. [&hellip;]<\/p>\n","protected":false},"author":96,"featured_media":46879,"comment_status":"closed","ping_status":"closed","sticky":false,"template":"","format":"standard","meta":{"_et_pb_use_builder":"","_et_pb_old_content":"","_et_gb_content_width":"","footnotes":""},"categories":[434],"tags":[1721],"class_list":["post-46881","post","type-post","status-publish","format-standard","has-post-thumbnail","hentry","category-festes","tag-persones-neurodivergents"],"yoast_head":"<!-- This site is optimized with the Yoast SEO plugin v27.4 - https:\/\/yoast.com\/product\/yoast-seo-wordpress\/ -->\n<title>Santa Pola crear\u00e0 un espai blau per a persones neurodivergents en les desfilades de Pap\u00e0 Noel i Reis Mags - Ajuntament de Santa Pola<\/title>\n<meta name=\"robots\" content=\"index, follow, max-snippet:-1, max-image-preview:large, max-video-preview:-1\" \/>\n<link rel=\"canonical\" href=\"https:\/\/santapola.es\/ca\/santa-pola-creara-un-espai-blau-per-a-persones-neurodivergents-en-les-desfilades-de-papa-noel-i-reis-mags\/\" \/>\n<meta property=\"og:locale\" content=\"ca_ES\" \/>\n<meta property=\"og:type\" content=\"article\" \/>\n<meta property=\"og:title\" content=\"Santa Pola crear\u00e0 un espai blau per a persones neurodivergents en les desfilades de Pap\u00e0 Noel i Reis Mags - Ajuntament de Santa Pola\" \/>\n<meta property=\"og:description\" content=\"La Regidoria de Festes establir\u00e0 a l&#8217;inici de les desfilades de Pap\u00e0 Noel i Reis Mags un espai per a persones neurodivergents, que reduir\u00e0 la intensitat del so per a aconseguir un ambient m\u00e9s tranquil i segur per a elles. Les fam\u00edlies interessades poden fer la seua reserva gratu\u00efta d&#8217;espai a la Casa de Cultura. [&hellip;]\" \/>\n<meta property=\"og:url\" content=\"https:\/\/santapola.es\/ca\/santa-pola-creara-un-espai-blau-per-a-persones-neurodivergents-en-les-desfilades-de-papa-noel-i-reis-mags\/\" \/>\n<meta property=\"og:site_name\" content=\"Ajuntament de Santa Pola\" \/>\n<meta property=\"article:publisher\" content=\"https:\/\/www.facebook.com\/AyuntamientoSantaPola\/\" \/>\n<meta property=\"article:published_time\" content=\"2025-12-10T11:57:00+00:00\" \/>\n<meta property=\"article:modified_time\" content=\"2025-12-10T13:30:12+00:00\" \/>\n<meta property=\"og:image\" content=\"https:\/\/santapola.es\/wp-content\/uploads\/2025\/12\/IMG_4586.jpg\" \/>\n\t<meta property=\"og:image:width\" content=\"1920\" \/>\n\t<meta property=\"og:image:height\" content=\"1440\" \/>\n\t<meta property=\"og:image:type\" content=\"image\/jpeg\" \/>\n<meta name=\"author\" content=\"Jos\u00e9 Juan L\u00f3pez Lafuente\" \/>\n<meta name=\"twitter:card\" content=\"summary_large_image\" \/>\n<meta name=\"twitter:creator\" content=\"@SantaPolaAyunt\" \/>\n<meta name=\"twitter:site\" content=\"@SantaPolaAyunt\" \/>\n<script type=\"application\/ld+json\" class=\"yoast-schema-graph\">{\"@context\":\"https:\\\/\\\/schema.org\",\"@graph\":[{\"@type\":\"Article\",\"@id\":\"https:\\\/\\\/santapola.es\\\/ca\\\/santa-pola-creara-un-espai-blau-per-a-persones-neurodivergents-en-les-desfilades-de-papa-noel-i-reis-mags\\\/#article\",\"isPartOf\":{\"@id\":\"https:\\\/\\\/santapola.es\\\/ca\\\/santa-pola-creara-un-espai-blau-per-a-persones-neurodivergents-en-les-desfilades-de-papa-noel-i-reis-mags\\\/\"},\"author\":{\"name\":\"Jos\u00e9 Juan L\u00f3pez Lafuente\",\"@id\":\"https:\\\/\\\/santapola.es\\\/ca\\\/#\\\/schema\\\/person\\\/ad1d67403707b58350c7be5e8dbc442d\"},\"headline\":\"Santa Pola crear\u00e0 un espai blau per a persones neurodivergents en les desfilades de Pap\u00e0 Noel i Reis Mags\",\"datePublished\":\"2025-12-10T11:57:00+00:00\",\"dateModified\":\"2025-12-10T13:30:12+00:00\",\"mainEntityOfPage\":{\"@id\":\"https:\\\/\\\/santapola.es\\\/ca\\\/santa-pola-creara-un-espai-blau-per-a-persones-neurodivergents-en-les-desfilades-de-papa-noel-i-reis-mags\\\/\"},\"wordCount\":253,\"image\":{\"@id\":\"https:\\\/\\\/santapola.es\\\/ca\\\/santa-pola-creara-un-espai-blau-per-a-persones-neurodivergents-en-les-desfilades-de-papa-noel-i-reis-mags\\\/#primaryimage\"},\"thumbnailUrl\":\"https:\\\/\\\/santapola.es\\\/wp-content\\\/uploads\\\/2025\\\/12\\\/IMG_4586.jpg\",\"keywords\":[\"persones neurodivergents\"],\"articleSection\":[\"Festes\"],\"inLanguage\":\"ca\"},{\"@type\":\"WebPage\",\"@id\":\"https:\\\/\\\/santapola.es\\\/ca\\\/santa-pola-creara-un-espai-blau-per-a-persones-neurodivergents-en-les-desfilades-de-papa-noel-i-reis-mags\\\/\",\"url\":\"https:\\\/\\\/santapola.es\\\/ca\\\/santa-pola-creara-un-espai-blau-per-a-persones-neurodivergents-en-les-desfilades-de-papa-noel-i-reis-mags\\\/\",\"name\":\"Santa Pola crear\u00e0 un espai blau per a persones neurodivergents en les desfilades de Pap\u00e0 Noel i Reis Mags - Ajuntament de Santa Pola\",\"isPartOf\":{\"@id\":\"https:\\\/\\\/santapola.es\\\/ca\\\/#website\"},\"primaryImageOfPage\":{\"@id\":\"https:\\\/\\\/santapola.es\\\/ca\\\/santa-pola-creara-un-espai-blau-per-a-persones-neurodivergents-en-les-desfilades-de-papa-noel-i-reis-mags\\\/#primaryimage\"},\"image\":{\"@id\":\"https:\\\/\\\/santapola.es\\\/ca\\\/santa-pola-creara-un-espai-blau-per-a-persones-neurodivergents-en-les-desfilades-de-papa-noel-i-reis-mags\\\/#primaryimage\"},\"thumbnailUrl\":\"https:\\\/\\\/santapola.es\\\/wp-content\\\/uploads\\\/2025\\\/12\\\/IMG_4586.jpg\",\"datePublished\":\"2025-12-10T11:57:00+00:00\",\"dateModified\":\"2025-12-10T13:30:12+00:00\",\"author\":{\"@id\":\"https:\\\/\\\/santapola.es\\\/ca\\\/#\\\/schema\\\/person\\\/ad1d67403707b58350c7be5e8dbc442d\"},\"breadcrumb\":{\"@id\":\"https:\\\/\\\/santapola.es\\\/ca\\\/santa-pola-creara-un-espai-blau-per-a-persones-neurodivergents-en-les-desfilades-de-papa-noel-i-reis-mags\\\/#breadcrumb\"},\"inLanguage\":\"ca\",\"potentialAction\":[{\"@type\":\"ReadAction\",\"target\":[\"https:\\\/\\\/santapola.es\\\/ca\\\/santa-pola-creara-un-espai-blau-per-a-persones-neurodivergents-en-les-desfilades-de-papa-noel-i-reis-mags\\\/\"]}]},{\"@type\":\"ImageObject\",\"inLanguage\":\"ca\",\"@id\":\"https:\\\/\\\/santapola.es\\\/ca\\\/santa-pola-creara-un-espai-blau-per-a-persones-neurodivergents-en-les-desfilades-de-papa-noel-i-reis-mags\\\/#primaryimage\",\"url\":\"https:\\\/\\\/santapola.es\\\/wp-content\\\/uploads\\\/2025\\\/12\\\/IMG_4586.jpg\",\"contentUrl\":\"https:\\\/\\\/santapola.es\\\/wp-content\\\/uploads\\\/2025\\\/12\\\/IMG_4586.jpg\",\"width\":1920,\"height\":1440},{\"@type\":\"BreadcrumbList\",\"@id\":\"https:\\\/\\\/santapola.es\\\/ca\\\/santa-pola-creara-un-espai-blau-per-a-persones-neurodivergents-en-les-desfilades-de-papa-noel-i-reis-mags\\\/#breadcrumb\",\"itemListElement\":[{\"@type\":\"ListItem\",\"position\":1,\"name\":\"Inici\",\"item\":\"https:\\\/\\\/santapola.es\\\/ca\\\/\"},{\"@type\":\"ListItem\",\"position\":2,\"name\":\"Santa Pola crear\u00e0 un espai blau per a persones neurodivergents en les desfilades de Pap\u00e0 Noel i Reis Mags\"}]},{\"@type\":\"WebSite\",\"@id\":\"https:\\\/\\\/santapola.es\\\/ca\\\/#website\",\"url\":\"https:\\\/\\\/santapola.es\\\/ca\\\/\",\"name\":\"Ayuntamiento de Santa Pola\",\"description\":\"Web de l'Ajuntament de Santa Pola\",\"potentialAction\":[{\"@type\":\"SearchAction\",\"target\":{\"@type\":\"EntryPoint\",\"urlTemplate\":\"https:\\\/\\\/santapola.es\\\/ca\\\/?s={search_term_string}\"},\"query-input\":{\"@type\":\"PropertyValueSpecification\",\"valueRequired\":true,\"valueName\":\"search_term_string\"}}],\"inLanguage\":\"ca\"},{\"@type\":\"Person\",\"@id\":\"https:\\\/\\\/santapola.es\\\/ca\\\/#\\\/schema\\\/person\\\/ad1d67403707b58350c7be5e8dbc442d\",\"name\":\"Jos\u00e9 Juan L\u00f3pez Lafuente\"}]}<\/script>\n<!-- \/ Yoast SEO plugin. -->","yoast_head_json":{"title":"Santa Pola crear\u00e0 un espai blau per a persones neurodivergents en les desfilades de Pap\u00e0 Noel i Reis Mags - Ajuntament de Santa Pola","robots":{"index":"index","follow":"follow","max-snippet":"max-snippet:-1","max-image-preview":"max-image-preview:large","max-video-preview":"max-video-preview:-1"},"canonical":"https:\/\/santapola.es\/ca\/santa-pola-creara-un-espai-blau-per-a-persones-neurodivergents-en-les-desfilades-de-papa-noel-i-reis-mags\/","og_locale":"ca_ES","og_type":"article","og_title":"Santa Pola crear\u00e0 un espai blau per a persones neurodivergents en les desfilades de Pap\u00e0 Noel i Reis Mags - Ajuntament de Santa Pola","og_description":"La Regidoria de Festes establir\u00e0 a l&#8217;inici de les desfilades de Pap\u00e0 Noel i Reis Mags un espai per a persones neurodivergents, que reduir\u00e0 la intensitat del so per a aconseguir un ambient m\u00e9s tranquil i segur per a elles. Les fam\u00edlies interessades poden fer la seua reserva gratu\u00efta d&#8217;espai a la Casa de Cultura. [&hellip;]","og_url":"https:\/\/santapola.es\/ca\/santa-pola-creara-un-espai-blau-per-a-persones-neurodivergents-en-les-desfilades-de-papa-noel-i-reis-mags\/","og_site_name":"Ajuntament de Santa Pola","article_publisher":"https:\/\/www.facebook.com\/AyuntamientoSantaPola\/","article_published_time":"2025-12-10T11:57:00+00:00","article_modified_time":"2025-12-10T13:30:12+00:00","og_image":[{"width":1920,"height":1440,"url":"https:\/\/santapola.es\/wp-content\/uploads\/2025\/12\/IMG_4586.jpg","type":"image\/jpeg"}],"author":"Jos\u00e9 Juan L\u00f3pez Lafuente","twitter_card":"summary_large_image","twitter_creator":"@SantaPolaAyunt","twitter_site":"@SantaPolaAyunt","schema":{"@context":"https:\/\/schema.org","@graph":[{"@type":"Article","@id":"https:\/\/santapola.es\/ca\/santa-pola-creara-un-espai-blau-per-a-persones-neurodivergents-en-les-desfilades-de-papa-noel-i-reis-mags\/#article","isPartOf":{"@id":"https:\/\/santapola.es\/ca\/santa-pola-creara-un-espai-blau-per-a-persones-neurodivergents-en-les-desfilades-de-papa-noel-i-reis-mags\/"},"author":{"name":"Jos\u00e9 Juan L\u00f3pez Lafuente","@id":"https:\/\/santapola.es\/ca\/#\/schema\/person\/ad1d67403707b58350c7be5e8dbc442d"},"headline":"Santa Pola crear\u00e0 un espai blau per a persones neurodivergents en les desfilades de Pap\u00e0 Noel i Reis Mags","datePublished":"2025-12-10T11:57:00+00:00","dateModified":"2025-12-10T13:30:12+00:00","mainEntityOfPage":{"@id":"https:\/\/santapola.es\/ca\/santa-pola-creara-un-espai-blau-per-a-persones-neurodivergents-en-les-desfilades-de-papa-noel-i-reis-mags\/"},"wordCount":253,"image":{"@id":"https:\/\/santapola.es\/ca\/santa-pola-creara-un-espai-blau-per-a-persones-neurodivergents-en-les-desfilades-de-papa-noel-i-reis-mags\/#primaryimage"},"thumbnailUrl":"https:\/\/santapola.es\/wp-content\/uploads\/2025\/12\/IMG_4586.jpg","keywords":["persones neurodivergents"],"articleSection":["Festes"],"inLanguage":"ca"},{"@type":"WebPage","@id":"https:\/\/santapola.es\/ca\/santa-pola-creara-un-espai-blau-per-a-persones-neurodivergents-en-les-desfilades-de-papa-noel-i-reis-mags\/","url":"https:\/\/santapola.es\/ca\/santa-pola-creara-un-espai-blau-per-a-persones-neurodivergents-en-les-desfilades-de-papa-noel-i-reis-mags\/","name":"Santa Pola crear\u00e0 un espai blau per a persones neurodivergents en les desfilades de Pap\u00e0 Noel i Reis Mags - Ajuntament de Santa Pola","isPartOf":{"@id":"https:\/\/santapola.es\/ca\/#website"},"primaryImageOfPage":{"@id":"https:\/\/santapola.es\/ca\/santa-pola-creara-un-espai-blau-per-a-persones-neurodivergents-en-les-desfilades-de-papa-noel-i-reis-mags\/#primaryimage"},"image":{"@id":"https:\/\/santapola.es\/ca\/santa-pola-creara-un-espai-blau-per-a-persones-neurodivergents-en-les-desfilades-de-papa-noel-i-reis-mags\/#primaryimage"},"thumbnailUrl":"https:\/\/santapola.es\/wp-content\/uploads\/2025\/12\/IMG_4586.jpg","datePublished":"2025-12-10T11:57:00+00:00","dateModified":"2025-12-10T13:30:12+00:00","author":{"@id":"https:\/\/santapola.es\/ca\/#\/schema\/person\/ad1d67403707b58350c7be5e8dbc442d"},"breadcrumb":{"@id":"https:\/\/santapola.es\/ca\/santa-pola-creara-un-espai-blau-per-a-persones-neurodivergents-en-les-desfilades-de-papa-noel-i-reis-mags\/#breadcrumb"},"inLanguage":"ca","potentialAction":[{"@type":"ReadAction","target":["https:\/\/santapola.es\/ca\/santa-pola-creara-un-espai-blau-per-a-persones-neurodivergents-en-les-desfilades-de-papa-noel-i-reis-mags\/"]}]},{"@type":"ImageObject","inLanguage":"ca","@id":"https:\/\/santapola.es\/ca\/santa-pola-creara-un-espai-blau-per-a-persones-neurodivergents-en-les-desfilades-de-papa-noel-i-reis-mags\/#primaryimage","url":"https:\/\/santapola.es\/wp-content\/uploads\/2025\/12\/IMG_4586.jpg","contentUrl":"https:\/\/santapola.es\/wp-content\/uploads\/2025\/12\/IMG_4586.jpg","width":1920,"height":1440},{"@type":"BreadcrumbList","@id":"https:\/\/santapola.es\/ca\/santa-pola-creara-un-espai-blau-per-a-persones-neurodivergents-en-les-desfilades-de-papa-noel-i-reis-mags\/#breadcrumb","itemListElement":[{"@type":"ListItem","position":1,"name":"Inici","item":"https:\/\/santapola.es\/ca\/"},{"@type":"ListItem","position":2,"name":"Santa Pola crear\u00e0 un espai blau per a persones neurodivergents en les desfilades de Pap\u00e0 Noel i Reis Mags"}]},{"@type":"WebSite","@id":"https:\/\/santapola.es\/ca\/#website","url":"https:\/\/santapola.es\/ca\/","name":"Ayuntamiento de Santa Pola","description":"Web de l'Ajuntament de Santa Pola","potentialAction":[{"@type":"SearchAction","target":{"@type":"EntryPoint","urlTemplate":"https:\/\/santapola.es\/ca\/?s={search_term_string}"},"query-input":{"@type":"PropertyValueSpecification","valueRequired":true,"valueName":"search_term_string"}}],"inLanguage":"ca"},{"@type":"Person","@id":"https:\/\/santapola.es\/ca\/#\/schema\/person\/ad1d67403707b58350c7be5e8dbc442d","name":"Jos\u00e9 Juan L\u00f3pez Lafuente"}]}},"_links":{"self":[{"href":"https:\/\/santapola.es\/ca\/wp-json\/wp\/v2\/posts\/46881","targetHints":{"allow":["GET"]}}],"collection":[{"href":"https:\/\/santapola.es\/ca\/wp-json\/wp\/v2\/posts"}],"about":[{"href":"https:\/\/santapola.es\/ca\/wp-json\/wp\/v2\/types\/post"}],"author":[{"embeddable":true,"href":"https:\/\/santapola.es\/ca\/wp-json\/wp\/v2\/users\/96"}],"replies":[{"embeddable":true,"href":"https:\/\/santapola.es\/ca\/wp-json\/wp\/v2\/comments?post=46881"}],"version-history":[{"count":0,"href":"https:\/\/santapola.es\/ca\/wp-json\/wp\/v2\/posts\/46881\/revisions"}],"wp:featuredmedia":[{"embeddable":true,"href":"https:\/\/santapola.es\/ca\/wp-json\/wp\/v2\/media\/46879"}],"wp:attachment":[{"href":"https:\/\/santapola.es\/ca\/wp-json\/wp\/v2\/media?parent=46881"}],"wp:term":[{"taxonomy":"category","embeddable":true,"href":"https:\/\/santapola.es\/ca\/wp-json\/wp\/v2\/categories?post=46881"},{"taxonomy":"post_tag","embeddable":true,"href":"https:\/\/santapola.es\/ca\/wp-json\/wp\/v2\/tags?post=46881"}],"curies":[{"name":"wp","href":"https:\/\/api.w.org\/{rel}","templated":true}]}}