{"id":46786,"date":"2025-11-28T12:32:10","date_gmt":"2025-11-28T11:32:10","guid":{"rendered":"https:\/\/santapola.es\/?p=46786"},"modified":"2025-11-28T12:36:20","modified_gmt":"2025-11-28T11:36:20","slug":"coneix-tots-els-servicis-que-oferix-lajuntament-de-santa-pola-a-la-ciutadania-en-la-seua-area-social","status":"publish","type":"post","link":"https:\/\/santapola.es\/ca\/coneix-tots-els-servicis-que-oferix-lajuntament-de-santa-pola-a-la-ciutadania-en-la-seua-area-social\/","title":{"rendered":"Coneix tots els servicis que oferix l&#8217;Ajuntament de Santa Pola a la ciutadania en la seua \u00e0rea social"},"content":{"rendered":"<p><strong>La regidoria de Servicis Socials ha publicat en la web municipal la mem\u00f2ria dels servicis i programes realitzats l&#8217;any 2024, que repassa totes les actuacions dutes a terme.<\/strong><\/p>\n<p>La regidor de Servicis Socials, Gela Roche, ha presentat la mem\u00f2ria dels servicis i programes duts a terme per la seua \u00e0rea durant l&#8217;any 2024: \u201cDes de l&#8217;\u00e0rea de Benestar Social de l&#8217;Ajuntament de Santa Pola volem informar-vos de tota la labor que els nostres t\u00e8cnics desenrotllen dia a dia per a la protecci\u00f3 de la nostra ciutadania. \u00c9s cert que no solem ser un departament que genere grans titulars informatius, pel car\u00e0cter privat de moltes de les gestions que es realitzen, per\u00f2 volem fer un balan\u00e7 general de tot el nostre treball\u201d.<\/p>\n<p>Roche ha explicat que \u201cen els \u00faltims dies s&#8217;ha publicat en la web municipal la mem\u00f2ria dels servicis i programa del Departament de Servicis Socials durant l&#8217;any 2024, es pot trobar en la secci\u00f3 d&#8217;\u00c0rea Social, i consultar o descarregar per a comprovar les actuacions que hem dut a terme\u201d.<\/p>\n<p><iframe loading=\"lazy\" title=\"Conoce los servicios que ofrece el Ayuntamiento de Santa Pola a la ciudadan\u00eda en su \u00e1rea social.\" width=\"1080\" height=\"608\" src=\"https:\/\/www.youtube.com\/embed\/s3ykusjzPJY?feature=oembed\"  allow=\"accelerometer; autoplay; clipboard-write; encrypted-media; gyroscope; picture-in-picture; web-share\" referrerpolicy=\"strict-origin-when-cross-origin\" allowfullscreen><\/iframe><\/p>\n<p><strong>200.000 euros per a necessitat social<\/strong><\/p>\n<p>El servici d&#8217;acolliment i atenci\u00f3 davant situacions de necessitat social va tramitar 464 prestacions econ\u00f2miques per un total de 200.057,27 euros, de les quals 213 van correspondre a ajudes de material escolar. L&#8217;assessoria jur\u00eddica va dur a terme en el primer semestre de 2024 un total de 208 intervencions d&#8217;\u00e0mbit social i jur\u00eddic.<\/p>\n<p>El servici de promoci\u00f3 de l&#8217;autonomia personal desenrotlla la prevenci\u00f3, el diagn\u00f2stic i la intervenci\u00f3 en situacions de diversitat funcional o discapacitat, depend\u00e8ncia o vulnerabilitat, fomentant les relacions convencionals durant tot el cicle vital de les persones.<\/p>\n<p>El d&#8217;ajuda a domicili municipal ha at\u00e9s 126 persones, d&#8217;elles 91 dones i 35 h\u00f2mens, amb un total de 26.872 hores dedicades. Les tasques m\u00e9s habituals s\u00f3n dom\u00e8stiques (98), personals (93), socials (31) o psicol\u00f2giques (26).<\/p>\n<p><strong>388 sol\u00b7licituds de depend\u00e8ncia<\/strong><\/p>\n<p>El servici d&#8217;atenci\u00f3 a la depend\u00e8ncia va gestionar 388 sol\u00b7licituds de valoraci\u00f3 o revisi\u00f3 de depend\u00e8ncia, 218 dones i 170 h\u00f2mens, de les quals s&#8217;han atorgat 239 de diversos graus i van quedar pendents 149.<\/p>\n<p>D&#8217;altra banda, el programa \u201cMenjar a casa\u201d oferix alimentaci\u00f3 b\u00e0sica i equilibrada a persones majors que no el poden gestionar pels seus propis mitjans, i va atendre 18 usuaris durant l&#8217;any 2024. El servici d&#8217;inclusi\u00f3 social cobrix la prevenci\u00f3, el diagn\u00f2stic, la intervenci\u00f3 i el seguiment per a la cobertura de les necessitats b\u00e0siques de persones o fam\u00edlies, fomentant el proc\u00e9s d&#8217;inclusi\u00f3 social.<\/p>\n<p>El programa de suport a la fam\u00edlia i inf\u00e0ncia es va desenrotllar a les escoles d&#8217;estiu en el nucli urb\u00e0 i en Gran Alacant, garantint la cobertura de necessitats socioeducatives, aliment\u00e0ries i d&#8217;oci i temps lliure de xiquets i adolescents. Va atendre un total de 36 fam\u00edlies i 54 xiquets. Tamb\u00e9 es va comptar amb 15 beques de la Fundaci\u00f3 La Caixa per a xiquets i xiquetes entre 3 i 14 anys per a acudir a l&#8217;escola d&#8217;estiu del Club Esportiu Polanens.<\/p>\n<p><strong>Itineraris d&#8217;inclusi\u00f3 social<\/strong><\/p>\n<p>El programa d&#8217;implementaci\u00f3 d&#8217;itineraris d&#8217;inclusi\u00f3 social garantix l&#8217;acc\u00e9s de persones que manquen de recursos suficients a b\u00e9ns i servicis de capacitaci\u00f3 i promoci\u00f3 de la inserci\u00f3 sociolaboral. Durant 2024 van participar 217 persones, 74 h\u00f2mens i 143 dones, d&#8217;elles 19 entre els 18 i 29 anys i 57 majors de 55 anys. 50 participants van obtindre una qualificaci\u00f3 despr\u00e9s de la seua participaci\u00f3 i 16 van obtindre una ocupaci\u00f3.<\/p>\n<p>Quant a la Renda Valenciana d&#8217;Inclusi\u00f3, es van registrar 168 sol\u00b7licituds, 104 de dones i 64 d&#8217;h\u00f2mens, d&#8217;elles 112 d&#8217;espanyols i 56 d&#8217;estrangers, sent el rang d&#8217;edat m\u00e9s habitual el de 51 a 55 anys, i de les quals 40 ja l&#8217;han obtinguda.<\/p>\n<p>El programa d&#8217;atenci\u00f3 a persones migrants que es troben en situaci\u00f3 de necessitat gestiona la informaci\u00f3, primer acolliment, mediaci\u00f3 i acompanyament per a la seua autonomia i inclusi\u00f3 social. Es va atendre un total de 109 persones, 52 h\u00f2mens i 57 dones, sent les nacionalitats m\u00e9s freq\u00fcents Col\u00f2mbia (47), Vene\u00e7uela (10), l&#8217;Argentina (10), el Marroc (9) i el Senegal (8). Tamb\u00e9 es van tramitar 108 sol\u00b7licituds d&#8217;arrelament i, juntament amb la Biblioteca Internacional de Gran Alacant, van ser impartits els cursos de castell\u00e0 per a persones estrangeres.<\/p>\n<p><strong>Unitat d&#8217;igualtat\u00a0<\/strong><\/p>\n<p>A nivell municipal es va revisar l&#8217;II Pla d&#8217;Igualtat a l&#8217;Ajuntament de Santa Pola, i es va oferir informaci\u00f3 i assessorament a les dones, 134 atencions personalitzades, especialment per motius de viol\u00e8ncia dom\u00e8stica (95 casos).<\/p>\n<p>Es van emportar a acabe accions com la campanya de la visibilitzaci\u00f3 de la viol\u00e8ncia vic\u00e0ria, actualitzaci\u00f3 de la guia de recursos municipals davant la viol\u00e8ncia de g\u00e8nere, formaci\u00f3 d&#8217;apoderament i lideratge per a dones, xarrades-taller a usu\u00e0ries, punts violeta en les festes patronals, campanya de comunicaci\u00f3 institucional amb motiu del 25-N, tallers per a la prevenci\u00f3 de viol\u00e8ncia masclista en la poblaci\u00f3 infantil i juvenil, espectacles reivindicatius i confer\u00e8ncies.<\/p>\n<p>En total es va atendre 134 dones per casos de viol\u00e8ncia de g\u00e8nere, m\u00e9s de la mitat espanyoles i la resta de pa\u00efsos llatinoamericans i d&#8217;Europa de l&#8217;est.<\/p>\n<p>En mat\u00e8ria d&#8217;igualtat LGTBI, destaca la celebraci\u00f3 del \u201cSanta Pola Pride\u201d, el dia de l&#8217;orgull, amb una programaci\u00f3 de nombroses activitats entorn d&#8217;eixa efem\u00e8rides. Altres accions van ser els Punts Arcoiris en les festes patronals, xarres col\u00b7loqui i exposicions.<\/p>\n<p><strong>Menors<\/strong><\/p>\n<p>El servici de prevenci\u00f3 i intervenci\u00f3 en fam\u00edlies amb menors en possible situaci\u00f3 de risc va atendre 160 menors, dels quals 85 van presentar situaci\u00f3 de vulnerabilitat, 51 en situaci\u00f3 de risc amb pla d&#8217;intervenci\u00f3, 11 amb declaraci\u00f3 de risc, 12 van tindre mesures jur\u00eddiques de protecci\u00f3 de desemparament i 1 de protecci\u00f3 de guarda.<\/p>\n<p>El programa d&#8217;actuaci\u00f3 sobre l&#8217;absentisme escolar en la poblaci\u00f3 estudiant de prim\u00e0ria i secund\u00e0ria va atendre durant el primer semestre 14 casos, la majoria amb dificultats de regulaci\u00f3 conductual.<\/p>\n<p>Quant a l&#8217;atenci\u00f3 di\u00fcrna, el centre de dia per a la inf\u00e0ncia i adolesc\u00e8ncia \u201cPablo Iglesias\u201d va oferir a 13 xiquets i xiquetes entre 7 i 14 anys secunde convivencial i educatiu a trav\u00e9s dels diferents tallers, amb un nivell d&#8217;ocupaci\u00f3 del 100%.<\/p>\n<p>El servici d&#8217;atenci\u00f3 i seguiment de persones amb problemes cr\u00f2nics de salut mental va atendre 5 h\u00f2mens i 5 dones de diverses edats. Altres programes o servicis implementats van ser la Unitat de Prevenci\u00f3 de Conductes Addictives, l&#8217;escola de majors que va ser impartida a 112 persones en tres seus (centre c\u00edvic, biblioteca de Gran Alacant i Associaci\u00f3 de Ve\u00efns de Platja Llisa i Tamarit), o el Programa Corresponsables que va atendre a l&#8217;estiu 48 xiquets i xiquetes de 6 a 14 anys perqu\u00e8 els progenitors pogueren conciliar responsabilitats familiars i laborals.<\/p>\n<p><strong>Majors<\/strong><\/p>\n<p>Quant al col\u00b7lectiu de les persones majors, destaquen el taller de risoter\u00e0pia i expressi\u00f3 emocional per a la tercera edat en el qual van participar durant 8 sessions 98 dones i 11 h\u00f2mens i, finalment, el programa de millora de la salut en les persones majors o amb diversitat funcional, la popular gimn\u00e0stica a la platja, en el qual se supera cada dia el centenar de persones, i es desenrotlla durant tot l&#8217;any a la platja de Llevant i a l&#8217;estiu a la platja del Tamarit.<\/p>\n<p>Gela Roche va voler \u201cagrair des d&#8217;ac\u00ed l&#8217;esfor\u00e7 i dedicaci\u00f3 de totes les persones que componen el Departament de Servicis Socials i aprofite per a convidar als nostres ciutadans a passar per les nostres oficines, tant en el Centre C\u00edvic i Social com en la nostra seu en Gran Alacant, per a informar-se sobre tota l&#8217;ajuda que els nostres t\u00e8cnics poden prestar-los en les seues necessitats\u201d.<\/p>\n<p><a href=\"https:\/\/sites.google.com\/view\/bienestarsocial-santapola\/documentos\/memoria-2024?authuser=0\"><strong>Mem\u00f2ria 2024<\/strong><\/a><\/p>\n","protected":false},"excerpt":{"rendered":"<p>La regidoria de Servicis Socials ha publicat en la web municipal la mem\u00f2ria dels servicis i programes realitzats l&#8217;any 2024, que repassa totes les actuacions dutes a terme. La regidor de Servicis Socials, Gela Roche, ha presentat la mem\u00f2ria dels servicis i programes duts a terme per la seua \u00e0rea durant l&#8217;any 2024: \u201cDes de [&hellip;]<\/p>\n","protected":false},"author":96,"featured_media":46784,"comment_status":"closed","ping_status":"closed","sticky":false,"template":"","format":"standard","meta":{"_et_pb_use_builder":"","_et_pb_old_content":"","_et_gb_content_width":"","footnotes":""},"categories":[452],"tags":[525],"class_list":["post-46786","post","type-post","status-publish","format-standard","has-post-thumbnail","hentry","category-serveis-socials","tag-gela-roche-ca"],"yoast_head":"<!-- This site is optimized with the Yoast SEO plugin v27.4 - https:\/\/yoast.com\/product\/yoast-seo-wordpress\/ -->\n<title>Coneix tots els servicis que oferix l&#039;Ajuntament de Santa Pola a la ciutadania en la seua \u00e0rea social - Ajuntament de Santa Pola<\/title>\n<meta name=\"robots\" content=\"index, follow, max-snippet:-1, max-image-preview:large, max-video-preview:-1\" \/>\n<link rel=\"canonical\" href=\"https:\/\/santapola.es\/ca\/coneix-tots-els-servicis-que-oferix-lajuntament-de-santa-pola-a-la-ciutadania-en-la-seua-area-social\/\" \/>\n<meta property=\"og:locale\" content=\"ca_ES\" \/>\n<meta property=\"og:type\" content=\"article\" \/>\n<meta property=\"og:title\" content=\"Coneix tots els servicis que oferix l&#039;Ajuntament de Santa Pola a la ciutadania en la seua \u00e0rea social - Ajuntament de Santa Pola\" \/>\n<meta property=\"og:description\" content=\"La regidoria de Servicis Socials ha publicat en la web municipal la mem\u00f2ria dels servicis i programes realitzats l&#8217;any 2024, que repassa totes les actuacions dutes a terme. La regidor de Servicis Socials, Gela Roche, ha presentat la mem\u00f2ria dels servicis i programes duts a terme per la seua \u00e0rea durant l&#8217;any 2024: \u201cDes de [&hellip;]\" \/>\n<meta property=\"og:url\" content=\"https:\/\/santapola.es\/ca\/coneix-tots-els-servicis-que-oferix-lajuntament-de-santa-pola-a-la-ciutadania-en-la-seua-area-social\/\" \/>\n<meta property=\"og:site_name\" content=\"Ajuntament de Santa Pola\" \/>\n<meta property=\"article:publisher\" content=\"https:\/\/www.facebook.com\/AyuntamientoSantaPola\/\" \/>\n<meta property=\"article:published_time\" content=\"2025-11-28T11:32:10+00:00\" \/>\n<meta property=\"article:modified_time\" content=\"2025-11-28T11:36:20+00:00\" \/>\n<meta property=\"og:image\" content=\"https:\/\/santapola.es\/wp-content\/uploads\/2025\/11\/2025-11-28-GELA-ROCHE-SERVICIOS-SOCIALES.jpg\" \/>\n\t<meta property=\"og:image:width\" content=\"1920\" \/>\n\t<meta property=\"og:image:height\" content=\"1080\" \/>\n\t<meta property=\"og:image:type\" content=\"image\/jpeg\" \/>\n<meta name=\"author\" content=\"Jos\u00e9 Juan L\u00f3pez Lafuente\" \/>\n<meta name=\"twitter:card\" content=\"summary_large_image\" \/>\n<meta name=\"twitter:creator\" content=\"@SantaPolaAyunt\" \/>\n<meta name=\"twitter:site\" content=\"@SantaPolaAyunt\" \/>\n<script type=\"application\/ld+json\" class=\"yoast-schema-graph\">{\"@context\":\"https:\\\/\\\/schema.org\",\"@graph\":[{\"@type\":\"Article\",\"@id\":\"https:\\\/\\\/santapola.es\\\/ca\\\/coneix-tots-els-servicis-que-oferix-lajuntament-de-santa-pola-a-la-ciutadania-en-la-seua-area-social\\\/#article\",\"isPartOf\":{\"@id\":\"https:\\\/\\\/santapola.es\\\/ca\\\/coneix-tots-els-servicis-que-oferix-lajuntament-de-santa-pola-a-la-ciutadania-en-la-seua-area-social\\\/\"},\"author\":{\"name\":\"Jos\u00e9 Juan L\u00f3pez Lafuente\",\"@id\":\"https:\\\/\\\/santapola.es\\\/ca\\\/#\\\/schema\\\/person\\\/ad1d67403707b58350c7be5e8dbc442d\"},\"headline\":\"Coneix tots els servicis que oferix l&#8217;Ajuntament de Santa Pola a la ciutadania en la seua \u00e0rea social\",\"datePublished\":\"2025-11-28T11:32:10+00:00\",\"dateModified\":\"2025-11-28T11:36:20+00:00\",\"mainEntityOfPage\":{\"@id\":\"https:\\\/\\\/santapola.es\\\/ca\\\/coneix-tots-els-servicis-que-oferix-lajuntament-de-santa-pola-a-la-ciutadania-en-la-seua-area-social\\\/\"},\"wordCount\":1324,\"image\":{\"@id\":\"https:\\\/\\\/santapola.es\\\/ca\\\/coneix-tots-els-servicis-que-oferix-lajuntament-de-santa-pola-a-la-ciutadania-en-la-seua-area-social\\\/#primaryimage\"},\"thumbnailUrl\":\"https:\\\/\\\/santapola.es\\\/wp-content\\\/uploads\\\/2025\\\/11\\\/2025-11-28-GELA-ROCHE-SERVICIOS-SOCIALES.jpg\",\"keywords\":[\"Gela Roche\"],\"articleSection\":[\"Serveis Socials\"],\"inLanguage\":\"ca\"},{\"@type\":\"WebPage\",\"@id\":\"https:\\\/\\\/santapola.es\\\/ca\\\/coneix-tots-els-servicis-que-oferix-lajuntament-de-santa-pola-a-la-ciutadania-en-la-seua-area-social\\\/\",\"url\":\"https:\\\/\\\/santapola.es\\\/ca\\\/coneix-tots-els-servicis-que-oferix-lajuntament-de-santa-pola-a-la-ciutadania-en-la-seua-area-social\\\/\",\"name\":\"Coneix tots els servicis que oferix l'Ajuntament de Santa Pola a la ciutadania en la seua \u00e0rea social - Ajuntament de Santa Pola\",\"isPartOf\":{\"@id\":\"https:\\\/\\\/santapola.es\\\/ca\\\/#website\"},\"primaryImageOfPage\":{\"@id\":\"https:\\\/\\\/santapola.es\\\/ca\\\/coneix-tots-els-servicis-que-oferix-lajuntament-de-santa-pola-a-la-ciutadania-en-la-seua-area-social\\\/#primaryimage\"},\"image\":{\"@id\":\"https:\\\/\\\/santapola.es\\\/ca\\\/coneix-tots-els-servicis-que-oferix-lajuntament-de-santa-pola-a-la-ciutadania-en-la-seua-area-social\\\/#primaryimage\"},\"thumbnailUrl\":\"https:\\\/\\\/santapola.es\\\/wp-content\\\/uploads\\\/2025\\\/11\\\/2025-11-28-GELA-ROCHE-SERVICIOS-SOCIALES.jpg\",\"datePublished\":\"2025-11-28T11:32:10+00:00\",\"dateModified\":\"2025-11-28T11:36:20+00:00\",\"author\":{\"@id\":\"https:\\\/\\\/santapola.es\\\/ca\\\/#\\\/schema\\\/person\\\/ad1d67403707b58350c7be5e8dbc442d\"},\"breadcrumb\":{\"@id\":\"https:\\\/\\\/santapola.es\\\/ca\\\/coneix-tots-els-servicis-que-oferix-lajuntament-de-santa-pola-a-la-ciutadania-en-la-seua-area-social\\\/#breadcrumb\"},\"inLanguage\":\"ca\",\"potentialAction\":[{\"@type\":\"ReadAction\",\"target\":[\"https:\\\/\\\/santapola.es\\\/ca\\\/coneix-tots-els-servicis-que-oferix-lajuntament-de-santa-pola-a-la-ciutadania-en-la-seua-area-social\\\/\"]}]},{\"@type\":\"ImageObject\",\"inLanguage\":\"ca\",\"@id\":\"https:\\\/\\\/santapola.es\\\/ca\\\/coneix-tots-els-servicis-que-oferix-lajuntament-de-santa-pola-a-la-ciutadania-en-la-seua-area-social\\\/#primaryimage\",\"url\":\"https:\\\/\\\/santapola.es\\\/wp-content\\\/uploads\\\/2025\\\/11\\\/2025-11-28-GELA-ROCHE-SERVICIOS-SOCIALES.jpg\",\"contentUrl\":\"https:\\\/\\\/santapola.es\\\/wp-content\\\/uploads\\\/2025\\\/11\\\/2025-11-28-GELA-ROCHE-SERVICIOS-SOCIALES.jpg\",\"width\":1920,\"height\":1080},{\"@type\":\"BreadcrumbList\",\"@id\":\"https:\\\/\\\/santapola.es\\\/ca\\\/coneix-tots-els-servicis-que-oferix-lajuntament-de-santa-pola-a-la-ciutadania-en-la-seua-area-social\\\/#breadcrumb\",\"itemListElement\":[{\"@type\":\"ListItem\",\"position\":1,\"name\":\"Inici\",\"item\":\"https:\\\/\\\/santapola.es\\\/ca\\\/\"},{\"@type\":\"ListItem\",\"position\":2,\"name\":\"Coneix tots els servicis que oferix l&#8217;Ajuntament de Santa Pola a la ciutadania en la seua \u00e0rea social\"}]},{\"@type\":\"WebSite\",\"@id\":\"https:\\\/\\\/santapola.es\\\/ca\\\/#website\",\"url\":\"https:\\\/\\\/santapola.es\\\/ca\\\/\",\"name\":\"Ayuntamiento de Santa Pola\",\"description\":\"Web de l'Ajuntament de Santa Pola\",\"potentialAction\":[{\"@type\":\"SearchAction\",\"target\":{\"@type\":\"EntryPoint\",\"urlTemplate\":\"https:\\\/\\\/santapola.es\\\/ca\\\/?s={search_term_string}\"},\"query-input\":{\"@type\":\"PropertyValueSpecification\",\"valueRequired\":true,\"valueName\":\"search_term_string\"}}],\"inLanguage\":\"ca\"},{\"@type\":\"Person\",\"@id\":\"https:\\\/\\\/santapola.es\\\/ca\\\/#\\\/schema\\\/person\\\/ad1d67403707b58350c7be5e8dbc442d\",\"name\":\"Jos\u00e9 Juan L\u00f3pez Lafuente\"}]}<\/script>\n<!-- \/ Yoast SEO plugin. -->","yoast_head_json":{"title":"Coneix tots els servicis que oferix l'Ajuntament de Santa Pola a la ciutadania en la seua \u00e0rea social - Ajuntament de Santa Pola","robots":{"index":"index","follow":"follow","max-snippet":"max-snippet:-1","max-image-preview":"max-image-preview:large","max-video-preview":"max-video-preview:-1"},"canonical":"https:\/\/santapola.es\/ca\/coneix-tots-els-servicis-que-oferix-lajuntament-de-santa-pola-a-la-ciutadania-en-la-seua-area-social\/","og_locale":"ca_ES","og_type":"article","og_title":"Coneix tots els servicis que oferix l'Ajuntament de Santa Pola a la ciutadania en la seua \u00e0rea social - Ajuntament de Santa Pola","og_description":"La regidoria de Servicis Socials ha publicat en la web municipal la mem\u00f2ria dels servicis i programes realitzats l&#8217;any 2024, que repassa totes les actuacions dutes a terme. La regidor de Servicis Socials, Gela Roche, ha presentat la mem\u00f2ria dels servicis i programes duts a terme per la seua \u00e0rea durant l&#8217;any 2024: \u201cDes de [&hellip;]","og_url":"https:\/\/santapola.es\/ca\/coneix-tots-els-servicis-que-oferix-lajuntament-de-santa-pola-a-la-ciutadania-en-la-seua-area-social\/","og_site_name":"Ajuntament de Santa Pola","article_publisher":"https:\/\/www.facebook.com\/AyuntamientoSantaPola\/","article_published_time":"2025-11-28T11:32:10+00:00","article_modified_time":"2025-11-28T11:36:20+00:00","og_image":[{"width":1920,"height":1080,"url":"https:\/\/santapola.es\/wp-content\/uploads\/2025\/11\/2025-11-28-GELA-ROCHE-SERVICIOS-SOCIALES.jpg","type":"image\/jpeg"}],"author":"Jos\u00e9 Juan L\u00f3pez Lafuente","twitter_card":"summary_large_image","twitter_creator":"@SantaPolaAyunt","twitter_site":"@SantaPolaAyunt","schema":{"@context":"https:\/\/schema.org","@graph":[{"@type":"Article","@id":"https:\/\/santapola.es\/ca\/coneix-tots-els-servicis-que-oferix-lajuntament-de-santa-pola-a-la-ciutadania-en-la-seua-area-social\/#article","isPartOf":{"@id":"https:\/\/santapola.es\/ca\/coneix-tots-els-servicis-que-oferix-lajuntament-de-santa-pola-a-la-ciutadania-en-la-seua-area-social\/"},"author":{"name":"Jos\u00e9 Juan L\u00f3pez Lafuente","@id":"https:\/\/santapola.es\/ca\/#\/schema\/person\/ad1d67403707b58350c7be5e8dbc442d"},"headline":"Coneix tots els servicis que oferix l&#8217;Ajuntament de Santa Pola a la ciutadania en la seua \u00e0rea social","datePublished":"2025-11-28T11:32:10+00:00","dateModified":"2025-11-28T11:36:20+00:00","mainEntityOfPage":{"@id":"https:\/\/santapola.es\/ca\/coneix-tots-els-servicis-que-oferix-lajuntament-de-santa-pola-a-la-ciutadania-en-la-seua-area-social\/"},"wordCount":1324,"image":{"@id":"https:\/\/santapola.es\/ca\/coneix-tots-els-servicis-que-oferix-lajuntament-de-santa-pola-a-la-ciutadania-en-la-seua-area-social\/#primaryimage"},"thumbnailUrl":"https:\/\/santapola.es\/wp-content\/uploads\/2025\/11\/2025-11-28-GELA-ROCHE-SERVICIOS-SOCIALES.jpg","keywords":["Gela Roche"],"articleSection":["Serveis Socials"],"inLanguage":"ca"},{"@type":"WebPage","@id":"https:\/\/santapola.es\/ca\/coneix-tots-els-servicis-que-oferix-lajuntament-de-santa-pola-a-la-ciutadania-en-la-seua-area-social\/","url":"https:\/\/santapola.es\/ca\/coneix-tots-els-servicis-que-oferix-lajuntament-de-santa-pola-a-la-ciutadania-en-la-seua-area-social\/","name":"Coneix tots els servicis que oferix l'Ajuntament de Santa Pola a la ciutadania en la seua \u00e0rea social - Ajuntament de Santa Pola","isPartOf":{"@id":"https:\/\/santapola.es\/ca\/#website"},"primaryImageOfPage":{"@id":"https:\/\/santapola.es\/ca\/coneix-tots-els-servicis-que-oferix-lajuntament-de-santa-pola-a-la-ciutadania-en-la-seua-area-social\/#primaryimage"},"image":{"@id":"https:\/\/santapola.es\/ca\/coneix-tots-els-servicis-que-oferix-lajuntament-de-santa-pola-a-la-ciutadania-en-la-seua-area-social\/#primaryimage"},"thumbnailUrl":"https:\/\/santapola.es\/wp-content\/uploads\/2025\/11\/2025-11-28-GELA-ROCHE-SERVICIOS-SOCIALES.jpg","datePublished":"2025-11-28T11:32:10+00:00","dateModified":"2025-11-28T11:36:20+00:00","author":{"@id":"https:\/\/santapola.es\/ca\/#\/schema\/person\/ad1d67403707b58350c7be5e8dbc442d"},"breadcrumb":{"@id":"https:\/\/santapola.es\/ca\/coneix-tots-els-servicis-que-oferix-lajuntament-de-santa-pola-a-la-ciutadania-en-la-seua-area-social\/#breadcrumb"},"inLanguage":"ca","potentialAction":[{"@type":"ReadAction","target":["https:\/\/santapola.es\/ca\/coneix-tots-els-servicis-que-oferix-lajuntament-de-santa-pola-a-la-ciutadania-en-la-seua-area-social\/"]}]},{"@type":"ImageObject","inLanguage":"ca","@id":"https:\/\/santapola.es\/ca\/coneix-tots-els-servicis-que-oferix-lajuntament-de-santa-pola-a-la-ciutadania-en-la-seua-area-social\/#primaryimage","url":"https:\/\/santapola.es\/wp-content\/uploads\/2025\/11\/2025-11-28-GELA-ROCHE-SERVICIOS-SOCIALES.jpg","contentUrl":"https:\/\/santapola.es\/wp-content\/uploads\/2025\/11\/2025-11-28-GELA-ROCHE-SERVICIOS-SOCIALES.jpg","width":1920,"height":1080},{"@type":"BreadcrumbList","@id":"https:\/\/santapola.es\/ca\/coneix-tots-els-servicis-que-oferix-lajuntament-de-santa-pola-a-la-ciutadania-en-la-seua-area-social\/#breadcrumb","itemListElement":[{"@type":"ListItem","position":1,"name":"Inici","item":"https:\/\/santapola.es\/ca\/"},{"@type":"ListItem","position":2,"name":"Coneix tots els servicis que oferix l&#8217;Ajuntament de Santa Pola a la ciutadania en la seua \u00e0rea social"}]},{"@type":"WebSite","@id":"https:\/\/santapola.es\/ca\/#website","url":"https:\/\/santapola.es\/ca\/","name":"Ayuntamiento de Santa Pola","description":"Web de l'Ajuntament de Santa Pola","potentialAction":[{"@type":"SearchAction","target":{"@type":"EntryPoint","urlTemplate":"https:\/\/santapola.es\/ca\/?s={search_term_string}"},"query-input":{"@type":"PropertyValueSpecification","valueRequired":true,"valueName":"search_term_string"}}],"inLanguage":"ca"},{"@type":"Person","@id":"https:\/\/santapola.es\/ca\/#\/schema\/person\/ad1d67403707b58350c7be5e8dbc442d","name":"Jos\u00e9 Juan L\u00f3pez Lafuente"}]}},"_links":{"self":[{"href":"https:\/\/santapola.es\/ca\/wp-json\/wp\/v2\/posts\/46786","targetHints":{"allow":["GET"]}}],"collection":[{"href":"https:\/\/santapola.es\/ca\/wp-json\/wp\/v2\/posts"}],"about":[{"href":"https:\/\/santapola.es\/ca\/wp-json\/wp\/v2\/types\/post"}],"author":[{"embeddable":true,"href":"https:\/\/santapola.es\/ca\/wp-json\/wp\/v2\/users\/96"}],"replies":[{"embeddable":true,"href":"https:\/\/santapola.es\/ca\/wp-json\/wp\/v2\/comments?post=46786"}],"version-history":[{"count":0,"href":"https:\/\/santapola.es\/ca\/wp-json\/wp\/v2\/posts\/46786\/revisions"}],"wp:featuredmedia":[{"embeddable":true,"href":"https:\/\/santapola.es\/ca\/wp-json\/wp\/v2\/media\/46784"}],"wp:attachment":[{"href":"https:\/\/santapola.es\/ca\/wp-json\/wp\/v2\/media?parent=46786"}],"wp:term":[{"taxonomy":"category","embeddable":true,"href":"https:\/\/santapola.es\/ca\/wp-json\/wp\/v2\/categories?post=46786"},{"taxonomy":"post_tag","embeddable":true,"href":"https:\/\/santapola.es\/ca\/wp-json\/wp\/v2\/tags?post=46786"}],"curies":[{"name":"wp","href":"https:\/\/api.w.org\/{rel}","templated":true}]}}