{"id":46642,"date":"2025-11-20T13:52:25","date_gmt":"2025-11-20T12:52:25","guid":{"rendered":"https:\/\/santapola.es\/?p=46642"},"modified":"2025-11-20T13:54:18","modified_gmt":"2025-11-20T12:54:18","slug":"lajuntament-contractara-un-prestec-pont-d11-794-000-euros-per-a-agilitzar-les-inversions-a-principis-de-2026","status":"publish","type":"post","link":"https:\/\/santapola.es\/ca\/lajuntament-contractara-un-prestec-pont-d11-794-000-euros-per-a-agilitzar-les-inversions-a-principis-de-2026\/","title":{"rendered":"L&#8217;Ajuntament contractar\u00e0 un pr\u00e9stec pont d&#8217;11.794.000 euros per a agilitzar les inversions a principis de 2026"},"content":{"rendered":"<p><strong>Eixir\u00e0 a licitaci\u00f3 la concessi\u00f3 d&#8217;un cr\u00e8dit amb un termini de devoluci\u00f3 de 12 anys i un per\u00edode de car\u00e8ncia de lliure disposici\u00f3 de 24 mesos.\u00a0<\/strong><\/p>\n<p><strong>Amb esta operaci\u00f3 l&#8217;Ajuntament podr\u00e0 disposar a primers d&#8217;any de les quantitats que considere necess\u00e0ries per a escometre les inversions previstes, i que despr\u00e9s poden ser reposades amb el romanent d&#8217;anys anteriors.<\/strong><\/p>\n<p>Este mat\u00ed s&#8217;ha celebrat un ple extraordinari i urgent amb dos punts de car\u00e0cter econ\u00f2mic en l&#8217;orde del dia. El primer d&#8217;ells \u00e9s la licitaci\u00f3 d&#8217;un pr\u00e9stec pont d&#8217;11.794.000 euros, previst en els pressupostos municipals de 2025, amb un termini de devoluci\u00f3 de 12 anys i un per\u00edode de car\u00e8ncia de lliure disposici\u00f3 de 24 mesos.<\/p>\n<p>El regidor d&#8217;Hisenda, Jos\u00e9 Pedro Mart\u00ednez, va justificar la urg\u00e8ncia en qu\u00e8 \u201cla licitaci\u00f3 hem d&#8217;iniciar-la immediatament per a poder adjudicar-la abans del 31 de desembre. Es tracta d&#8217;un pr\u00e9stec pont que ens servir\u00e0 per a agilitzar l&#8217;execuci\u00f3 pressupost\u00e0ria i tindre disponibilitat de fons a l&#8217;inici de l&#8217;any 2026 per a poder executar les inversions previstes sense perdre temps\u201d.<\/p>\n<p>M\u00e9s Santa Pola va votar en contra \u201cen coher\u00e8ncia amb el que votem en els pressupostos\u201d, mentres que PSOE i Vox es van abstindre per estar d&#8217;acord amb el fons encara que van reclamar a l&#8217;equip de govern m\u00e9s temps per a poder estudiar els assumptes.<\/p>\n<p>El segon punt va ser una modificaci\u00f3 de cr\u00e8dits perqu\u00e8 es va aprovar per majoria amb l&#8217;abstenci\u00f3 de l&#8217;oposici\u00f3.<\/p>\n","protected":false},"excerpt":{"rendered":"<p>Eixir\u00e0 a licitaci\u00f3 la concessi\u00f3 d&#8217;un cr\u00e8dit amb un termini de devoluci\u00f3 de 12 anys i un per\u00edode de car\u00e8ncia de lliure disposici\u00f3 de 24 mesos.\u00a0 Amb esta operaci\u00f3 l&#8217;Ajuntament podr\u00e0 disposar a primers d&#8217;any de les quantitats que considere necess\u00e0ries per a escometre les inversions previstes, i que despr\u00e9s poden ser reposades amb el [&hellip;]<\/p>\n","protected":false},"author":96,"featured_media":46640,"comment_status":"closed","ping_status":"closed","sticky":false,"template":"","format":"standard","meta":{"_et_pb_use_builder":"","_et_pb_old_content":"","_et_gb_content_width":"","footnotes":""},"categories":[615,473],"tags":[1314],"class_list":["post-46642","post","type-post","status-publish","format-standard","has-post-thumbnail","hentry","category-hisenda","category-plens","tag-plens"],"yoast_head":"<!-- This site is optimized with the Yoast SEO plugin v27.4 - https:\/\/yoast.com\/product\/yoast-seo-wordpress\/ -->\n<title>L&#039;Ajuntament contractar\u00e0 un pr\u00e9stec pont d&#039;11.794.000 euros per a agilitzar les inversions a principis de 2026 - Ajuntament de Santa Pola<\/title>\n<meta name=\"robots\" content=\"index, follow, max-snippet:-1, max-image-preview:large, max-video-preview:-1\" \/>\n<link rel=\"canonical\" href=\"https:\/\/santapola.es\/ca\/lajuntament-contractara-un-prestec-pont-d11-794-000-euros-per-a-agilitzar-les-inversions-a-principis-de-2026\/\" \/>\n<meta property=\"og:locale\" content=\"ca_ES\" \/>\n<meta property=\"og:type\" content=\"article\" \/>\n<meta property=\"og:title\" content=\"L&#039;Ajuntament contractar\u00e0 un pr\u00e9stec pont d&#039;11.794.000 euros per a agilitzar les inversions a principis de 2026 - Ajuntament de Santa Pola\" \/>\n<meta property=\"og:description\" content=\"Eixir\u00e0 a licitaci\u00f3 la concessi\u00f3 d&#8217;un cr\u00e8dit amb un termini de devoluci\u00f3 de 12 anys i un per\u00edode de car\u00e8ncia de lliure disposici\u00f3 de 24 mesos.\u00a0 Amb esta operaci\u00f3 l&#8217;Ajuntament podr\u00e0 disposar a primers d&#8217;any de les quantitats que considere necess\u00e0ries per a escometre les inversions previstes, i que despr\u00e9s poden ser reposades amb el [&hellip;]\" \/>\n<meta property=\"og:url\" content=\"https:\/\/santapola.es\/ca\/lajuntament-contractara-un-prestec-pont-d11-794-000-euros-per-a-agilitzar-les-inversions-a-principis-de-2026\/\" \/>\n<meta property=\"og:site_name\" content=\"Ajuntament de Santa Pola\" \/>\n<meta property=\"article:publisher\" content=\"https:\/\/www.facebook.com\/AyuntamientoSantaPola\/\" \/>\n<meta property=\"article:published_time\" content=\"2025-11-20T12:52:25+00:00\" \/>\n<meta property=\"article:modified_time\" content=\"2025-11-20T12:54:18+00:00\" \/>\n<meta property=\"og:image\" content=\"https:\/\/santapola.es\/wp-content\/uploads\/2025\/11\/IMG_3338.jpg\" \/>\n\t<meta property=\"og:image:width\" content=\"1920\" \/>\n\t<meta property=\"og:image:height\" content=\"1440\" \/>\n\t<meta property=\"og:image:type\" content=\"image\/jpeg\" \/>\n<meta name=\"author\" content=\"Jos\u00e9 Juan L\u00f3pez Lafuente\" \/>\n<meta name=\"twitter:card\" content=\"summary_large_image\" \/>\n<meta name=\"twitter:creator\" content=\"@SantaPolaAyunt\" \/>\n<meta name=\"twitter:site\" content=\"@SantaPolaAyunt\" \/>\n<script type=\"application\/ld+json\" class=\"yoast-schema-graph\">{\"@context\":\"https:\\\/\\\/schema.org\",\"@graph\":[{\"@type\":\"Article\",\"@id\":\"https:\\\/\\\/santapola.es\\\/ca\\\/lajuntament-contractara-un-prestec-pont-d11-794-000-euros-per-a-agilitzar-les-inversions-a-principis-de-2026\\\/#article\",\"isPartOf\":{\"@id\":\"https:\\\/\\\/santapola.es\\\/ca\\\/lajuntament-contractara-un-prestec-pont-d11-794-000-euros-per-a-agilitzar-les-inversions-a-principis-de-2026\\\/\"},\"author\":{\"name\":\"Jos\u00e9 Juan L\u00f3pez Lafuente\",\"@id\":\"https:\\\/\\\/santapola.es\\\/ca\\\/#\\\/schema\\\/person\\\/ad1d67403707b58350c7be5e8dbc442d\"},\"headline\":\"L&#8217;Ajuntament contractar\u00e0 un pr\u00e9stec pont d&#8217;11.794.000 euros per a agilitzar les inversions a principis de 2026\",\"datePublished\":\"2025-11-20T12:52:25+00:00\",\"dateModified\":\"2025-11-20T12:54:18+00:00\",\"mainEntityOfPage\":{\"@id\":\"https:\\\/\\\/santapola.es\\\/ca\\\/lajuntament-contractara-un-prestec-pont-d11-794-000-euros-per-a-agilitzar-les-inversions-a-principis-de-2026\\\/\"},\"wordCount\":284,\"image\":{\"@id\":\"https:\\\/\\\/santapola.es\\\/ca\\\/lajuntament-contractara-un-prestec-pont-d11-794-000-euros-per-a-agilitzar-les-inversions-a-principis-de-2026\\\/#primaryimage\"},\"thumbnailUrl\":\"https:\\\/\\\/santapola.es\\\/wp-content\\\/uploads\\\/2025\\\/11\\\/IMG_3338.jpg\",\"keywords\":[\"Plens\"],\"articleSection\":[\"Hisenda\",\"Plens\"],\"inLanguage\":\"ca\"},{\"@type\":\"WebPage\",\"@id\":\"https:\\\/\\\/santapola.es\\\/ca\\\/lajuntament-contractara-un-prestec-pont-d11-794-000-euros-per-a-agilitzar-les-inversions-a-principis-de-2026\\\/\",\"url\":\"https:\\\/\\\/santapola.es\\\/ca\\\/lajuntament-contractara-un-prestec-pont-d11-794-000-euros-per-a-agilitzar-les-inversions-a-principis-de-2026\\\/\",\"name\":\"L'Ajuntament contractar\u00e0 un pr\u00e9stec pont d'11.794.000 euros per a agilitzar les inversions a principis de 2026 - Ajuntament de Santa Pola\",\"isPartOf\":{\"@id\":\"https:\\\/\\\/santapola.es\\\/ca\\\/#website\"},\"primaryImageOfPage\":{\"@id\":\"https:\\\/\\\/santapola.es\\\/ca\\\/lajuntament-contractara-un-prestec-pont-d11-794-000-euros-per-a-agilitzar-les-inversions-a-principis-de-2026\\\/#primaryimage\"},\"image\":{\"@id\":\"https:\\\/\\\/santapola.es\\\/ca\\\/lajuntament-contractara-un-prestec-pont-d11-794-000-euros-per-a-agilitzar-les-inversions-a-principis-de-2026\\\/#primaryimage\"},\"thumbnailUrl\":\"https:\\\/\\\/santapola.es\\\/wp-content\\\/uploads\\\/2025\\\/11\\\/IMG_3338.jpg\",\"datePublished\":\"2025-11-20T12:52:25+00:00\",\"dateModified\":\"2025-11-20T12:54:18+00:00\",\"author\":{\"@id\":\"https:\\\/\\\/santapola.es\\\/ca\\\/#\\\/schema\\\/person\\\/ad1d67403707b58350c7be5e8dbc442d\"},\"breadcrumb\":{\"@id\":\"https:\\\/\\\/santapola.es\\\/ca\\\/lajuntament-contractara-un-prestec-pont-d11-794-000-euros-per-a-agilitzar-les-inversions-a-principis-de-2026\\\/#breadcrumb\"},\"inLanguage\":\"ca\",\"potentialAction\":[{\"@type\":\"ReadAction\",\"target\":[\"https:\\\/\\\/santapola.es\\\/ca\\\/lajuntament-contractara-un-prestec-pont-d11-794-000-euros-per-a-agilitzar-les-inversions-a-principis-de-2026\\\/\"]}]},{\"@type\":\"ImageObject\",\"inLanguage\":\"ca\",\"@id\":\"https:\\\/\\\/santapola.es\\\/ca\\\/lajuntament-contractara-un-prestec-pont-d11-794-000-euros-per-a-agilitzar-les-inversions-a-principis-de-2026\\\/#primaryimage\",\"url\":\"https:\\\/\\\/santapola.es\\\/wp-content\\\/uploads\\\/2025\\\/11\\\/IMG_3338.jpg\",\"contentUrl\":\"https:\\\/\\\/santapola.es\\\/wp-content\\\/uploads\\\/2025\\\/11\\\/IMG_3338.jpg\",\"width\":1920,\"height\":1440},{\"@type\":\"BreadcrumbList\",\"@id\":\"https:\\\/\\\/santapola.es\\\/ca\\\/lajuntament-contractara-un-prestec-pont-d11-794-000-euros-per-a-agilitzar-les-inversions-a-principis-de-2026\\\/#breadcrumb\",\"itemListElement\":[{\"@type\":\"ListItem\",\"position\":1,\"name\":\"Inici\",\"item\":\"https:\\\/\\\/santapola.es\\\/ca\\\/\"},{\"@type\":\"ListItem\",\"position\":2,\"name\":\"L&#8217;Ajuntament contractar\u00e0 un pr\u00e9stec pont d&#8217;11.794.000 euros per a agilitzar les inversions a principis de 2026\"}]},{\"@type\":\"WebSite\",\"@id\":\"https:\\\/\\\/santapola.es\\\/ca\\\/#website\",\"url\":\"https:\\\/\\\/santapola.es\\\/ca\\\/\",\"name\":\"Ayuntamiento de Santa Pola\",\"description\":\"Web de l'Ajuntament de Santa Pola\",\"potentialAction\":[{\"@type\":\"SearchAction\",\"target\":{\"@type\":\"EntryPoint\",\"urlTemplate\":\"https:\\\/\\\/santapola.es\\\/ca\\\/?s={search_term_string}\"},\"query-input\":{\"@type\":\"PropertyValueSpecification\",\"valueRequired\":true,\"valueName\":\"search_term_string\"}}],\"inLanguage\":\"ca\"},{\"@type\":\"Person\",\"@id\":\"https:\\\/\\\/santapola.es\\\/ca\\\/#\\\/schema\\\/person\\\/ad1d67403707b58350c7be5e8dbc442d\",\"name\":\"Jos\u00e9 Juan L\u00f3pez Lafuente\"}]}<\/script>\n<!-- \/ Yoast SEO plugin. -->","yoast_head_json":{"title":"L'Ajuntament contractar\u00e0 un pr\u00e9stec pont d'11.794.000 euros per a agilitzar les inversions a principis de 2026 - Ajuntament de Santa Pola","robots":{"index":"index","follow":"follow","max-snippet":"max-snippet:-1","max-image-preview":"max-image-preview:large","max-video-preview":"max-video-preview:-1"},"canonical":"https:\/\/santapola.es\/ca\/lajuntament-contractara-un-prestec-pont-d11-794-000-euros-per-a-agilitzar-les-inversions-a-principis-de-2026\/","og_locale":"ca_ES","og_type":"article","og_title":"L'Ajuntament contractar\u00e0 un pr\u00e9stec pont d'11.794.000 euros per a agilitzar les inversions a principis de 2026 - Ajuntament de Santa Pola","og_description":"Eixir\u00e0 a licitaci\u00f3 la concessi\u00f3 d&#8217;un cr\u00e8dit amb un termini de devoluci\u00f3 de 12 anys i un per\u00edode de car\u00e8ncia de lliure disposici\u00f3 de 24 mesos.\u00a0 Amb esta operaci\u00f3 l&#8217;Ajuntament podr\u00e0 disposar a primers d&#8217;any de les quantitats que considere necess\u00e0ries per a escometre les inversions previstes, i que despr\u00e9s poden ser reposades amb el [&hellip;]","og_url":"https:\/\/santapola.es\/ca\/lajuntament-contractara-un-prestec-pont-d11-794-000-euros-per-a-agilitzar-les-inversions-a-principis-de-2026\/","og_site_name":"Ajuntament de Santa Pola","article_publisher":"https:\/\/www.facebook.com\/AyuntamientoSantaPola\/","article_published_time":"2025-11-20T12:52:25+00:00","article_modified_time":"2025-11-20T12:54:18+00:00","og_image":[{"width":1920,"height":1440,"url":"https:\/\/santapola.es\/wp-content\/uploads\/2025\/11\/IMG_3338.jpg","type":"image\/jpeg"}],"author":"Jos\u00e9 Juan L\u00f3pez Lafuente","twitter_card":"summary_large_image","twitter_creator":"@SantaPolaAyunt","twitter_site":"@SantaPolaAyunt","schema":{"@context":"https:\/\/schema.org","@graph":[{"@type":"Article","@id":"https:\/\/santapola.es\/ca\/lajuntament-contractara-un-prestec-pont-d11-794-000-euros-per-a-agilitzar-les-inversions-a-principis-de-2026\/#article","isPartOf":{"@id":"https:\/\/santapola.es\/ca\/lajuntament-contractara-un-prestec-pont-d11-794-000-euros-per-a-agilitzar-les-inversions-a-principis-de-2026\/"},"author":{"name":"Jos\u00e9 Juan L\u00f3pez Lafuente","@id":"https:\/\/santapola.es\/ca\/#\/schema\/person\/ad1d67403707b58350c7be5e8dbc442d"},"headline":"L&#8217;Ajuntament contractar\u00e0 un pr\u00e9stec pont d&#8217;11.794.000 euros per a agilitzar les inversions a principis de 2026","datePublished":"2025-11-20T12:52:25+00:00","dateModified":"2025-11-20T12:54:18+00:00","mainEntityOfPage":{"@id":"https:\/\/santapola.es\/ca\/lajuntament-contractara-un-prestec-pont-d11-794-000-euros-per-a-agilitzar-les-inversions-a-principis-de-2026\/"},"wordCount":284,"image":{"@id":"https:\/\/santapola.es\/ca\/lajuntament-contractara-un-prestec-pont-d11-794-000-euros-per-a-agilitzar-les-inversions-a-principis-de-2026\/#primaryimage"},"thumbnailUrl":"https:\/\/santapola.es\/wp-content\/uploads\/2025\/11\/IMG_3338.jpg","keywords":["Plens"],"articleSection":["Hisenda","Plens"],"inLanguage":"ca"},{"@type":"WebPage","@id":"https:\/\/santapola.es\/ca\/lajuntament-contractara-un-prestec-pont-d11-794-000-euros-per-a-agilitzar-les-inversions-a-principis-de-2026\/","url":"https:\/\/santapola.es\/ca\/lajuntament-contractara-un-prestec-pont-d11-794-000-euros-per-a-agilitzar-les-inversions-a-principis-de-2026\/","name":"L'Ajuntament contractar\u00e0 un pr\u00e9stec pont d'11.794.000 euros per a agilitzar les inversions a principis de 2026 - Ajuntament de Santa Pola","isPartOf":{"@id":"https:\/\/santapola.es\/ca\/#website"},"primaryImageOfPage":{"@id":"https:\/\/santapola.es\/ca\/lajuntament-contractara-un-prestec-pont-d11-794-000-euros-per-a-agilitzar-les-inversions-a-principis-de-2026\/#primaryimage"},"image":{"@id":"https:\/\/santapola.es\/ca\/lajuntament-contractara-un-prestec-pont-d11-794-000-euros-per-a-agilitzar-les-inversions-a-principis-de-2026\/#primaryimage"},"thumbnailUrl":"https:\/\/santapola.es\/wp-content\/uploads\/2025\/11\/IMG_3338.jpg","datePublished":"2025-11-20T12:52:25+00:00","dateModified":"2025-11-20T12:54:18+00:00","author":{"@id":"https:\/\/santapola.es\/ca\/#\/schema\/person\/ad1d67403707b58350c7be5e8dbc442d"},"breadcrumb":{"@id":"https:\/\/santapola.es\/ca\/lajuntament-contractara-un-prestec-pont-d11-794-000-euros-per-a-agilitzar-les-inversions-a-principis-de-2026\/#breadcrumb"},"inLanguage":"ca","potentialAction":[{"@type":"ReadAction","target":["https:\/\/santapola.es\/ca\/lajuntament-contractara-un-prestec-pont-d11-794-000-euros-per-a-agilitzar-les-inversions-a-principis-de-2026\/"]}]},{"@type":"ImageObject","inLanguage":"ca","@id":"https:\/\/santapola.es\/ca\/lajuntament-contractara-un-prestec-pont-d11-794-000-euros-per-a-agilitzar-les-inversions-a-principis-de-2026\/#primaryimage","url":"https:\/\/santapola.es\/wp-content\/uploads\/2025\/11\/IMG_3338.jpg","contentUrl":"https:\/\/santapola.es\/wp-content\/uploads\/2025\/11\/IMG_3338.jpg","width":1920,"height":1440},{"@type":"BreadcrumbList","@id":"https:\/\/santapola.es\/ca\/lajuntament-contractara-un-prestec-pont-d11-794-000-euros-per-a-agilitzar-les-inversions-a-principis-de-2026\/#breadcrumb","itemListElement":[{"@type":"ListItem","position":1,"name":"Inici","item":"https:\/\/santapola.es\/ca\/"},{"@type":"ListItem","position":2,"name":"L&#8217;Ajuntament contractar\u00e0 un pr\u00e9stec pont d&#8217;11.794.000 euros per a agilitzar les inversions a principis de 2026"}]},{"@type":"WebSite","@id":"https:\/\/santapola.es\/ca\/#website","url":"https:\/\/santapola.es\/ca\/","name":"Ayuntamiento de Santa Pola","description":"Web de l'Ajuntament de Santa Pola","potentialAction":[{"@type":"SearchAction","target":{"@type":"EntryPoint","urlTemplate":"https:\/\/santapola.es\/ca\/?s={search_term_string}"},"query-input":{"@type":"PropertyValueSpecification","valueRequired":true,"valueName":"search_term_string"}}],"inLanguage":"ca"},{"@type":"Person","@id":"https:\/\/santapola.es\/ca\/#\/schema\/person\/ad1d67403707b58350c7be5e8dbc442d","name":"Jos\u00e9 Juan L\u00f3pez Lafuente"}]}},"_links":{"self":[{"href":"https:\/\/santapola.es\/ca\/wp-json\/wp\/v2\/posts\/46642","targetHints":{"allow":["GET"]}}],"collection":[{"href":"https:\/\/santapola.es\/ca\/wp-json\/wp\/v2\/posts"}],"about":[{"href":"https:\/\/santapola.es\/ca\/wp-json\/wp\/v2\/types\/post"}],"author":[{"embeddable":true,"href":"https:\/\/santapola.es\/ca\/wp-json\/wp\/v2\/users\/96"}],"replies":[{"embeddable":true,"href":"https:\/\/santapola.es\/ca\/wp-json\/wp\/v2\/comments?post=46642"}],"version-history":[{"count":0,"href":"https:\/\/santapola.es\/ca\/wp-json\/wp\/v2\/posts\/46642\/revisions"}],"wp:featuredmedia":[{"embeddable":true,"href":"https:\/\/santapola.es\/ca\/wp-json\/wp\/v2\/media\/46640"}],"wp:attachment":[{"href":"https:\/\/santapola.es\/ca\/wp-json\/wp\/v2\/media?parent=46642"}],"wp:term":[{"taxonomy":"category","embeddable":true,"href":"https:\/\/santapola.es\/ca\/wp-json\/wp\/v2\/categories?post=46642"},{"taxonomy":"post_tag","embeddable":true,"href":"https:\/\/santapola.es\/ca\/wp-json\/wp\/v2\/tags?post=46642"}],"curies":[{"name":"wp","href":"https:\/\/api.w.org\/{rel}","templated":true}]}}