{"id":46593,"date":"2025-11-17T17:14:55","date_gmt":"2025-11-17T16:14:55","guid":{"rendered":"https:\/\/santapola.es\/?p=46593"},"modified":"2025-11-17T17:16:40","modified_gmt":"2025-11-17T16:16:40","slug":"lajuntament-de-santa-pola-inicia-els-tramits-per-a-la-construccio-del-nou-col%c2%b7legi-hispanitat-i-la-piscina-municipal","status":"publish","type":"post","link":"https:\/\/santapola.es\/ca\/lajuntament-de-santa-pola-inicia-els-tramits-per-a-la-construccio-del-nou-col%c2%b7legi-hispanitat-i-la-piscina-municipal\/","title":{"rendered":"L&#8217;Ajuntament de Santa Pola inicia els tr\u00e0mits per a la construcci\u00f3 del nou col\u00b7legi Hispanitat i la piscina municipal"},"content":{"rendered":"<p><strong>Hui s&#8217;ha aprovat en un ple extraordinari i urgent l&#8217;inici de la tramitaci\u00f3 de dos dels projectes m\u00e9s esperats per la ciutadania de Santa Pola.<\/strong><br \/>\n<strong>El col\u00b7legi Hispanitat tindr\u00e0 un pressupost de quasi 6,5 milions d&#8217;euros i ara la Conselleria d&#8217;Educaci\u00f3 haur\u00e0 de delegar les compet\u00e8ncies a l&#8217;Ajuntament per a la seua adjudicaci\u00f3.<\/strong><br \/>\n<strong>Una iniciativa privada presenta un interessant projecte per a finalitzar i millorar la piscina municipal i construir en la mateixa parcel\u00b7la una resid\u00e8ncia per a esportistes.<\/strong><\/p>\n<p>S\u00f3n dos de les iniciatives m\u00e9s demandades pels ciutadans de Santa Pola durant molts anys i ara porten cam\u00ed de ser prompte una realitat. L&#8217;equip de govern de Loreto Serrano ha presentat hui en un ple extraordinari i urgent estes dos propostes que han sigut aprovades i, per tant, es fa el primer pas per a iniciar els tr\u00e0mits de les dos construccions.<\/p>\n<p>En primer lloc s&#8217;ha aprovat admetre a tr\u00e0mit la iniciativa privada de centre esportiu i resid\u00e8ncia esportiva que ha presentat ASCH Infraestructures i Servicis, una companyia amb m\u00e9s de 70 anys d&#8217;experi\u00e8ncia i referent mundial en el sector de la construcci\u00f3.<\/p>\n<p>Segons ha explicat el regidor d&#8217;Hisenda, Jos\u00e9 Pedro Mart\u00ednez, \u201csuposa la culminaci\u00f3 a molts mesos de treball analitzant la proposta d&#8217;esta empresa per a desbloquejar la situaci\u00f3 de la piscina municipal, un projecte de concessi\u00f3 a llarg termini mitjan\u00e7ant el qual s&#8217;acabar\u00e0 la piscina tal com estava prevista, per\u00f2 a m\u00e9s afig en la mateixa parcel\u00b7la una resid\u00e8ncia per a \u00fas exclusiu d&#8217;esportistes amb m\u00e9s de 70 habitacions\u201d.<\/p>\n<p>Mart\u00ednez va afirmar que \u201c\u00e9s una proposta molt seriosa d&#8217;una empresa important que aposta per Santa Pola per a resoldre este problema enquistat, molts esportistes d&#8217;Europa venen a entrenar ac\u00ed i l&#8217;estudi de mercat que han fet \u00e9s molt contundent i ens dona molta confian\u00e7a. Les piscines en general no s\u00f3n rendibles i els ajuntaments han d&#8217;aportar diners tots els anys, en este cas el que invertix el poble \u00e9s el s\u00f2l i la instal\u00b7laci\u00f3 que es restaurar\u00e0, per\u00f2 el seu manteniment no gravar\u00e0 les arques municipals\u201d.<\/p>\n<p>La proposta es va aprovar amb 18 vots a favor de PP, PSOE i Vox, mentres que M\u00e9s Santa Pola es va abstindre a pesar que el seu portaveu va declarar estar d&#8217;acord amb el projecte.<\/p>\n<p><strong>Nova licitaci\u00f3 del col\u00b7legi Hispanitat<\/strong><\/p>\n<p>El seg\u00fcent assumpte va ser la construcci\u00f3 del nou col\u00b7legi Hispanitat, la licitaci\u00f3 de la qual va quedar deserta l&#8217;any passat a causa de l&#8217;increment dels costos de les obres. El nou projecte s&#8217;incrementa en m\u00e9s de dos milions i aconseguix un pressupost d&#8217;eixida de 6.363.000 euros.<\/p>\n<p>Per unanimitat es va acordar l&#8217;anul\u00b7laci\u00f3 i nova sol\u00b7licitud de modificaci\u00f3 de compet\u00e8ncies perqu\u00e8 l&#8217;Ajuntament el puga construir, aix\u00ed com l&#8217;aprovaci\u00f3 del projecte modificat. Ara es manar\u00e0 la documentaci\u00f3 a la Conselleria d&#8217;Educaci\u00f3 perqu\u00e8 redacte l&#8217;expedient de modificaci\u00f3 i traspasse les compet\u00e8ncies a l&#8217;ajuntament sobre la base del Pla Edificant.<\/p>\n<p>El regidor d&#8217;Educaci\u00f3, \u00d3scar Valenzuela, va declarar que \u201ctot el treball estava fet a l&#8217;abril de 2024, per\u00f2 patim una circumst\u00e0ncia especial amb el brutal increment de costos que va fer que la licitaci\u00f3 quedara deserta. Des de llavors hem tingut comunicaci\u00f3 directa constant amb tots els \u00e0mbits de la Conselleria d&#8217;Educaci\u00f3, amb l&#8217;AMPA i la direcci\u00f3 del centre i ara esperem tindre prompte la delegaci\u00f3 de compet\u00e8ncies per part de la conselleria. Hui em sent molt satisfet per tot el treballat\u201d.<\/p>\n<p>Finalment es va aprovar per unanimitat el conveni per a la incorporaci\u00f3 de l&#8217;Ajuntament de Santa Pola en l&#8217;Alt Patronat de Casa Mediterrani, que encara que en la pr\u00e0ctica ja era una realitat per\u00f2 faltava formalitzar oficialment el conveni una vegada aprovats els pressupostos municipals, ja que Santa Pola aporta 9.500 euros per a les activitats d&#8217;esta instituci\u00f3.<\/p>\n","protected":false},"excerpt":{"rendered":"<p>Hui s&#8217;ha aprovat en un ple extraordinari i urgent l&#8217;inici de la tramitaci\u00f3 de dos dels projectes m\u00e9s esperats per la ciutadania de Santa Pola. El col\u00b7legi Hispanitat tindr\u00e0 un pressupost de quasi 6,5 milions d&#8217;euros i ara la Conselleria d&#8217;Educaci\u00f3 haur\u00e0 de delegar les compet\u00e8ncies a l&#8217;Ajuntament per a la seua adjudicaci\u00f3. Una iniciativa [&hellip;]<\/p>\n","protected":false},"author":96,"featured_media":46591,"comment_status":"closed","ping_status":"closed","sticky":false,"template":"","format":"standard","meta":{"_et_pb_use_builder":"","_et_pb_old_content":"","_et_gb_content_width":"","footnotes":""},"categories":[474,473],"tags":[1468,639,784],"class_list":["post-46593","post","type-post","status-publish","format-standard","has-post-thumbnail","hentry","category-educacio","category-plens","tag-casa-mediterraneo-ca","tag-ceip-hispanitat","tag-piscina-municipal-ca"],"yoast_head":"<!-- This site is optimized with the Yoast SEO plugin v27.4 - https:\/\/yoast.com\/product\/yoast-seo-wordpress\/ -->\n<title>L&#039;Ajuntament de Santa Pola inicia els tr\u00e0mits per a la construcci\u00f3 del nou col\u00b7legi Hispanitat i la piscina municipal - Ajuntament de Santa Pola<\/title>\n<meta name=\"robots\" content=\"index, follow, max-snippet:-1, max-image-preview:large, max-video-preview:-1\" \/>\n<link rel=\"canonical\" href=\"https:\/\/santapola.es\/ca\/lajuntament-de-santa-pola-inicia-els-tramits-per-a-la-construccio-del-nou-col%c2%b7legi-hispanitat-i-la-piscina-municipal\/\" \/>\n<meta property=\"og:locale\" content=\"ca_ES\" \/>\n<meta property=\"og:type\" content=\"article\" \/>\n<meta property=\"og:title\" content=\"L&#039;Ajuntament de Santa Pola inicia els tr\u00e0mits per a la construcci\u00f3 del nou col\u00b7legi Hispanitat i la piscina municipal - Ajuntament de Santa Pola\" \/>\n<meta property=\"og:description\" content=\"Hui s&#8217;ha aprovat en un ple extraordinari i urgent l&#8217;inici de la tramitaci\u00f3 de dos dels projectes m\u00e9s esperats per la ciutadania de Santa Pola. El col\u00b7legi Hispanitat tindr\u00e0 un pressupost de quasi 6,5 milions d&#8217;euros i ara la Conselleria d&#8217;Educaci\u00f3 haur\u00e0 de delegar les compet\u00e8ncies a l&#8217;Ajuntament per a la seua adjudicaci\u00f3. Una iniciativa [&hellip;]\" \/>\n<meta property=\"og:url\" content=\"https:\/\/santapola.es\/ca\/lajuntament-de-santa-pola-inicia-els-tramits-per-a-la-construccio-del-nou-col%c2%b7legi-hispanitat-i-la-piscina-municipal\/\" \/>\n<meta property=\"og:site_name\" content=\"Ajuntament de Santa Pola\" \/>\n<meta property=\"article:publisher\" content=\"https:\/\/www.facebook.com\/AyuntamientoSantaPola\/\" \/>\n<meta property=\"article:published_time\" content=\"2025-11-17T16:14:55+00:00\" \/>\n<meta property=\"article:modified_time\" content=\"2025-11-17T16:16:40+00:00\" \/>\n<meta property=\"og:image\" content=\"https:\/\/santapola.es\/wp-content\/uploads\/2025\/11\/IMG_3310.jpg\" \/>\n\t<meta property=\"og:image:width\" content=\"1920\" \/>\n\t<meta property=\"og:image:height\" content=\"1440\" \/>\n\t<meta property=\"og:image:type\" content=\"image\/jpeg\" \/>\n<meta name=\"author\" content=\"Jos\u00e9 Juan L\u00f3pez Lafuente\" \/>\n<meta name=\"twitter:card\" content=\"summary_large_image\" \/>\n<meta name=\"twitter:creator\" content=\"@SantaPolaAyunt\" \/>\n<meta name=\"twitter:site\" content=\"@SantaPolaAyunt\" \/>\n<script type=\"application\/ld+json\" class=\"yoast-schema-graph\">{\"@context\":\"https:\\\/\\\/schema.org\",\"@graph\":[{\"@type\":\"Article\",\"@id\":\"https:\\\/\\\/santapola.es\\\/ca\\\/lajuntament-de-santa-pola-inicia-els-tramits-per-a-la-construccio-del-nou-col%c2%b7legi-hispanitat-i-la-piscina-municipal\\\/#article\",\"isPartOf\":{\"@id\":\"https:\\\/\\\/santapola.es\\\/ca\\\/lajuntament-de-santa-pola-inicia-els-tramits-per-a-la-construccio-del-nou-col%c2%b7legi-hispanitat-i-la-piscina-municipal\\\/\"},\"author\":{\"name\":\"Jos\u00e9 Juan L\u00f3pez Lafuente\",\"@id\":\"https:\\\/\\\/santapola.es\\\/ca\\\/#\\\/schema\\\/person\\\/ad1d67403707b58350c7be5e8dbc442d\"},\"headline\":\"L&#8217;Ajuntament de Santa Pola inicia els tr\u00e0mits per a la construcci\u00f3 del nou col\u00b7legi Hispanitat i la piscina municipal\",\"datePublished\":\"2025-11-17T16:14:55+00:00\",\"dateModified\":\"2025-11-17T16:16:40+00:00\",\"mainEntityOfPage\":{\"@id\":\"https:\\\/\\\/santapola.es\\\/ca\\\/lajuntament-de-santa-pola-inicia-els-tramits-per-a-la-construccio-del-nou-col%c2%b7legi-hispanitat-i-la-piscina-municipal\\\/\"},\"wordCount\":700,\"image\":{\"@id\":\"https:\\\/\\\/santapola.es\\\/ca\\\/lajuntament-de-santa-pola-inicia-els-tramits-per-a-la-construccio-del-nou-col%c2%b7legi-hispanitat-i-la-piscina-municipal\\\/#primaryimage\"},\"thumbnailUrl\":\"https:\\\/\\\/santapola.es\\\/wp-content\\\/uploads\\\/2025\\\/11\\\/IMG_3310.jpg\",\"keywords\":[\"Casa Mediterr\u00e1neo\",\"CEIP Hispanitat\",\"Piscina municipal\"],\"articleSection\":[\"Educaci\u00f3\",\"Plens\"],\"inLanguage\":\"ca\"},{\"@type\":\"WebPage\",\"@id\":\"https:\\\/\\\/santapola.es\\\/ca\\\/lajuntament-de-santa-pola-inicia-els-tramits-per-a-la-construccio-del-nou-col%c2%b7legi-hispanitat-i-la-piscina-municipal\\\/\",\"url\":\"https:\\\/\\\/santapola.es\\\/ca\\\/lajuntament-de-santa-pola-inicia-els-tramits-per-a-la-construccio-del-nou-col%c2%b7legi-hispanitat-i-la-piscina-municipal\\\/\",\"name\":\"L'Ajuntament de Santa Pola inicia els tr\u00e0mits per a la construcci\u00f3 del nou col\u00b7legi Hispanitat i la piscina municipal - Ajuntament de Santa Pola\",\"isPartOf\":{\"@id\":\"https:\\\/\\\/santapola.es\\\/ca\\\/#website\"},\"primaryImageOfPage\":{\"@id\":\"https:\\\/\\\/santapola.es\\\/ca\\\/lajuntament-de-santa-pola-inicia-els-tramits-per-a-la-construccio-del-nou-col%c2%b7legi-hispanitat-i-la-piscina-municipal\\\/#primaryimage\"},\"image\":{\"@id\":\"https:\\\/\\\/santapola.es\\\/ca\\\/lajuntament-de-santa-pola-inicia-els-tramits-per-a-la-construccio-del-nou-col%c2%b7legi-hispanitat-i-la-piscina-municipal\\\/#primaryimage\"},\"thumbnailUrl\":\"https:\\\/\\\/santapola.es\\\/wp-content\\\/uploads\\\/2025\\\/11\\\/IMG_3310.jpg\",\"datePublished\":\"2025-11-17T16:14:55+00:00\",\"dateModified\":\"2025-11-17T16:16:40+00:00\",\"author\":{\"@id\":\"https:\\\/\\\/santapola.es\\\/ca\\\/#\\\/schema\\\/person\\\/ad1d67403707b58350c7be5e8dbc442d\"},\"breadcrumb\":{\"@id\":\"https:\\\/\\\/santapola.es\\\/ca\\\/lajuntament-de-santa-pola-inicia-els-tramits-per-a-la-construccio-del-nou-col%c2%b7legi-hispanitat-i-la-piscina-municipal\\\/#breadcrumb\"},\"inLanguage\":\"ca\",\"potentialAction\":[{\"@type\":\"ReadAction\",\"target\":[\"https:\\\/\\\/santapola.es\\\/ca\\\/lajuntament-de-santa-pola-inicia-els-tramits-per-a-la-construccio-del-nou-col%c2%b7legi-hispanitat-i-la-piscina-municipal\\\/\"]}]},{\"@type\":\"ImageObject\",\"inLanguage\":\"ca\",\"@id\":\"https:\\\/\\\/santapola.es\\\/ca\\\/lajuntament-de-santa-pola-inicia-els-tramits-per-a-la-construccio-del-nou-col%c2%b7legi-hispanitat-i-la-piscina-municipal\\\/#primaryimage\",\"url\":\"https:\\\/\\\/santapola.es\\\/wp-content\\\/uploads\\\/2025\\\/11\\\/IMG_3310.jpg\",\"contentUrl\":\"https:\\\/\\\/santapola.es\\\/wp-content\\\/uploads\\\/2025\\\/11\\\/IMG_3310.jpg\",\"width\":1920,\"height\":1440},{\"@type\":\"BreadcrumbList\",\"@id\":\"https:\\\/\\\/santapola.es\\\/ca\\\/lajuntament-de-santa-pola-inicia-els-tramits-per-a-la-construccio-del-nou-col%c2%b7legi-hispanitat-i-la-piscina-municipal\\\/#breadcrumb\",\"itemListElement\":[{\"@type\":\"ListItem\",\"position\":1,\"name\":\"Inici\",\"item\":\"https:\\\/\\\/santapola.es\\\/ca\\\/\"},{\"@type\":\"ListItem\",\"position\":2,\"name\":\"L&#8217;Ajuntament de Santa Pola inicia els tr\u00e0mits per a la construcci\u00f3 del nou col\u00b7legi Hispanitat i la piscina municipal\"}]},{\"@type\":\"WebSite\",\"@id\":\"https:\\\/\\\/santapola.es\\\/ca\\\/#website\",\"url\":\"https:\\\/\\\/santapola.es\\\/ca\\\/\",\"name\":\"Ayuntamiento de Santa Pola\",\"description\":\"Web de l'Ajuntament de Santa Pola\",\"potentialAction\":[{\"@type\":\"SearchAction\",\"target\":{\"@type\":\"EntryPoint\",\"urlTemplate\":\"https:\\\/\\\/santapola.es\\\/ca\\\/?s={search_term_string}\"},\"query-input\":{\"@type\":\"PropertyValueSpecification\",\"valueRequired\":true,\"valueName\":\"search_term_string\"}}],\"inLanguage\":\"ca\"},{\"@type\":\"Person\",\"@id\":\"https:\\\/\\\/santapola.es\\\/ca\\\/#\\\/schema\\\/person\\\/ad1d67403707b58350c7be5e8dbc442d\",\"name\":\"Jos\u00e9 Juan L\u00f3pez Lafuente\"}]}<\/script>\n<!-- \/ Yoast SEO plugin. -->","yoast_head_json":{"title":"L'Ajuntament de Santa Pola inicia els tr\u00e0mits per a la construcci\u00f3 del nou col\u00b7legi Hispanitat i la piscina municipal - Ajuntament de Santa Pola","robots":{"index":"index","follow":"follow","max-snippet":"max-snippet:-1","max-image-preview":"max-image-preview:large","max-video-preview":"max-video-preview:-1"},"canonical":"https:\/\/santapola.es\/ca\/lajuntament-de-santa-pola-inicia-els-tramits-per-a-la-construccio-del-nou-col%c2%b7legi-hispanitat-i-la-piscina-municipal\/","og_locale":"ca_ES","og_type":"article","og_title":"L'Ajuntament de Santa Pola inicia els tr\u00e0mits per a la construcci\u00f3 del nou col\u00b7legi Hispanitat i la piscina municipal - Ajuntament de Santa Pola","og_description":"Hui s&#8217;ha aprovat en un ple extraordinari i urgent l&#8217;inici de la tramitaci\u00f3 de dos dels projectes m\u00e9s esperats per la ciutadania de Santa Pola. El col\u00b7legi Hispanitat tindr\u00e0 un pressupost de quasi 6,5 milions d&#8217;euros i ara la Conselleria d&#8217;Educaci\u00f3 haur\u00e0 de delegar les compet\u00e8ncies a l&#8217;Ajuntament per a la seua adjudicaci\u00f3. Una iniciativa [&hellip;]","og_url":"https:\/\/santapola.es\/ca\/lajuntament-de-santa-pola-inicia-els-tramits-per-a-la-construccio-del-nou-col%c2%b7legi-hispanitat-i-la-piscina-municipal\/","og_site_name":"Ajuntament de Santa Pola","article_publisher":"https:\/\/www.facebook.com\/AyuntamientoSantaPola\/","article_published_time":"2025-11-17T16:14:55+00:00","article_modified_time":"2025-11-17T16:16:40+00:00","og_image":[{"width":1920,"height":1440,"url":"https:\/\/santapola.es\/wp-content\/uploads\/2025\/11\/IMG_3310.jpg","type":"image\/jpeg"}],"author":"Jos\u00e9 Juan L\u00f3pez Lafuente","twitter_card":"summary_large_image","twitter_creator":"@SantaPolaAyunt","twitter_site":"@SantaPolaAyunt","schema":{"@context":"https:\/\/schema.org","@graph":[{"@type":"Article","@id":"https:\/\/santapola.es\/ca\/lajuntament-de-santa-pola-inicia-els-tramits-per-a-la-construccio-del-nou-col%c2%b7legi-hispanitat-i-la-piscina-municipal\/#article","isPartOf":{"@id":"https:\/\/santapola.es\/ca\/lajuntament-de-santa-pola-inicia-els-tramits-per-a-la-construccio-del-nou-col%c2%b7legi-hispanitat-i-la-piscina-municipal\/"},"author":{"name":"Jos\u00e9 Juan L\u00f3pez Lafuente","@id":"https:\/\/santapola.es\/ca\/#\/schema\/person\/ad1d67403707b58350c7be5e8dbc442d"},"headline":"L&#8217;Ajuntament de Santa Pola inicia els tr\u00e0mits per a la construcci\u00f3 del nou col\u00b7legi Hispanitat i la piscina municipal","datePublished":"2025-11-17T16:14:55+00:00","dateModified":"2025-11-17T16:16:40+00:00","mainEntityOfPage":{"@id":"https:\/\/santapola.es\/ca\/lajuntament-de-santa-pola-inicia-els-tramits-per-a-la-construccio-del-nou-col%c2%b7legi-hispanitat-i-la-piscina-municipal\/"},"wordCount":700,"image":{"@id":"https:\/\/santapola.es\/ca\/lajuntament-de-santa-pola-inicia-els-tramits-per-a-la-construccio-del-nou-col%c2%b7legi-hispanitat-i-la-piscina-municipal\/#primaryimage"},"thumbnailUrl":"https:\/\/santapola.es\/wp-content\/uploads\/2025\/11\/IMG_3310.jpg","keywords":["Casa Mediterr\u00e1neo","CEIP Hispanitat","Piscina municipal"],"articleSection":["Educaci\u00f3","Plens"],"inLanguage":"ca"},{"@type":"WebPage","@id":"https:\/\/santapola.es\/ca\/lajuntament-de-santa-pola-inicia-els-tramits-per-a-la-construccio-del-nou-col%c2%b7legi-hispanitat-i-la-piscina-municipal\/","url":"https:\/\/santapola.es\/ca\/lajuntament-de-santa-pola-inicia-els-tramits-per-a-la-construccio-del-nou-col%c2%b7legi-hispanitat-i-la-piscina-municipal\/","name":"L'Ajuntament de Santa Pola inicia els tr\u00e0mits per a la construcci\u00f3 del nou col\u00b7legi Hispanitat i la piscina municipal - Ajuntament de Santa Pola","isPartOf":{"@id":"https:\/\/santapola.es\/ca\/#website"},"primaryImageOfPage":{"@id":"https:\/\/santapola.es\/ca\/lajuntament-de-santa-pola-inicia-els-tramits-per-a-la-construccio-del-nou-col%c2%b7legi-hispanitat-i-la-piscina-municipal\/#primaryimage"},"image":{"@id":"https:\/\/santapola.es\/ca\/lajuntament-de-santa-pola-inicia-els-tramits-per-a-la-construccio-del-nou-col%c2%b7legi-hispanitat-i-la-piscina-municipal\/#primaryimage"},"thumbnailUrl":"https:\/\/santapola.es\/wp-content\/uploads\/2025\/11\/IMG_3310.jpg","datePublished":"2025-11-17T16:14:55+00:00","dateModified":"2025-11-17T16:16:40+00:00","author":{"@id":"https:\/\/santapola.es\/ca\/#\/schema\/person\/ad1d67403707b58350c7be5e8dbc442d"},"breadcrumb":{"@id":"https:\/\/santapola.es\/ca\/lajuntament-de-santa-pola-inicia-els-tramits-per-a-la-construccio-del-nou-col%c2%b7legi-hispanitat-i-la-piscina-municipal\/#breadcrumb"},"inLanguage":"ca","potentialAction":[{"@type":"ReadAction","target":["https:\/\/santapola.es\/ca\/lajuntament-de-santa-pola-inicia-els-tramits-per-a-la-construccio-del-nou-col%c2%b7legi-hispanitat-i-la-piscina-municipal\/"]}]},{"@type":"ImageObject","inLanguage":"ca","@id":"https:\/\/santapola.es\/ca\/lajuntament-de-santa-pola-inicia-els-tramits-per-a-la-construccio-del-nou-col%c2%b7legi-hispanitat-i-la-piscina-municipal\/#primaryimage","url":"https:\/\/santapola.es\/wp-content\/uploads\/2025\/11\/IMG_3310.jpg","contentUrl":"https:\/\/santapola.es\/wp-content\/uploads\/2025\/11\/IMG_3310.jpg","width":1920,"height":1440},{"@type":"BreadcrumbList","@id":"https:\/\/santapola.es\/ca\/lajuntament-de-santa-pola-inicia-els-tramits-per-a-la-construccio-del-nou-col%c2%b7legi-hispanitat-i-la-piscina-municipal\/#breadcrumb","itemListElement":[{"@type":"ListItem","position":1,"name":"Inici","item":"https:\/\/santapola.es\/ca\/"},{"@type":"ListItem","position":2,"name":"L&#8217;Ajuntament de Santa Pola inicia els tr\u00e0mits per a la construcci\u00f3 del nou col\u00b7legi Hispanitat i la piscina municipal"}]},{"@type":"WebSite","@id":"https:\/\/santapola.es\/ca\/#website","url":"https:\/\/santapola.es\/ca\/","name":"Ayuntamiento de Santa Pola","description":"Web de l'Ajuntament de Santa Pola","potentialAction":[{"@type":"SearchAction","target":{"@type":"EntryPoint","urlTemplate":"https:\/\/santapola.es\/ca\/?s={search_term_string}"},"query-input":{"@type":"PropertyValueSpecification","valueRequired":true,"valueName":"search_term_string"}}],"inLanguage":"ca"},{"@type":"Person","@id":"https:\/\/santapola.es\/ca\/#\/schema\/person\/ad1d67403707b58350c7be5e8dbc442d","name":"Jos\u00e9 Juan L\u00f3pez Lafuente"}]}},"_links":{"self":[{"href":"https:\/\/santapola.es\/ca\/wp-json\/wp\/v2\/posts\/46593","targetHints":{"allow":["GET"]}}],"collection":[{"href":"https:\/\/santapola.es\/ca\/wp-json\/wp\/v2\/posts"}],"about":[{"href":"https:\/\/santapola.es\/ca\/wp-json\/wp\/v2\/types\/post"}],"author":[{"embeddable":true,"href":"https:\/\/santapola.es\/ca\/wp-json\/wp\/v2\/users\/96"}],"replies":[{"embeddable":true,"href":"https:\/\/santapola.es\/ca\/wp-json\/wp\/v2\/comments?post=46593"}],"version-history":[{"count":0,"href":"https:\/\/santapola.es\/ca\/wp-json\/wp\/v2\/posts\/46593\/revisions"}],"wp:featuredmedia":[{"embeddable":true,"href":"https:\/\/santapola.es\/ca\/wp-json\/wp\/v2\/media\/46591"}],"wp:attachment":[{"href":"https:\/\/santapola.es\/ca\/wp-json\/wp\/v2\/media?parent=46593"}],"wp:term":[{"taxonomy":"category","embeddable":true,"href":"https:\/\/santapola.es\/ca\/wp-json\/wp\/v2\/categories?post=46593"},{"taxonomy":"post_tag","embeddable":true,"href":"https:\/\/santapola.es\/ca\/wp-json\/wp\/v2\/tags?post=46593"}],"curies":[{"name":"wp","href":"https:\/\/api.w.org\/{rel}","templated":true}]}}